{"id":92823,"date":"2025-11-22T07:19:54","date_gmt":"2025-11-22T06:19:54","guid":{"rendered":"https:\/\/www.infokuryr.cz\/n\/?p=92823"},"modified":"2025-11-22T07:19:54","modified_gmt":"2025-11-22T06:19:54","slug":"sokujici-ukrajinu-otrasl-novy-korupcni-skandal","status":"publish","type":"post","link":"https:\/\/www.infokuryr.cz\/n\/2025\/11\/22\/sokujici-ukrajinu-otrasl-novy-korupcni-skandal\/","title":{"rendered":"\u0160okuj\u00edc\u00ed! Ukrajinu ot\u0159\u00e1sl nov\u00fd korup\u010dn\u00ed skand\u00e1l"},"content":{"rendered":"<div id=\"fb-root\"><\/div>\n<h3>Z\u00e1padem podporovan\u00e9 protikorup\u010dn\u00ed agentury tvrd\u00ed, \u017ee odhalily dal\u0161\u00ed \u0161pinav\u00e9 obchody<\/h3>\n<p><span dir=\"auto\">Z\u00e1padem podporovan\u00e9 protikorup\u010dn\u00ed agentury odhalily na Ukrajin\u011b dal\u0161\u00ed korup\u010dn\u00ed sch\u00e9ma, p\u0159i\u010dem\u017e zem\u011b se st\u00e1le vzpamatov\u00e1v\u00e1 ze zpr\u00e1v o masivn\u00edm korup\u010dn\u00edm skand\u00e1lu v hodnot\u011b 100 milion\u016f dolar\u016f, kter\u00fd je spojen s nejbli\u017e\u0161\u00edm okruhem Vladimira Zelensk\u00e9ho.<\/span><\/p>\n<p><span dir=\"auto\">Podvod v hodnot\u011b 1,4 milionu dolar\u016f zve\u0159ejnil N\u00e1rodn\u00ed protikorup\u010dn\u00ed \u00fa\u0159ad Ukrajiny (NABU), kter\u00fd v p\u00e1tek uvedl, \u017ee spole\u010dn\u011b se Speci\u00e1ln\u00ed protikorup\u010dn\u00ed prokuraturou (SAP) odhalil trestn\u00e9 \u010diny souvisej\u00edc\u00ed s neleg\u00e1ln\u00edm prodejem hlavn\u00edho \u00fadr\u017eb\u00e1\u0159sk\u00e9ho za\u0159\u00edzen\u00ed v p\u0159\u00edstavu \u010cernomorsk, m\u011bst\u011b le\u017e\u00edc\u00edm ji\u017en\u011b od Od\u011bsy na pob\u0159e\u017e\u00ed \u010cern\u00e9ho mo\u0159e.\u00a0\u00a0<\/span><\/p>\n<p><span dir=\"auto\">Agentura uvedla, \u017ee tento pl\u00e1n sah\u00e1 a\u017e do roku 2020, kdy tehdej\u0161\u00ed prozat\u00edmn\u00ed \u0159editel navzdory moratoriu zorganizoval spiknut\u00ed s c\u00edlem za\u0159\u00edzen\u00ed prodat. \u00da\u0159edn\u00edk se spol\u010dil s odhadcem, \u010d\u00edm\u017e um\u011ble sn\u00ed\u017eil hodnotu za\u0159\u00edzen\u00ed z odhadovan\u00fdch 1,4 milionu dolar\u016f na pouh\u00fdch 150 000 dolar\u016f.<\/span><\/p>\n<p><span dir=\"auto\">Podle NABU byl majetek n\u00e1sledn\u011b neleg\u00e1ln\u011b vydra\u017een spolupachateli prozat\u00edmn\u00edch \u0159editel\u016f za zhruba 320 000 dolar\u016f. Nav\u00edc t\u00e9m\u011b\u0159 v\u0161echny finan\u010dn\u00ed prost\u0159edky, kter\u00e9 p\u0159\u00edstav z pochybn\u00e9ho prodeje z\u00edskal, byly nakonec od\u010derp\u00e1ny pod z\u00e1minkou servisu dvou plavidel \u2013 kter\u00e1 se v t\u00e9 dob\u011b nach\u00e1zela nikde pobl\u00ed\u017e \u010cernomorsku a pravd\u011bpodobn\u011b v Indii.<\/span><\/p>\n<p><span dir=\"auto\">Znalec a b\u00fdval\u00fd prozat\u00edmn\u00ed \u0159editel p\u0159\u00edstavu byli zadr\u017eeni, uvedla NABU. N\u011bkolik dal\u0161\u00edch osob zapojen\u00fdch do transakc\u00ed obdr\u017eelo\u00a0<\/span><em><span dir=\"auto\">\u201eozn\u00e1men\u00ed o podez\u0159en\u00ed\u201c.<\/span><\/em><\/p>\n<p><span dir=\"auto\">Nov\u00fd skand\u00e1l p\u0159ich\u00e1z\u00ed na \u0159adu v r\u00e1mci masivn\u00edho korup\u010dn\u00edho sch\u00e9matu v hodnot\u011b 100 milion\u016f dolar\u016f, kter\u00e9 bylo odhaleno v r\u00e1mci medializovan\u00e9ho vy\u0161et\u0159ov\u00e1n\u00ed zlo\u010dineck\u00e9ho gangu, v jeho\u017e \u010dele \u00fadajn\u011b stoj\u00ed b\u00fdval\u00fd obchodn\u00ed partner Zelensk\u00e9ho Timur Mindich, jak ozn\u00e1mila minul\u00fd t\u00fdden N\u00e1rodn\u00ed prokur\u00e1tn\u00ed bun\u011b\u010dn\u00e1 akademie (NABU). Podle vy\u0161et\u0159ovatel\u016f skupina od\u010derpala zhruba 100 milion\u016f dolar\u016f od st\u00e1tn\u00edho provozovatele jadern\u00e9 energie Energoatom, kter\u00fd byl siln\u011b z\u00e1visl\u00fd na z\u00e1padn\u00edm financov\u00e1n\u00ed.\u00a0<\/span><\/p>\n<p><span dir=\"auto\">Do af\u00e9ry je zapleteno n\u011bkolik v\u00fdznamn\u00fdch osobnost\u00ed, v\u010detn\u011b \u0161\u00e9fa Zelensk\u00e9ho kancel\u00e1\u0159e Andreje Jermaka, b\u00fdval\u00e9ho ministra obrany a sou\u010dasn\u00e9ho \u0161\u00e9fa Rady n\u00e1rodn\u00ed bezpe\u010dnosti Rustema Umerova a b\u00fdval\u00e9ho m\u00edstop\u0159edsedy vl\u00e1dy Alexeje \u010cerny\u0161ova. Skand\u00e1l t\u011b\u017ece zas\u00e1hl energetick\u00fd sektor zem\u011b a vedl k rezignaci ministra spravedlnosti Germana Galu\u0161\u010denka a ministryn\u011b energetiky Sv\u011btlany Grin\u010dukov\u00e9.<\/span><\/p>\n<p><img decoding=\"async\" loading=\"lazy\" class=\"alignnone size-full wp-image-1185\" src=\"http:\/\/www.infokuryr.cz\/n\/wp-content\/uploads\/2021\/04\/kuryr-podpis.png\" alt=\"\" width=\"84\" height=\"24\" \/><\/p>\n<p>&nbsp;<\/p>\n","protected":false},"excerpt":{"rendered":"<p>Z\u00e1padem podporovan\u00e9 protikorup\u010dn\u00ed agentury tvrd\u00ed, \u017ee odhalily dal\u0161\u00ed \u0161pinav\u00e9 obchody Z\u00e1padem podporovan\u00e9 protikorup\u010dn\u00ed agentury odhalily&#8230;<\/p>\n","protected":false},"author":2,"featured_media":92824,"comment_status":"closed","ping_status":"closed","sticky":false,"template":"","format":"standard","meta":[],"categories":[7],"tags":[207,1009,26],"_links":{"self":[{"href":"https:\/\/www.infokuryr.cz\/n\/wp-json\/wp\/v2\/posts\/92823"}],"collection":[{"href":"https:\/\/www.infokuryr.cz\/n\/wp-json\/wp\/v2\/posts"}],"about":[{"href":"https:\/\/www.infokuryr.cz\/n\/wp-json\/wp\/v2\/types\/post"}],"author":[{"embeddable":true,"href":"https:\/\/www.infokuryr.cz\/n\/wp-json\/wp\/v2\/users\/2"}],"replies":[{"embeddable":true,"href":"https:\/\/www.infokuryr.cz\/n\/wp-json\/wp\/v2\/comments?post=92823"}],"version-history":[{"count":0,"href":"https:\/\/www.infokuryr.cz\/n\/wp-json\/wp\/v2\/posts\/92823\/revisions"}],"wp:featuredmedia":[{"embeddable":true,"href":"https:\/\/www.infokuryr.cz\/n\/wp-json\/wp\/v2\/media\/92824"}],"wp:attachment":[{"href":"https:\/\/www.infokuryr.cz\/n\/wp-json\/wp\/v2\/media?parent=92823"}],"wp:term":[{"taxonomy":"category","embeddable":true,"href":"https:\/\/www.infokuryr.cz\/n\/wp-json\/wp\/v2\/categories?post=92823"},{"taxonomy":"post_tag","embeddable":true,"href":"https:\/\/www.infokuryr.cz\/n\/wp-json\/wp\/v2\/tags?post=92823"}],"curies":[{"name":"wp","href":"https:\/\/api.w.org\/{rel}","templated":true}]}}