{"id":92806,"date":"2025-11-22T00:31:06","date_gmt":"2025-11-21T23:31:06","guid":{"rendered":"https:\/\/www.infokuryr.cz\/n\/?p=92806"},"modified":"2025-11-21T16:09:37","modified_gmt":"2025-11-21T15:09:37","slug":"nezakonne-odlesnovani-pro-klimaticke-cile-jak-vetrna-energie-nici-destny-prales","status":"publish","type":"post","link":"https:\/\/www.infokuryr.cz\/n\/2025\/11\/22\/nezakonne-odlesnovani-pro-klimaticke-cile-jak-vetrna-energie-nici-destny-prales\/","title":{"rendered":"Nez\u00e1konn\u00e9 odles\u0148ov\u00e1n\u00ed pro klimatick\u00e9 c\u00edle: Jak v\u011btrn\u00e1 energie ni\u010d\u00ed de\u0161tn\u00fd prales"},"content":{"rendered":"<div id=\"fb-root\"><\/div>\n<p><strong><span dir=\"auto\">V\u011bd\u011bli jste, \u017ee zna\u010dn\u00e1 \u010d\u00e1st balzov\u00e9ho d\u0159eva pou\u017e\u00edvan\u00e9ho na v\u00fdrobu lopatek rotor\u016f v\u011btrn\u00fdch turb\u00edn poch\u00e1z\u00ed z neleg\u00e1ln\u00ed t\u011b\u017eby v amazonsk\u00e9m de\u0161tn\u00e9m pralese? Zrovna na tom sam\u00e9m m\u00edst\u011b, kde klimati\u010dt\u00ed aktivist\u00e9 po\u0159\u00e1dali summit COP30 a k\u00e1zali o sv\u00e9 posedlosti nulov\u00fdmi emisn\u00edmi normami? Ne, to jste nev\u011bd\u011bli? Pak v\u00e1m n\u00e1sleduj\u00edc\u00ed informace otev\u0159e o\u010di.<\/span><\/strong><\/p>\n<p><span dir=\"auto\">Kdy\u017e se na za\u010d\u00e1tku roku dozv\u011bd\u011blo, \u017ee brazilsk\u00e1 socialistick\u00e1 vl\u00e1da\u00a0<\/span><a href=\"https:\/\/report24.news\/fuer-einen-highway-zum-un-klimagipfel-werden-zehntausende-hektar-regenwald-abgeholzt\/\"><span dir=\"auto\">vyk\u00e1cela des\u00edtky tis\u00edc hektar\u016f de\u0161tn\u00e9ho pralesa kv\u016fli d\u00e1lnici k m\u00edstu kon\u00e1n\u00ed klimatick\u00e9ho summitu COP30 v Bel\u00e9mu, rozho\u0159\u010den\u00ed se roz\u0161\u00ed\u0159ilo. M\u00edsto toho, aby se ka\u017edoro\u010dn\u00ed klimatick\u00fd cirkus konal v existuj\u00edc\u00edch za\u0159\u00edzen\u00edch s pot\u0159ebnou dopravn\u00ed infrastrukturou, se rozhodla zni\u010dit dal\u0161\u00ed velkou \u010d\u00e1st \u201ezelen\u00fdch plic\u201c na\u0161\u00ed planety, kter\u00e9\u00a0<\/span><\/a><a href=\"https:\/\/report24.news\/immer-mehr-studien-strafen-die-politik-luegen-so-unbedeutend-ist-co2-fuer-das-klima\/\"><span dir=\"auto\">jsou nezbytn\u00e9<\/span><\/a><span dir=\"auto\">\u00a0pro tvorbu mrak\u016f, a tedy i pro regulaci klimatu\u00a0.<\/span><\/p>\n<p><span dir=\"auto\">Ale to je jen drobn\u00e1 pozn\u00e1mka na okraj, \u00favodn\u00ed p\u0159\u00edklad toho, jak m\u00e1lo se klimatick\u00fdm alarmist\u016fm ve skute\u010dnosti zd\u00e1, \u017ee se o budoucnost na\u0161\u00ed planety star\u00e1 budoucnost. Proto\u017ee ti sam\u00ed lid\u00e9, kte\u0159\u00ed let\u011bli soukrom\u00fdmi trysk\u00e1\u010di p\u0159es p\u016fl sv\u011bta na tento summit, jen\u017e vedl ke zni\u010den\u00ed des\u00edtek tis\u00edc hektar\u016f de\u0161tn\u00e9ho pralesa, z\u00e1rove\u0148 propaguj\u00ed roz\u0161\u00ed\u0159en\u00ed v\u011btrn\u00e9 energie jako \u00fadajn\u00fd zp\u016fsob, jak sn\u00ed\u017eit emise CO2 (\u00a0<\/span><a href=\"https:\/\/report24.news\/patrioten-im-eu-parlament-florian-machl-zerlegt-windkraft-mythen-bei-vortrag-in-bruessel\/\"><span dir=\"auto\">viz tak\u00e9 velmi informativn\u00ed prezentaci Floriana Machla o v\u011btrn\u00e9 energii pro vlastence v Evropsk\u00e9m parlamentu<\/span><\/a><span dir=\"auto\">\u00a0). Skute\u010dnost, \u017ee se kv\u016fli z\u00edsk\u00e1n\u00ed k\u00fd\u017een\u00e9ho balzov\u00e9ho d\u0159eva pro listy rotoru k\u00e1c\u00ed bezpo\u010det strom\u016f, se v\u0161ak pohodln\u011b ignoruje. Je\u0161t\u011b m\u00e9n\u011b se hod\u00ed k propagandistick\u00e9mu obrazu \u00fadajn\u00e9 \u201eudr\u017eitelnosti\u201c fakt, \u017ee v\u00fdznamn\u00e1 \u010d\u00e1st tohoto z\u00e1zra\u010dn\u00e9ho materi\u00e1lu pro gigantick\u00e9 listy rotoru a lehk\u00e9 komponenty nepoch\u00e1z\u00ed ze speci\u00e1ln\u011b obd\u011bl\u00e1van\u00fdch plant\u00e1\u017e\u00ed, ale sp\u00ed\u0161e z neleg\u00e1ln\u00ed t\u011b\u017eby d\u0159eva v odlehl\u00fdch oblastech de\u0161tn\u00e9ho pralesa Amazonie.<\/span><\/p>\n<figure class=\"wp-block-embed is-type-rich is-provider-twitter wp-block-embed-twitter\">\n<div class=\"wp-block-embed__wrapper\">\n<div class=\"twitter-tweet twitter-tweet-rendered\"><iframe id=\"twitter-widget-0\" class=\"\" title=\"X P\u0159\u00edsp\u011bvek\" src=\"https:\/\/platform.twitter.com\/embed\/Tweet.html?dnt=true&amp;embedId=twitter-widget-0&amp;features=eyJ0ZndfdGltZWxpbmVfbGlzdCI6eyJidWNrZXQiOltdLCJ2ZXJzaW9uIjpudWxsfSwidGZ3X2ZvbGxvd2VyX2NvdW50X3N1bnNldCI6eyJidWNrZXQiOnRydWUsInZlcnNpb24iOm51bGx9LCJ0ZndfdHdlZXRfZWRpdF9iYWNrZW5kIjp7ImJ1Y2tldCI6Im9uIiwidmVyc2lvbiI6bnVsbH0sInRmd19yZWZzcmNfc2Vzc2lvbiI6eyJidWNrZXQiOiJvbiIsInZlcnNpb24iOm51bGx9LCJ0ZndfZm9zbnJfc29mdF9pbnRlcnZlbnRpb25zX2VuYWJsZWQiOnsiYnVja2V0Ijoib24iLCJ2ZXJzaW9uIjpudWxsfSwidGZ3X21peGVkX21lZGlhXzE1ODk3Ijp7ImJ1Y2tldCI6InRyZWF0bWVudCIsInZlcnNpb24iOm51bGx9LCJ0ZndfZXhwZXJpbWVudHNfY29va2llX2V4cGlyYXRpb24iOnsiYnVja2V0IjoxMjA5NjAwLCJ2ZXJzaW9uIjpudWxsfSwidGZ3X3Nob3dfYmlyZHdhdGNoX3Bpdm90c19lbmFibGVkIjp7ImJ1Y2tldCI6Im9uIiwidmVyc2lvbiI6bnVsbH0sInRmd19kdXBsaWNhdGVfc2NyaWJlc190b19zZXR0aW5ncyI6eyJidWNrZXQiOiJvbiIsInZlcnNpb24iOm51bGx9LCJ0ZndfdXNlX3Byb2ZpbGVfaW1hZ2Vfc2hhcGVfZW5hYmxlZCI6eyJidWNrZXQiOiJvbiIsInZlcnNpb24iOm51bGx9LCJ0ZndfdmlkZW9faGxzX2R5bmFtaWNfbWFuaWZlc3RzXzE1MDgyIjp7ImJ1Y2tldCI6InRydWVfYml0cmF0ZSIsInZlcnNpb24iOm51bGx9LCJ0ZndfbGVnYWN5X3RpbWVsaW5lX3N1bnNldCI6eyJidWNrZXQiOnRydWUsInZlcnNpb24iOm51bGx9LCJ0ZndfdHdlZXRfZWRpdF9mcm9udGVuZCI6eyJidWNrZXQiOiJvbiIsInZlcnNpb24iOm51bGx9fQ%3D%3D&amp;frame=false&amp;hideCard=false&amp;hideThread=false&amp;id=1800793437144219934&amp;lang=cs&amp;origin=https%3A%2F%2Freport24.news%2Fillegale-rodung-fuer-klimaziele-wie-windkraft-den-regenwald-zerstoert%2F&amp;sessionId=45ad2da61b719ea8c83f65afafee1144a357cce0&amp;theme=light&amp;widgetsVersion=2615f7e52b7e0%3A1702314776716&amp;width=550px\" frameborder=\"0\" scrolling=\"no\" allowfullscreen=\"allowfullscreen\" data-tweet-id=\"1800793437144219934\" data-mce-fragment=\"1\"><\/iframe><\/div>\n<\/div>\n<\/figure>\n<p><span dir=\"auto\">Agentura pro environment\u00e1ln\u00ed vy\u0161et\u0159ov\u00e1n\u00ed (EIA) zve\u0159ejnila\u00a0<\/span><a href=\"https:\/\/eia.org\/wp-content\/uploads\/2024\/10\/EIA_US_Wind_Turbine_Timber_Report_1024_FINAL.pdf\"><span dir=\"auto\">usv\u011bd\u010duj\u00edc\u00ed zpr\u00e1vu<\/span><\/a><span dir=\"auto\"> (o kter\u00e9 pravd\u011bpodobn\u011b nikdy neusly\u0161\u00edte v mainstreamov\u00fdch m\u00e9di\u00edch), kter\u00e1 podrobn\u011b popisuje, kolik ekv\u00e1dorsk\u00fdch v\u00fdrobc\u016f vyv\u00e1\u017e\u00ed balsov\u00e9 d\u0159evo pro odv\u011btv\u00ed v\u011btrn\u00e9 energie, p\u0159i\u010dem\u017e 10 a\u017e 70 procent z n\u011bj poch\u00e1z\u00ed z neleg\u00e1ln\u00ed t\u011b\u017eby. Tito producenti se neost\u00fdchaj\u00ed ani k\u00e1cet kusy v d\u0159\u00edve nedot\u010den\u00fdch de\u0161tn\u00fdch pralesech v n\u00e1rodn\u00edm parku Yasuni. A to v\u0161e kv\u016fli d\u0159evu, kter\u00e9 je\u0161t\u011b p\u0159ed n\u011bkolika lety zaj\u00edmalo jen mal\u00fd trh \u2013 nap\u0159\u00edklad modely letadel a surfy. Nyn\u00ed je d\u00edky odv\u011btv\u00ed v\u011btrn\u00e9 energie dojnou kr\u00e1vou pro export\u00e9ry.<\/span><\/p>\n<p><span dir=\"auto\">Ale ti, kdo tvrd\u00ed, \u017ee cht\u011bj\u00ed \u201ezachr\u00e1nit sv\u011bt\u201c, jsou zcela zjevn\u011b ti, kdo ho postupn\u011b ni\u010d\u00ed. Na\u0161e planeta se snadno vyrovn\u00e1 s m\u011bn\u00edc\u00edmi se teplotami pomoc\u00ed adaptace a evoluce, jak ukazuje historie Zem\u011b. Ni\u010den\u00ed biodiverzity hromadn\u00fdm vym\u00edr\u00e1n\u00edm (k takov\u00fdm ud\u00e1lostem v minulosti do\u0161lo opakovan\u011b) je v\u0161ak mnohem v\u011bt\u0161\u00ed a dlouhodob\u011bj\u0161\u00ed ot\u0159es. Svou modern\u00ed klimatickou hysteri\u00ed lidstvo zp\u016fsobuje v\u011bt\u0161\u00ed dlouhodob\u00e9 \u0161kody, ne\u017e by to dok\u00e1zal p\u0159\u00edstup \u201eb\u011b\u017en\u00e9ho postupu\u201c. Proto\u017ee zelen\u00fd pl\u00e1\u0161\u0165, do kter\u00e9ho se zahaluje, nen\u00ed nic jin\u00e9ho ne\u017e \u0161ar\u00e1da.<\/span><\/p>\n<p><img decoding=\"async\" loading=\"lazy\" class=\"alignnone size-full wp-image-1185\" src=\"http:\/\/www.infokuryr.cz\/n\/wp-content\/uploads\/2021\/04\/kuryr-podpis.png\" alt=\"\" width=\"84\" height=\"24\" \/><\/p>\n<p>&nbsp;<\/p>\n","protected":false},"excerpt":{"rendered":"<p>V\u011bd\u011bli jste, \u017ee zna\u010dn\u00e1 \u010d\u00e1st balzov\u00e9ho d\u0159eva pou\u017e\u00edvan\u00e9ho na v\u00fdrobu lopatek rotor\u016f v\u011btrn\u00fdch turb\u00edn poch\u00e1z\u00ed&#8230;<\/p>\n","protected":false},"author":2,"featured_media":92807,"comment_status":"closed","ping_status":"closed","sticky":false,"template":"","format":"standard","meta":[],"categories":[7],"tags":[67,8703,9599],"_links":{"self":[{"href":"https:\/\/www.infokuryr.cz\/n\/wp-json\/wp\/v2\/posts\/92806"}],"collection":[{"href":"https:\/\/www.infokuryr.cz\/n\/wp-json\/wp\/v2\/posts"}],"about":[{"href":"https:\/\/www.infokuryr.cz\/n\/wp-json\/wp\/v2\/types\/post"}],"author":[{"embeddable":true,"href":"https:\/\/www.infokuryr.cz\/n\/wp-json\/wp\/v2\/users\/2"}],"replies":[{"embeddable":true,"href":"https:\/\/www.infokuryr.cz\/n\/wp-json\/wp\/v2\/comments?post=92806"}],"version-history":[{"count":0,"href":"https:\/\/www.infokuryr.cz\/n\/wp-json\/wp\/v2\/posts\/92806\/revisions"}],"wp:featuredmedia":[{"embeddable":true,"href":"https:\/\/www.infokuryr.cz\/n\/wp-json\/wp\/v2\/media\/92807"}],"wp:attachment":[{"href":"https:\/\/www.infokuryr.cz\/n\/wp-json\/wp\/v2\/media?parent=92806"}],"wp:term":[{"taxonomy":"category","embeddable":true,"href":"https:\/\/www.infokuryr.cz\/n\/wp-json\/wp\/v2\/categories?post=92806"},{"taxonomy":"post_tag","embeddable":true,"href":"https:\/\/www.infokuryr.cz\/n\/wp-json\/wp\/v2\/tags?post=92806"}],"curies":[{"name":"wp","href":"https:\/\/api.w.org\/{rel}","templated":true}]}}