{"id":92803,"date":"2025-11-22T00:30:37","date_gmt":"2025-11-21T23:30:37","guid":{"rendered":"https:\/\/www.infokuryr.cz\/n\/?p=92803"},"modified":"2025-11-21T16:02:27","modified_gmt":"2025-11-21T15:02:27","slug":"konec-hry-na-ukrajine-jak-chteji-washington-a-moskva-ukoncit-valku","status":"publish","type":"post","link":"https:\/\/www.infokuryr.cz\/n\/2025\/11\/22\/konec-hry-na-ukrajine-jak-chteji-washington-a-moskva-ukoncit-valku\/","title":{"rendered":"Konec hry na Ukrajin\u011b: Jak cht\u011bj\u00ed Washington a Moskva ukon\u010dit v\u00e1lku"},"content":{"rendered":"<div id=\"fb-root\"><\/div>\n<p><strong><span dir=\"auto\">Podle zpr\u00e1v z m\u00e9di\u00ed Washington a Moskva tajn\u011b pracuj\u00ed na nov\u00e9m m\u00edrov\u00e9m pl\u00e1nu pro Ukrajinu. Ukon\u010d\u00ed to kone\u010dn\u011b nesmysln\u00e9 krveprolit\u00ed? Dokument o 28 bodech ji\u017e byl p\u0159ed\u00e1n Ukrajinc\u016fm.<\/span><\/strong><\/p>\n<p><span dir=\"auto\">A\u017e doposud byly v\u0161echny pokusy o nalezen\u00ed m\u00edrov\u00e9ho \u0159e\u0161en\u00ed ukrajinsk\u00e9ho konfliktu odsouzeny k ne\u00fasp\u011bchu. Hesla o vytrvalosti a v\u00edt\u011bzstv\u00ed, kter\u00e1 neodpov\u00eddaj\u00ed realit\u011b na boji\u0161t\u00edch, vyvol\u00e1vala prudk\u00fd odpor z\u00e1padn\u00edch v\u00e1l\u010d\u00edc\u00edch stran. Nyn\u00ed se v\u0161ak\u00a0<\/span><a href=\"https:\/\/www.theguardian.com\/world\/2025\/nov\/19\/us-and-russian-officials-draft-new-peace-plan-based-on-capitulation-from-ukraine\"><span dir=\"auto\">objevuj\u00ed zpr\u00e1vy<\/span><\/a><span dir=\"auto\"> o nov\u00e9m m\u00edrov\u00e9m pl\u00e1nu, \u00fadajn\u011b vypracovan\u00e9m americk\u00fdmi a rusk\u00fdmi vyjednava\u010di.<\/span><\/p>\n<p><span dir=\"auto\">Je to pl\u00e1n, kter\u00fd se rovn\u00e1 ni\u010demu men\u0161\u00edmu ne\u017e de facto p\u0159izn\u00e1n\u00ed por\u00e1\u017eky Z\u00e1padu. M\u00e1lokdo to \u0159\u00edk\u00e1 nahlas, ale v\u0161ichni to v\u011bd\u00ed: Ukrajina nem\u016f\u017ee tuto v\u00e1lku vyhr\u00e1t. A proto by bylo nezodpov\u011bdn\u00e9 v tomto konfliktu pokra\u010dovat jen proto, aby si Washington a Brusel zachr\u00e1nily tv\u00e1\u0159. To by toti\u017e byl vskutku ten slavn\u00fd boj \u201edo posledn\u00edho Ukrajince\u201c \u2013 fr\u00e1ze, kter\u00e1 byla je\u0161t\u011b p\u0159ed dv\u011bma lety pova\u017eov\u00e1na za \u201ekremelskou propagandu\u201c. Vzhledem k zoufal\u00fdm pokus\u016fm Kyjeva neust\u00e1le naj\u00edt nov\u00e9 d\u011blov\u00e9 krmivo pro frontu se to v\u0161ak zd\u00e1 b\u00fdt bl\u00ed\u017ee realit\u011b, ne\u017e jsou n\u011bkte\u0159\u00ed lid\u00e9 ochotni v\u011b\u0159it.<\/span><\/p>\n<p><span dir=\"auto\">Drsn\u00e1 fakta jsou jasn\u00e1, i kdy\u017e jsou v politick\u00e9 a medi\u00e1ln\u00ed sf\u00e9\u0159e pohodln\u011b ignorov\u00e1na: Rusk\u00e1 arm\u00e1da napravila sv\u00e9 chyby, ukrajinsk\u00e9 rezervy se zmen\u0161uj\u00ed a Z\u00e1padu chyb\u00ed finan\u010dn\u00ed i pr\u016fmyslov\u00e1 kapacita, aby Kyjev mohl konzistentn\u011b dod\u00e1vat mno\u017estv\u00ed zbran\u00ed a munice, kter\u00e9 pot\u0159ebuje. Situace na front\u011b je daleko za hranic\u00ed stabilizace. Kdy\u017e zem\u011b m\u011bs\u00edc co m\u011bs\u00edc ztr\u00e1c\u00ed v\u00edce mu\u017e\u016f, ne\u017e kolik jich dok\u00e1\u017ee nahradit, nejedn\u00e1 se o \u201eboj za svobodu\u201c, ale o vojenskou sebevra\u017edu. Proto\u017ee nakonec nezbude \u017e\u00e1dn\u00e1 populace, kterou by bylo t\u0159eba br\u00e1nit.<\/span><\/p>\n<p><span dir=\"auto\">Skute\u010dnost, \u017ee prvn\u00ed seri\u00f3zn\u00ed m\u00edrov\u00e9 n\u00e1vrhy \u2013 v\u010detn\u011b \u00fazemn\u00edch \u00fastupk\u016f a \u010d\u00e1ste\u010dn\u00e9 demilitarizace Ukrajiny \u2013 byly nyn\u00ed vypracov\u00e1ny za zav\u0159en\u00fdmi dve\u0159mi bez z\u00e1sahu m\u00e9di\u00ed, nen\u00ed zn\u00e1mkou dobr\u00e9 v\u016fle, ale sp\u00ed\u0161e chladn\u00e9 geopolitiky. Bylo uzn\u00e1no, \u017ee b\u00fdval\u00e1 sov\u011btsk\u00e1 republika je vojensky p\u0159emo\u017eena a ekonomicky zkrachovala \u2013 a hled\u00e1 se v\u00fdchodisko, kter\u00e9 zachr\u00e1n\u00ed tv\u00e1\u0159 jak Z\u00e1padu, tak Rusku. A co Ukrajina? Bude muset akceptovat, \u017ee zm\u011bny hranic v d\u016fsledku v\u00e1lek jsou i dnes b\u011b\u017en\u00e9. Stejn\u011b jako v d\u016fsledku v\u00e1lek a \u00fazemn\u00edch p\u0159esun\u016f z\u00edskala sv\u00e9 sou\u010dasn\u00e9 ofici\u00e1ln\u00ed hranice, tyto se op\u011bt zm\u011bn\u00ed.<\/span><\/p>\n<p><span dir=\"auto\">Pl\u00e1n, kter\u00fd obsahuje celkem 28 bod\u016f, \u00fadajn\u011b tento t\u00fdden na Florid\u011b\u00a0<\/span><a href=\"https:\/\/www.aljazeera.com\/news\/2025\/11\/19\/new-us-peace-plan-for-ukraine-involves-kyiv-ceding-land-weapons-reports\"><span dir=\"auto\">p\u0159edstavil<\/span><\/a><span dir=\"auto\"> americk\u00fd vyjednava\u010d Steve Witkoff na setk\u00e1n\u00ed s Rustemem Umerovem, tajemn\u00edkem ukrajinsk\u00e9 Rady n\u00e1rodn\u00ed bezpe\u010dnosti a obrany . Krom\u011b v\u00fd\u0161e zm\u00edn\u011bn\u00fdch \u00fazemn\u00edch postoupen\u00ed (Krym, Donbas) a sn\u00ed\u017een\u00ed po\u010dtu voj\u00e1k\u016f na polovinu m\u00e1 bal\u00ed\u010dek \u00fadajn\u011b zahrnovat tak\u00e9 uzn\u00e1n\u00ed ru\u0161tiny jako dal\u0161\u00edho \u00fa\u0159edn\u00edho jazyka a uzn\u00e1n\u00ed rusk\u00e9 pravoslavn\u00e9 c\u00edrkve.<\/span><\/p>\n<p><span dir=\"auto\">Kyjev mus\u00ed nakonec akceptovat, \u017ee od sam\u00e9ho za\u010d\u00e1tku byl pouze sou\u010d\u00e1st\u00ed geopolitick\u00e9 hry. Revoluce na Majdanu v roce 2013 byla p\u0159edehrou konfliktu vyvolan\u00e9ho globalistick\u00fdmi prvky na Z\u00e1pad\u011b s c\u00edlem oslabit Rusko. Ukrajina tehdy nem\u011bla \u017e\u00e1dn\u00e9 slovo a od t\u00e9 doby se nic nezm\u011bnilo. Re\u017eim na Majdanu byl produktem Washingtonu a Bruselu \u2013 a stejn\u011b tak je tomu i dnes s Zelensk\u00e9ho re\u017eimem. Ho\u0159k\u00e9 zji\u0161t\u011bn\u00ed pro politickou elitu v Kyjev\u011b, kter\u00e1 naivn\u011b v\u011b\u0159ila, \u017ee vl\u00e1dne nez\u00e1visl\u00e9 a svobodn\u00e9 zemi.<\/span><\/p>\n<p><img decoding=\"async\" loading=\"lazy\" class=\"alignnone size-full wp-image-1185\" src=\"http:\/\/www.infokuryr.cz\/n\/wp-content\/uploads\/2021\/04\/kuryr-podpis.png\" alt=\"\" width=\"84\" height=\"24\" \/><\/p>\n<p>&nbsp;<\/p>\n","protected":false},"excerpt":{"rendered":"<p>Podle zpr\u00e1v z m\u00e9di\u00ed Washington a Moskva tajn\u011b pracuj\u00ed na nov\u00e9m m\u00edrov\u00e9m pl\u00e1nu pro Ukrajinu&#8230;.<\/p>\n","protected":false},"author":2,"featured_media":92804,"comment_status":"closed","ping_status":"closed","sticky":false,"template":"","format":"standard","meta":[],"categories":[7],"tags":[565,22,26,37],"_links":{"self":[{"href":"https:\/\/www.infokuryr.cz\/n\/wp-json\/wp\/v2\/posts\/92803"}],"collection":[{"href":"https:\/\/www.infokuryr.cz\/n\/wp-json\/wp\/v2\/posts"}],"about":[{"href":"https:\/\/www.infokuryr.cz\/n\/wp-json\/wp\/v2\/types\/post"}],"author":[{"embeddable":true,"href":"https:\/\/www.infokuryr.cz\/n\/wp-json\/wp\/v2\/users\/2"}],"replies":[{"embeddable":true,"href":"https:\/\/www.infokuryr.cz\/n\/wp-json\/wp\/v2\/comments?post=92803"}],"version-history":[{"count":0,"href":"https:\/\/www.infokuryr.cz\/n\/wp-json\/wp\/v2\/posts\/92803\/revisions"}],"wp:featuredmedia":[{"embeddable":true,"href":"https:\/\/www.infokuryr.cz\/n\/wp-json\/wp\/v2\/media\/92804"}],"wp:attachment":[{"href":"https:\/\/www.infokuryr.cz\/n\/wp-json\/wp\/v2\/media?parent=92803"}],"wp:term":[{"taxonomy":"category","embeddable":true,"href":"https:\/\/www.infokuryr.cz\/n\/wp-json\/wp\/v2\/categories?post=92803"},{"taxonomy":"post_tag","embeddable":true,"href":"https:\/\/www.infokuryr.cz\/n\/wp-json\/wp\/v2\/tags?post=92803"}],"curies":[{"name":"wp","href":"https:\/\/api.w.org\/{rel}","templated":true}]}}