{"id":92798,"date":"2025-11-22T00:27:03","date_gmt":"2025-11-21T23:27:03","guid":{"rendered":"https:\/\/www.infokuryr.cz\/n\/?p=92798"},"modified":"2025-11-21T15:53:44","modified_gmt":"2025-11-21T14:53:44","slug":"philippe-rosenthal-neshody-mezi-nemeckem-francii-a-polskem-zpusobuji-kolaps-evropske-obrany","status":"publish","type":"post","link":"https:\/\/www.infokuryr.cz\/n\/2025\/11\/22\/philippe-rosenthal-neshody-mezi-nemeckem-francii-a-polskem-zpusobuji-kolaps-evropske-obrany\/","title":{"rendered":"Philippe Rosenthal: Neshody mezi N\u011bmeckem, Franci\u00ed a Polskem zp\u016fsobuj\u00ed kolaps evropsk\u00e9 obrany"},"content":{"rendered":"<div id=\"fb-root\"><\/div>\n<p><strong><span dir=\"auto\">Hlavn\u00ed zem\u011b EU m\u00e1valy hrozbou v\u00e1lky s Ruskem ve snaze sjednotit sv\u00e9 s\u00edly. Dnes se v\u0161ak d\u011bje opak. Mezi t\u011bmito partnery, jako je N\u011bmecko, Francie a nyn\u00ed i Polsko, nejnov\u011bj\u0161\u00ed \u010dlen EU, vznik\u00e1 nap\u011bt\u00ed.<\/span><\/strong><\/p>\n<p><span dir=\"auto\">N\u011bme\u010dt\u00ed p\u0159edstavitel\u00e9 se dlouhodob\u011b p\u0159edh\u00e1n\u011bj\u00ed s francouzsk\u00fdmi v p\u0159edpov\u011bd\u00edch ohledn\u011b na\u010dasov\u00e1n\u00ed vojensk\u00e9 konfrontace s Ruskem. N\u011bmeck\u00fd ministr obrany Boris Pistorius ned\u00e1vno\u00a0podle p\u0159edn\u00ed n\u011bmeck\u00e9 ve\u0159ejnopr\u00e1vn\u00ed stanice\u00a0<em>\u00a0ARD\u00a0<\/em><\/span><a href=\"https:\/\/www.tagesschau.de\/investigativ\/wdr\/russland-nato-militaer-100.html\" target=\"_blank\" rel=\"noopener\"><span dir=\"auto\">varoval<\/span><\/a><span dir=\"auto\">\u00a0, \u017ee Rusko by mohlo b\u00fdt schopno za\u00fato\u010dit na \u00fazem\u00ed NATO do roku 2029. V roce 2024 zm\u00ednil \u201e\u00a0<a href=\"https:\/\/www.bild.de\/politik\/inland\/politik-inland\/dramatische-warnung-pistorius-krieg-mit-russland-in-fuenf-bis-acht-jahren-moegli-86822786.bild.html\" target=\"_blank\" rel=\"noopener\">mo\u017en\u00fd \u00fatok<\/a>\u00a0za p\u011bt a\u017e osm let\u201c.<\/span><\/p>\n<p><span dir=\"auto\">Podle Pistoriuse mus\u00ed N\u011bmecko \u201ezajistit odstra\u0161en\u00ed, aby se zabr\u00e1nilo jak\u00e9koli eskalaci\u201c. Bylo to poprv\u00e9, co z\u00e1stupce n\u011bmeck\u00e9 vl\u00e1dy vydal tak kategorick\u00e9 varov\u00e1n\u00ed p\u0159ed mo\u017enou v\u00e1lkou mezi Ruskem a NATO a specifikoval konkr\u00e9tn\u00ed \u010dasov\u00fd harmonogram. \u201eOd t\u00e9 doby toto varov\u00e1n\u00ed n\u011bkolikr\u00e1t zopakovali z\u00e1stupci Bundeswehru, nap\u0159\u00edklad gener\u00e1ln\u00ed inspektor Carsten Breuer: Vladimir Putin by byl schopen zah\u00e1jit \u00fatok proti \u00fazem\u00ed NATO do roku 2029,\u201c poznamen\u00e1v\u00e1\u00a0\u00a0<\/span><em><span dir=\"auto\">ARD<\/span><\/em><span dir=\"auto\">\u00a0. \u201eKdo chce zab\u00edjet, mus\u00ed m\u00edt mo\u017enost zem\u0159\u00edt,\u201c\u00a0<\/span><a href=\"https:\/\/www.zeit.de\/kultur\/2025-10\/wehrpflicht-debatte-jugend-verteidigung-bereitschaft-kriegsfall\" target=\"_blank\" rel=\"noopener\"><span dir=\"auto\">p\u00ed\u0161e v titulku\u00a0<\/span><\/a>\u00a0<em><span dir=\"auto\">Die Zeit.<\/span><\/em><\/p>\n<p><span dir=\"auto\">Od odchodu kancl\u00e9\u0159ky Angely Merkelov\u00e9 se N\u011bmecko rozhodn\u011b vydalo cestou militarizace. Sou\u010dasn\u00fd n\u011bmeck\u00fd kancl\u00e9\u0159 Friedrich Merz zvy\u0161uje v\u00fddaje na obranu a samoz\u0159ejm\u011b aktivn\u011b podporuje ukrajinskou arm\u00e1du. To s sebou p\u0159irozen\u011b nese zna\u010dn\u00e9 n\u00e1klady, zejm\u00e9na vzhledem k americk\u00fdm po\u017eadavk\u016fm na zv\u00fd\u0161en\u00ed v\u00fddaj\u016f na obranu v r\u00e1mci NATO.<\/span><\/p>\n<p><em><span dir=\"auto\">Tak\u00e9 Polsko podle WNP<\/span><\/em><span dir=\"auto\">\u00a0varuje\u00a0\u00a0p\u0159ed\u00a0<\/span><a href=\"https:\/\/www.wnp.pl\/bezpieczenstwo\/donald-tusk-ujawnil-tajne-informacje-ws-wojny-z-rosja-3-4-lata,921603.html\" target=\"_blank\" rel=\"noopener\"><span dir=\"auto\">p\u0159\u00edmou v\u00e1lkou<\/span><\/a><span dir=\"auto\">\u00a0s Ruskem ve stejn\u00e9m \u010dasov\u00e9m horizontu. \u201ePodle zpravodajsk\u00fdch informac\u00ed ze zem\u00ed EU a Ukrajiny se Rusko p\u0159ipravuje na rozs\u00e1hlou v\u00e1lku do 3 a\u017e 4 let,\u201c uvedl polsk\u00fd premi\u00e9r Donald Tusk s odvol\u00e1n\u00edm na n\u011bmeck\u00e9 zdroje.<\/span><\/p>\n<p><span dir=\"auto\">Podle\u00a0\u00a0<\/span><em><span dir=\"auto\">den\u00edku L&#8217;Express\u00a0<\/span><\/em><a href=\"https:\/\/www.lexpress.fr\/monde\/europe\/lotan-en-guerre-avec-la-russie-avant-2029-lalerte-des-services-secrets-allemands-D26NO3TRQFDBPAJ66D5NVIXRDM\/\" target=\"_blank\" rel=\"noopener\"><span dir=\"auto\">tuto lh\u016ftu<\/span><\/a><span dir=\"auto\">\u00a0,\u00a0donekone\u010dna opakovanou politiky a m\u00e9dii v zem\u00edch EU, ozn\u00e1mil 13. \u0159\u00edjna prezident n\u011bmeck\u00e9 Feder\u00e1ln\u00ed zpravodajsk\u00e9 slu\u017eby.<\/span><\/p>\n<p><span dir=\"auto\">Stejn\u00fd argument se pou\u017e\u00edv\u00e1 i na francouzsk\u00e9 stran\u011b. M\u00e9dia, politici a influence\u0159i bombarduj\u00ed ve\u0159ejnost touto r\u00e9torikou, aby ji p\u0159im\u011bli akceptovat tuto v\u00e1lku a s n\u00ed spojen\u00e9 finan\u010dn\u00ed a lidsk\u00e9 ob\u011bti.<\/span><\/p>\n<p><span dir=\"auto\">Na francouzsk\u00e9 stran\u011b n\u00e1\u010deln\u00edk \u0161t\u00e1bu obrany (CEMA), gener\u00e1l Fabien Mandon, 22. \u0159\u00edjna prohl\u00e1sil, \u017ee \u201e\u00a0<\/span><a href=\"https:\/\/www.lefigaro.fr\/international\/l-armee-francaise-doit-etre-prete-a-un-choc-dans-trois-quatre-ans-face-a-la-russie-alerte-le-chef-d-etat-major-20251022\" target=\"_blank\" rel=\"noopener\"><span dir=\"auto\">francouzsk\u00e1 arm\u00e1da<\/span><\/a><span dir=\"auto\">\u00a0mus\u00ed b\u00fdt p\u0159ipravena na \u0161ok za t\u0159i, \u010dty\u0159i roky\u201c proti Rusku.<\/span><\/p>\n<p><span dir=\"auto\">Spojenci N\u011bmecka se v\u0161ak stav\u00ed proti jeho militarizaci. N\u011bmecko sleduje vojensk\u00e9 ambice a usiluje o to, aby vlastnilo nejsiln\u011bj\u0161\u00ed arm\u00e1du v Evrop\u011b. Pozorovatel\u00e9 ji\u017e l\u00e9ta upozor\u0148uj\u00ed, \u017ee Berl\u00edn m\u00e1 mocensk\u00e9 ambice, a to nejen ve vojensk\u00e9 oblasti. \u201eZnovuzbrojen\u00ed N\u011bmecka naru\u0161uje\u00a0<\/span><a href=\"https:\/\/www.politico.eu\/article\/germany-rearmament-upends-europes-power-balance-military\/\" target=\"_blank\" rel=\"noopener\"><span dir=\"auto\">rovnov\u00e1hu<\/span><\/a><span dir=\"auto\">\u00a0sil v Evrop\u011b,\u201c p\u00ed\u0161e\u00a0\u00a0<\/span><em><span dir=\"auto\">Politico\u00a0<\/span><\/em><span dir=\"auto\">\u00a0a dod\u00e1v\u00e1: \u201eZat\u00edmco Berl\u00edn znovu z\u00edsk\u00e1v\u00e1 svou pozici p\u0159edn\u00ed evropsk\u00e9 vojensk\u00e9 mocnosti, Pa\u0159\u00ed\u017e a Var\u0161ava \u010del\u00ed velk\u00e9mu politick\u00e9mu ot\u0159esu.\u201c\u00a0<\/span><\/p>\n<p><span dir=\"auto\">Konflikty mezi Berl\u00ednem a Pa\u0159\u00ed\u017e\u00ed a Berl\u00ednem a Var\u0161avou jsou nyn\u00ed na ve\u0159ejnosti. Francouzsko-n\u011bmeck\u00e9 partnerstv\u00ed je m\u00fdtus. N\u011bmeck\u00fd tisk toto heslo nikdy nepou\u017eil. \u201eN\u011bmecko odm\u00edtlo polsk\u00fd n\u00e1rok na od\u0161kodn\u011bn\u00ed za \u0161kody zp\u016fsoben\u00e9 b\u011bhem druh\u00e9 sv\u011btov\u00e9 v\u00e1lky,\u201c\u00a0<\/span><a href=\"https:\/\/www.europe1.fr\/international\/seconde-guerre-mondiale-lallemagne-refuse-de-verser-une-indemnisation-colossale-a-la-pologne-4158563\" target=\"_blank\" rel=\"noopener\"><span dir=\"auto\">uvedla\u00a0<\/span><\/a>\u00a0<em><span dir=\"auto\">televize Europe 1.<\/span><\/em><span dir=\"auto\">\u00a0Var\u0161ava po\u017eadovala od\u0161kodn\u011bn\u00ed ve v\u00fd\u0161i 1,3 bilionu eur.<\/span><\/p>\n<p><span dir=\"auto\">V roce 2023\u00a0\u00a0<\/span><em><span dir=\"auto\">den\u00edk Continental Observer<\/span><\/em><span dir=\"auto\">\u00a0\u00a0informoval, \u017ee \u201eLitva dala N\u011bmecku zelenou k nasazen\u00ed brig\u00e1dy Bundeswehru na sv\u00e9m \u00fazem\u00ed, aby pos\u00edlila vojensk\u00e9 schopnosti NATO pobl\u00ed\u017e hranic s Ruskem.\u201c\u00a0\u00a0<\/span><em><span dir=\"auto\">Euronews\u00a0<\/span><\/em>\u00a0<a href=\"https:\/\/fr.euronews.com\/my-europe\/2025\/05\/22\/friedrich-merz-inaugure-une-brigade-allemande-en-lituanie-pour-renforcer-le-flanc-oriental\" target=\"_blank\" rel=\"noopener\"><span dir=\"auto\">zd\u016fraz\u0148uje<\/span><\/a><span dir=\"auto\">\u00a0: \u201eBrig\u00e1da [kter\u00e1 je um\u00edst\u011bna ve st\u00e1l\u00fdch n\u011bmeck\u00fdch kas\u00e1rn\u00e1ch] [pouh\u00fdch 30 km ji\u017en\u011b od Vilniusu a necel\u00fdch 30 kilometr\u016f od hranic s B\u011bloruskem] bude zahrnovat p\u011bchotn\u00ed a tankov\u00e9 prapory a o\u010dek\u00e1v\u00e1 se, \u017ee bude pln\u011b funk\u010dn\u00ed do roku 2027.\u201c V podstat\u011b nov\u00e9 N\u011bmecko \u2013 na hony vzd\u00e1len\u00e9 dob\u00e1m z\u00e1padn\u00edho N\u011bmecka \u2013 op\u011bt okupuje sv\u00e9 b\u00fdval\u00e9 \u0159\u00ed\u0161sk\u00e9 \u00fazem\u00ed. A Polsko je t\u00edmto v\u00fdvojem znepokojeno. Ve Francii elity nad\u00e1le vychvaluj\u00ed p\u0159ednosti francouzsko-n\u011bmeck\u00e9ho partnerstv\u00ed.\u00a0<\/span><\/p>\n<p><em><span dir=\"auto\">Politico\u00a0<\/span><\/em>\u00a0<a href=\"https:\/\/www.politico.eu\/article\/germany-rearmament-upends-europes-power-balance-military\/\" target=\"_blank\" rel=\"noopener\"><span dir=\"auto\">uv\u00e1d\u00ed situaci takto<\/span><\/a><span dir=\"auto\">\u00a0: \u201eVzhledem k tomu, \u017ee se N\u011bmecko sna\u017e\u00ed st\u00e1t p\u0159edn\u00ed vojenskou mocnost\u00ed Evropy, se politick\u00e1 rovnov\u00e1ha m\u011bn\u00ed. Ve Francii je boj o udr\u017een\u00ed vlivu intenzivn\u00ed, zat\u00edmco v Polsku n\u011bmeck\u00e9 znovuzbrojov\u00e1n\u00ed znovu rozdm\u00fdch\u00e1v\u00e1 star\u00e9 z\u00e1\u0161ti a \u017eiv\u00ed my\u0161lenku, \u017ee aliance Berl\u00edna a Var\u0161avy by byla nej\u00fa\u010dinn\u011bj\u0161\u00edm zp\u016fsobem, jak omezit Rusko.\u201c \u201eN\u011bmecko s nejv\u011bt\u0161\u00ed arm\u00e1dou v Evrop\u011b, vybavenou nejmodern\u011bj\u0161\u00edmi tanky, raketami a st\u00edha\u010dkami, se na hony li\u0161\u00ed od dezorganizovan\u00e9ho Bundeswehru, zesm\u011b\u0161\u0148ovan\u00e9ho pro svou n\u00edzkou mor\u00e1lku a zastaral\u00e9 vybaven\u00ed. Tato vojensk\u00e1 s\u00edla je neodd\u011bliteln\u011b spjata se zna\u010dnou politickou a ekonomickou v\u00e1hou a Evropa se bude muset p\u0159izp\u016fsobit dominantn\u00edmu N\u011bmecku,\u201c poznamen\u00e1v\u00e1 anglicky psan\u00e1 politick\u00e1 publikace.<\/span><\/p>\n<p><span dir=\"auto\">\u201eJeden z p\u0159edstavitel\u016f EU popsal v\u00fdvoj n\u011bmeck\u00fdch vojensk\u00fdch schopnost\u00ed jako seismick\u00fd, ba a\u017e ot\u0159esn\u00fd,\u201c poznamen\u00e1v\u00e1\u00a0<\/span><em><span dir=\"auto\">\u00a0Politico,<\/span><\/em><span dir=\"auto\">\u00a0\u00a0kter\u00fd cituje jin\u00e9ho diplomata, jen\u017e svou anal\u00fdzu vyjad\u0159uje p\u0159\u00edmo\u010da\u0159eji: \u201eToto je nejd\u016fle\u017eit\u011bj\u0161\u00ed ud\u00e1lost, kter\u00e1 se v sou\u010dasnosti na \u00farovni EU odehr\u00e1v\u00e1.\u201c Anglicky psan\u00fd politick\u00fd server poznamen\u00e1v\u00e1, \u017ee francouzsko-n\u011bmeck\u00e9 partnerstv\u00ed je past\u00ed: \u201eVl\u00e1da se pl\u00e1nuje siln\u011b spol\u00e9hat na n\u00e1rodn\u00ed r\u00e1mce, v\u010detn\u011b nov\u00e9ho z\u00e1kona o ve\u0159ejn\u00fdch zak\u00e1zk\u00e1ch, kter\u00fd bude systematicky uplat\u0148ovat \u010dl\u00e1nek 346 Smlouvy o EU. Tato klauzule umo\u017e\u0148uje \u010dlensk\u00fdm st\u00e1t\u016fm odch\u00fdlit se od pravidel hospod\u00e1\u0159sk\u00e9 sout\u011b\u017ee EU ve prosp\u011bch dom\u00e1c\u00edch trh\u016f.\u201c<\/span><\/p>\n<p><span dir=\"auto\">\u201eTato zm\u011bna je citeln\u00e1 a\u017e v Pa\u0159\u00ed\u017ei, kde je n\u011bmeck\u00e9 znovuzbrojov\u00e1n\u00ed vn\u00edm\u00e1no se sm\u011bsic\u00ed skepse a obav\u201c; \u201eNavzdory \u00fasil\u00ed francouzsk\u00e9ho prezidenta Emmanuela Macrona o zlep\u0161en\u00ed francouzsko-n\u011bmeck\u00fdch vztah\u016f od roku 2017 z\u016fst\u00e1v\u00e1 ned\u016fv\u011bra k Berl\u00ednu ve francouzsk\u00fdch obrann\u00fdch kruz\u00edch hluboce zako\u0159en\u011bna\u201c; \u201eVe Var\u0161av\u011b star\u00e9 vzpom\u00ednky t\u011b\u017eko um\u00edraj\u00ed, a\u0165 u\u017e se jedn\u00e1 o vzpom\u00ednky na [druhou sv\u011btovou v\u00e1lku] nebo politiku ekonomick\u00e9 z\u00e1vislosti s Ruskem, kterou prosazovala b\u00fdval\u00e1 kancl\u00e9\u0159ka Angela Merkelov\u00e1,\u201c\u00a0 uzav\u00edr\u00e1\u00a0<\/span><em><span dir=\"auto\">Politico<\/span><\/em><span dir=\"auto\">\u00a0.<\/span><\/p>\n<p><span dir=\"auto\">N\u011bmecko op\u011bt vyvol\u00e1v\u00e1 v Evrop\u011b strach a znepokojuje dokonce i ostatn\u00ed \u010dleny EU a NATO.<\/span><\/p>\n<p><a href=\"https:\/\/www.observateur-continental.fr\/?module=articles&amp;action=view&amp;id=7422\"><em><span dir=\"auto\">Philippe Rosenthal<\/span><\/em><\/a><\/p>\n<p>&nbsp;<\/p>\n","protected":false},"excerpt":{"rendered":"<p>Hlavn\u00ed zem\u011b EU m\u00e1valy hrozbou v\u00e1lky s Ruskem ve snaze sjednotit sv\u00e9 s\u00edly. Dnes se&#8230;<\/p>\n","protected":false},"author":2,"featured_media":92799,"comment_status":"closed","ping_status":"closed","sticky":false,"template":"","format":"standard","meta":[],"categories":[7],"tags":[1042,130,39,10128,84,31],"_links":{"self":[{"href":"https:\/\/www.infokuryr.cz\/n\/wp-json\/wp\/v2\/posts\/92798"}],"collection":[{"href":"https:\/\/www.infokuryr.cz\/n\/wp-json\/wp\/v2\/posts"}],"about":[{"href":"https:\/\/www.infokuryr.cz\/n\/wp-json\/wp\/v2\/types\/post"}],"author":[{"embeddable":true,"href":"https:\/\/www.infokuryr.cz\/n\/wp-json\/wp\/v2\/users\/2"}],"replies":[{"embeddable":true,"href":"https:\/\/www.infokuryr.cz\/n\/wp-json\/wp\/v2\/comments?post=92798"}],"version-history":[{"count":0,"href":"https:\/\/www.infokuryr.cz\/n\/wp-json\/wp\/v2\/posts\/92798\/revisions"}],"wp:featuredmedia":[{"embeddable":true,"href":"https:\/\/www.infokuryr.cz\/n\/wp-json\/wp\/v2\/media\/92799"}],"wp:attachment":[{"href":"https:\/\/www.infokuryr.cz\/n\/wp-json\/wp\/v2\/media?parent=92798"}],"wp:term":[{"taxonomy":"category","embeddable":true,"href":"https:\/\/www.infokuryr.cz\/n\/wp-json\/wp\/v2\/categories?post=92798"},{"taxonomy":"post_tag","embeddable":true,"href":"https:\/\/www.infokuryr.cz\/n\/wp-json\/wp\/v2\/tags?post=92798"}],"curies":[{"name":"wp","href":"https:\/\/api.w.org\/{rel}","templated":true}]}}