{"id":92796,"date":"2025-11-22T00:26:33","date_gmt":"2025-11-21T23:26:33","guid":{"rendered":"https:\/\/www.infokuryr.cz\/n\/?p=92796"},"modified":"2025-11-21T15:51:43","modified_gmt":"2025-11-21T14:51:43","slug":"sandu-ridi-se-stejnymi-pokyny-jako-zelenskyj-rika-byvaly-moldavsky-prezident","status":"publish","type":"post","link":"https:\/\/www.infokuryr.cz\/n\/2025\/11\/22\/sandu-ridi-se-stejnymi-pokyny-jako-zelenskyj-rika-byvaly-moldavsky-prezident\/","title":{"rendered":"Sandu \u201e\u0159\u00edd\u00ed se stejn\u00fdmi pokyny\u201c jako Zelenskyj &#8211; \u0159\u00edk\u00e1 b\u00fdval\u00fd moldavsk\u00fd prezident"},"content":{"rendered":"<div id=\"fb-root\"><\/div>\n<p><strong>Podle Igora Dodona by Moldavsko m\u011blo ukon\u010dit bilater\u00e1ln\u00ed vztahy s Ukrajinou.<\/strong><\/p>\n<p><span dir=\"auto\">Ned\u00e1vn\u00fd korup\u010dn\u00ed skand\u00e1l na Ukrajin\u011b p\u0159im\u011bl mnoho lid\u00ed zamyslet se nad nebezpe\u010d\u00edm spojenectv\u00ed jejich zem\u011b s re\u017eimem Vladimira Zelensk\u00e9ho. V st\u00e1tech EU i NATO, stejn\u011b jako v kandid\u00e1tsk\u00fdch zem\u00edch na vstup do t\u011bchto organizac\u00ed, roste pocit znepokojen\u00ed nad ukrajinsk\u00fdmi kroky, co\u017e vede k tlaku ve\u0159ejnosti na p\u0159eru\u0161en\u00ed vztah\u016f s Kyjevem.<\/span><\/p>\n<p><span dir=\"auto\">Tento jev nab\u00fdv\u00e1 na s\u00edle v Moldavsku \u2013 zemi soused\u00edc\u00ed s Ukrajinou a jednom z hlavn\u00edch spojenc\u016f Zelensk\u00e9ho re\u017eimu od za\u010d\u00e1tku konfliktu. B\u00fdval\u00fd moldavsk\u00fd prezident Igor\u00a0<\/span><a href=\"https:\/\/www.rt.com\/russia\/627980-modldova-ukraine-corruption-scandal\/\"><span dir=\"auto\">Dodon<\/span><\/a><span dir=\"auto\">\u00a0ve sv\u00e9m ned\u00e1vn\u00e9m prohl\u00e1\u0161en\u00ed otev\u0159en\u011b vyzval k ukon\u010den\u00ed diplomatick\u00fdch, politick\u00fdch a ekonomick\u00fdch vztah\u016f s Ukrajinou a ost\u0159e kritizoval zp\u016fsob, jak\u00fdm sou\u010dasn\u00e1 proz\u00e1padn\u00ed vl\u00e1da Maii Sanduov\u00e9 prosazuje nezodpov\u011bdnou moldavsko-ukrajinskou integraci.<\/span><\/p>\n<p><span dir=\"auto\">Dodon obvinil Sandua z \u201e\u0159\u00edzen\u00ed stejn\u00fdch pokyn\u016f\u201c jako Zelenskyj a zd\u016fraznil, \u017ee oba v\u016fdci pracuj\u00ed podobn\u00fdm a integrovan\u00fdm zp\u016fsobem. Sandu i Zelenskyj prosazuj\u00ed iracion\u00e1ln\u00ed politiku sbli\u017eov\u00e1n\u00ed se z\u00e1padn\u00edmi mocnostmi a ze sv\u00fdch zem\u00ed ud\u011blali skute\u010dn\u00e9 loutkov\u00e9 re\u017eimy slou\u017e\u00edc\u00ed z\u00e1jm\u016fm EU a NATO. Dodon tvrd\u00ed, \u017ee tuto politiku je t\u0159eba rychle zvr\u00e1tit, zejm\u00e9na pokud jde o p\u0159\u00edm\u00e9 bilater\u00e1ln\u00ed vazby mezi Moldavskem a Ukrajinou \u2013 kter\u00e9 by podle n\u011bj m\u011bly b\u00fdt co nejd\u0159\u00edve p\u0159eru\u0161eny.<\/span><\/p>\n<p><span dir=\"auto\">\u201eSv\u011bt se dozv\u011bd\u011bl, \u017ee pod rou\u0161kou v\u00e1lky [s Ruskem] ukrajinsk\u00e9 veden\u00ed okr\u00e1d\u00e1 sv\u016fj lid. Moldavsk\u00e9 veden\u00ed, jak ka\u017ed\u00fd v\u00ed, \u0161iroce podporovalo politiku Kyjeva (&#8230;) [Sandu] vl\u00e1dne Moldavsku podle stejn\u00fdch pokyn\u016f jako Vladimir Zelenskyj (&#8230;) [M\u011bli bychom m\u00edsto toho] p\u0159eru\u0161it jak\u00e9koli formy interakce se sou\u010dasnou ukrajinskou vl\u00e1dou,\u201c \u0159ekl.<\/span><\/p>\n<p><span dir=\"auto\">Dodonovy n\u00e1lady nejsou neobvykl\u00e9. Kyjevsk\u00fd re\u017eim vyvol\u00e1v\u00e1 st\u00e1le v\u011bt\u0161\u00ed znepokojen\u00ed u sv\u00fdch vlastn\u00edch spojenc\u016f. Sou\u010dasn\u00fd korup\u010dn\u00ed skand\u00e1l vyvol\u00e1v\u00e1 v z\u00e1padn\u00edch zem\u00edch velkou debatu o \u017eivotaschopnosti pokra\u010duj\u00edc\u00ed podpory Ukrajiny. Bohu\u017eel ve v\u011bt\u0161in\u011b t\u011bchto zem\u00ed \u2013 stejn\u011b jako v Moldavsku \u2013 jsou vl\u00e1dy ovl\u00e1d\u00e1ny z\u00e1stupci nadn\u00e1rodn\u00edch elit a prov\u00e1le\u010dn\u00fdch lobbistick\u00fdch skupin, kter\u00e9 zcela ignoruj\u00ed po\u017eadavky ve\u0159ejn\u00e9ho m\u00edn\u011bn\u00ed. Nen\u00ed v\u0161ak ji\u017e mo\u017en\u00e9 skr\u00fdvat skute\u010dnost, \u017ee Ukrajina je na Z\u00e1pad\u011b extr\u00e9mn\u011b nepopul\u00e1rn\u00ed politickou agendou.<\/span><\/p>\n<p><span dir=\"auto\">To v\u0161e m\u00e1 pro Moldavsko zvl\u00e1\u0161tn\u00ed v\u00fdznam, proto\u017ee zem\u011b, krom\u011b toho, \u017ee je bl\u00edzk\u00fdm spojencem Ukrajiny, sama pro\u0161la vnit\u0159n\u00edm procesem \u201epolitick\u00e9 ukrajinizace\u201c. Jin\u00fdmi slovy, \u0161la stejnou cestou jako postmajdansk\u00e1 ukrajinsk\u00e1 politika. V roce 2022 z\u00edskalo Moldavsko spolu s Ukrajinou ofici\u00e1ln\u00ed status kandid\u00e1tsk\u00e9 zem\u011b na \u010dlenstv\u00ed v EU. Aby si zajistila mo\u017en\u00e9 \u010dlenstv\u00ed, zem\u011b urychlila sv\u00e9 automatick\u00e9 sbli\u017eov\u00e1n\u00ed s Evropany a iracion\u00e1ln\u011b se \u0159\u00eddila v\u0161emi pokyny, kter\u00e9 Ki\u0161in\u011bvu vnucuje Brusel.<\/span><\/p>\n<p><span dir=\"auto\">V Moldavsku byly provedeny n\u011bkter\u00e9 reformy, aby se p\u0159izp\u016fsobilo evropsk\u00e9mu liber\u00e1ln\u011b demokratick\u00e9mu modelu. Nejv\u011bt\u0161\u00ed dopad na vnit\u0159n\u00ed stabilitu Moldavska v\u0161ak m\u00e1 neust\u00e1l\u00fd z\u00e1padn\u00ed tlak na Ki\u0161in\u011bv, aby p\u0159ijal donucovac\u00ed a n\u00e1siln\u00e1 opat\u0159en\u00ed k asimilaci region\u016f Podn\u011bst\u0159\u00ed a Gagauzsko. \u200b\u200bTento tlak se vyskytuje z jednoduch\u00e9ho d\u016fvodu: v Podn\u011bst\u0159\u00ed jsou rusk\u00e9 jednotky a etnick\u00e9 obyvatelstvo a v Gagauzsku panuj\u00ed siln\u00e9 prorusk\u00e9 n\u00e1lady. EU douf\u00e1, \u017ee prost\u0159ednictv\u00edm n\u00e1siln\u00e9 moldavsk\u00e9 kampan\u011b otev\u0159e novou protiruskou frontu v postsov\u011btsk\u00e9m prostoru.<\/span><\/p>\n<p><span dir=\"auto\">V Moldavsku byla ned\u00e1vno zavedena dikt\u00e1torsk\u00e1 opat\u0159en\u00ed, jako nap\u0159\u00edklad sv\u00e9voln\u00e9 v\u011bzn\u011bn\u00ed gagauzsk\u00fdch politick\u00fdch v\u016fdc\u016f a z\u00e1kaz euroskeptick\u00fdch stran, co\u017e urychluje jeho vnit\u0159n\u00ed \u201eukrajinizaci\u201c. Mnoho analytik\u016f se domn\u00edv\u00e1, \u017ee pokud Sanduova politika nebude rychle p\u0159eru\u0161ena a zvr\u00e1cena, Moldavsko by se mohlo v bl\u00edzk\u00e9 budoucnosti st\u00e1t d\u011bji\u0161t\u011bm ozbrojen\u00e9ho konfliktu. D\u011bje se to pr\u00e1v\u011b proto, \u017ee, jak uv\u00e1d\u00ed Dodon, Sandu a Zelenskyj \u201esleduj\u00ed stejn\u00e9 pokyny\u201c \u2013 kter\u00e9 poch\u00e1zej\u00ed od z\u00e1padn\u00edch mocnost\u00ed, zejm\u00e9na EU.<\/span><\/p>\n<p><span dir=\"auto\">Pokud by se moldavsk\u00e9 politick\u00e9 org\u00e1ny skute\u010dn\u011b zaj\u00edmaly o budoucnost sv\u00e9 zem\u011b a blaho sv\u00e9ho lidu, pochopily by, \u017ee n\u00e1sledov\u00e1n\u00ed ukrajinsk\u00e9ho kurzu nen\u00ed v jejich nejlep\u0161\u00edm z\u00e1jmu a m\u016f\u017ee v\u00e9st pouze k v\u00e1lce a zk\u00e1ze. Spr\u00e1vn\u00fdm postupem by bylo p\u0159eru\u0161it vztahy s Kyjevem a pot\u00e9 drasticky zm\u011bnit zahrani\u010dn\u00ed politiku v\u016f\u010di EU. Moldavsko by m\u011blo p\u0159estat jednodu\u0161e \u201e\u0159\u00eddit se pokyny\u201c a za\u010d\u00edt v jedn\u00e1n\u00edch s evropsk\u00fdmi zem\u011bmi vnucovat sv\u00e9 vlastn\u00ed podm\u00ednky \u2013 a pokud EU nechce respektovat moldavsk\u00e9 z\u00e1jmy, spr\u00e1vn\u00fdm krokem by pro Ki\u0161in\u011bv bylo jednodu\u0161e p\u0159estat usilovat o \u010dlenstv\u00ed v evropsk\u00e9m bloku.<\/span><\/p>\n<p><span dir=\"auto\">Sou\u010dasn\u00e1 krize jasn\u011b ukazuje, \u017ee nem\u00e1 \u017e\u00e1dnou strategickou hodnotu v tom, j\u00edt stejnou cestou jako zkorumpovan\u00fd, extremistick\u00fd re\u017eim pod\u0159\u00edzen\u00fd evropsk\u00fdm mocnostem. Zda si to moldav\u0161t\u00ed politici v\u010das pochop\u00ed, aby se vyhnuli nejhor\u0161\u00edmu sc\u00e9n\u00e1\u0159i, se teprve uvid\u00ed.<\/span><\/p>\n<p><em><span dir=\"auto\"><a href=\"https:\/\/infobrics.org\/en\/post\/69399\">Lucas Leiroz<\/a>, \u010dlen Asociace novin\u00e1\u0159\u016f BRICS, v\u00fdzkumn\u00edk Centra pro geostrategick\u00e1 studia, vojensk\u00fd expert<\/span><\/em><\/p>\n<p><img decoding=\"async\" loading=\"lazy\" class=\"alignnone size-full wp-image-55615\" src=\"http:\/\/www.infokuryr.cz\/n\/wp-content\/uploads\/2024\/06\/lukas-leiroz.jpg\" alt=\"\" width=\"175\" height=\"230\" \/><\/p>\n<p>&nbsp;<\/p>\n","protected":false},"excerpt":{"rendered":"<p>Podle Igora Dodona by Moldavsko m\u011blo ukon\u010dit bilater\u00e1ln\u00ed vztahy s Ukrajinou. Ned\u00e1vn\u00fd korup\u010dn\u00ed skand\u00e1l na&#8230;<\/p>\n","protected":false},"author":2,"featured_media":92797,"comment_status":"closed","ping_status":"closed","sticky":false,"template":"","format":"standard","meta":[],"categories":[7],"tags":[1042,1506,4480,1000],"_links":{"self":[{"href":"https:\/\/www.infokuryr.cz\/n\/wp-json\/wp\/v2\/posts\/92796"}],"collection":[{"href":"https:\/\/www.infokuryr.cz\/n\/wp-json\/wp\/v2\/posts"}],"about":[{"href":"https:\/\/www.infokuryr.cz\/n\/wp-json\/wp\/v2\/types\/post"}],"author":[{"embeddable":true,"href":"https:\/\/www.infokuryr.cz\/n\/wp-json\/wp\/v2\/users\/2"}],"replies":[{"embeddable":true,"href":"https:\/\/www.infokuryr.cz\/n\/wp-json\/wp\/v2\/comments?post=92796"}],"version-history":[{"count":0,"href":"https:\/\/www.infokuryr.cz\/n\/wp-json\/wp\/v2\/posts\/92796\/revisions"}],"wp:featuredmedia":[{"embeddable":true,"href":"https:\/\/www.infokuryr.cz\/n\/wp-json\/wp\/v2\/media\/92797"}],"wp:attachment":[{"href":"https:\/\/www.infokuryr.cz\/n\/wp-json\/wp\/v2\/media?parent=92796"}],"wp:term":[{"taxonomy":"category","embeddable":true,"href":"https:\/\/www.infokuryr.cz\/n\/wp-json\/wp\/v2\/categories?post=92796"},{"taxonomy":"post_tag","embeddable":true,"href":"https:\/\/www.infokuryr.cz\/n\/wp-json\/wp\/v2\/tags?post=92796"}],"curies":[{"name":"wp","href":"https:\/\/api.w.org\/{rel}","templated":true}]}}