{"id":92792,"date":"2025-11-22T00:22:20","date_gmt":"2025-11-21T23:22:20","guid":{"rendered":"https:\/\/www.infokuryr.cz\/n\/?p=92792"},"modified":"2025-11-21T13:14:24","modified_gmt":"2025-11-21T12:14:24","slug":"petr-vlk-zelenskeho-nocni-mury-se-zhmotnily-aneb-kdyz-se-setkaji-dva-luzri","status":"publish","type":"post","link":"https:\/\/www.infokuryr.cz\/n\/2025\/11\/22\/petr-vlk-zelenskeho-nocni-mury-se-zhmotnily-aneb-kdyz-se-setkaji-dva-luzri\/","title":{"rendered":"Petr Vlk: Zelensk\u00e9ho no\u010dn\u00ed m\u016fry se zhmotnily-aneb kdy\u017e se setkaj\u00ed dva l\u016fz\u0159i"},"content":{"rendered":"<div id=\"fb-root\"><\/div>\n<p>Zelensk\u00fd\u00a0 uprost\u0159ed\u00a0 ob\u0159\u00edho korup\u010dn\u00edho skand\u00e1lu\u00a0 \/jeho poradce\u00a0 Podoljak \u2013 korupce\u00a0 je\u00a0 b\u011b\u017en\u00fdm doprovodn\u00fdm standardem demokracie!!!\/ odjel s\u00a0 celou\u00a0 velkou\u00a0 suitou\u00a0 nejprve\u00a0 do\u00a0 \u0158ecka a\u00a0 n\u00e1sledn\u011b\u00a0 do Pa\u0159\u00ed\u017ee. Z\u00a0 obou\u00a0 m\u011bst\u00a0 ozn\u00e1mil\u00a0 sv\u00e9mu zdeptan\u00e9mu a demoralizovan\u00e9mu\u00a0 obyvatelstvu\u00a0 obrovsk\u00e9\u00a0 \u00fasp\u011bchy.\u00a0 V\u00a0 \u0158ecku\u00a0 podepsal\u00a0 dohodu\u00a0 o dod\u00e1vk\u00e1ch\u00a0 americk\u00e9ho plynu na\u00a0 mrznouc\u00ed\u00a0 Ukrajinu\u00a0 p\u0159es\u00a0 \u0159eck\u00e9\u00a0 p\u0159\u00edstavn\u00ed\u00a0 termin\u00e1ly\u00a0 \u00a0a potom\u00a0 potrubn\u00edmi syst\u00e9my\u00a0 do Zelenskylandu.<\/p>\n<p>Schv\u00e1ln\u011b\u00a0 jsem\u00a0 si\u00a0 na\u0161el velmi podrobnou mapu\u00a0<a href=\"https:\/\/globalenergymonitor.org\/projects\/global-gas-infrastructure-tracker\/tracker\/\">Evropsk\u00e9\u00a0 s\u00edt\u011b plynovod\u016f.<\/a><\/p>\n<p>Proto\u017ee\u00a0 mi jaksi unikalo\u00a0 to potrubn\u00ed spojen\u00ed. A\u00a0 rovnou\u00a0 \u0159\u00edk\u00e1m,\u00a0 \u017ee\u00a0 kdybych\u00a0 byl\u00a0 Ukrajincem a vid\u011bl tohle<\/p>\n<p><a href=\"https:\/\/vlkovobloguje.wordpress.com\/?attachment_id=1030727\" rel=\"attachment wp-att-1030727\"><img decoding=\"async\" loading=\"lazy\" class=\"aligncenter wp-image-1030727\" src=\"https:\/\/vlkovobloguje.wordpress.com\/wp-content\/uploads\/2025\/11\/vystrizek-2.jpg\" sizes=\"(max-width: 584px) 100vw, 584px\" srcset=\"https:\/\/vlkovobloguje.wordpress.com\/wp-content\/uploads\/2025\/11\/vystrizek-2.jpg?w=584&amp;h=455 584w, https:\/\/vlkovobloguje.wordpress.com\/wp-content\/uploads\/2025\/11\/vystrizek-2.jpg?w=150&amp;h=117 150w, https:\/\/vlkovobloguje.wordpress.com\/wp-content\/uploads\/2025\/11\/vystrizek-2.jpg?w=300&amp;h=234 300w, https:\/\/vlkovobloguje.wordpress.com\/wp-content\/uploads\/2025\/11\/vystrizek-2.jpg 633w\" alt=\"\" width=\"561\" height=\"437\" data-attachment-id=\"1030727\" data-permalink=\"https:\/\/vlkovobloguje.wordpress.com\/2025\/11\/21\/zelenskeho-nocni-mury-se-zhmotnily-aneb-kdyz-se-setkaji-dva-luzri\/vystrizek-4425\/\" data-orig-file=\"https:\/\/vlkovobloguje.wordpress.com\/wp-content\/uploads\/2025\/11\/vystrizek-2.jpg\" data-orig-size=\"633,493\" data-comments-opened=\"0\" data-image-meta=\"{&quot;aperture&quot;:&quot;0&quot;,&quot;credit&quot;:&quot;uzivatel&quot;,&quot;camera&quot;:&quot;&quot;,&quot;caption&quot;:&quot;&quot;,&quot;created_timestamp&quot;:&quot;1763486231&quot;,&quot;copyright&quot;:&quot;&quot;,&quot;focal_length&quot;:&quot;0&quot;,&quot;iso&quot;:&quot;0&quot;,&quot;shutter_speed&quot;:&quot;0&quot;,&quot;title&quot;:&quot;&quot;,&quot;orientation&quot;:&quot;0&quot;}\" data-image-title=\"V\u00fdst\u0159i\u017eek\" data-image-description=\"\" data-image-caption=\"\" data-medium-file=\"https:\/\/vlkovobloguje.wordpress.com\/wp-content\/uploads\/2025\/11\/vystrizek-2.jpg?w=300\" data-large-file=\"https:\/\/vlkovobloguje.wordpress.com\/wp-content\/uploads\/2025\/11\/vystrizek-2.jpg?w=633\" \/><\/a>p\u0159em\u00fd\u0161lel\u00a0 bych\u00a0 zejm\u00e9na\u00a0 o\u00a0 tom, jak v\u00a0 ob\u00fdv\u00e1ku\u00a0 zalo\u017eit\u00a0 na\u00a0 podlaze\u00a0 bezpe\u010dn\u00e9 ohni\u0161t\u011b,\u00a0 vy\u0159e\u0161it\u00a0 odvod\u00a0 kou\u0159e\u00a0 z n\u011bj a\u00a0 kde\u00a0 sehnat\u00a0 hodn\u011b\u00a0 a hodn\u011b\u00a0 palivov\u00e9ho\u00a0 d\u0159\u00edv\u00ed, abych nezmrznul. Proto\u017ee\u00a0 plynovodn\u00ed spojen\u00ed\u00a0 z\u00a0 \u0158ecka\u00a0 na Ukrajinu\u00a0 v podstat\u011b\u00a0 neexistuje.<\/p>\n<p>Ale\u00a0 nic.\u00a0 Zelensk\u00fd p\u0159ece\u00a0 jel je\u0161t\u011b\u00a0 do Francie k Macronovi. A\u00a0 se\u00a0 stejn\u00fdm\u00a0 v\u00fdsledkem\u00a0 \u2013\u00a0 jak se\u00a0 vyj\u00e1d\u0159il \u2013 podepsali\u00a0 spolu historickou\u00a0 dohodu. O\u00a0 tom\u00a0 v\u00edce\u00a0 v\u00a0 dov\u011btku. Pod\u00edvejme\u00a0 se , co po t\u00e9\u00a0 Zelensk\u00e9ho historick\u00e9\u00a0 n\u00e1v\u0161t\u011bv\u011b\u00a0 napsal\u00a0 asi\u00a0 nejd\u016fle\u017eit\u011bj\u0161\u00ed\u00a0 francouzsk\u00fd\u00a0 mainstream\u00a0 \u2013 Le\u00a0 Figaro.\u00a0 V\u00a0 \u010dl\u00e1nku<\/p>\n<h4><strong><a href=\"https:\/\/www.lefigaro.fr\/vox\/monde\/renaud-girard-en-ukraine-les-quatre-cauchemars-du-president-zelensky-20251117\">CHRONIQUE \u2013 Entre le scandale de corruption impliquant certains de ses ministres et l\u2019avanc\u00e9e militaire russe, Volodymyr Zelensky traverse une p\u00e9riode particuli\u00e8rement difficile.<\/a><\/strong><\/h4>\n<p>podle p\u0159eklada\u010de<\/p>\n<h4><strong>Volodymyr Zelenskyj proch\u00e1z\u00ed obzvl\u00e1\u0161t\u011b t\u011b\u017ek\u00fdm obdob\u00edm, a to kv\u016fli korup\u010dn\u00edmu skand\u00e1lu, do kter\u00e9ho jsou zapojeni n\u011bkte\u0159\u00ed jeho ministrov\u00e9, a postupu rusk\u00e9 arm\u00e1dy.<\/strong><\/h4>\n<div class=\"article__block\"><\/div>\n<div>\n<div class=\"article__block\">\n<div class=\"article__text\">\n<p>Ukrajinsk\u00fd prezident Volodymyr Zelenskyj v pond\u011bl\u00ed nav\u0161t\u00edvil Francii ji\u017e podev\u00e1t\u00e9 od vypuknut\u00ed nep\u0159\u00e1telsk\u00fdch akc\u00ed. Prezident Macron ho v\u0159ele p\u0159ijal a sv\u00e9mu ukrajinsk\u00e9mu prot\u011bj\u0161ku sl\u00edbil kompletn\u00ed arzen\u00e1l pozemn\u00edch zbran\u00ed a bojov\u00fdch letadel s t\u00edm, \u017ee Ukrajina je v pop\u0159ed\u00ed obrany Evropy.<\/p>\n<p>Nepopirateln\u011b vysok\u00e1 kvalita jeho vztah\u016f s evropsk\u00fdmi l\u00eddry je dnes jedin\u00fdm pozitivn\u00edm aspektem, kter\u00fdm se Zelenskyj m\u016f\u017ee pochlubit. \u0160est a p\u016fl roku po sv\u00e9m triumf\u00e1ln\u00edm zvolen\u00ed do nejvy\u0161\u0161\u00edho postu v \u010dele Ukrajiny pro\u017e\u00edv\u00e1 v sou\u010dasn\u00e9 dob\u011b obzvl\u00e1\u0161t\u011b t\u011b\u017ek\u00e9 obdob\u00ed: setkaly se \u010dty\u0159i r\u016fzn\u00e9 no\u010dn\u00ed m\u016fry.<\/p>\n<p>Prvn\u00edm je kritick\u00e1 situace na front\u011b. Rusk\u00e1 arm\u00e1da b\u011bhem pouh\u00e9ho t\u00fddne ovl\u00e1dla 134 kilometr\u016f \u010dtvere\u010dn\u00edch \u00fazem\u00ed, co\u017e je dvakr\u00e1t tolik, kolik dobyla za cel\u00fd \u0159\u00edjen. Zd\u00e1 se, \u017ee Ukrajinci brzy ztrat\u00ed kl\u00ed\u010dov\u00fd dopravn\u00ed uzel \u2013 Pokrovsk. Rusk\u00e9 jednotky tak\u00e9 dos\u00e1hly v\u00fdznamn\u00e9ho pokroku v Z\u00e1poro\u017esk\u00e9 oblasti: vyu\u017eily mlhy k postupu, ani\u017e by se dostaly do dohledu ukrajinsk\u00fdch dron\u016f. O \u017e\u00e1dn\u00fdch legend\u00e1rn\u00edch v\u00edt\u011bzstv\u00edch se nemluv\u00ed, ale n\u011bkte\u0159\u00ed z\u00e1padn\u00ed vojen\u0161t\u00ed experti se ob\u00e1vaj\u00ed, \u017ee postupn\u00e9 oslabov\u00e1n\u00ed ukrajinsk\u00e9 obrany by jednoho dne mohlo v\u00e9st ke kolapsu frontov\u00e9 linie.<\/p>\n<p>Alespo\u0148 v to z\u0159ejm\u011b rusk\u00fd prezident douf\u00e1. Jinak by p\u0159ijal nab\u00eddku p\u0159\u00edm\u011b\u0159\u00ed a zru\u0161en\u00ed n\u011bkolika sankc\u00ed, kter\u00e9 mu americk\u00fd prezident p\u0159edlo\u017eil na summitu v Anchorage 15. srpna.<\/p>\n<p>Hlavn\u00edm probl\u00e9mem ukrajinsk\u00e9 arm\u00e1dy je dnes to, \u017ee j\u00ed chyb\u00ed stejn\u00e9 mo\u017enosti rotace [person\u00e1lu] jako jej\u00edmu protivn\u00edkovi. Rusko m\u00e1 t\u00e9m\u011b\u0159 \u010dty\u0159ikr\u00e1t v\u011bt\u0161\u00ed populaci ne\u017e Ukrajina. Rusko disponuje strategick\u00fdmi \u00fazemn\u00edmi, demografick\u00fdmi a ekonomick\u00fdmi rezervami, kter\u00e9 Ukrajina postr\u00e1d\u00e1.<\/p>\n<p>Ukrajinsk\u00fd vojensk\u00fd pr\u016fmysl a arm\u00e1da pokra\u010duj\u00ed v boji a prokazuj\u00ed state\u010dnost a vynal\u00e9zavost. S vyu\u017eit\u00edm dom\u00e1c\u00edch dron\u016f a raket Ukrajinci \u00fasp\u011b\u0161n\u011b \u00fato\u010d\u00ed na rusk\u00e1 ropn\u00e1 za\u0159\u00edzen\u00ed nach\u00e1zej\u00edc\u00ed se hluboko na jejich \u00fazem\u00ed. \u010cel\u00ed v\u0161ak v\u00e1\u017en\u00e9mu probl\u00e9mu s rotac\u00ed person\u00e1lu.<\/p>\n<h3><strong>Sn\u00ed\u017een\u00ed v\u011bku pro n\u00e1stup do vojensk\u00e9 slu\u017eby by bylo extr\u00e9mn\u011b nepopul\u00e1rn\u00ed opat\u0159en\u00ed.<\/strong><\/h3>\n<p>Po vypuknut\u00ed nep\u0159\u00e1telsk\u00fdch akc\u00ed na Ukrajin\u011b v \u00fanoru 2022 vyhl\u00e1sil Volodymyr Zelenskyj stann\u00e9 pr\u00e1vo a zak\u00e1zal mu\u017e\u016fm ve v\u011bku 18 a\u017e 60 let opustit zemi. Kyjev se v t\u00e9 dob\u011b sna\u017eil zachovat svou vojenskou rezervu.<\/p>\n<p>Toto opat\u0159en\u00ed p\u0159im\u011blo mnoho ukrajinsk\u00fdch rodin poslat sv\u00e9 syny do zahrani\u010d\u00ed je\u0161t\u011b p\u0159ed dovr\u0161en\u00edm 18 let. Maturitn\u00ed t\u0159\u00eddy se staly t\u00e9m\u011b\u0159 v\u00fdhradn\u011b slo\u017eeny z d\u00edvek.<\/p>\n<p>Na Ukrajin\u011b za\u010d\u00edn\u00e1 v\u011bk pro n\u00e1stup do vojensk\u00e9 slu\u017eby ve 25 letech. Ned\u00e1vn\u00fd pr\u016fzkum ve\u0159ejn\u00e9ho m\u00edn\u011bn\u00ed uk\u00e1zal, \u017ee sn\u00ed\u017een\u00ed v\u011bku pro n\u00e1stup do vojensk\u00e9 slu\u017eby by bylo mezi ukrajinsk\u00fdm obyvatelstvem extr\u00e9mn\u011b nepopul\u00e1rn\u00edm opat\u0159en\u00edm: 86,5 % respondent\u016f je proti. Aby se zm\u00edrnilo nap\u011bt\u00ed a zabr\u00e1nilo se masov\u00e9mu exodu teenager\u016f, rozhodla se ukrajinsk\u00e1 vl\u00e1da 26. srpna zru\u0161it z\u00e1kaz opu\u0161t\u011bn\u00ed zem\u011b mlad\u00fdmi mu\u017ei ve v\u011bku 18 a\u017e 22 let. D\u016fsledkem \u2013 a to je Zelensk\u00e9ho druh\u00e1 no\u010dn\u00ed m\u016fra \u2013 byl \u00fat\u011bk 100 000 mlad\u00fdch Ukrajinc\u016f, v\u011bt\u0161inou do Polska a N\u011bmecka, kde ji\u017e \u017eij\u00ed a pracuj\u00ed miliony jejich krajan\u016f.<\/p>\n<p>Tento exodus mu\u017e\u016f vytvo\u0159il dojem, \u017ee ukrajinsk\u00e1 ml\u00e1de\u017e ji\u017e nen\u00ed ani\u00a0 trochu\u00a0 nad\u0161en\u00e1 z vyhl\u00eddky na obranu zem\u011b jako v \u00fanoru 2022. V roce 1914 se v\u00edce ne\u017e 50 000 Francouz\u016f ve v\u011bku 17 a\u017e 19 let \u2013 pod v\u011bkem pro n\u00e1stup do z\u00e1kladn\u00ed slu\u017eby \u2013 dobrovoln\u011b p\u0159ihl\u00e1silo do boje proti n\u011bmeck\u00fdm \u00fato\u010dn\u00edk\u016fm.<\/p>\n<\/div>\n<\/div>\n<\/div>\n<div>\n<div class=\"article__block\">\n<h3 id=\"275697236-2\">Obrovsk\u00fd korup\u010dn\u00ed skand\u00e1l<\/h3>\n<\/div>\n<div class=\"article__block\">\n<div class=\"article__text\">\n<p>Zelensk\u00e9ho t\u0159et\u00ed no\u010dn\u00ed m\u016fra p\u0159i\u0161la ze zahrani\u010d\u00ed. Americk\u00fd ministr zahrani\u010d\u00ed Marco Rubio v reakci na ot\u00e1zku report\u00e9ra uvedl, \u017ee nev\u00ed, co jin\u00e9ho by USA mohly ud\u011blat, aby donutily Rusko souhlasit s p\u0159\u00edm\u011b\u0159\u00edm. Prozat\u00edm to vypad\u00e1, \u017ee prezident Trump uvalen\u00edm sankc\u00ed na dva p\u0159edn\u00ed rusk\u00e9 v\u00fdvozce uhlovod\u00edk\u016f si nad situac\u00ed umyl ruce a p\u0159edal \u0159e\u0161en\u00ed ukrajinsk\u00e9ho konfliktu sv\u00fdm evropsk\u00fdm spojenc\u016fm.<\/p>\n<\/div>\n<\/div>\n<div class=\"article__block\">\n<div class=\"article__text\">Samoz\u0159ejm\u011b je kl\u00ed\u010dov\u00e9, aby Amerika i nad\u00e1le poskytovala Ukrajinc\u016fm zpravodajsk\u00e9 informace, v\u010detn\u011b satelitn\u00edch dat. Ale bude to tak pokra\u010dovat nav\u017edy? To je pro Kyjev velmi\u00a0 neradostn\u00e1\u00a0 ot\u00e1zka.<\/div>\n<div><\/div>\n<\/div>\n<div class=\"article__block\">\n<div class=\"article__text\">\n<p>Zelensk\u00e9ho \u010dtvrt\u00e1 no\u010dn\u00ed m\u016fra: ukrajinsk\u00e1 vl\u00e1da se zapletla do masivn\u00edho korup\u010dn\u00edho skand\u00e1lu. Zelensk\u00e9ho minist\u0159i a p\u0159\u00e1tel\u00e9 obdr\u017eeli provize v celkov\u00e9 v\u00fd\u0161i p\u0159ibli\u017en\u011b 100 milion\u016f dolar\u016f za [zad\u00e1v\u00e1n\u00ed vl\u00e1dn\u00edch zak\u00e1zek na] pr\u00e1ce na ochran\u011b ukrajinsk\u00e9 energetick\u00e9 infrastruktury. Timur Mindi\u010d, Zelensk\u00e9ho b\u00fdval\u00fd producent, uprchl ze zem\u011b, aby se vyhnul zat\u010den\u00ed.<\/p>\n<\/div>\n<\/div>\n<div class=\"article__block\">\n<div class=\"article__text\">\n<p>V \u010dervenci 2025 prezident Ukrajiny inicioval z\u00e1kon, kter\u00fd by protikorup\u010dn\u00ed org\u00e1ny za\u0159adil pod p\u0159\u00edmou kontrolu hlavy st\u00e1tu. Tv\u00e1\u0159\u00ed v tv\u00e1\u0159 protest\u016fm evropsk\u00fdch komisa\u0159\u016f a pouli\u010dn\u00edm protest\u016fm v Kyjev\u011b byly \u00fa\u0159ady nuceny ustoupit a obnovit nez\u00e1vislost t\u011bchto org\u00e1n\u016f. Pr\u00e1v\u011b tato nez\u00e1vislost umo\u017enila v listopadu 2025 prov\u00e9st protikorup\u010dn\u00ed operaci \u201eMidas\u201c.<\/p>\n<\/div>\n<\/div>\n<div class=\"article__block\">\n<div class=\"article__text\">\n<p>Tento skand\u00e1l m\u00e1 pro ukrajinskou vl\u00e1du extr\u00e9mn\u011b nebezpe\u010dn\u00e9 d\u016fsledky: nejen\u017ee hluboce znechucuje obyvatelstvo, ale tak\u00e9 znepokojuje \u0161t\u011bdr\u00e9 evropsk\u00e9 d\u00e1rce. V roce 2019, kdy se b\u00fdval\u00fd komik Zelenskyj usiloval o zvolen\u00ed prezidentem lidov\u00fdm hlasov\u00e1n\u00edm, zam\u011b\u0159il svou kampa\u0148 na dv\u011b t\u00e9mata: usm\u00ed\u0159en\u00ed Ukrajiny s Ruskem a ukon\u010den\u00ed korupce.<\/p>\n<\/div>\n<\/div>\n<div class=\"article__block\">\n<div class=\"article__text\">\u00dasp\u011bch prvn\u00edho \u00fakolu nez\u00e1visel jen na n\u011bm. Dosa\u017een\u00ed druh\u00e9ho c\u00edle v\u0161ak z\u00e1viselo v\u00fdhradn\u011b na Zelensk\u00e9m.<\/div>\n<div>oooooooooooooooooooooooooooooooooooooooooooooooooooooooooooooooooooooooooooooooooooooooooooooooooo<\/div>\n<\/div>\n<\/div>\n<div><\/div>\n<div>\n<p><strong>Redakce Figara\u00a0 jen\u00a0 shrnula\u00a0 to, co\u00a0 na Kose \u010dtete\u00a0 \u010dty\u0159i roky<\/strong><\/p>\n<\/div>\n<div>\u2013 Ukrajina\u00a0 je\u00a0 v\u00fdrazn\u011b\u00a0 slab\u0161\u00ed\u00a0 ne\u017e\u00a0 Rusko<\/div>\n<div>\u2013 z\u00e1padn\u00ed\u00a0 sankce\u00a0 Rusko nezlomily<\/div>\n<div>\u2013 Rusko je\u00a0 odhodl\u00e1no\u00a0 bojovat a\u017e\u00a0 do krajnosti<\/div>\n<div>\u2013 Ukrajina\u00a0 nem\u00e1\u00a0 lidsk\u00fd potenci\u00e1l,\u00a0 voj\u00e1ky\u00a0 si nelze\u00a0 natisknout<\/div>\n<div>\u2013 podstatn\u00e1\u00a0 \u010d\u00e1st\u00a0 ukrajinsk\u00e9ho\u00a0 obyvatelstva\u00a0 se\u00a0 neidentifikuje\u00a0 s v\u00e1lkou\u00a0 a nevid\u00ed\u00a0 d\u016fvod\u00a0 pro\u010d\u00a0 za\u00a0 Zelensk\u00e9ho, jeho\u00a0 re\u017eim\u00a0 a kolektivn\u00ed Z\u00e1pad\u00a0 um\u00edrat<\/div>\n<div>-Ukrajina\u00a0 u\u017e\u00a0 je zcela\u00a0 z\u00e1visl\u00e1\u00a0 od z\u00e1padn\u00edch\u00a0 don\u00e1tor\u016f a bez\u00a0 jejich\u017e\u00a0 zbrojn\u00edch\u00a0 a\u00a0 p\u0159edev\u0161\u00edm finan\u010dn\u00edch injekc\u00ed\u00a0 by se\u00a0 zhroutila\u00a0 do dvou\u00a0 t\u00fdn\u016f<\/div>\n<div>\u2013 Evropa\u00a0 je\u00a0 zadlu\u017een\u00e1 a finan\u010dn\u011b\u00a0 vy\u010derpan\u00e1 a\u00a0 dlouhodob\u011b\u00a0 konflikt\u00a0 neut\u00e1hne<\/div>\n<div>-Ukrajina\u00a0 byla, je a bude\u00a0 jednou\u00a0 z nejzkorumpovan\u011bj\u0161\u00edch\u00a0 zem\u00ed sv\u011bta.\u00a0 Co\u017e\u00a0 s e v praxi potvrzuje<\/div>\n<div>-korupce\u00a0 sah\u00e1\u00a0 a\u017e\u00a0 k Zelensk\u00e9mu<\/div>\n<div>-situace\u00a0 na\u00a0 front\u011b\u00a0 se\u00a0 hor\u0161\u00ed\u00a0 ka\u017ed\u00fdm\u00a0 nov\u00fdm dnem<\/div>\n<div>-podpora\u00a0 ukrajinsk\u00e9ho dobrodru\u017estv\u00ed\u00a0 v z\u00e1padn\u00ed\u00a0 ve\u0159ejnosti\u00a0 kles\u00e1\u00a0 \u00fam\u011brn\u011b\u00a0 s t\u00edm,\u00a0 jak se na\u00a0 front\u011b neda\u0159\u00ed, korupce\u00a0 roste,\u00a0 dom\u00e1c\u00ed\u00a0 finan\u010dn\u00ed probl\u00e9my\u00a0 bobtnaj\u00ed a\u00a0 r\u00e9torika\u00a0 jejich\u00a0 papal\u00e1\u0161\u016f\u00a0 nab\u00fdv\u00e1\u00a0 st\u00e1le\u00a0 absurdn\u011bj\u0161\u00edch\u00a0 forem<\/div>\n<div><\/div>\n<div>Ve\u00a0 Figaru\u00a0 si tohle\u00a0 v\u0161echno uv\u011bdomuj\u00ed \/ po \u010dty\u0159ech\u00a0 l\u00e9tech!!!!!\/ nicm\u00e9n\u011b\u00a0 \u00a0i tak jsou\u00a0 k Zelensk\u00e9mu\u00a0 velmi\u00a0 vl\u00eddn\u00ed. Kdy\u017e\u00a0 drah\u00e9ho Volodymyra\u00a0 \u010dty\u0159i\u00a0 roky\u00a0 h\u00fd\u010dkali,\u00a0 tak\u00a0 si nedovol\u00ed\u00a0 ho dnes brut\u00e1ln\u011b op\u00edskovat.\u00a0 Ale\u00a0 co\u00a0 z\u00edtra? Jak\u00a0 dlouho je\u00a0 je\u0161t\u011b\u00a0 drah\u00fd\u00a0 Volodymyr\u00a0 udr\u017eiteln\u00fd???<\/div>\n<div>\n<p>Zopakujme\u00a0 si\u00a0 posledn\u00ed\u00a0 t\u0159i v\u011bty\u00a0 z textu\u00a0 Figara:<\/p>\n<\/div>\n<div>\n<div class=\"article__block\">\n<div class=\"article__text\">\n<p><em>V roce 2019, kdy se b\u00fdval\u00fd komik Zelenskyj usiloval o zvolen\u00ed prezidentem lidov\u00fdm hlasov\u00e1n\u00edm, zam\u011b\u0159il svou kampa\u0148 na dv\u011b t\u00e9mata: usm\u00ed\u0159en\u00ed Ukrajiny s Ruskem a ukon\u010den\u00ed korupce.<\/em><\/p>\n<\/div>\n<\/div>\n<div class=\"article__block\">\n<div class=\"article__text\">\n<p><em>\u00dasp\u011bch prvn\u00edho \u00fakolu nez\u00e1visel jen na n\u011bm. Dosa\u017een\u00ed druh\u00e9ho c\u00edle v\u0161ak z\u00e1viselo v\u00fdhradn\u011b na Zelensk\u00e9m.<\/em><\/p>\n<\/div>\n<\/div>\n<\/div>\n<div>\n<p>Rozporuji v\u011btu\u00a0 druhou,\u00a0 \u017ee\u00a0 usm\u00ed\u0159en\u00ed s\u00a0 Ruskem nez\u00e1viselo na\u00a0 Zelensk\u00e9m. Z\u00e1viselo. On\u00a0 m\u011bl a mohl prosadit\u00a0 Minsk\u00e9\u00a0 dohody. \u017d\u00e1dn\u00e1\u00a0 v\u00e1lka by nebyla. On\u00a0 m\u011bl\u00a0 a mohl\u00a0 uzav\u0159\u00edt\u00a0 v\u00a0 dubnu\u00a0 22\u00a0 Istanbulsk\u00fd\u00a0 m\u00edr. A\u00a0 u\u017e\u00a0 by\u00a0 d\u00e1vno\u00a0 \u017e\u00e1dn\u00e1\u00a0 v\u00e1lka nebyla. Jen\u017ee a\u00a0 v tom m\u00e1\u00a0 Figaro pravdu\u00a0 \u2013 to\u00a0 nez\u00e1viselo tak \u00fapln\u011b\u00a0 na\u00a0 n\u011bm. Rozhodoval\u00a0 Washington, Lond\u00fdn a tak\u00e9\u00a0 \u2026 Pa\u0159\u00ed\u017e!\u00a0 Vzpom\u00edn\u00e1te\u00a0 \u00a0na\u00a0 v\u011bty\u00a0 typu:\u00a0<em>Minsk\u00a0 byl\u00a0 podvod\u00a0 maj\u00edc\u00ed\u00a0 z\u00edskat\u00a0 Ukrajin\u011b\u00a0 \u010das?\u00a0 Z\u00e1pad\u00a0 nen\u00ed\u00a0 p\u0159ipraven na\u00a0 m\u00edr?\u00a0 Rusku\u00a0 je\u00a0 t\u0159eba\u00a0 u\u0161t\u011bd\u0159it\u00a0 strategickou por\u00e1\u017eku?<\/em><\/p>\n<\/div>\n<div>\n<div class=\"article__block\">\n<div>Tu prvn\u00ed\u00a0 pronesla\u00a0 Merkelov\u00e1\u00a0 a FRANCOUZSK\u00dd prezident Hollande. Tu\u00a0 druhou Boris\u00a0 Johnson. Tu t\u0159et\u00ed\u00a0 sou\u010dasn\u00fd\u00a0 FRANCOUZSK\u00dd prezident\u00a0 Macron!<\/div>\n<div>\n<p>Francie\u00a0 je\u00a0 jeden\u00a0 z nejv\u011bt\u0161\u00edch\u00a0 vin\u00edk\u016f\u00a0 ukrajinsk\u00e9 tragedie!\u00a0 Figaro by\u00a0 ud\u011blalo\u00a0 dob\u0159e, kdyby\u00a0 o\u00a0 tom\u00a0 trochu pop\u0159em\u00fd\u0161lelo.<\/p>\n<\/div>\n<div>\n<p>Nicm\u00e9n\u011b poj\u010fme\u00a0 zp\u011bt\u00a0 k Zelensk\u00e9ho tripu\u00a0 do\u00a0 Pa\u0159\u00ed\u017ee.\u00a0 A\u00a0 k\u00a0 t\u00e9\u00a0 historick\u00e9\u00a0 dohod\u011b, co pr\u00fd\u00a0 uzav\u0159el\u00a0 s\u00a0 Macronem. Na p\u0159\u00ed\u0161t\u00edch\u00a0 10 let. Kdy\u00a0 m\u00e1\u00a0 b\u00fdt\u00a0 Ukrajina\u00a0 doslova\u00a0 pro\u0161pikov\u00e1na\u00a0 francouzsk\u00fdmi zbran\u011bmi. V\u0161ech typ\u016f a\u00a0 druh\u016f.\u00a0 V\u010detn\u011b mno\u017estv\u00ed modern\u00edch protivzdu\u0161n\u00fdch syst\u00e9m\u016f. a\u00a0 nejmodern\u011bj\u0161\u00edch\u00a0 francouzsk\u00fdch letadel Rafale.<\/p>\n<p>T\u011bch si Zelensk\u00fd\u00a0 objednal\u00a0 hned\u00a0 stovku kousk\u016f!!!\u00a0 A\u00a0 t\u00edm\u00a0 \u010d\u00edslem\u00a0 ohromoval\u00a0 u\u017e\u00a0 z Pa\u0159\u00ed\u017ee\u00a0 svoje\u00a0 spoluob\u010dany!!!\u00a0 Jen\u017ee\u00a0 fe\u0161\u00e1k\u00a0 jaksi\u00a0 zapomn\u011bl\u00a0 uv\u00e9st,\u00a0 za\u00a0 co\u00a0 ta\u00a0 nepochybn\u011b\u00a0 skv\u011bl\u00e1 letadla\u00a0 koup\u00ed. Takov\u00e1\u00a0 drobnost,\u00a0 \u017ee?\u00a0 Na internetu\u00a0 lze\u00a0 nal\u00e9zt, \u017ee\u00a0 Indie zaplatila 7,8 miliardy EUR za 36 letadel (v\u010detn\u011b zbran\u00ed) a pro SAE\u00a0 14 miliard EUR za 80 kus\u016f.<span class=\"uJ19be notranslate\"><span class=\"vKEkVd\">\u00a0 Ta ukrajinsk\u00e1\u00a0 stovka\u00a0 tedy ko\u0161tuje\u00a0 nejm\u00e9n\u011b n\u011bjak\u00fdch\u00a0 20 miliard\u00a0 dolar\u016f\u2026. P\u0159ipo\u010dt\u011bte\u00a0 si\u00a0 k\u00a0 tomu\u00a0 p\u0159edchoz\u00ed podobn\u00fd ukrajinsk\u00fd\u00a0 \u00fasp\u011bch\u00a0 \u2013 p\u0159edb\u011b\u017en\u00e1 objedn\u00e1vka\u00a0 asi\u00a0 100-150\u00a0 fungl n\u00e1gl\u00a0 nov\u00fdch\u00a0 Grippen\u016f!!!\u00a0 Tam\u00a0 se tak\u00e9\u00a0 nikdo neptal, kdo\u00a0 to\u00a0 zaplat\u00ed.\u00a0 Takov\u00e1 nepodstatn\u00e1 a trapn\u00e1\u00a0 lap\u00e1lie\u2026\u00a0\u00a0<\/span><\/span><\/p>\n<\/div>\n<\/div>\n<div>\n<p>Osobn\u011b\u00a0 si\u00a0 mysl\u00edm, \u017ee\u00a0 v pozad\u00ed\u00a0 t\u011bch\u00a0 impozantn\u00edch\u00a0 historick\u00fdch\u00a0 smluv,\u00a0 kdy\u00a0 v\u0161ichni\u00a0 jsou\u00a0 happy,\u00a0 jak skv\u011bl\u00e9 dealy\u00a0 ud\u011blali a\u00a0 nikoho nezaj\u00edm\u00e1,\u00a0 kdo to zat\u00e1hne, je\u00a0 \u00fapln\u011b\u00a0 n\u011bco jin\u00e9ho.<\/p>\n<\/div>\n<div>\n<p>Speci\u00e1ln\u011b\u00a0 v Pa\u0159\u00ed\u017e\u00ed se\u00a0 setkali dva\u00a0 moment\u00e1ln\u00ed naprost\u00ed l\u016fz\u0159i.\u00a0 Bez jak\u00e9koli\u00a0 \u0161ance\u00a0 zm\u011bnit\u00a0 tento\u00a0 sv\u016fj\u00a0 stra\u0161ideln\u00fd\u00a0 image\u00a0 \u2013 Macron a\u00a0 Zelensk\u00fd.\u00a0 Macron,\u00a0 nen\u00ed\u00a0 schopen\u00a0 \u0159\u00eddit\u00a0 Francii. Nem\u00e1\u00a0 vl\u00e1du ,\u00a0 ten soubor\u00a0 hostuj\u00edc\u00edch\u00a0 komik\u016f, co se za ni vyd\u00e1v\u00e1,\u00a0 nen\u00ed schopen protla\u010dit\u00a0 rozpo\u010det\u00a0 parlamentem a bez\u00a0 rozpo\u010dtu,\u00a0 no bez rozpo\u010dtu se prost\u011b\u00a0 nevrt\u00ed. Nic a nikde.\u00a0 Ani\u00a0 ve\u00a0 \u00a0Francii.\u00a0 Nev\u00ed jak z\u00a0 toho\u00a0 ven. A\u00a0 jak\u00e9koli\u00a0 transfery\u00a0 na\u00a0 Ukrajinu a podpora\u00a0 Ukrajiny\u00a0 jsou prost\u011b\u00a0 kontraproduktivn\u011b\u00a0 nepopul\u00e1rn\u00ed!\u00a0 Jen\u017ee\u00a0 Napoleonek\u00a0 nic jin\u00e9ho\u00a0 ne\u017e Ukrajinu\u00a0 nem\u00e1!!!\u00a0 Tak\u017ee\u00a0 chce\u00a0 sv\u00e9 publikum uhranout na\u00a0 jednoduchou\u00a0 rovnici\u00a0 \u2013 kdy\u017e Ukrajinu podpo\u0159\u00edme,\u00a0 oni od n\u00e1s\u00a0 koup\u00ed\u00a0 obrovsk\u00e9 mno\u017estv\u00ed\u00a0 zbran\u00ed a\u00a0 Francie na\u00a0 tom k\u0161eftu\u00a0 \u00fa\u017easn\u011b\u00a0 vyd\u011bl\u00e1!\u00a0 Proto\u00a0 ch\u00e1pejte\u00a0 , \u017ee\u00a0 Zelensk\u00e9ho mus\u00edme podpo\u0159it!!!\u00a0 Klasick\u00fd\u00a0 holub na st\u0159e\u0161e!<\/p>\n<\/div>\n<div>\n<p>A\u00a0 jeho kyjevsk\u00fd prot\u011bj\u0161ek?\u00a0 Tak ten jednak\u00a0 chce tak\u00e9 oblbnout\u00a0 \u00fapln\u011b\u00a0 stejn\u011b\u00a0 vlastn\u00ed publikum -koukejte, jak\u00fd\u00a0 jsem\u00a0 fo\u0159t,\u00a0 budeme\u00a0 m\u00edt\u00a0 rachejtle, letadla a kdo\u00a0 v\u00ed co je\u0161t\u011b, stra\u010d\u00ed jen chvilku vydr\u017eet,\u00a0 ale\u00a0 on\u00a0 hraje\u00a0 nav\u00edc\u00a0 osobn\u00ed\u00a0 kartu. Hodn\u011b\u00a0 osobn\u00ed\u00a0 \u2013 o\u00a0 sv\u00e9\u00a0 p\u0159e\u017eit\u00ed ve\u00a0 funkci a\u00a0 p\u0159e\u017eit\u00ed\u00a0 fyzick\u00e9.\u00a0 Ve\u00a0 form\u011b\u00a0 \u2013 hele\u00a0 Macrone\/Starmere\/Merzi,\u00a0 kdy\u017e\u00a0 mne udr\u017e\u00ed\u0161\u00a0 ve\u00a0 funkci a nenech\u00e1\u0161\u00a0 padnout,\u00a0 tak j\u00e1 od\u00a0 tebe koup\u00edm\u00a0 v\u0161echno,\u00a0 co mi nab\u00eddne\u0161.\u00a0 To\u00a0 ti na Ukrajin\u011b nikdo jin\u00fd,\u00a0 ne\u017e j\u00e1\u00a0 nezaru\u010d\u00ed!!!\u00a0 \u00a0Tohle\u00a0 je\u00a0 jeho\u00a0 univerz\u00e1ln\u00ed pojistka\u00a0 na\u00a0 \u201ev\u011b\u010dn\u00fd\u201c\u00a0 \u017eivot.\u00a0 Kdy\u017e\u00a0 padnu, tak\u00a0 p\u0159ijde kdo\u00a0 v\u00ed kdo,\u00a0 a bude\u00a0 k\u0161eftovat s kdo\u00a0 v\u00ed k\u00fdm. Nebo se dokonce n\u011bjak zaran\u017euje s Putlerem a\u00a0 ty,\u00a0 Macrone\/Starmere\/ Merzi, v\u00a0 d\u016fsledku\u00a0 toho\u00a0 bude\u0161 okam\u017eit\u011b\u00a0 za\u00a0 historicky\u00a0 nemo\u017en\u00e9ho\u00a0 hlup\u00e1ka!<\/p>\n<\/div>\n<div>Zkr\u00e1tka a\u00a0 dob\u0159e\u00a0 \u2013 Figaro pot\u0159ebovalo\u00a0 cel\u00e9\u00a0 \u010dty\u0159i roky, aby pochopilo z\u00e1kladn\u00ed\u00a0 v\u00e1le\u010dn\u00e9\u00a0 kupeck\u00e9\u00a0 po\u010dty,\u00a0 ale\u00a0 zat\u00edm je\u0161t\u011b\u00a0 neprokouklo\u00a0 politiku\u00a0 dvou\u00a0 naprost\u00fd\u00a0 l\u016fzr\u016f a\u00a0 tane\u010dky, co ze\u00a0 zoufalstv\u00ed\u00a0 tan\u010d\u00ed\u2026.<\/div>\n<\/div>\n<div><\/div>\n<div><a href=\"https:\/\/vlkovobloguje.wordpress.com\/2025\/11\/21\/zelenskeho-nocni-mury-se-zhmotnily-aneb-kdyz-se-setkaji-dva-luzri\/#more-1030721\">Petr Vlk<\/a><\/div>\n<div><\/div>\n<div><img decoding=\"async\" loading=\"lazy\" class=\"alignnone size-full wp-image-63439\" src=\"http:\/\/www.infokuryr.cz\/n\/wp-content\/uploads\/2024\/10\/petr-vlk.jpg\" alt=\"\" width=\"182\" height=\"176\" \/><\/div>\n<div><\/div>\n","protected":false},"excerpt":{"rendered":"<p>Zelensk\u00fd\u00a0 uprost\u0159ed\u00a0 ob\u0159\u00edho korup\u010dn\u00edho skand\u00e1lu\u00a0 \/jeho poradce\u00a0 Podoljak \u2013 korupce\u00a0 je\u00a0 b\u011b\u017en\u00fdm doprovodn\u00fdm standardem demokracie!!!\/&#8230;<\/p>\n","protected":false},"author":2,"featured_media":85846,"comment_status":"closed","ping_status":"closed","sticky":false,"template":"","format":"standard","meta":[],"categories":[6],"tags":[1503,307,26,1000],"_links":{"self":[{"href":"https:\/\/www.infokuryr.cz\/n\/wp-json\/wp\/v2\/posts\/92792"}],"collection":[{"href":"https:\/\/www.infokuryr.cz\/n\/wp-json\/wp\/v2\/posts"}],"about":[{"href":"https:\/\/www.infokuryr.cz\/n\/wp-json\/wp\/v2\/types\/post"}],"author":[{"embeddable":true,"href":"https:\/\/www.infokuryr.cz\/n\/wp-json\/wp\/v2\/users\/2"}],"replies":[{"embeddable":true,"href":"https:\/\/www.infokuryr.cz\/n\/wp-json\/wp\/v2\/comments?post=92792"}],"version-history":[{"count":1,"href":"https:\/\/www.infokuryr.cz\/n\/wp-json\/wp\/v2\/posts\/92792\/revisions"}],"predecessor-version":[{"id":92793,"href":"https:\/\/www.infokuryr.cz\/n\/wp-json\/wp\/v2\/posts\/92792\/revisions\/92793"}],"wp:featuredmedia":[{"embeddable":true,"href":"https:\/\/www.infokuryr.cz\/n\/wp-json\/wp\/v2\/media\/85846"}],"wp:attachment":[{"href":"https:\/\/www.infokuryr.cz\/n\/wp-json\/wp\/v2\/media?parent=92792"}],"wp:term":[{"taxonomy":"category","embeddable":true,"href":"https:\/\/www.infokuryr.cz\/n\/wp-json\/wp\/v2\/categories?post=92792"},{"taxonomy":"post_tag","embeddable":true,"href":"https:\/\/www.infokuryr.cz\/n\/wp-json\/wp\/v2\/tags?post=92792"}],"curies":[{"name":"wp","href":"https:\/\/api.w.org\/{rel}","templated":true}]}}