{"id":92790,"date":"2025-11-22T00:19:36","date_gmt":"2025-11-21T23:19:36","guid":{"rendered":"https:\/\/www.infokuryr.cz\/n\/?p=92790"},"modified":"2025-11-21T13:01:59","modified_gmt":"2025-11-21T12:01:59","slug":"jiri-vyvadil-trumpuv-plan-vypada-nadejne","status":"publish","type":"post","link":"https:\/\/www.infokuryr.cz\/n\/2025\/11\/22\/jiri-vyvadil-trumpuv-plan-vypada-nadejne\/","title":{"rendered":"Ji\u0159\u00ed Vyvadil: Trump\u016fv pl\u00e1n vypad\u00e1 nad\u011bjn\u011b"},"content":{"rendered":"<div id=\"fb-root\"><\/div>\n<p><strong>Zat\u00edmco n\u00e1\u0161 v\u00e1le\u010dn\u00edk Petr Pavel cht\u011bl, aby nov\u00e1 vl\u00e1da vt\u011blila do sv\u00e9ho vl\u00e1dn\u00edho prohl\u00e1\u0161en\u00ed pas\u00e1\u017ee o trval\u00e9 podpo\u0159e Ukrajiny a hlavn\u011b o Rusku coby nejv\u011bt\u0161\u00ed hrozb\u011b pro n\u00e1\u0161 st\u00e1t, Trump\u016fv velmi komplexn\u011b vypracovan\u00fd pl\u00e1n by v p\u0159\u00edpad\u011b sv\u00e9 realizace z Ruska coby nep\u0159\u00edtele u\u010dinil mezin\u00e1rodn\u00edho partnera a privilegovan\u011b by jej dokonce znovu p\u0159ijal mezi zem\u011b G8. Pro Pavla,\u00a0 Fialu a spol. by to byla jasn\u00e1 politick\u00e1 por\u00e1\u017eka a v\u00edt\u011bzstv\u00ed t\u011bch, kte\u0159\u00ed si dlouhodob\u011b p\u0159ej\u00ed m\u00edr.<\/strong><\/p>\n<p style=\"font-weight: 400;\">Ten pl\u00e1n je ov\u0161em tak propracovan\u00fd, \u017ee se d\u00e1 o\u010dek\u00e1vat mohutn\u00fd odpor v\u0161ech prov\u00e1le\u010dn\u00fdch sil, zejm\u00e9na st\u00e1t\u016f Evropsk\u00e9 unie (minus Slovenska a Ma\u010farska a nepochybn\u011b ii Babi\u0161ovy vl\u00e1dy, pokud se j\u00ed poda\u0159\u00ed ustanovit).<\/p>\n<p style=\"font-weight: 400;\">Zcela nesporn\u011b se je\u0161t\u011b k\u00a0tomuto t\u00e9matu \u2013 a ur\u010dit\u011b ne jednou \u2013 jist\u011b vr\u00e1t\u00edm. V\u00a0t\u00e9to f\u00e1zi pokl\u00e1d\u00e1m za nezbytn\u00e9 sezn\u00e1mit v\u00e1s s\u00a0cel\u00fdm textem, tak jak jej zve\u0159ejnil port\u00e1l AXIOS, v\u010detn\u011b velmi zaj\u00edmav\u00fdch doprovodn\u00fdch pozn\u00e1mek, abyste si mohli ud\u011blat celkov\u00fd dojem.<\/p>\n<p style=\"font-weight: 400;\">Trump\u016fv\u00a028bodov\u00fd\u00a0<a href=\"https:\/\/www.axios.com\/2025\/11\/19\/trump-ukraine-peace-plan-russia-donbas\">pl\u00e1n pro m\u00edr na Ukrajin\u011b by donutil Kyjev vzd\u00e1t se dal\u0161\u00edho \u00fazem\u00ed na v\u00fdchod\u011b, omezit velikost sv\u00e9 arm\u00e1dy a souhlasit s t\u00edm, \u017ee nikdy nevstoup\u00ed do NATO, uv\u00e1d\u00ed se v n\u00e1vrhu\u00a0<\/a><a href=\"https:\/\/www.axios.com\/politics-policy\/donald-trump\">,<\/a>\u00a0kter\u00fd z\u00edskala agentura Axios a ov\u011b\u0159il ho ukrajinsk\u00fd \u00fa\u0159edn\u00edk, americk\u00fd \u00fa\u0159edn\u00edk a zdroj obezn\u00e1men\u00fd s n\u00e1vrhem.<\/p>\n<p style=\"font-weight: 400;\"><strong>Pro\u010d je to d\u016fle\u017eit\u00e9:<\/strong>\u00a0Americk\u00e1 strana tla\u010d\u00ed na\u00a0<a href=\"https:\/\/www.axios.com\/world\/axios-explains-ukraine\">Ukrajinu<\/a>\u00a0, aby uzav\u0159ela dohodu v \u201eagresivn\u00edm \u010dasov\u00e9m r\u00e1mci\u201c. A navzdory tomu, \u017ee pl\u00e1n obsahuje n\u00e1vrhy, kter\u00e9 Ukrajina dosud opakovan\u011b odm\u00edtla, prezident Volodymyr Zelenskyj to nevylu\u010duje.<\/p>\n<ul>\n<li>Vysoce postaven\u00fd p\u0159edstavitel B\u00edl\u00e9ho domu uznal, \u017ee pl\u00e1n pro Ukrajinu \u201enen\u00ed snadn\u00fd\u201c, ale uvedl, \u017ee USA v\u011b\u0159\u00ed, \u017ee v\u00e1lka mus\u00ed skon\u010dit, a \u017ee pokud se tak nestane, Ukrajina pravd\u011bpodobn\u011b ztrat\u00ed je\u0161t\u011b v\u00edce \u00fazem\u00ed.<\/li>\n<\/ul>\n<p style=\"font-weight: 400;\"><strong>Rychle do\u017ee\u0148te:<\/strong>\u00a0Pl\u00e1n\u00a0<a href=\"https:\/\/www.axios.com\/2025\/11\/19\/ukraine-peace-plan-trump-russia-witkoff\">vypracoval<\/a>\u00a0Trump\u016fv vyslanec Steve Witkoff s p\u0159isp\u011bn\u00edm ministra zahrani\u010d\u00ed Marca Rubia a Trumpova zet\u011b Jareda Kushnera.<\/p>\n<ul>\n<li>Witkoff se o pl\u00e1nu poradil tak\u00e9 s rusk\u00fdm vyslancem Kirillem Dmitrijevem. Dmitriev agentu\u0159e Axios \u0159ekl, \u017ee je ohledn\u011b n\u011bj optimistick\u00fd, proto\u017ee na rozd\u00edl od minul\u00fdch snah \u201em\u00e1me pocit, \u017ee rusk\u00fd postoj je skute\u010dn\u011b sly\u0161et\u201c. Prezident Vladimir Putin pl\u00e1n ve\u0159ejn\u011b nepodpo\u0159il.<\/li>\n<li>Po setk\u00e1n\u00ed s Dmitrijevem Witkoff a Kushner projednali pl\u00e1n tak\u00e9 se Zelensk\u00e9ho poradcem pro n\u00e1rodn\u00ed bezpe\u010dnost Rustemem Umerovem.<\/li>\n<li>Ministr arm\u00e1dy USA Dan Driscoll\u00a0<a href=\"https:\/\/www.axios.com\/2025\/11\/20\/trump-ukraine-plan-zelensky-driscoll-meeting\">p\u0159edlo\u017eil pl\u00e1n Zelensk\u00e9mu<\/a>\u00a0ve \u010dtvrtek p\u00edsemn\u011b. Zelenskyj pot\u00e9 uvedl, \u017ee je p\u0159ipraven o n\u011bm jednat s Trumpem a jeho t\u00fdmem.<\/li>\n<\/ul>\n<p style=\"font-weight: 400;\"><strong>Mezi \u0159\u00e1dky:<\/strong>\u00a0Zelenskyj popsal pl\u00e1n jako \u201evizi\u201c USA, ale ne jako kone\u010dnou nab\u00eddku. \u0158ekl, \u017ee Ukrajina jasn\u011b vyj\u00e1d\u0159ila sv\u00e9 limity a p\u0159isp\u011bje k tomu, aby byl pl\u00e1n \u201eskute\u010dn\u011b smyslupln\u00fd\u201c.<\/p>\n<ul>\n<li>Americk\u00fd \u00fa\u0159edn\u00edk tak\u00e9 agentu\u0159e Axios sd\u011blil, \u017ee administrativa vn\u00edm\u00e1 pl\u00e1n jako \u201e\u017eiv\u00fd dokument\u201c, kter\u00fd lze zm\u011bnit na z\u00e1klad\u011b diskus\u00ed se stranami. \u00da\u0159edn\u00edk tvrdil, \u017ee Ukrajina byla b\u011bhem jedn\u00e1n\u00ed k mnoha bod\u016fm pozitivn\u011b nalad\u011bna a poda\u0159ilo se j\u00ed za\u010dlenit n\u011bkter\u00e9 ze sv\u00fdch pozic.<\/li>\n<li>Trump tak\u00e9 osobn\u011b podpo\u0159il pl\u00e1n, jeho\u017e \u00fapln\u00e9 podrobnosti nebyly d\u0159\u00edve zve\u0159ejn\u011bny.<\/li>\n<li>\u201eVynakl\u00e1d\u00e1me v\u00e1\u017en\u00e9 \u00fasil\u00ed na nalezen\u00ed \u0159e\u0161en\u00ed, kter\u00e9 ukon\u010d\u00ed v\u00e1lku na Ukrajin\u011b, stejn\u011b jako jsme ukon\u010dili v\u00e1lku v Gaze. V\u011b\u0159\u00edme, \u017ee tento pl\u00e1n nen\u00ed snadn\u00fd, ale je dobr\u00fd pro Ukrajinu,\u201c uvedl vysoce postaven\u00fd \u00fa\u0159edn\u00edk B\u00edl\u00e9ho domu.<\/li>\n<\/ul>\n<p style=\"font-weight: 400;\"><strong>P\u0159ibl\u00ed\u017eit:<\/strong>\u00a0Krom\u011b \u00fazemn\u00edch \u00fastupk\u016f po\u017eadovan\u00fdch od Ukrajiny dokument uv\u00e1d\u00ed, \u017ee v p\u0159\u00edpad\u011b dal\u0161\u00edch rusk\u00fdch vp\u00e1d\u016f na ukrajinsk\u00e9 \u00fazem\u00ed by n\u00e1sledovala \u201erozhodn\u00e1 koordinovan\u00e1 vojensk\u00e1 reakce\u201c. Neuv\u00e1d\u00ed se, jakou roli by v takov\u00e9 reakci sehr\u00e1ly USA.<\/p>\n<ul>\n<li>Pl\u00e1n zahrnuje tak\u00e9 ekonomick\u00e9 slo\u017eky, kter\u00e9 by znamenaly, \u017ee n\u011bkter\u00e1 zmrazen\u00e1 rusk\u00e1 aktiva by byla pou\u017eita na obnovu Ukrajiny, zru\u0161en\u00ed sankc\u00ed v\u016f\u010di Rusku, dohodu USA a Ruska na dlouhodob\u00e9m partnerstv\u00ed v oblastech, jako je um\u011bl\u00e1 inteligence a t\u011b\u017eba, a n\u00e1vrat Ruska do G8.<\/li>\n<li>V\u0161echny strany by dostaly amnestii za sv\u00e9 \u010diny b\u011bhem v\u00e1lky, co\u017e pravd\u011bpodobn\u011b znamenalo, \u017ee ru\u0161t\u00ed \u00fa\u0159edn\u00edci a voj\u00e1ci by nemohli b\u00fdt st\u00edh\u00e1ni za v\u00e1le\u010dn\u00e9 zlo\u010diny.<\/li>\n<li>Pl\u00e1n rovn\u011b\u017e po\u017eaduje, aby Ukrajina uspo\u0159\u00e1dala volby do 100 dn\u016f od uzav\u0159en\u00ed dohody.\u00a0Zelenskyj\u00a0v z\u00e1\u0159\u00ed \u0159ekl agentu\u0159e Axios, \u017ee chce uspo\u0159\u00e1dat volby, jakmile bude uzav\u0159eno p\u0159\u00edm\u011b\u0159\u00ed.<\/li>\n<\/ul>\n<p style=\"font-weight: 400;\"><strong>Za zm\u00ednku stoj\u00ed:<\/strong>\u00a0N\u00ed\u017ee uveden\u00fdch 28 bod\u016f odr\u00e1\u017e\u00ed aktu\u00e1ln\u00ed americk\u00fd pl\u00e1n ke \u010dtvrtku, s v\u00fdjimkou drobn\u00fdch zm\u011bn v jeho formulaci v d\u016fsledku jeho novelizac\u00ed. Pro lep\u0161\u00ed p\u0159ehlednost obsahuje pozn\u00e1mky od spole\u010dnosti Axios, kter\u00e9 jsou kurz\u00edvou.<\/p>\n<p style=\"font-weight: 400;\"><strong>Cel\u00fd pl\u00e1n<\/strong><\/p>\n<ol style=\"font-weight: 400;\">\n<li>Bude potvrzena suverenita Ukrajiny.<\/li>\n<li>Mezi Ruskem, Ukrajinou a Evropou bude uzav\u0159ena komplexn\u00ed dohoda o ne\u00fato\u010den\u00ed. V\u0161echny nejasnosti posledn\u00edch 30 let budou pova\u017eov\u00e1ny za vy\u0159e\u0161en\u00e9.<\/li>\n<li>O\u010dek\u00e1v\u00e1 se, \u017ee Rusko nenapadne sousedn\u00ed zem\u011b a NATO se nebude d\u00e1le roz\u0161i\u0159ovat.<\/li>\n<li>Mezi Ruskem a NATO bude veden dialog zprost\u0159edkovan\u00fd Spojen\u00fdmi st\u00e1ty s c\u00edlem vy\u0159e\u0161it v\u0161echny bezpe\u010dnostn\u00ed ot\u00e1zky a vytvo\u0159it podm\u00ednky pro deeskalaci s c\u00edlem zajistit glob\u00e1ln\u00ed bezpe\u010dnost a zv\u00fd\u0161it p\u0159\u00edle\u017eitosti ke spolupr\u00e1ci a budouc\u00edmu hospod\u00e1\u0159sk\u00e9mu rozvoji.<\/li>\n<li>Ukrajina z\u00edsk\u00e1 spolehliv\u00e9 bezpe\u010dnostn\u00ed z\u00e1ruky.<\/li>\n<\/ol>\n<ul style=\"font-weight: 400;\">\n<li><em>Americk\u00fd \u00fa\u0159edn\u00edk sd\u011blil agentu\u0159e Axios, \u017ee by se jednalo o explicitn\u00ed bezpe\u010dnostn\u00ed z\u00e1ruku pro Ukrajinu ze strany USA, co\u017e je poprv\u00e9, co se tato z\u00e1ruka ofici\u00e1ln\u011b objevila na stole b\u011bhem t\u011bchto jedn\u00e1n\u00ed, a\u010dkoli n\u00e1vrh nenab\u00edz\u00ed dal\u0161\u00ed podrobnosti o tom, co obn\u00e1\u0161\u00ed.<\/em><\/li>\n<\/ul>\n<ol style=\"font-weight: 400;\">\n<li>Velikost ukrajinsk\u00fdch ozbrojen\u00fdch sil bude omezena na 600 000 voj\u00e1k\u016f.<\/li>\n<\/ol>\n<ul style=\"font-weight: 400;\">\n<li><em>Pozn\u00e1mka: Ukrajinsk\u00e1 arm\u00e1da m\u00e1 v sou\u010dasnosti 800 000\u2013850 000 voj\u00e1k\u016f a p\u0159ed v\u00e1lkou jich m\u011bla kolem 250 000, uvedl ukrajinsk\u00fd \u00fa\u0159edn\u00edk.<\/em><\/li>\n<\/ul>\n<ol style=\"font-weight: 400;\">\n<li>Ukrajina souhlas\u00ed s t\u00edm, \u017ee do sv\u00e9 \u00fastavy zakotv\u00ed, \u017ee nevstoup\u00ed do NATO, a NATO souhlas\u00ed s t\u00edm, \u017ee do sv\u00fdch stanov zahrne ustanoven\u00ed, \u017ee Ukrajina nebude v budoucnu p\u0159ijata.<\/li>\n<li>NATO souhlas\u00ed s t\u00edm, \u017ee na Ukrajin\u011b nebude umis\u0165ovat vojska.<\/li>\n<\/ol>\n<ul style=\"font-weight: 400;\">\n<li><em>Pozn\u00e1mka: Zem\u011b NATO v\u010detn\u011b Francie a Velk\u00e9 Brit\u00e1nie pracuj\u00ed na samostatn\u00fdch n\u00e1vrz\u00edch, kter\u00e9 by po v\u00e1lce zahrnovaly mal\u00fd po\u010det evropsk\u00fdch voj\u00e1k\u016f na ukrajinsk\u00e9m \u00fazem\u00ed. Zd\u00e1 se, \u017ee tento pl\u00e1n tuto mo\u017enost ignoruje.<\/em><\/li>\n<\/ul>\n<ol style=\"font-weight: 400;\">\n<li>Evropsk\u00e9 st\u00edha\u010dky budou rozm\u00edst\u011bny v Polsku.<\/li>\n<li>Z\u00e1ruka USA:<\/li>\n<\/ol>\n<ul style=\"font-weight: 400;\">\n<li>USA obdr\u017e\u00ed za z\u00e1ruku kompenzaci;<\/li>\n<li>Pokud Ukrajina napadne Rusko, ztrat\u00ed z\u00e1ruku;<\/li>\n<li>Pokud Rusko napadne Ukrajinu, budou krom\u011b rozhodn\u00e9 koordinovan\u00e9 vojensk\u00e9 reakce obnoveny v\u0161echny glob\u00e1ln\u00ed sankce, uzn\u00e1n\u00ed nov\u00e9ho \u00fazem\u00ed a v\u0161echny dal\u0161\u00ed v\u00fdhody plynouc\u00ed z t\u00e9to dohody budou zru\u0161eny;<\/li>\n<li>Pokud Ukrajina bezd\u016fvodn\u011b odp\u00e1l\u00ed raketu na Moskvu nebo Petrohrad, bude bezpe\u010dnostn\u00ed z\u00e1ruka pova\u017eov\u00e1na za neplatnou.<\/li>\n<\/ul>\n<ol style=\"font-weight: 400;\">\n<li>Ukrajina m\u00e1 n\u00e1rok na \u010dlenstv\u00ed v EU a b\u011bhem projedn\u00e1v\u00e1n\u00ed t\u00e9to ot\u00e1zky z\u00edsk\u00e1 kr\u00e1tkodob\u00fd preferen\u010dn\u00ed p\u0159\u00edstup na evropsk\u00fd trh.<\/li>\n<li>Siln\u00fd glob\u00e1ln\u00ed bal\u00ed\u010dek opat\u0159en\u00ed k obnov\u011b Ukrajiny, v\u010detn\u011b, ale nikoli v\u00fdhradn\u011b:<\/li>\n<\/ol>\n<ul style=\"font-weight: 400;\">\n<li>Vytvo\u0159en\u00ed Ukrajinsk\u00e9ho rozvojov\u00e9ho fondu pro investice do rychle rostouc\u00edch odv\u011btv\u00ed, v\u010detn\u011b technologi\u00ed, datov\u00fdch center a um\u011bl\u00e9 inteligence.<\/li>\n<li>Spojen\u00e9 st\u00e1ty budou spolupracovat s Ukrajinou na spole\u010dn\u00e9 obnov\u011b, rozvoji, modernizaci a provozu ukrajinsk\u00e9 plyn\u00e1rensk\u00e9 infrastruktury, v\u010detn\u011b plynovod\u016f a z\u00e1sobn\u00edk\u016f plynu.<\/li>\n<li>Spole\u010dn\u00e9 \u00fasil\u00ed o obnovu oblast\u00ed posti\u017een\u00fdch v\u00e1lkou za \u00fa\u010delem obnovy, rekonstrukce a modernizace m\u011bst a obytn\u00fdch oblast\u00ed.<\/li>\n<li>Rozvoj infrastruktury.<\/li>\n<li>T\u011b\u017eba nerost\u016f a p\u0159\u00edrodn\u00edch zdroj\u016f.<\/li>\n<li>Sv\u011btov\u00e1 banka vypracuje speci\u00e1ln\u00ed finan\u010dn\u00ed bal\u00ed\u010dek k urychlen\u00ed tohoto \u00fasil\u00ed.<\/li>\n<\/ul>\n<ol style=\"font-weight: 400;\">\n<li>Rusko bude znovu integrov\u00e1no do glob\u00e1ln\u00ed ekonomiky:<\/li>\n<\/ol>\n<ul style=\"font-weight: 400;\">\n<li>Zru\u0161en\u00ed sankc\u00ed bude projedn\u00e1v\u00e1no a dohodnuto postupn\u011b a p\u0159\u00edpad od p\u0159\u00edpadu.<\/li>\n<li>Spojen\u00e9 st\u00e1ty uzav\u0159ou dlouhodobou dohodu o hospod\u00e1\u0159sk\u00e9 spolupr\u00e1ci zam\u011b\u0159enou na vz\u00e1jemn\u00fd rozvoj v oblastech energetiky, p\u0159\u00edrodn\u00edch zdroj\u016f, infrastruktury, um\u011bl\u00e9 inteligence, datov\u00fdch center, projekt\u016f t\u011b\u017eby kov\u016f vz\u00e1cn\u00fdch zemin v Arktid\u011b a dal\u0161\u00edch vz\u00e1jemn\u011b v\u00fdhodn\u00fdch firemn\u00edch p\u0159\u00edle\u017eitost\u00ed.<\/li>\n<li>Rusko bude pozv\u00e1no k op\u011btovn\u00e9mu \u010dlenstv\u00ed v G8.<\/li>\n<\/ul>\n<ol style=\"font-weight: 400;\">\n<li>Zmrazen\u00e9 finan\u010dn\u00ed prost\u0159edky budou pou\u017eity takto:<\/li>\n<\/ol>\n<ul style=\"font-weight: 400;\">\n<li>100 miliard dolar\u016f ze zmrazen\u00fdch rusk\u00fdch aktiv bude investov\u00e1no do snah o obnovu a investice na Ukrajin\u011b pod veden\u00edm USA;<\/li>\n<li>USA obdr\u017e\u00ed 50 % zisku z tohoto podniku. Evropa p\u0159id\u00e1 100 miliard dolar\u016f na zv\u00fd\u0161en\u00ed objemu investic dostupn\u00fdch pro obnovu Ukrajiny. Zmrazen\u00e9 evropsk\u00e9 fondy budou uvoln\u011bny. Zb\u00fdvaj\u00edc\u00ed \u010d\u00e1st zmrazen\u00fdch rusk\u00fdch fond\u016f bude investov\u00e1na do samostatn\u00e9ho americko-rusk\u00e9ho investi\u010dn\u00edho n\u00e1stroje, kter\u00fd bude realizovat spole\u010dn\u00e9 projekty v konkr\u00e9tn\u00edch oblastech. Tento fond bude zam\u011b\u0159en na pos\u00edlen\u00ed vztah\u016f a prohlouben\u00ed spole\u010dn\u00fdch z\u00e1jm\u016f s c\u00edlem vytvo\u0159it silnou motivaci k n\u00e1vratu ke konfliktu.<\/li>\n<\/ul>\n<ol style=\"font-weight: 400;\">\n<li>Bude z\u0159\u00edzena spole\u010dn\u00e1 americko-rusk\u00e1 pracovn\u00ed skupina pro bezpe\u010dnostn\u00ed ot\u00e1zky, kter\u00e1 bude prosazovat a zaji\u0161\u0165ovat dodr\u017eov\u00e1n\u00ed v\u0161ech ustanoven\u00ed t\u00e9to dohody.<\/li>\n<li>Rusko uz\u00e1kon\u00ed svou politiku ne\u00fato\u010den\u00ed v\u016f\u010di Evrop\u011b a Ukrajin\u011b.<\/li>\n<li>Spojen\u00e9 st\u00e1ty a Rusko se dohodnou na prodlou\u017een\u00ed platnosti smluv o ne\u0161\u00ed\u0159en\u00ed a kontrole jadern\u00fdch zbran\u00ed, v\u010detn\u011b smlouvy START I.<\/li>\n<\/ol>\n<ul style=\"font-weight: 400;\">\n<li><em>Pozn\u00e1mka: Nov\u00e1 dohoda START, posledn\u00ed v\u00fdznamn\u00e1 smlouva o kontrole zbrojen\u00ed mezi USA a Ruskem, vypr\u0161\u00ed v \u00fanoru.<\/em><\/li>\n<\/ul>\n<ol style=\"font-weight: 400;\">\n<li>Ukrajina souhlas\u00ed s t\u00edm, \u017ee bude nejadern\u00fdm st\u00e1tem v souladu se Smlouvou o ne\u0161\u00ed\u0159en\u00ed jadern\u00fdch zbran\u00ed.<\/li>\n<li>Z\u00e1poro\u017esk\u00e1 jadern\u00e1 elektr\u00e1rna bude spu\u0161t\u011bna pod dohledem MAAE a vyroben\u00e1 elekt\u0159ina bude rozd\u011blena rovn\u00fdm d\u00edlem mezi Rusko a Ukrajinu \u2013 50:50.<\/li>\n<li>Ob\u011b zem\u011b se zavazuj\u00ed zav\u00e9st vzd\u011bl\u00e1vac\u00ed programy ve \u0161kol\u00e1ch a ve spole\u010dnosti zam\u011b\u0159en\u00e9 na podporu porozum\u011bn\u00ed a tolerance v\u016f\u010di r\u016fzn\u00fdm kultur\u00e1m a na odstran\u011bn\u00ed rasismu a p\u0159edsudk\u016f:<\/li>\n<\/ol>\n<ul style=\"font-weight: 400;\">\n<li>Ukrajina p\u0159ijme pravidla EU o n\u00e1bo\u017eensk\u00e9 toleranci a ochran\u011b jazykov\u00fdch men\u0161in.<\/li>\n<li>Ob\u011b zem\u011b se dohodnou na zru\u0161en\u00ed v\u0161ech diskrimina\u010dn\u00edch opat\u0159en\u00ed a zaru\u010den\u00ed pr\u00e1v ukrajinsk\u00fdch a rusk\u00fdch m\u00e9di\u00ed a vzd\u011bl\u00e1v\u00e1n\u00ed.\u00a0<em>(Pozn\u00e1mka: Podobn\u00e9 my\u0161lenky byly za\u010dlen\u011bny do Trumpova izraelsko-palestinsk\u00e9ho m\u00edrov\u00e9ho pl\u00e1nu z roku 2020).<\/em><\/li>\n<li>Ve\u0161ker\u00e1 nacistick\u00e1 ideologie a aktivity mus\u00ed b\u00fdt odm\u00edtnuty a zak\u00e1z\u00e1ny.<\/li>\n<\/ul>\n<ol style=\"font-weight: 400;\">\n<li>\u00dazem\u00ed:<\/li>\n<\/ol>\n<ul style=\"font-weight: 400;\">\n<li>Krym, Luhansk a Don\u011bck budou uzn\u00e1ny za de facto rusk\u00e9, a to i Spojen\u00fdmi st\u00e1ty.<\/li>\n<li>Cherson a Z\u00e1poro\u017e\u00ed budou pod\u00e9l linie kontaktu zmrazeny, co\u017e bude znamenat faktick\u00e9 uzn\u00e1n\u00ed pod\u00e9l linie kontaktu.<\/li>\n<li>Rusko se vzd\u00e1 dal\u0161\u00edch dohodnut\u00fdch \u00fazem\u00ed, kter\u00e1 kontroluje mimo zm\u00edn\u011bn\u00fdch p\u011bt region\u016f.<\/li>\n<li>Ukrajinsk\u00e9 s\u00edly se st\u00e1hnou z \u010d\u00e1sti Don\u011bck\u00e9 oblasti, kterou v sou\u010dasnosti ovl\u00e1daj\u00ed, a tato \u00fastupov\u00e1 z\u00f3na bude pova\u017eov\u00e1na za neutr\u00e1ln\u00ed demilitarizovanou n\u00e1razn\u00edkovou z\u00f3nu, mezin\u00e1rodn\u011b uzn\u00e1vanou jako \u00fazem\u00ed pat\u0159\u00edc\u00ed Rusk\u00e9 federaci. Rusk\u00e9 s\u00edly do t\u00e9to demilitarizovan\u00e9 z\u00f3ny nevstoup\u00ed.<\/li>\n<\/ul>\n<ol style=\"font-weight: 400;\">\n<li>Po dohod\u011b o budouc\u00edch \u00fazemn\u00edch uspo\u0159\u00e1d\u00e1n\u00edch se Rusk\u00e1 federace i Ukrajina zavazuj\u00ed, \u017ee tato uspo\u0159\u00e1d\u00e1n\u00ed nebudou m\u011bnit silou. V p\u0159\u00edpad\u011b poru\u0161en\u00ed tohoto z\u00e1vazku se neuplatn\u00ed \u017e\u00e1dn\u00e9 bezpe\u010dnostn\u00ed z\u00e1ruky.<\/li>\n<li>Rusko nebude br\u00e1nit Ukrajin\u011b ve vyu\u017e\u00edv\u00e1n\u00ed \u0159eky Dn\u011bpr pro obchodn\u00ed aktivity a budou uzav\u0159eny dohody o voln\u00e9 p\u0159eprav\u011b obil\u00ed p\u0159es \u010cern\u00e9 mo\u0159e.<\/li>\n<li>Bude z\u0159\u00edzen humanit\u00e1rn\u00ed v\u00fdbor k \u0159e\u0161en\u00ed zb\u00fdvaj\u00edc\u00edch ot\u00e1zek:<\/li>\n<\/ol>\n<ul style=\"font-weight: 400;\">\n<li>V\u0161ichni zb\u00fdvaj\u00edc\u00ed v\u011bzni a t\u011bla budou vym\u011bn\u011bni na z\u00e1klad\u011b principu \u201ev\u0161ichni za v\u0161echny\u201c.<\/li>\n<li>V\u0161ichni zadr\u017een\u00ed civilist\u00e9 a rukojm\u00ed budou vr\u00e1ceni, v\u010detn\u011b d\u011bt\u00ed.<\/li>\n<li>Bude zaveden program slu\u010dov\u00e1n\u00ed rodin.<\/li>\n<li>Budou p\u0159ijata opat\u0159en\u00ed ke zm\u00edrn\u011bn\u00ed utrpen\u00ed ob\u011bt\u00ed konfliktu.<\/li>\n<\/ul>\n<ol style=\"font-weight: 400;\">\n<li>Za 100 dn\u00ed se na Ukrajin\u011b budou konat volby.<\/li>\n<li>V\u0161echny strany zapojen\u00e9 do tohoto konfliktu obdr\u017e\u00ed plnou amnestii za sv\u00e9 \u010diny b\u011bhem v\u00e1lky a souhlas\u00ed s t\u00edm, \u017ee v budoucnu nebudou vzn\u00e1\u0161et \u017e\u00e1dn\u00e9 n\u00e1roky ani zva\u017eovat \u017e\u00e1dn\u00e9 st\u00ed\u017enosti.<\/li>\n<li>Tato dohoda bude pr\u00e1vn\u011b z\u00e1vazn\u00e1. Jej\u00ed pln\u011bn\u00ed bude monitorov\u00e1no a garantov\u00e1no M\u00edrovou radou v \u010dele s prezidentem Donaldem J. Trumpem. Za poru\u0161en\u00ed budou uvalov\u00e1ny sankce.<\/li>\n<\/ol>\n<ul style=\"font-weight: 400;\">\n<li><em>Pozn\u00e1mka: Toto je stejn\u00e1 obecn\u00e1 struktura, kterou Trump navrhl pro \u0159\u00edzen\u00ed m\u00edrov\u00e9 dohody v Gaze.<\/em><\/li>\n<\/ul>\n<ol style=\"font-weight: 400;\">\n<li>Jakmile se v\u0161echny strany dohodnou na tomto memorandu, p\u0159\u00edm\u011b\u0159\u00ed vstoup\u00ed v platnost okam\u017eit\u011b pot\u00e9, co se ob\u011b strany st\u00e1hnou do dohodnut\u00fdch bod\u016f, aby zah\u00e1jily prov\u00e1d\u011bn\u00ed dohody.<\/li>\n<\/ol>\n<p style=\"font-weight: 400;\">J.V. Sna\u017e\u00edm se v\u017edy zachov\u00e1vat kritick\u00fd odstup od ud\u00e1lost\u00ed i osob. Ko\u0161atou a rozporuplnou osobnost Donalda Trumpa leckdy \u2013 a mysl\u00edm si, \u017ee opr\u00e1vn\u011bn\u011b \u2013 kritizuji, ale pokud by tento pl\u00e1n prosadil, rozhodn\u011b by si Nobelovu cenu<\/p>\n<p style=\"font-weight: 400;\"><a href=\"https:\/\/vasevec.info\/clanky\/trumpuv-plan-vypada-nadejne\">Ji\u0159\u00ed Vyvadil<\/a><\/p>\n<p style=\"font-weight: 400;\"><img decoding=\"async\" loading=\"lazy\" class=\"alignnone size-medium wp-image-16474\" src=\"http:\/\/www.infokuryr.cz\/n\/wp-content\/uploads\/2022\/10\/jiri-vyvadil-300x200.jpg\" alt=\"\" width=\"300\" height=\"200\" srcset=\"https:\/\/www.infokuryr.cz\/n\/wp-content\/uploads\/2022\/10\/jiri-vyvadil-300x200.jpg 300w, https:\/\/www.infokuryr.cz\/n\/wp-content\/uploads\/2022\/10\/jiri-vyvadil-768x512.jpg 768w, https:\/\/www.infokuryr.cz\/n\/wp-content\/uploads\/2022\/10\/jiri-vyvadil.jpg 800w\" sizes=\"(max-width: 300px) 100vw, 300px\" \/><\/p>\n<p>&nbsp;<\/p>\n","protected":false},"excerpt":{"rendered":"<p>Zat\u00edmco n\u00e1\u0161 v\u00e1le\u010dn\u00edk Petr Pavel cht\u011bl, aby nov\u00e1 vl\u00e1da vt\u011blila do sv\u00e9ho vl\u00e1dn\u00edho prohl\u00e1\u0161en\u00ed pas\u00e1\u017ee&#8230;<\/p>\n","protected":false},"author":2,"featured_media":85500,"comment_status":"closed","ping_status":"closed","sticky":false,"template":"","format":"standard","meta":[],"categories":[6],"tags":[4030,452,26],"_links":{"self":[{"href":"https:\/\/www.infokuryr.cz\/n\/wp-json\/wp\/v2\/posts\/92790"}],"collection":[{"href":"https:\/\/www.infokuryr.cz\/n\/wp-json\/wp\/v2\/posts"}],"about":[{"href":"https:\/\/www.infokuryr.cz\/n\/wp-json\/wp\/v2\/types\/post"}],"author":[{"embeddable":true,"href":"https:\/\/www.infokuryr.cz\/n\/wp-json\/wp\/v2\/users\/2"}],"replies":[{"embeddable":true,"href":"https:\/\/www.infokuryr.cz\/n\/wp-json\/wp\/v2\/comments?post=92790"}],"version-history":[{"count":1,"href":"https:\/\/www.infokuryr.cz\/n\/wp-json\/wp\/v2\/posts\/92790\/revisions"}],"predecessor-version":[{"id":92791,"href":"https:\/\/www.infokuryr.cz\/n\/wp-json\/wp\/v2\/posts\/92790\/revisions\/92791"}],"wp:featuredmedia":[{"embeddable":true,"href":"https:\/\/www.infokuryr.cz\/n\/wp-json\/wp\/v2\/media\/85500"}],"wp:attachment":[{"href":"https:\/\/www.infokuryr.cz\/n\/wp-json\/wp\/v2\/media?parent=92790"}],"wp:term":[{"taxonomy":"category","embeddable":true,"href":"https:\/\/www.infokuryr.cz\/n\/wp-json\/wp\/v2\/categories?post=92790"},{"taxonomy":"post_tag","embeddable":true,"href":"https:\/\/www.infokuryr.cz\/n\/wp-json\/wp\/v2\/tags?post=92790"}],"curies":[{"name":"wp","href":"https:\/\/api.w.org\/{rel}","templated":true}]}}