{"id":92765,"date":"2025-11-22T00:18:51","date_gmt":"2025-11-21T23:18:51","guid":{"rendered":"https:\/\/www.infokuryr.cz\/n\/?p=92765"},"modified":"2025-11-21T13:02:49","modified_gmt":"2025-11-21T12:02:49","slug":"polska-zeleznicni-sabotaz-probiha-podle-planu-evropskeho-vojenskeho-schengenskeho-planu","status":"publish","type":"post","link":"https:\/\/www.infokuryr.cz\/n\/2025\/11\/22\/polska-zeleznicni-sabotaz-probiha-podle-planu-evropskeho-vojenskeho-schengenskeho-planu\/","title":{"rendered":"Polsk\u00e1 \u017eelezni\u010dn\u00ed \u201esabot\u00e1\u017e\u201c prob\u00edh\u00e1 podle pl\u00e1nu evropsk\u00e9ho vojensk\u00e9ho schengensk\u00e9ho pl\u00e1nu"},"content":{"rendered":"<div id=\"fb-root\"><\/div>\n<div class=\"elementor-element elementor-element-1fb4c2c elementor-widget elementor-widget-theme-post-content\" data-id=\"1fb4c2c\" data-element_type=\"widget\" data-widget_type=\"theme-post-content.default\">\n<div class=\"elementor-widget-container\">\n<p><strong><span dir=\"auto\">Militarizace Evropy a jej\u00ed \u201ezapojen\u00ed do NATO\u201c zahrnuje bezprecedentn\u00ed a nepochopiteln\u00fd p\u0159esun ve\u0159ejn\u00fdch prost\u0159edk\u016f sm\u011brem k vojensk\u00fdm korporac\u00edm.<\/span><\/strong><\/p>\n<p><span dir=\"auto\">Evropsk\u00e1 komise navrhuje transformaci Evropsk\u00e9 unie s 27 zem\u011bmi v bezprobl\u00e9mov\u00e9 \u00fazem\u00ed pro dopravu NATO p\u0159es hranice st\u00e1t\u016f. Koncept zahrnuje vytvo\u0159en\u00ed \u201evojensk\u00e9ho Schengenu\u201c \u2013 analogick\u00e9ho voln\u00e9mu pohybu civilist\u016f v r\u00e1mci bloku.<\/span><\/p>\n<p><span dir=\"auto\">Tuto kontroverzn\u00ed my\u0161lenku siln\u011b podporuj\u00ed pro-NATO v\u016fdci v Evrop\u011b. Z\u00e1stupn\u00e1 v\u00e1lka na Ukrajin\u011b proti Rusku a stup\u0148uj\u00edc\u00ed se nap\u011bt\u00ed kolem rozs\u00e1hlej\u0161\u00ed v\u00e1lky p\u0159isp\u011bly k tlaku na rozs\u00e1hlou militarizaci EU jako jednotn\u00e9ho bloku.<\/span><\/p>\n<p><span dir=\"auto\">Tento t\u00fdden, kdy p\u0159edsedkyn\u011b Evropsk\u00e9 komise Ursula von der Leyenov\u00e1 prosazuje celoevropskou vojenskou schengenskou z\u00f3nu, do\u0161lo na polsk\u00e9 \u017eelezni\u010dn\u00ed s\u00edti k podez\u0159el\u00fdm sabot\u00e1\u017en\u00edm \u00fatok\u016fm.<\/span><\/p>\n<p><span dir=\"auto\">Von der Leyenov\u00e1 vede v\u00fdzvy ke koordinovan\u00fdm ozbrojen\u00fdm sil\u00e1m, kter\u00e9 by zajistily voln\u00fd p\u0159\u00edstup k dopravn\u00edm spojen\u00edm EU. My\u0161lenka vojensk\u00e9ho schengensk\u00e9ho uspo\u0159\u00e1d\u00e1n\u00ed pro EU existuje ji\u017e n\u011bkolik let, ale setkala se s odporem zem\u00ed, kter\u00e9 by se musely vzd\u00e1t kontroly nad sv\u00fdmi hranicemi. Jak je dob\u0159e zn\u00e1mo, kdy\u017e von der Leyenov\u00e9 jej\u00ed n\u011bme\u010dt\u00ed spoluob\u010dan\u00e9 naposledy pochodovali Evropou, nebyla p\u0159ijata s velk\u00fdm ohlasem.<\/span><\/p>\n<p><span dir=\"auto\">Zast\u00e1nci t\u00e9to koncepce cht\u011bj\u00ed, aby vojensk\u00e9 s\u00edly z jedn\u00e9 zem\u011b mohly s minim\u00e1ln\u00ed kontrolou p\u0159ekra\u010dovat hranice n\u011bkolika dal\u0161\u00edch zem\u00ed. Tato my\u0161lenka p\u0159ibli\u017euje vytvo\u0159en\u00ed \u201earm\u00e1dy EU\u201c realit\u011b. Z\u00e1rove\u0148 st\u00edr\u00e1 hranice mezi NATO a EU do takov\u00e9 m\u00edry, \u017ee by se v\u0161ech 27 \u010dlen\u016f EU de facto stalo \u010dleny vojensk\u00e9 aliance.<\/span><\/p>\n<p><span dir=\"auto\">Polsk\u00fd premi\u00e9r Donald Tusk a ministryn\u011b obrany Ursula von der Leyenov\u00e1 rychle obvinili Rusko z \u201e\u0161okuj\u00edc\u00ed sabot\u00e1\u017ee\u201c polsk\u00fdch \u017eeleznic pot\u00e9, co byly v ned\u011bli vlaky naru\u0161eny bombov\u00fdm \u00fatokem. Nikdo nebyl zran\u011bn. A jako obvykle nebyly p\u0159edlo\u017eeny \u017e\u00e1dn\u00e9 d\u016fkazy. Rusko nebylo v\u00fdslovn\u011b jmenov\u00e1no, ale zpr\u00e1vy m\u00e9di\u00ed nazna\u010dovaly rusk\u00e9 zapojen\u00ed. Moskva d\u0159\u00edve pop\u0159ela obvin\u011bn\u00ed z prov\u00e1d\u011bn\u00ed hybridn\u00edch \u00fatok\u016f na dopravn\u00ed a komunika\u010dn\u00ed infrastrukturu v Evrop\u011b, v\u010detn\u011b pou\u017eit\u00ed dron\u016f k naru\u0161en\u00ed leteck\u00e9 dopravy.<\/span><\/p>\n<p><span dir=\"auto\">Vyvst\u00e1vaj\u00ed ot\u00e1zky ohledn\u011b ned\u00e1vn\u00fdch \u017eelezni\u010dn\u00edch incident\u016f v Polsku. Dot\u010den\u00e1 \u017eelezni\u010dn\u00ed tra\u0165 vedla z Var\u0161avy do Lublinu a d\u00e1le na Ukrajinu. Tusk ozna\u010dil \u017eelezni\u010dn\u00ed spojen\u00ed za \u201ez\u00e1sadn\u011b d\u016fle\u017eit\u00e9 pro pomoc Ukrajin\u011b\u201c. \u017delezni\u010dn\u00ed tra\u0165 je ve skute\u010dnosti kl\u00ed\u010dov\u00fdm vektorem pro munici proud\u00edc\u00ed na Ukrajinu. Pokud se jedn\u00e1 o tak d\u016fle\u017eitou z\u00e1sobovac\u00ed trasu pro vojenskou techniku \u200b\u200bNATO, \u010dlov\u011bk se div\u00ed, pro\u010d nebyla tra\u0165 l\u00e9pe st\u0159e\u017eena.<\/span><\/p>\n<p><span dir=\"auto\">Po\u0161kozen\u00ed \u017eeleznice nahl\u00e1sil v ned\u011bli r\u00e1no strojvedouc\u00ed, ale vl\u00e1da a bezpe\u010dnostn\u00ed org\u00e1ny zas\u00e1hly a\u017e v pond\u011bl\u00ed. Zpo\u017ed\u011bn\u00ed reakce rozzlobilo polsk\u00e9 ob\u010dany, kte\u0159\u00ed se na ve\u0159ejn\u00fdch akc\u00edch h\u00e1dali s \u00fa\u0159edn\u00edky. Zanedbaly \u00fa\u0159ady \u00famysln\u011b v\u010dasn\u00e9 zabezpe\u010den\u00ed trati, a t\u00edm vyprovokovaly nehodu?<\/span><\/p>\n<p><span dir=\"auto\">BBC informovala, \u017ee obyvatel\u00e9 tvrdili, \u017ee sly\u0161eli masivn\u00ed explozi, jej\u00ed\u017e ot\u0159esy byly c\u00edtit i n\u011bkolik kilometr\u016f daleko. Zvl\u00e1\u0161tn\u00ed je, \u017ee hl\u00e1\u0161en\u00e9 po\u0161kozen\u00ed \u017eelezni\u010dn\u00edch trat\u00ed se nezd\u00e1lo b\u00fdt rozs\u00e1hl\u00e9. \u010clov\u011bk by o\u010dek\u00e1val, \u017ee tak siln\u00e1 exploze by zni\u010dila cel\u00e9 \u00faseky trati a tra\u0165 by se stala nepr\u016fjezdnou. P\u0159esto se uv\u00e1d\u00ed, \u017ee v pond\u011bl\u00ed se n\u011bkolika vlak\u016fm poda\u0159ilo po\u0161kozenou oblast\u00ed projet, ne\u017e zas\u00e1hly \u00fa\u0159ady. Proj\u00ed\u017ed\u011bj\u00edc\u00ed vlaky utrp\u011bly rozbit\u00e1 okna. Pokud by ale projet mohly, koleje nemohly b\u00fdt zcela zni\u010deny.<\/span><\/p>\n<p><span dir=\"auto\">M\u016f\u017eeme se tedy opr\u00e1vn\u011bn\u011b domn\u00edvat, \u017ee exploze nebyla skute\u010dnou p\u0159\u00ed\u010dinou relativn\u011b omezen\u00e9ho po\u0161kozen\u00ed \u017eeleznice. Mo\u017en\u00e1 byla exploze odp\u00e1lena proto, aby se pozornost ve\u0159ejnosti odvr\u00e1tila k samostatn\u00e9mu sabot\u00e1\u017en\u00edmu aktu, jeho\u017e c\u00edlem bylo vykolejit vlaky (bez katastrofick\u00e9ho po\u010dtu ob\u011bt\u00ed). \u00da\u010delem bylo sm\u00edsit vn\u00edm\u00e1n\u00ed exploze a \u017eelezni\u010dn\u00ed sabot\u00e1\u017ee. A proto\u017ee Tusk, von der Leyenov\u00e1 a m\u00e9dia poslu\u0161n\u011b spolupracovali, pohodln\u00fdm v\u00fdsledkem je vzn\u00e1\u0161en\u00ed obvin\u011bn\u00ed poukazuj\u00edc\u00edch na ruskou hybridn\u00ed v\u00e1lku.<\/span><\/p>\n<p><span dir=\"auto\">N\u00e1\u010deln\u00edk polsk\u00e9ho gener\u00e1ln\u00edho \u0161t\u00e1bu, gener\u00e1l Wieslaw Kukula, formuloval narativ podle Euronews takto:<br \/>\n<\/span><br \/>\n<em><span dir=\"auto\">\u201eNep\u0159\u00edtel zah\u00e1jil p\u0159\u00edpravy na v\u00e1lku. Vytv\u00e1\u0159\u00ed zde specifick\u00e9 prost\u0159ed\u00ed, kter\u00e9 podkop\u00e1v\u00e1 d\u016fv\u011bru ve\u0159ejnosti ve vl\u00e1du a instituce, jako jsou ozbrojen\u00e9 s\u00edly a policie&#8230; [vytv\u00e1\u0159ej\u00ed] podm\u00ednky, kter\u00e9 jsou p\u0159\u00edzniv\u00e9 pro mo\u017en\u00e9 proveden\u00ed agrese na polsk\u00e9m \u00fazem\u00ed.\u201c<\/span><\/em><\/p>\n<p><span dir=\"auto\">T\u00fdden co t\u00fdden evrop\u0161t\u00ed politici, vojen\u0161t\u00ed p\u0159edstavitel\u00e9, bezpe\u010dnostn\u00ed \u00fa\u0159edn\u00edci a byrokrat\u00e9 pou\u017e\u00edvaj\u00ed pronikavou r\u00e9toriku, aby tvrdili, \u017ee Rusko je na pokraji \u00fatoku na \u010dlensk\u00e9 st\u00e1ty. Za\u010d\u00e1tkem leto\u0161n\u00edho roku polsk\u00fd premi\u00e9r Tusk dokonce obvinil Rusko z pl\u00e1nov\u00e1n\u00ed vyhozen\u00ed civiln\u00edch n\u00e1kladn\u00edch letadel do pov\u011bt\u0159\u00ed. Jak snadn\u00e9 je um\u00edstit z\u00e1paln\u00e1 za\u0159\u00edzen\u00ed, obvinit n\u011bkoho jin\u00e9ho a nechat zatknout \u201epodez\u0159el\u00e9\u201c \u2013 bez \u0159\u00e1dn\u00e9ho procesu. Evropsk\u00e1 ve\u0159ejnost je zastra\u0161ov\u00e1na a manipulov\u00e1na, aby schv\u00e1lila zv\u00fd\u0161en\u00ed vojensk\u00fdch rozpo\u010dt\u016f, syst\u00e9my protivzdu\u0161n\u00e9 obrany, zdi proti dron\u016fm a des\u00edtky miliard eur na podporu zkorumpovan\u00e9ho kyjevsk\u00e9ho re\u017eimu. To v\u0161e \u00fadajn\u011b na \u201eobranu\u201c Evropy p\u0159ed zl\u00fdm agresorem.<\/span><\/p>\n<p><span dir=\"auto\">Moskva opakovan\u011b pop\u0159ela jak\u00fdkoli \u00famysl napadnout evropsk\u00e9 st\u00e1ty. Jej\u00ed v\u00e1le\u010dn\u00e1 propaganda v\u0161ak ne\u00fanavn\u011b nad\u00e1le vykresluje Rusko jako drav\u00e9 barbary.<\/span><\/p>\n<p><span dir=\"auto\">Je krutou ironi\u00ed, \u017ee v posledn\u00edch m\u011bs\u00edc\u00edch do\u0161lo k sabot\u00e1\u017e\u00edm osobn\u00edch vlak\u016f v Rusku \u2013 s n\u00e1sledkem \u00famrt\u00ed \u2013 a tyto \u010diny byly p\u0159ipisov\u00e1ny tajn\u00fdm operac\u00edm NATO a Ukrajiny. Z\u00e1padn\u00ed m\u00e9dia o t\u011bchto zv\u011brstvech sotva informuj\u00ed.<\/span><\/p>\n<p><span dir=\"auto\">Ale zjevn\u011b zinscenovan\u00fd \u00fatok pod fale\u0161nou vlajkou v Polsku se na Z\u00e1pad\u011b t\u011b\u0161\u00ed maxim\u00e1ln\u00ed medi\u00e1ln\u00ed pozornosti s choreograficky zre\u017e\u00edrovan\u00fdm narativem, \u017ee padouchem je Rusko. Je to podobn\u00e9 z\u00e1plav\u011b z\u00e1hadn\u00fdch dron\u016f, kter\u00e9 se n\u00e1hle objev\u00ed v evropsk\u00e9m vzdu\u0161n\u00e9m prostoru.<\/span><\/p>\n<p><span dir=\"auto\">N\u00e1vrh evropsk\u00e9ho vojensk\u00e9ho Schengenu si klade za c\u00edl dostat \u017eelezni\u010dn\u00ed s\u00edt\u011b v Evrop\u011b pod bezprobl\u00e9mov\u00e9 velen\u00ed, co\u017e by umo\u017enilo rychl\u00fd masov\u00fd p\u0159esun vojsk NATO p\u0159es hranice st\u00e1t\u016f. \u017d\u00e1dn\u00e9 ot\u00e1zky. Prost\u011b to prosadit.<\/span><\/p>\n<p><span dir=\"auto\">Sabot\u00e1\u017en\u00ed operace pod fale\u0161nou vlajkou na polsk\u00fdch \u017eeleznic\u00edch posiluje sign\u00e1l, \u017ee evropsk\u00e1 dopravn\u00ed s\u00ed\u0165 mus\u00ed b\u00fdt p\u0159ed\u00e1na pod vojenskou logistickou kontrolu.<\/span><\/p>\n<p><span dir=\"auto\">Militarizace Evropy a jej\u00ed \u201eNATOizace\u201c zahrnuje bezprecedentn\u00ed a nepochopiteln\u00fd p\u0159esun ve\u0159ejn\u00fdch prost\u0159edk\u016f k vojensk\u00fdm korporac\u00edm, finan\u010dn\u00ed elit\u011b a jejich politick\u00fdm loutk\u00e1m. Korupce v kyjevsk\u00e9m re\u017eimu je mikrokosmem v\u011bt\u0161\u00edho syst\u00e9mu v\u00e1le\u010dn\u00e9ho spekulov\u00e1n\u00ed, kter\u00fdm se Evropa stala. Operace pod fale\u0161nou vlajkou, jejich\u017e c\u00edlem je zastra\u0161it evropsk\u00e9 ob\u010dany a p\u0159im\u011bt je pasivn\u011b p\u0159ijmout tuto ko\u0159ist, b\u011b\u017e\u00ed jako hodinky.<\/span><\/p>\n<p><span dir=\"auto\">Lid\u00e9 si d\u0159\u00edve d\u011blali legraci z Mussoliniho a Hitlera, \u017ee alespo\u0148 sta\u0159\u00ed fa\u0161ist\u00e9 udr\u017eovali vlaky v\u010das. Nov\u00ed fa\u0161ist\u00e9 vlaky v\u010das vykolejuj\u00ed.<\/span><\/p>\n<p><strong><em><span dir=\"auto\">Finian Cunningham<\/span><\/em><\/strong><\/p>\n<\/div>\n<\/div>\n<div class=\"elementor-element elementor-element-8c57238 quelle dc-has-condition dc-condition-empty elementor-widget elementor-widget-heading\" data-id=\"8c57238\" data-element_type=\"widget\" data-widget_type=\"heading.default\">\n<div class=\"elementor-widget-container\">\n<h3 class=\"elementor-heading-title elementor-size-default\"><span style=\"font-size: 10pt;\"><a href=\"https:\/\/strategic-culture.su\/news\/2025\/11\/19\/polish-railway-sabotage-runs-on-time-for-europes-military-schengen-plan\/\" target=\"_blank\" rel=\"nofollow noopener\"><span dir=\"auto\">Zdroj<\/span><\/a><\/span><\/h3>\n<p>&nbsp;<\/p>\n<\/div>\n<\/div>\n","protected":false},"excerpt":{"rendered":"<p>Militarizace Evropy a jej\u00ed \u201ezapojen\u00ed do NATO\u201c zahrnuje bezprecedentn\u00ed a nepochopiteln\u00fd p\u0159esun ve\u0159ejn\u00fdch prost\u0159edk\u016f sm\u011brem&#8230;<\/p>\n","protected":false},"author":2,"featured_media":92766,"comment_status":"closed","ping_status":"closed","sticky":false,"template":"","format":"standard","meta":[],"categories":[7],"tags":[41,1503,4191,39,31,1533],"_links":{"self":[{"href":"https:\/\/www.infokuryr.cz\/n\/wp-json\/wp\/v2\/posts\/92765"}],"collection":[{"href":"https:\/\/www.infokuryr.cz\/n\/wp-json\/wp\/v2\/posts"}],"about":[{"href":"https:\/\/www.infokuryr.cz\/n\/wp-json\/wp\/v2\/types\/post"}],"author":[{"embeddable":true,"href":"https:\/\/www.infokuryr.cz\/n\/wp-json\/wp\/v2\/users\/2"}],"replies":[{"embeddable":true,"href":"https:\/\/www.infokuryr.cz\/n\/wp-json\/wp\/v2\/comments?post=92765"}],"version-history":[{"count":0,"href":"https:\/\/www.infokuryr.cz\/n\/wp-json\/wp\/v2\/posts\/92765\/revisions"}],"wp:featuredmedia":[{"embeddable":true,"href":"https:\/\/www.infokuryr.cz\/n\/wp-json\/wp\/v2\/media\/92766"}],"wp:attachment":[{"href":"https:\/\/www.infokuryr.cz\/n\/wp-json\/wp\/v2\/media?parent=92765"}],"wp:term":[{"taxonomy":"category","embeddable":true,"href":"https:\/\/www.infokuryr.cz\/n\/wp-json\/wp\/v2\/categories?post=92765"},{"taxonomy":"post_tag","embeddable":true,"href":"https:\/\/www.infokuryr.cz\/n\/wp-json\/wp\/v2\/tags?post=92765"}],"curies":[{"name":"wp","href":"https:\/\/api.w.org\/{rel}","templated":true}]}}