{"id":92724,"date":"2025-11-21T00:31:55","date_gmt":"2025-11-20T23:31:55","guid":{"rendered":"https:\/\/www.infokuryr.cz\/n\/?p=92724"},"modified":"2025-11-20T13:14:25","modified_gmt":"2025-11-20T12:14:25","slug":"nejnovejsi-rana-bruselu-proti-jeho-obcanum-dan-z-tuku-se-blizi","status":"publish","type":"post","link":"https:\/\/www.infokuryr.cz\/n\/2025\/11\/21\/nejnovejsi-rana-bruselu-proti-jeho-obcanum-dan-z-tuku-se-blizi\/","title":{"rendered":"Nejnov\u011bj\u0161\u00ed r\u00e1na Bruselu proti jeho ob\u010dan\u016fm: Da\u0148 z tuku se bl\u00ed\u017e\u00ed"},"content":{"rendered":"<div id=\"fb-root\"><\/div>\n<p><strong><span dir=\"auto\">Brusel znovu ude\u0159il. Sotva byla ochrana klimatu zaji\u0161t\u011bna dan\u011bmi z CO2 a deindustrializac\u00ed, \u00dast\u0159edn\u00ed v\u00fdbor EU se zab\u00fdv\u00e1 dal\u0161\u00edm glob\u00e1ln\u00edm probl\u00e9mem: kardiovaskul\u00e1rn\u00edmi onemocn\u011bn\u00edmi. \u0158e\u0161en\u00ed je osv\u011bd\u010den\u00e9: v\u00edce dan\u00ed. Tentokr\u00e1t na v\u0161echno, co chutn\u00e1.<\/span><\/strong><\/p>\n<p><span dir=\"auto\">Evropsk\u00e1 komise pracuje na pl\u00e1nu pro kardiovaskul\u00e1rn\u00ed zdrav\u00ed, kter\u00fd m\u00e1 b\u00fdt p\u0159edstaven v polovin\u011b prosince. Jeho \u00fast\u0159edn\u00edm bodem je nov\u00e1 celoevropsk\u00e1 da\u0148 z vysoce zpracovan\u00fdch potravin s vysok\u00fdm obsahem tuku, cukru a soli \u2013 ultrazpracovan\u00fdch potravin, jak je naz\u00fdv\u00e1 Brusel. Pat\u0159\u00ed mezi n\u011b mimo jin\u00e9 chipsy, hotov\u00e1 j\u00eddla, sladkosti a nealkoholick\u00e9 n\u00e1poje. Veden\u00ed EU dosud neposkytlo p\u0159esnou definici t\u011bchto \u201enezdrav\u00fdch\u201c potravin. Da\u0148 by m\u011bla vstoupit v platnost v roce 2026, uv\u00e1d\u00ed server\u00a0<\/span><a href=\"https:\/\/brusselssignal.eu\/2025\/11\/eu-sets-sights-on-fat-tax-to-boost-health\/\" target=\"_blank\" rel=\"noreferrer noopener\"><span dir=\"auto\">Brussels Signal<\/span><\/a><span dir=\"auto\">\u00a0, kter\u00fd svou zpr\u00e1vu ilustroval obzvl\u00e1\u0161t\u011b k\u0159iklav\u00fdm p\u0159\u00edkladem nezdrav\u00e9 potraviny: koblihou obecnou (Krapfus Vulgaris).<\/span><\/p>\n<p><span dir=\"auto\">Zd\u016fvodn\u011bn\u00ed nov\u00e9 dan\u011b zn\u00ed pov\u011bdom\u011b. Na\u0161e pohoda. Srde\u010dn\u00ed choroby stoj\u00ed EU ro\u010dn\u011b 280 miliard eur a vy\u017e\u00e1daj\u00ed si 1,7 milionu \u017eivot\u016f. Bla, bla, bla. Komise chce jednat preventivn\u011b. Bla, bla, bla. M\u00e1 to b\u00fdt jen jemn\u00e9 postr\u010den\u00ed ke zdrav\u011bj\u0161\u00edmu stravov\u00e1n\u00ed, zejm\u00e9na pro osoby s n\u00edzk\u00fdmi p\u0159\u00edjmy, kter\u00e9 \u00fadajn\u011b v\u00edce postihuje obezita. No, v Rakousku m\u00e1me kancl\u00e9\u0159e a vicekancl\u00e9\u0159e, kte\u0159\u00ed \u2013 ale o tom se rad\u011bji nebavme.<\/span><\/p>\n<p><span dir=\"auto\">V dob\u011b prudce rostouc\u00edch cen potravin se od ob\u010dan\u016f o\u010dek\u00e1v\u00e1, \u017ee s\u00e1hnou je\u0161t\u011b hloub\u011bji do kapes pro Brusel. Vl\u00e1dou vyvolan\u00e1 inflace ji\u017e tak ukrajuje z p\u0159\u00edjm\u016f lid\u00ed. Ka\u017ed\u00e1 nov\u00e1 da\u0148 \u017eene ceny je\u0161t\u011b v\u00fd\u0161e. Vl\u00e1dnouc\u00ed t\u0159\u00edda EU zn\u00e1 jen jednu metodu \u0159e\u0161en\u00ed probl\u00e9m\u016f: dan\u011b. Klimatick\u00e1 zm\u011bna. Dan\u011b. Energetick\u00e1 krize. Dan\u011b. Pandemie. N\u00e1tlak. Dob\u0159e, tohle je trochu zvl\u00e1\u0161tn\u00ed, ale krom\u011b dan\u00ed je u na\u0161ich vl\u00e1dc\u016f n\u00e1tlak velk\u00fdm hitem. Te\u010f je to zdrav\u00ed srdce. V\u00edce dan\u00ed.<\/span><\/p>\n<p><span dir=\"auto\">Pandemie COVID-19 jasn\u011b uk\u00e1zala, jak v\u00e1\u017en\u011b na\u0161i moud\u0159\u00ed v\u016fdci berou zdrav\u00ed srdce. Miliony Evropan\u016f byly nuceny k experiment\u00e1ln\u00edm injekc\u00edm mRNA, vystaveny v\u00fdhr\u016f\u017ek\u00e1m, ostrakizaci, masivn\u00ed propagand\u011b a nen\u00e1vistn\u00fdm kampan\u00edm proti skeptik\u016fm ohledn\u011b o\u010dkov\u00e1n\u00ed. K tomu do\u0161lo navzdory skute\u010dnosti, \u017ee injekce mRNA mohou zp\u016fsobit myokarditidu a dal\u0161\u00ed srde\u010dn\u00ed probl\u00e9my. Studi\u00ed na toto t\u00e9ma p\u0159ib\u00fdv\u00e1, stejn\u011b jako zpr\u00e1v o n\u00e1hl\u00fdch z\u00e1stav\u00e1ch srdce u o\u010dkovan\u00fdch jedinc\u016f.<\/span><\/p>\n<p><span dir=\"auto\">Ani tentokr\u00e1t nejde o na\u0161e zdrav\u00ed. Jde o kontrolu a zisky. Ob\u010dan by nem\u011bl rozhodovat o tom, co bude j\u00edst. Ne, bruselsk\u00fd \u00fast\u0159edn\u00ed v\u00fdbor rozhoduje za hloup\u00e9 a nezodpov\u011bdn\u00e9 ob\u010dany. A \u0159\u00edd\u00ed je malou dan\u00ed, samoz\u0159ejm\u011b jen pro jejich vlastn\u00ed dobro. P\u0159edstava, \u017ee by si zodpov\u011bdn\u00ed ob\u010dan\u00e9 m\u011bli sami rozhodovat o tom, co cht\u011bj\u00ed j\u00edst, bez vm\u011b\u0161ov\u00e1n\u00ed Bruselu, je t\u011bmto byrokrat\u016fm pravd\u011bpodobn\u011b stejn\u011b ciz\u00ed jako miner\u00e1ln\u00ed voda na\u0161emu vicekancl\u00e9\u0159i. Tak\u017ee tady je dal\u0161\u00ed da\u0148. Jakmile bude zavedena, nikdy nebude zru\u0161ena, pouze zv\u00fd\u0161ena. Jako v\u017edy. EU zn\u00e1 jen jeden sm\u011br: v\u00edce vl\u00e1dy, v\u00edce dan\u00ed, v\u00edce pravidel, v\u00edce z\u00e1kaz\u016f, m\u00e9n\u011b svobody. \u00da\u010det plat\u00ed ob\u010dan. Znovu a znovu.<\/span><\/p>\n<p><em><span dir=\"auto\">Koment\u00e1\u0159 <a href=\"https:\/\/report24.news\/bruessels-neuer-schlag-gegen-die-buerger-die-fett-steuer-kommt\/\">Chrise Vebera<\/a><\/span><\/em><\/p>\n<p>&nbsp;<\/p>\n","protected":false},"excerpt":{"rendered":"<p>Brusel znovu ude\u0159il. Sotva byla ochrana klimatu zaji\u0161t\u011bna dan\u011bmi z CO2 a deindustrializac\u00ed, \u00dast\u0159edn\u00ed v\u00fdbor&#8230;<\/p>\n","protected":false},"author":2,"featured_media":92725,"comment_status":"closed","ping_status":"closed","sticky":false,"template":"","format":"standard","meta":[],"categories":[7],"tags":[640,236,41,1503],"_links":{"self":[{"href":"https:\/\/www.infokuryr.cz\/n\/wp-json\/wp\/v2\/posts\/92724"}],"collection":[{"href":"https:\/\/www.infokuryr.cz\/n\/wp-json\/wp\/v2\/posts"}],"about":[{"href":"https:\/\/www.infokuryr.cz\/n\/wp-json\/wp\/v2\/types\/post"}],"author":[{"embeddable":true,"href":"https:\/\/www.infokuryr.cz\/n\/wp-json\/wp\/v2\/users\/2"}],"replies":[{"embeddable":true,"href":"https:\/\/www.infokuryr.cz\/n\/wp-json\/wp\/v2\/comments?post=92724"}],"version-history":[{"count":0,"href":"https:\/\/www.infokuryr.cz\/n\/wp-json\/wp\/v2\/posts\/92724\/revisions"}],"wp:featuredmedia":[{"embeddable":true,"href":"https:\/\/www.infokuryr.cz\/n\/wp-json\/wp\/v2\/media\/92725"}],"wp:attachment":[{"href":"https:\/\/www.infokuryr.cz\/n\/wp-json\/wp\/v2\/media?parent=92724"}],"wp:term":[{"taxonomy":"category","embeddable":true,"href":"https:\/\/www.infokuryr.cz\/n\/wp-json\/wp\/v2\/categories?post=92724"},{"taxonomy":"post_tag","embeddable":true,"href":"https:\/\/www.infokuryr.cz\/n\/wp-json\/wp\/v2\/tags?post=92724"}],"curies":[{"name":"wp","href":"https:\/\/api.w.org\/{rel}","templated":true}]}}