{"id":9272,"date":"2022-03-20T04:22:18","date_gmt":"2022-03-20T03:22:18","guid":{"rendered":"https:\/\/www.infokuryr.cz\/n\/?p=9272"},"modified":"2022-03-20T04:22:18","modified_gmt":"2022-03-20T03:22:18","slug":"darebactvi-tezkeho-kalibru-pokrytectvi-rezimnich-medii-a-politiku-kdo-s-nimi-nesouhlasi-je-fasista","status":"publish","type":"post","link":"https:\/\/www.infokuryr.cz\/n\/2022\/03\/20\/darebactvi-tezkeho-kalibru-pokrytectvi-rezimnich-medii-a-politiku-kdo-s-nimi-nesouhlasi-je-fasista\/","title":{"rendered":"Dareb\u00e1ctv\u00ed t\u011b\u017ek\u00e9ho kalibru: Pokrytectv\u00ed re\u017eimn\u00edch m\u00e9di\u00ed a politik\u016f. Kdo s nimi nesouhlas\u00ed, je fa\u0161ista"},"content":{"rendered":"<div id=\"fb-root\"><\/div>\n<h2>Oslavovat vraha Banderu? A co takhle stav\u011bt pomn\u00edky Heydrichovi? &#8222;Slava Ukrajini&#8220; je pozdrav nacist\u016f. Sm\u00ed se to u n\u00e1s je\u0161t\u011b \u0159\u00edct?<\/h2>\n<div id=\"ArticleTop\">\n<p class=\"clkPerex\"><a class=\"clkAutor\" href=\"https:\/\/protiproud.info\/autor\/radomir-maly.htm\">RADOM\u00cdR MAL\u00dd<\/a> p\u0159ipom\u00edn\u00e1, \u017ee re\u017eimn\u00ed propagand\u011b v souvislosti s ukrajinskou kriz\u00ed ji\u017e v\u016fbec nevad\u00ed oslava skute\u010dn\u00fdch nacist\u016f, kte\u0159\u00ed ve sv\u00e9 dob\u011b byli hor\u0161\u00ed ne\u017e jednotky SS, ale za fa\u0161isty naopak ozna\u010duje ty, kte\u0159\u00ed to p\u0159ipom\u00ednaj\u00ed<\/p>\n<\/div>\n<div id=\"Article\">\n<p>U\u017e nejm\u00e9n\u011b dvacet let jsou v z\u00e1padn\u00edm sv\u011bt\u011b zast\u00e1nci nekorektn\u00edch n\u00e1zor\u016f cejchov\u00e1ni n\u00e1lepkami &#8222;fa\u0161ist\u016f&#8220;, &#8222;neonacist\u016f&#8220;, &#8222;antisemit\u016f&#8220;, &#8222;islamofob\u016f&#8220; atd. Samoz\u0159ejm\u011b s t\u011bmito ideologiemi nemaj\u00ed pranic spole\u010dn\u00e9ho, sta\u010d\u00ed jen, aby nap\u0159. n\u011bmeck\u00e1 politick\u00e1 strana AfD se vyslovila proti nekontrolovan\u00e9 muslimsk\u00e9 imigraci &#8211; a u\u017e byla ozna\u010dena za &#8222;neonacistickou&#8220;. Epiteta fa\u0161ismu a neonacismu mainstreamov\u00e1 m\u00e9dia d\u00e1vaj\u00ed i zast\u00e1nc\u016fm rodinn\u00fdch hodnot proti preferenci homosexu\u00e1l\u016f a genderov\u00e9 ideologie, ba dokonce u\u017e i radik\u00e1ln\u00edm odp\u016frc\u016fm potrat\u016f, jak uk\u00e1zal p\u0159\u00edpad loni zem\u0159el\u00e9ho katolick\u00e9ho prezidenta Tanz\u00e1nie Johna Magufuliho.<\/p>\n<p>P\u0159\u00edzna\u010dn\u00e9 ale je, \u017ee tam, kde takov\u00e9 pojmenov\u00e1n\u00ed skute\u010dn\u011b sed\u00ed a pat\u0159\u00ed, se naopak nesm\u00ed pou\u017e\u00edt. Ukrajinsk\u00fd pluk Azov, kter\u00fd bojuje spolu s ukrajinskou arm\u00e1dou proti rusk\u00e9mu vojsku, se skute\u010dn\u011b hl\u00e1s\u00ed k ideologii banderovsk\u00e9 UPA (Ukrajinsk\u00e1 povstaleck\u00e1 arm\u00e1da) z II. sv\u011btov\u00e9 v\u00e1lky, a v\u016fbec se t\u00edm netaj\u00ed. Ta nejen\u017ee bojovala na stran\u011b hitlerovsk\u00e9ho N\u011bmecka a spolu s jednotkami SS se dopou\u0161t\u011bla krvav\u00fdch zlo\u010din\u016f, ale sama mnoho t\u011bchto zv\u011brstev p\u00e1chala z vlastn\u00ed iniciativy.<\/p>\n<h2>Ukrajinci p\u0159ekon\u00e1vali eses\u00e1ky<\/h2>\n<p>Jejich nacionalistick\u00fd program po\u010d\u00edtal s etnick\u00fdmi \u010distkami &#8211; a tito hrdlo\u0159ezov\u00e9 skute\u010dn\u011b systematicky na \u00fazem\u00edch, kter\u00e1 m\u011bli pod kontrolou, masov\u011b likvidovali \u017didy, Pol\u00e1ky a Rusy, kte\u0159\u00ed tam \u017eili u\u017e mnoho generac\u00ed. Po\u010det jejich ob\u011bt\u00ed \u010din\u00ed dle n\u011bkter\u00fdch historik\u016f a\u017e 100 tis\u00edc lid\u00ed v\u010detn\u011b nemluv\u0148at, d\u011bt\u00ed a senior\u016f. Obzvl\u00e1\u0161\u0165 hr\u016fzostra\u0161n\u00e9 byly ud\u00e1losti na Volyni, kde v \u010dervenci r. 1943 tyto zr\u016fdy vyu\u017eily toho, \u017ee obyvatel\u00e9 polsk\u00fdch vesnic byly v ned\u011bli dopoledne v kostele, proto p\u0159epadly tamn\u00ed chr\u00e1my a v\u0161echny p\u0159\u00edtomn\u00e9 na m\u0161i v\u010detn\u011b kn\u011b\u017e\u00ed post\u0159\u00edlely nebo ubily sekyrami a no\u017ei, p\u0159i\u010dem\u017e \u017eeny je\u0161t\u011b p\u0159ed smrt\u00ed zn\u00e1silnily, d\u011bti rozsekaly na kousky apod. Svou d\u011bsivou bestialitou p\u0159ekonala UPA i samotnou SS a \u010dekisty z \u00e9ry vl\u00e1dy Lenina a Trock\u00e9ho v sov\u011btsk\u00e9m Rusku.<\/p>\n<p>Toto v\u0161e je dostate\u010dn\u011b zdokumentov\u00e1no jak polskou, tak ruskou stranou. Osobn\u011b mohu k tomu p\u0159ipojit i sv\u011bdectv\u00ed m\u00e9 matky. Pracovala tenkr\u00e1t na Podkarpatsk\u00e9 Rusi v Chustu, kter\u00fd po mnichovsk\u00e9 dohod\u011b v roce 1938 (kdy\u017e Ma\u010farsko zabralo hlavn\u00ed m\u011bsto U\u017ehorod) se stal novou metropol\u00ed tohoto autonomn\u00edho \u00fazem\u00ed v r\u00e1mci pomnichovsk\u00e9 tzv. Druh\u00e9 republiky. Po obsazen\u00ed \u010cech, Moravy a Slezska nacistick\u00fdm N\u011bmeckem 15. b\u0159ezna r. 1939 Ma\u010fa\u0159i zabrali zbytek Podkarpatska.<\/p>\n<p>Je\u0161t\u011b ale p\u0159edt\u00edm, ne\u017e tam vstoupili, ovl\u00e1dli m\u011bsto tzv. si\u010dovci, stoupenci organizace SI\u010c, kter\u00e1 odm\u00edtala uznat rus\u00ednskou n\u00e1rodnost a hl\u00e1sila se k my\u0161lence nez\u00e1visl\u00e9 tzv. Velk\u00e9 Ukrajiny. Si\u010dovci byli odno\u017e\u00ed UPA. Pl\u00e1novali &#8222;bartolom\u011bjskou noc&#8220; pro v\u0161echny \u010cechy tam \u017eij\u00edc\u00ed a pracuj\u00edc\u00ed. Za b\u00edl\u00e9ho dne st\u0159\u00edleli bez milosti ka\u017ed\u00e9ho \u010cecha, kter\u00fd se pohyboval na ulici a jeho\u017e n\u011bkdo &#8222;udal&#8220;, \u017ee je t\u00e9to n\u00e1rodnosti. Matka a ostatn\u00ed \u010de\u0161t\u00ed ob\u010dan\u00e9 byli poschov\u00e1v\u00e1ni ve sklep\u00edch, si\u010dovci hrozili, \u017ee v noci projdou d\u016fm od domu a v\u0161echny \u010cechy v\u010detn\u011b kojenc\u016f a starc\u016f vyvra\u017ed\u00ed.<\/p>\n<p>Z\u00e1chranu jim p\u0159ineslo nakonec ma\u010farsk\u00e9 vojsko, kter\u00e9 p\u0159i\u0161lo v prav\u00fd \u010das a umo\u017enilo na\u0161im lidem d\u016fstojn\u00fd n\u00e1vrat &#8222;dom\u016f&#8220; &#8211; do protektor\u00e1tu. Si\u010dovci se zdravili &#8222;Slava Ukrajini&#8220; stejn\u011b jako UPA. Tento pozdrav je dnes na Ukrajin\u011b, jak ukazuj\u00ed i v na\u0161\u00ed televizi, b\u011b\u017en\u00fd. M\u00e1 matka ale, stejn\u011b tak i dal\u0161\u00ed \u010cechov\u00e9 pracuj\u00edc\u00ed tenkr\u00e1t v Chustu, se ho d\u011bsili v\u00edce ne\u017e \u0159evu lva.<\/p>\n<h2>Pomn\u00edky vrah\u016fm<\/h2>\n<p>Jist\u011b, toto je minulost star\u00e1 u\u017e t\u00e9m\u011b\u0159 80 let a nep\u0159ipom\u00ednali bychom ji, kdyby se ofici\u00e1ln\u00ed ukrajinsk\u00e1 politick\u00e1 reprezentace k tomuto odkazu nehl\u00e1sila. Zdaleka to nen\u00ed jenom pluk Azov a dal\u0161\u00ed podobn\u00e1 sdru\u017een\u00ed, ale u\u017e p\u0159edchoz\u00ed re\u017eim prezidenta Poro\u0161enka nechal slavnostn\u011b vzty\u010dit v Kyjev\u011b pomn\u00edk zakladateli UPA St\u011bpanu Banderovi. A tohoto zlo\u010dince &#8211; p\u0159i\u010dem\u017e toto slovo zde mus\u00ed b\u00fdt hrubou ur\u00e1\u017ekou samotn\u00fdch zlo\u010dinc\u016f &#8211; z UPA vyzved\u00e1val jako &#8222;n\u00e1rodn\u00ed hrdiny&#8220;. Marn\u011b tenkr\u00e1t protestovala polsk\u00e1 vl\u00e1da poukazem na \u0159e\u017e na Volyni.<\/p>\n<p>To muselo b\u00fdt ur\u00e1\u017ekou i pro Rusy, nebo\u0165 i jejich krajan\u00e9 tenkr\u00e1t na Ukrajin\u011b pouze z toho titulu, \u017ee se hl\u00e1sili k t\u00e9to n\u00e1rodnosti, se st\u00e1vali ob\u011btmi masakr\u016f UPA. P\u0159edstavme si jen, jak bychom se asi c\u00edtili my, \u010de\u0161t\u00ed vlastenci, kdyby v N\u011bmecku nebo v Rakousku slavnostn\u011b odhalili pomn\u00edk Reinhardu Heydrichovi nebo Karlu Hermannu Frankovi a eses\u00e1ky, kte\u0159\u00ed vyvra\u017edili Lidice a Le\u017e\u00e1ky, prohl\u00e1sili za &#8222;n\u00e1rodn\u00ed hrdiny&#8220;. Nechali bychom to proj\u00edt bez pov\u0161imnut\u00ed? Zcela ur\u010dit\u011b ne.<\/p>\n<h2>Dareb\u00e1ctv\u00ed<\/h2>\n<p>Kdy\u017e ale takto adekv\u00e1tn\u011b reaguj\u00ed Rusov\u00e9, ozna\u010dujeme je za zlo\u010dince. Nem\u00edn\u00edm zde vstupovat do hodnocen\u00ed, kdo je, a kdo nen\u00ed v tomto konfliktu vinen, od toho jsou tady jin\u00ed. Souc\u00edt\u00edm se v\u0161emi nevinn\u00fdmi ob\u011btmi vojensk\u00fdch operac\u00ed, a\u0165 u\u017e se nach\u00e1zej\u00ed na kter\u00e9koliv stran\u011b. Je mi tak\u00e9 jasn\u00e9, \u017ee prost\u00e9 Ukrajince, kte\u0159\u00ed trp\u00ed v\u00e1le\u010dn\u00fdmi ud\u00e1lostmi a p\u0159ich\u00e1zej\u00ed o \u017eivot, nelze jakkoliv vinit ze spolu\u00fa\u010dasti na zlo\u010dinech pohrobk\u016f UPA. Rusko-ukrajinsk\u00fd konflikt je v\u00fdsledkem \u0161pinav\u00e9 hry velmoc\u00ed, je\u0161t\u011b p\u0159esn\u011bji t\u011bch, kte\u0159\u00ed diriguj\u00ed ze z\u00e1kulis\u00ed i velmocenskou politiku. A dopl\u00e1cej\u00ed na ni jako v\u017edycky prost\u00ed nevinn\u00ed lid\u00e9.<\/p>\n<p>Jde jen o to, upozornit na pokrytectv\u00ed a absolutn\u00ed nev\u011brohodnost sou\u010dasn\u00e9 z\u00e1padn\u00ed politiky, USA, NATO, EU a tak\u00e9 na\u0161\u00ed vl\u00e1dy, jako\u017e i jim sekunduj\u00edc\u00edch mainstreamov\u00fdch m\u00e9di\u00ed. D\u00e1vaj\u00ed Kainovo znamen\u00ed &#8222;fa\u0161ismu&#8220; a &#8222;neonacismu&#8220; t\u011bm, jejich\u017e jedin\u00fdm &#8222;zlo\u010dinem&#8220; je nesouhlas s ofici\u00e1ln\u00edm stanoviskem. Ale p\u0159itom jim v\u016fbec nevad\u00ed, \u017ee j\u00edmi veleben\u00ed ukrajin\u0161t\u00ed spojenci obhajuj\u00ed ta nejhr\u016fzn\u011bj\u0161\u00ed nacistick\u00e1 zv\u011brstva z doby II. sv\u011btov\u00e9 v\u00e1lky. A dokonce jejich pachatele vyzved\u00e1vaj\u00ed jako &#8222;state\u010dn\u00e9 bojovn\u00edky za vlast&#8220; s t\u00edm, \u017ee ka\u017ed\u00fd, kdo se odv\u00e1\u017e\u00ed na tuto skute\u010dnost pouk\u00e1zat, je okam\u017eit\u011b vyk\u0159i\u010den jako &#8222;stoupenec Putina a obh\u00e1jce jeho zlo\u010din\u016f&#8220;.<\/p>\n<p>Tohle je dareb\u00e1ctv\u00ed t\u011b\u017ek\u00e9ho kalibru, kter\u00e9 zdrav\u00fd lidsk\u00fd rozum prost\u011b nebere.<\/p>\n<\/div>\n<p><a href=\"https:\/\/protiproud.info\/politika\/6357-darebactvi-tezkeho-kalibru-pokrytectvi-rezimnich-medii-a-politiku-kdo-s-nimi-nesouhlasi-je-fasista-oslavovat-vraha-banderu-a-co-takhle-stavet-pomniky-heydrichovi-slava-ukrajini-je-pozdrav-nacistu-smi-se-to-u-nas-jeste-rict.htm\">PROTIPROUD<\/a><\/p>\n<p>&nbsp;<\/p>\n","protected":false},"excerpt":{"rendered":"<p>Oslavovat vraha Banderu? A co takhle stav\u011bt pomn\u00edky Heydrichovi? &#8222;Slava Ukrajini&#8220; je pozdrav nacist\u016f. Sm\u00ed&#8230;<\/p>\n","protected":false},"author":2,"featured_media":9273,"comment_status":"closed","ping_status":"closed","sticky":false,"template":"","format":"standard","meta":[],"categories":[6],"tags":[944,113,26],"_links":{"self":[{"href":"https:\/\/www.infokuryr.cz\/n\/wp-json\/wp\/v2\/posts\/9272"}],"collection":[{"href":"https:\/\/www.infokuryr.cz\/n\/wp-json\/wp\/v2\/posts"}],"about":[{"href":"https:\/\/www.infokuryr.cz\/n\/wp-json\/wp\/v2\/types\/post"}],"author":[{"embeddable":true,"href":"https:\/\/www.infokuryr.cz\/n\/wp-json\/wp\/v2\/users\/2"}],"replies":[{"embeddable":true,"href":"https:\/\/www.infokuryr.cz\/n\/wp-json\/wp\/v2\/comments?post=9272"}],"version-history":[{"count":0,"href":"https:\/\/www.infokuryr.cz\/n\/wp-json\/wp\/v2\/posts\/9272\/revisions"}],"wp:featuredmedia":[{"embeddable":true,"href":"https:\/\/www.infokuryr.cz\/n\/wp-json\/wp\/v2\/media\/9273"}],"wp:attachment":[{"href":"https:\/\/www.infokuryr.cz\/n\/wp-json\/wp\/v2\/media?parent=9272"}],"wp:term":[{"taxonomy":"category","embeddable":true,"href":"https:\/\/www.infokuryr.cz\/n\/wp-json\/wp\/v2\/categories?post=9272"},{"taxonomy":"post_tag","embeddable":true,"href":"https:\/\/www.infokuryr.cz\/n\/wp-json\/wp\/v2\/tags?post=9272"}],"curies":[{"name":"wp","href":"https:\/\/api.w.org\/{rel}","templated":true}]}}