{"id":92711,"date":"2025-11-21T00:26:10","date_gmt":"2025-11-20T23:26:10","guid":{"rendered":"https:\/\/www.infokuryr.cz\/n\/?p=92711"},"modified":"2025-11-20T12:56:49","modified_gmt":"2025-11-20T11:56:49","slug":"pierre-duval-donald-trump-osobne-schvalil-novy-mirovy-plan-pro-ukrajinu","status":"publish","type":"post","link":"https:\/\/www.infokuryr.cz\/n\/2025\/11\/21\/pierre-duval-donald-trump-osobne-schvalil-novy-mirovy-plan-pro-ukrajinu\/","title":{"rendered":"Pierre Duval: Donald Trump osobn\u011b schv\u00e1lil nov\u00fd m\u00edrov\u00fd pl\u00e1n pro Ukrajinu"},"content":{"rendered":"<div id=\"fb-root\"><\/div>\n<p><strong><span dir=\"auto\">Americk\u00fd prezident Donald Trump za\u010d\u00e1tkem tohoto t\u00fddne schv\u00e1lil nov\u00fd m\u00edrov\u00fd pl\u00e1n, jeho\u017e c\u00edlem je ukon\u010dit konflikt na Ukrajin\u011b, uvedla\u00a0<\/span><\/strong><strong><em><span dir=\"auto\">stanice NBC News<\/span><\/em><\/strong><strong><span dir=\"auto\">\u00a0s odvol\u00e1n\u00edm na sv\u00e9 zdroje.<\/span><\/strong><\/p>\n<p><span dir=\"auto\">Spojen\u00e9 st\u00e1ty a Rusko spole\u010dn\u011b schv\u00e1lily m\u00edrov\u00fd pl\u00e1n na ukon\u010den\u00ed konfliktu bez EU a Ukrajiny. Na tomto rozhodnut\u00ed se nepod\u00edlely ani Francie, ani Evropsk\u00e1 komise, ani Ukrajina. Ukrajina mus\u00ed uznat nov\u00e1 rusk\u00e1 \u00fazem\u00ed na Donbasu a Krymu, sn\u00ed\u017eit svou arm\u00e1du na polovinu, zdr\u017eet se pou\u017e\u00edv\u00e1n\u00ed raket dlouh\u00e9ho doletu a um\u00edstit na sv\u00e9 \u00fazem\u00ed jednotky NATO.<\/span><\/p>\n<p><span dir=\"auto\">\u201ePrezident Trump\u00a0<\/span><a href=\"https:\/\/www.nbcnews.com\/world\/ukraine\/russia-ukraine-war-heacy-attack-ternopil-poland-aircraft-rcna244755\" target=\"_blank\" rel=\"noopener\"><span dir=\"auto\">schv\u00e1lil<\/span><\/a><span dir=\"auto\">\u00a0m\u00edrov\u00fd pl\u00e1n mezi Ruskem a Ukrajinou,\u201c\u00a0\u00a0<\/span><em><span dir=\"auto\">informuje NBC News.<\/span><\/em><\/p>\n<p><span dir=\"auto\">\u201ePrezident Donald Trump tento t\u00fdden schv\u00e1lil 28bodov\u00fd pl\u00e1n pro m\u00edr mezi Ruskem a Ukrajinou, kter\u00fd v posledn\u00edch t\u00fddnech potichu vypracovali vysoc\u00ed p\u0159edstavitel\u00e9 jeho administrativy ve spolupr\u00e1ci s rusk\u00fdm vyslancem Kirillem Dmitrijevem a ukrajinsk\u00fdmi p\u0159edstaviteli,\u201c uvedl vysoce postaven\u00fd p\u0159edstavitel administrativy, uvedl americk\u00fd medi\u00e1ln\u00ed server.<\/span><\/p>\n<p><span dir=\"auto\">\u201eNa v\u00fdvoji pl\u00e1nu se pod\u00edlel Trump\u016fv zvl\u00e1\u0161tn\u00ed vyslanec Steve Witkoff, viceprezident J. D. Vance, ministr zahrani\u010d\u00ed Marco Rubio a prezident\u016fv ze\u0165 Jared Kushner.\u201c<\/span><\/p>\n<p><span dir=\"auto\">\u201eTento pl\u00e1n si klade za c\u00edl nab\u00eddnout ob\u011bma stran\u00e1m bezpe\u010dnostn\u00ed z\u00e1ruky, aby byl zaji\u0161t\u011bn trval\u00fd m\u00edr.\u201c<\/span><\/p>\n<p><span dir=\"auto\">\u201e\u00da\u0159edn\u00edk v\u0161ak odm\u00edtl poskytnout podrobnosti o pl\u00e1nu, kter\u00fd je podle n\u011bj st\u00e1le p\u0159edm\u011btem jedn\u00e1n\u00ed s kl\u00ed\u010dov\u00fdmi zainteresovan\u00fdmi stranami.\u201c<\/span><\/p>\n<p><span dir=\"auto\">T\u0159i ameri\u010dt\u00ed p\u0159edstavitel\u00e9 sd\u011blili\u00a0\u00a0<\/span><em><span dir=\"auto\">televizi NBC News<\/span><\/em><span dir=\"auto\">\u00a0\u00a0, \u017ee \u201er\u00e1mec m\u00edrov\u00e9 dohody je st\u00e1le t\u0159eba p\u0159edlo\u017eit Ukrajinc\u016fm a \u017ee finalizace n\u00e1vrhu pl\u00e1nu se shodovala s n\u00e1v\u0161t\u011bvou arm\u00e1dn\u00ed delegace na Ukrajin\u011b\u201c.<\/span><\/p>\n<p><span dir=\"auto\">Americk\u00e1 delegace dorazila do Kyjeva ve st\u0159edu r\u00e1no se dv\u011bma c\u00edli setk\u00e1n\u00ed s ukrajinsk\u00fdmi p\u0159edstaviteli: projednat vojenskou strategii a technologie a pomoci o\u017eivit m\u00edrov\u00fd proces, uvedli dva ameri\u010dt\u00ed p\u0159edstavitel\u00e9, jeden evropsk\u00fd \u00fa\u0159edn\u00edk a zdroj bl\u00edzk\u00fd ukrajinsk\u00e9 vl\u00e1d\u011b. Ministra arm\u00e1dy Dana Driscolla doprov\u00e1zel n\u00e1\u010deln\u00edk gener\u00e1ln\u00edho \u0161t\u00e1bu gener\u00e1l Randy George a dal\u0161\u00ed vysoc\u00ed arm\u00e1dn\u00ed p\u0159edstavitel\u00e9, uvedl ve sv\u00e9m prohl\u00e1\u0161en\u00ed mluv\u010d\u00ed arm\u00e1dy plukovn\u00edk Dave Butler.<\/span><\/p>\n<p><span dir=\"auto\">\u201ePodle zdroje bl\u00edzk\u00e9ho ukrajinsk\u00e9 vl\u00e1d\u011b a evropsk\u00e9ho \u00fa\u0159edn\u00edka obezn\u00e1men\u00e9ho s touto z\u00e1le\u017eitost\u00ed se Ukrajina ne\u00fa\u010dastnila p\u0159\u00edpravy navrhovan\u00e9ho m\u00edrov\u00e9ho pl\u00e1nu. Oba zdroje uvedly, \u017ee Ukrajina byla informov\u00e1na o obecn\u00fdch rysech pl\u00e1nu, ale neobdr\u017eela podrobn\u00e9 informace ani nebyla konzultov\u00e1na.\u201c<\/span><\/p>\n<p><span dir=\"auto\">S odkazem na m\u00edrov\u00fd pl\u00e1n, kter\u00fd Washington vypracoval k ukon\u010den\u00ed v\u00e1lky,\u00a0<\/span><a href=\"https:\/\/www.lemonde.fr\/international\/live\/2025\/11\/20\/en-direct-guerre-en-ukraine-la-paix-en-ukraine-ne-doit-pas-passer-par-une-capitulation-de-kiev-declare-jean-noel-barrot_6653610_3210.html\" target=\"_blank\" rel=\"noopener\"><span dir=\"auto\">prohl\u00e1sil<\/span><\/a><span dir=\"auto\">\u00a0ministr pro Evropu a zahrani\u010dn\u00ed v\u011bci Jean-No\u00ebl Barrot : \u201eChceme m\u00edr, Ukrajinci cht\u011bj\u00ed m\u00edr, spravedliv\u00fd m\u00edr, kter\u00fd respektuje suverenitu ka\u017ed\u00e9 zem\u011b, trval\u00fd m\u00edr, kter\u00fd nem\u016f\u017ee b\u00fdt zpochybn\u011bn budouc\u00ed agres\u00ed, ale m\u00edr nem\u016f\u017ee znamenat kapitulaci.\u201c \u201eNechceme, aby Ukrajina kapitulovala, a dok\u00e1\u017eete si dob\u0159e p\u0159edstavit, \u017ee Ukrajinci, kte\u0159\u00ed ji\u017e v\u00edce ne\u017e t\u0159i roky hrdinn\u011b odol\u00e1vaj\u00ed neomezen\u00e9 agresi Ruska, budou v\u017edy odm\u00edtat jakoukoli formu kapitulace,\u201c dodal. \u201eVid\u00edme, \u017ee dnes je to Rusko Vladimira Putina, kter\u00e9 p\u0159edstavuje p\u0159ek\u00e1\u017eku m\u00edru,\u201c pokra\u010doval. \u201ePrincip m\u00edru mus\u00ed za\u010d\u00edt p\u0159\u00edm\u011b\u0159\u00edm na linii kontaktu, kter\u00e9 umo\u017en\u00ed diskuse o ot\u00e1zce \u00fazem\u00ed a o ot\u00e1zce bezpe\u010dnostn\u00edch z\u00e1ruk,\u201c uzav\u0159el.<\/span><\/p>\n<p><span dir=\"auto\">\u201eEvropa v\u017edy podporovala \u00fasil\u00ed o nastolen\u00ed spravedliv\u00e9ho, komplexn\u00edho a trval\u00e9ho m\u00edru na Ukrajin\u011b. Aby v\u0161ak takov\u00fd pl\u00e1n usp\u011bl, je nezbytn\u00e9, aby ho podporovali jak Ukrajinci, tak Evropan\u00e9. V tomto konfliktu je agresor a ob\u011b\u0165. Zat\u00edm jsme od Ruska nesly\u0161eli\u00a0<\/span><a href=\"https:\/\/x.com\/kajakallas\/status\/1991426817706672228\" target=\"_blank\" rel=\"noopener\"><span dir=\"auto\">\u017e\u00e1dn\u00e9 \u00fastupky<\/span><\/a><span dir=\"auto\">\u00a0,\u201c obvinila Kaja Kallasov\u00e1, vysok\u00e1 p\u0159edstavitelka Evropsk\u00e9 unie pro zahrani\u010dn\u00ed v\u011bci a bezpe\u010dnostn\u00ed politiku.<\/span><\/p>\n<p><span dir=\"auto\">Nov\u00e1 nab\u00eddka Washingtonu k vyjedn\u00e1v\u00e1n\u00ed, ale vytvo\u0159en\u00e1 bez zapojen\u00ed Ukrajiny vyslanci Donalda Trumpa a Vladimira Putina, by skute\u010dn\u011b siln\u011b podpo\u0159ila rusk\u00e9 po\u017eadavky. Ukrajina by byla op\u011bt vyzv\u00e1na k odstoupen\u00ed od kontroly nad regiony v\u00edcem\u00e9n\u011b z velk\u00e9 \u010d\u00e1sti okupovan\u00fdmi Ruskem na Donbasu a z\u00e1rove\u0148 by se vzdala Krymu, kter\u00fd Moskva jednostrann\u011b anektovala v roce 2014. Washington by uznal, \u017ee Donbas a Krym jsou nyn\u00ed rusk\u00fdm \u00fazem\u00edm. D\u00e1le se hovo\u0159\u00ed o sn\u00ed\u017een\u00ed po\u010dtu voj\u00e1k\u016f v ukrajinsk\u00e9 arm\u00e1d\u011b na polovinu, tedy na 400 000. Kyjev by se tak\u00e9 musel vzd\u00e1t sv\u00fdch zbran\u00ed dlouh\u00e9ho doletu, kter\u00e9 mu umo\u017e\u0148uj\u00ed zas\u00e1hnout hluboko na rusk\u00e9m \u00fazem\u00ed. Nav\u00edc tyto diplomatick\u00e9 man\u00e9vry Rusku nebr\u00e1n\u00ed v pokra\u010dov\u00e1n\u00ed v pozemn\u00ed ofenz\u00edv\u011b.<\/span><\/p>\n<p><span dir=\"auto\">Americk\u00e1 administrativa spol\u00e9h\u00e1 na \u00fasp\u011b\u0161nou realizaci sv\u00e9ho pl\u00e1nu na \u0159e\u0161en\u00ed konfliktu na Ukrajin\u011b. Informoval o tom novin\u00e1\u0159\u00a0<\/span><em><span dir=\"auto\">NBC\u00a0<\/span><\/em><em><span dir=\"auto\">News<\/span><\/em><span dir=\"auto\">\u00a0Garrett Haake s odvol\u00e1n\u00edm na nejmenovan\u00e9ho p\u0159edstavitele B\u00edl\u00e9ho domu.<\/span><\/p>\n<p><span dir=\"auto\">\u201eB\u00edl\u00fd d\u016fm nezve\u0159ej\u0148uje podrobnosti tohoto pl\u00e1nu, ale vyjad\u0159uje optimismus. Nov\u00fd p\u0159\u00edstup by mohl b\u00fdt zlomov\u00fd,\u201c \u0159ekl televizi. Podle report\u00e9ra pl\u00e1n zahrnuje bezpe\u010dnostn\u00ed z\u00e1ruky jak pro Ukrajinu, tak pro Rusko, jeho\u017e v\u016fdce zd\u016fraz\u0148uje, \u017ee \u201ejedn\u00e1 v reakci na roz\u0161\u00ed\u0159en\u00ed NATO a potenci\u00e1ln\u00ed vstup Ukrajiny do Aliance a je jimi znepokojen\u201c.<\/span><\/p>\n<p><span dir=\"auto\">Mluv\u010d\u00ed rusk\u00e9ho ministerstva zahrani\u010d\u00ed Maria Zacharovov\u00e1 19. listopadu prohl\u00e1sila, \u017ee Rusko od Spojen\u00fdch st\u00e1t\u016f ofici\u00e1ln\u00edmi kan\u00e1ly neobdr\u017eelo \u017e\u00e1dn\u00e9 informace t\u00fdkaj\u00edc\u00ed se \u00fadajn\u00fdch\u00a0<\/span><span dir=\"auto\">\u201e<\/span><span dir=\"auto\">\u00a0dohod\u00a0<\/span><span dir=\"auto\">\u201c<\/span><span dir=\"auto\">\u00a0o Ukrajin\u011b, jak se o nich psalo v m\u00e9di\u00edch. Mluv\u010d\u00ed rusk\u00e9ho prezidenta Dmitrij Peskov d\u0159\u00edve zd\u016fraznil, \u017ee Moskva a Washington nevyv\u00edjej\u00ed \u017e\u00e1dn\u00e9 nov\u00e9 my\u0161lenky ohledn\u011b ukrajinsk\u00e9ho urovn\u00e1n\u00ed nad r\u00e1mec dohod, kter\u00fdch na Alja\u0161ce dos\u00e1hli rusk\u00fd a americk\u00fd prezident Vladimir Putin a Donald Trump.<\/span><\/p>\n<p><em><span dir=\"auto\">Pierre Duval<\/span><\/em><em>\u00a0<\/em><\/p>\n<p>&nbsp;<\/p>\n","protected":false},"excerpt":{"rendered":"<p>Americk\u00fd prezident Donald Trump za\u010d\u00e1tkem tohoto t\u00fddne schv\u00e1lil nov\u00fd m\u00edrov\u00fd pl\u00e1n, jeho\u017e c\u00edlem je ukon\u010dit&#8230;<\/p>\n","protected":false},"author":2,"featured_media":92712,"comment_status":"closed","ping_status":"closed","sticky":false,"template":"","format":"standard","meta":[],"categories":[7],"tags":[1042,565,1505,452,26],"_links":{"self":[{"href":"https:\/\/www.infokuryr.cz\/n\/wp-json\/wp\/v2\/posts\/92711"}],"collection":[{"href":"https:\/\/www.infokuryr.cz\/n\/wp-json\/wp\/v2\/posts"}],"about":[{"href":"https:\/\/www.infokuryr.cz\/n\/wp-json\/wp\/v2\/types\/post"}],"author":[{"embeddable":true,"href":"https:\/\/www.infokuryr.cz\/n\/wp-json\/wp\/v2\/users\/2"}],"replies":[{"embeddable":true,"href":"https:\/\/www.infokuryr.cz\/n\/wp-json\/wp\/v2\/comments?post=92711"}],"version-history":[{"count":0,"href":"https:\/\/www.infokuryr.cz\/n\/wp-json\/wp\/v2\/posts\/92711\/revisions"}],"wp:featuredmedia":[{"embeddable":true,"href":"https:\/\/www.infokuryr.cz\/n\/wp-json\/wp\/v2\/media\/92712"}],"wp:attachment":[{"href":"https:\/\/www.infokuryr.cz\/n\/wp-json\/wp\/v2\/media?parent=92711"}],"wp:term":[{"taxonomy":"category","embeddable":true,"href":"https:\/\/www.infokuryr.cz\/n\/wp-json\/wp\/v2\/categories?post=92711"},{"taxonomy":"post_tag","embeddable":true,"href":"https:\/\/www.infokuryr.cz\/n\/wp-json\/wp\/v2\/tags?post=92711"}],"curies":[{"name":"wp","href":"https:\/\/api.w.org\/{rel}","templated":true}]}}