{"id":92702,"date":"2025-11-21T00:33:17","date_gmt":"2025-11-20T23:33:17","guid":{"rendered":"https:\/\/www.infokuryr.cz\/n\/?p=92702"},"modified":"2025-11-20T18:28:55","modified_gmt":"2025-11-20T17:28:55","slug":"selhavani-statu-od-nejistoty-obcanu-k-systemove-krizi","status":"publish","type":"post","link":"https:\/\/www.infokuryr.cz\/n\/2025\/11\/21\/selhavani-statu-od-nejistoty-obcanu-k-systemove-krizi\/","title":{"rendered":"Selh\u00e1v\u00e1n\u00ed st\u00e1tu \u2013 od nejistoty ob\u010dan\u016f k syst\u00e9mov\u00e9 krizi"},"content":{"rendered":"<div id=\"fb-root\"><\/div>\n<p><strong>\u010cel\u00ed \u010desk\u00e1 spole\u010dnost syst\u00e9mov\u00e9 krizi? Rozhovor s odborn\u00edkem na bezpe\u010dnost Jeho Jasnost\u00ed Mgr. Svatoplukem Richardem Vladislavem Norbertem kn\u00ed\u017eetem von Haugwitz a baron z Biskupitz, 21. d\u011bdi\u010dn\u00fdm v\u00e9vodou z\u00a0Glubczyc.<br \/>\n<\/strong>__________<\/p>\n<p><strong>Perex:<\/strong><\/p>\n<p><strong>Jak hlubok\u00e1 je krize \u010desk\u00e9 spole\u010dnosti a kudy vede cesta ke stabilit\u011b? \u010cesk\u00e1 republika podle odborn\u00edka na pr\u00e1vo, bezpe\u010dnost a krizov\u00e9 \u0159\u00edzen\u00ed \u010del\u00ed v\u00e1\u017en\u00fdm syst\u00e9mov\u00fdm probl\u00e9m\u016fm. Statistick\u00e1 data ukazuj\u00ed alarmuj\u00edc\u00ed trendy \u2013 miliony lid\u00ed v exekuc\u00edch, vysok\u00fd po\u010det rozvod\u016f a rostouc\u00ed bezdomovectv\u00ed. V exkluzivn\u00edm rozhovoru zazn\u00edv\u00e1 kritika sou\u010dasn\u00e9ho fungov\u00e1n\u00ed st\u00e1tu i justice a n\u00e1vrh na z\u00e1sadn\u00ed zm\u011bnu, p\u0159echod k modelu konstitu\u010dn\u00ed monarchie, kter\u00fd by mohl p\u0159in\u00e9st dlouhodobou stabilitu a pos\u00edlit demokratick\u00e9 principy.<\/strong><\/p>\n<p><img decoding=\"async\" loading=\"lazy\" class=\"wp-image-92704 alignleft\" src=\"http:\/\/www.infokuryr.cz\/n\/wp-content\/uploads\/2025\/11\/svata3-229x300.jpg\" alt=\"\" width=\"359\" height=\"470\" srcset=\"https:\/\/www.infokuryr.cz\/n\/wp-content\/uploads\/2025\/11\/svata3-229x300.jpg 229w, https:\/\/www.infokuryr.cz\/n\/wp-content\/uploads\/2025\/11\/svata3.jpg 657w\" sizes=\"(max-width: 359px) 100vw, 359px\" \/><strong><em>\u00davod redaktora:<\/em><\/strong><\/p>\n<p>Pane kn\u00ed\u017ee, V\u00e1\u0161 rod v\u00a0d\u011bjin\u00e1ch mnohokr\u00e1t prok\u00e1zal bystr\u00fd \u00fasudek, schopnosti diplomatick\u00e9ho \u0159e\u0161en\u00ed v\u011bc\u00ed, nad\u010dasov\u00fd vhled do souvislost\u00ed formuj\u00edc\u00edch v\u00fdvoj spole\u010dnosti, a p\u0159edev\u0161\u00edm pak lidskost v\u00a0tom nej\u010dist\u0161\u00edm slova smyslu. \u010cesk\u00e9 vlastenectv\u00ed m\u00e1 v\u00a0d\u011bjin\u00e1ch Va\u0161eho rodu ji\u017e po generace velkou tradici. V\u00e1\u0161 otec, jako profesion\u00e1ln\u00ed z\u00e1chran\u00e1\u0159 i Vy, jako jeden z\u00a0na\u0161ich p\u0159edn\u00edch odborn\u00edk\u016f na ochranu obyvatelstva a pedagog, napl\u0148ujete sv\u00fdm celo\u017eivotn\u00edm postojem a p\u0159\u00edstupem k\u00a0\u017eivotu oblast pomoci bli\u017en\u00edmu v\u00a0ka\u017edodenn\u00edm sv\u00e9m kon\u00e1n\u00ed. Jste zn\u00e1m\u00fd nejen svou odbornost\u00ed v oblasti pr\u00e1va, bezpe\u010dnosti a krizov\u00e9m \u0159\u00edzen\u00ed, ale i zes\u00edlen\u00fdm smyslem pro spravedlnost, \u010dest a po\u0159\u00e1dek. Vystudoval jste Policejn\u00ed akademii \u010cR, p\u016fsobil jste jako vysoko\u0161kolsk\u00fd pedagog, vzd\u011bl\u00e1val jste policisty a z\u00e1chrann\u00e9 slo\u017eky, jste autorem odborn\u00fdch publikac\u00ed o ochran\u011b obyvatelstva a \u010dlenem v\u00fdznamn\u00fdch bezpe\u010dnostn\u00edch mezin\u00e1rodn\u00edch organizac\u00ed. Pro\u010d pr\u00e1v\u011b Vy dnes otev\u00edr\u00e1te t\u00e9ma selh\u00e1v\u00e1n\u00ed st\u00e1tu?<\/p>\n<p><strong><em>Odpov\u011b\u010f:<\/em><\/strong><\/p>\n<p>Mnoho lid\u00ed vn\u00edm\u00e1, \u017ee stav na\u0161\u00ed spole\u010dnosti nen\u00ed v\u00a0po\u0159\u00e1dku. Spole\u010dnost upad\u00e1 p\u0159edev\u0161\u00edm mor\u00e1ln\u011b a hodnotov\u011b, v\u00fdznamn\u00e1 \u010d\u00e1st obyvatelstva chudne. Po letech zku\u0161enost\u00ed, kdy jsem se pohyboval ve st\u00e1tn\u00ed spr\u00e1v\u011b a samospr\u00e1v\u011b v\u00edm, jak m\u00e1 fungovat st\u00e1t, kdy\u017e jde o \u017eivoty lid\u00ed, jejich bezpe\u010d\u00ed a pr\u00e1vn\u00ed jistotu. M\u00e1m zku\u0161enosti i z prost\u0159ed\u00ed, kde se na mezin\u00e1rodn\u00ed \u00farovni \u0159e\u0161\u00ed bezpe\u010dnost, ochrana obyvatelstva, krizov\u00e9 \u0159\u00edzen\u00ed a pr\u00e1vn\u00ed \u0159\u00e1d. Vid\u00edm, \u017ee \u010cesk\u00e1 republika selh\u00e1v\u00e1 v z\u00e1kladn\u00edch funkc\u00edch, kter\u00e9 m\u00e1 ob\u010dan\u016fm garantovat. A ml\u010det by znamenalo p\u0159isp\u00edvat k\u00a0dal\u0161\u00edmu \u00fapadku.<\/p>\n<p><strong><em>Ot\u00e1zka:<\/em><\/strong> V \u010dem obecn\u011b vid\u00edte p\u0159\u00ed\u010diny prob\u00edhaj\u00edc\u00edho \u00fapadku \u010desk\u00e9 i evropsk\u00e9 spole\u010dnosti?<\/p>\n<p><strong><em>Odpov\u011b\u010f:<\/em><\/strong><\/p>\n<p>V\u00edte, pane redaktore, ka\u017ed\u00fd \u017eiv\u00fd tvor na t\u00e9to planet\u011b existuje v r\u00e1mci p\u0159irozen\u00fdch, hluboce zak\u00f3dovan\u00fdch pravidel sv\u00e9ho druhu, kter\u00e1 po tis\u00edcilet\u00ed zaji\u0161\u0165ovala stabilitu a prosperitu celku \u2013 proto\u017ee pr\u00e1v\u011b o ten tu jde p\u0159edev\u0161\u00edm. \u010clov\u011bk jako soci\u00e1ln\u00ed bytost nen\u00ed v\u00fdjimkou. I on m\u00e1 v sob\u011b vnit\u0159n\u00ed nastaven\u00ed pro \u017eivot ve spole\u010dnosti. Lidsk\u00e9 spole\u010denstv\u00ed je p\u0159irozen\u011b utv\u00e1\u0159eno rozmanitost\u00ed rol\u00ed \u2013 ka\u017ed\u00fd jedinec je p\u0159edur\u010den pro konkr\u00e9tn\u00ed m\u00edsto ve spole\u010dnosti sv\u00fdmi schopnostmi. Rod\u00ed se lid\u00e9 s mimo\u0159\u00e1dn\u00fdm nad\u00e1n\u00edm pro b\u00e1d\u00e1n\u00ed \u2013 v\u011bdci, matematici, intelektu\u00e1lov\u00e9; lid\u00e9 mimo\u0159\u00e1dn\u011b zru\u010dn\u00ed \u2013 vhodn\u00ed pro \u0159emesla; lid\u00e9 s nezdolnou kreativitou a um\u011bleck\u00fdm nad\u00e1n\u00edm \u2013 pro malbu \u010di hudbu. A mezi nimi se rod\u00ed i men\u0161\u00ed procento p\u0159irozen\u00fdch v\u016fdc\u016f.<\/p>\n<p>Tito v\u016fdci jsou intuitivn\u011b p\u0159edur\u010deni k veden\u00ed, p\u0159i\u010dem\u017e jejich legitimita vych\u00e1z\u00ed z jejich podstaty, nikoli z um\u011bl\u00fdch p\u0159edpis\u016f, kter\u00e9 \u010dasto nejsou v souladu s blahem spole\u010dnosti \u2013 tedy lid\u00ed, kte\u0159\u00ed v n\u00ed \u017eij\u00ed. Bohu\u017eel, masov\u00e9 a um\u011bl\u00e9 naru\u0161ov\u00e1n\u00ed tohoto p\u0159irozen\u00e9ho \u0159\u00e1du, zp\u016fsoben\u00e9 fale\u0161n\u00fdmi iluzemi neomezen\u00e9 svobody a sebest\u0159ednosti, \u017eene lidstvo na evropsk\u00e9m kontinentu pod fale\u0161nou n\u00e1lepkou \u00fadajn\u00e9 demokracie neodvratn\u011b k z\u00e1hub\u011b.<\/p>\n<p><img decoding=\"async\" loading=\"lazy\" class=\"wp-image-92705 alignright\" src=\"http:\/\/www.infokuryr.cz\/n\/wp-content\/uploads\/2025\/11\/erb-207x300.jpg\" alt=\"\" width=\"448\" height=\"649\" srcset=\"https:\/\/www.infokuryr.cz\/n\/wp-content\/uploads\/2025\/11\/erb-207x300.jpg 207w, https:\/\/www.infokuryr.cz\/n\/wp-content\/uploads\/2025\/11\/erb-707x1024.jpg 707w, https:\/\/www.infokuryr.cz\/n\/wp-content\/uploads\/2025\/11\/erb-768x1112.jpg 768w, https:\/\/www.infokuryr.cz\/n\/wp-content\/uploads\/2025\/11\/erb-1061x1536.jpg 1061w, https:\/\/www.infokuryr.cz\/n\/wp-content\/uploads\/2025\/11\/erb-1024x1482.jpg 1024w, https:\/\/www.infokuryr.cz\/n\/wp-content\/uploads\/2025\/11\/erb.jpg 1075w\" sizes=\"(max-width: 448px) 100vw, 448px\" \/><\/p>\n<p>Sou\u010dasn\u00e1 spole\u010dnost se toti\u017e k prav\u00fdm v\u016fdc\u016fm chov\u00e1 nep\u0159\u00e1telsky, potla\u010duje je a nahrazuje je um\u011ble vytvo\u0159en\u00fdmi mana\u017eery \u2013 lidmi, kte\u0159\u00ed by se p\u0159irozen\u011b uplatnili nap\u0159\u00edklad jako vynikaj\u00edc\u00ed \u0159emesln\u00edci. Tito \u0159\u00edd\u00edc\u00ed pracovn\u00edci sice na z\u00e1klad\u011b nau\u010den\u00fdch a vykonstruovan\u00fdch pravidel zast\u00e1vaj\u00ed vedouc\u00ed funkce, ale nikdy nemohou svou pr\u00e1ci vykon\u00e1vat s takovou efektivitou a p\u0159irozenou autoritou jako ti, kte\u0159\u00ed se pro veden\u00ed narodili. U p\u0159irozen\u00e9ho v\u016fdce toti\u017e nejde o osobn\u00ed prosp\u011bch, ale o veden\u00ed lid\u00ed k prosperit\u011b celku.<\/p>\n<p>Ka\u017ed\u00fd z n\u00e1s m\u00e1 sv\u00e9 jasn\u00e9 m\u00edsto ve spole\u010densk\u00e9 struktu\u0159e \u2013 stejn\u011b jako m\u00e1 ka\u017ed\u00e1 v\u010dela v \u00falu sv\u00e9 p\u0159esn\u00e9 posl\u00e1n\u00ed. V\u010dely a jejich spole\u010denstv\u00ed vzkv\u00e9taj\u00ed pr\u00e1v\u011b proto, \u017ee ka\u017ed\u00e1 z nich dokonale v\u00ed, kde je jej\u00ed m\u00edsto, jak\u00e1 je jej\u00ed role ve spole\u010denstv\u00ed, a tuto roli pln\u00ed. Jen si p\u0159edstavte, jak\u00fd chaos by nastal v \u00falu, kdyby v\u010dely p\u0159estaly plnit sv\u00e9 povinnosti a za\u010daly d\u011blat jen to, co se jim pr\u00e1v\u011b zachce.<\/p>\n<p><strong><em>Ot\u00e1zka: <\/em><\/strong><em>Jak hodnot\u00edte sou\u010dasn\u00fd stav ve\u0159ejn\u00e9 spr\u00e1vy a justice v \u010cesk\u00e9 republice?<\/em><\/p>\n<p><strong><em>Odpov\u011b\u010f:<\/em><\/strong><em><br \/>\n<\/em>Ve\u0159ejn\u00e1 spr\u00e1va se nach\u00e1z\u00ed v hlubok\u00e9 krizi. Ministerstva a \u00fa\u0159ady trp\u00ed nekompetentnost\u00ed, vysokou fluktuac\u00ed a ztr\u00e1tou institucion\u00e1ln\u00ed pam\u011bti. Ka\u017ed\u00e1 zm\u011bna vl\u00e1dy znamen\u00e1 person\u00e1ln\u00ed ot\u0159esy, kter\u00e9 ni\u010d\u00ed kontinuitu. \u00da\u0159edn\u00edci bez dostate\u010dn\u00e9 praxe rozhoduj\u00ed o miliard\u00e1ch a osudech lid\u00ed \u2013 to nen\u00ed stabiln\u00ed spr\u00e1va, ale riskantn\u00ed experiment na ob\u010danech.<\/p>\n<p>Justice? Form\u00e1ln\u011b nez\u00e1visl\u00e1, ale prakticky nekontrolovan\u00e1. Chyb\u00ed \u00fa\u010dinn\u00e9 mechanismy kontroly v\u00fdkonu soudn\u00ed moci, co\u017e vede k rozsudk\u016fm, kter\u00e9 jsou podle odborn\u00edk\u016f i ve\u0159ejnosti \u010dasto nep\u0159edv\u00eddateln\u00e9 a sporn\u00e9 (<em>mnohdy odporuj\u00ed pr\u00e1vn\u00edmu \u0159\u00e1du, ale \u010dasto i zdrav\u00e9mu rozumu<\/em>). D\u016fv\u011bra v pr\u00e1vn\u00ed st\u00e1t se rozpad\u00e1 \u2013 a bez n\u00ed se rozpad\u00e1 i st\u00e1t.<\/p>\n<p>Rozsudky jsou vydan\u00e9 pod heslem \u201eJm\u00e9nem Republiky\u201c, co\u017e nepova\u017euji za spr\u00e1vn\u00e9. Tento form\u00e1ln\u00ed odkaz na republiku p\u016fsob\u00ed sp\u00ed\u0161e ideologicky ne\u017e pr\u00e1vn\u011b; logi\u010dt\u011bj\u0161\u00ed by bylo, aby rozsudek vych\u00e1zel \u201eJm\u00e9nem st\u00e1tu\u201c, kter\u00fd garantuje pr\u00e1vn\u00ed \u0159\u00e1d a spravedlnost. Jako demokrata a monarchistu m\u011b vlastn\u011b rozsudky vy\u0159\u010den\u00e9 v\u00a0na\u0161em st\u00e1t\u011b \u201eJm\u00e9nem Republiky\u201c ur\u00e1\u017eej\u00ed.<\/p>\n<p>Pojem demokracie a svobody je t\u0159eba ch\u00e1pat spr\u00e1vn\u011b. Nez\u00e1le\u017e\u00ed prim\u00e1rn\u011b na form\u011b st\u00e1tn\u00edho z\u0159\u00edzen\u00ed \u2013 zda jde o monarchii \u010di republiku \u2013 ale na zp\u016fsobu v\u00fdkonu moci. Kl\u00ed\u010dov\u00e9 je, zda je vl\u00e1da demokratick\u00e1, nebo nedemokratick\u00e1. Forma st\u00e1tu sama o sob\u011b nezaru\u010duje svobodu; rozhoduj\u00edc\u00ed je, jak jsou uplat\u0148ov\u00e1ny principy pr\u00e1vn\u00edho st\u00e1tu, ochrany pr\u00e1v a \u00fa\u010dasti ob\u010dan\u016f na rozhodov\u00e1n\u00ed.<\/p>\n<p><strong><em>Ot\u00e1zka:<\/em><\/strong> M\u00e1me v\u016fbec p\u0159edstavu, jak\u00e1 je skute\u010dn\u00e1 m\u00edra spole\u010densk\u00e9ho rozkladu?<\/p>\n<p><strong><em>Odpov\u011b\u010f:<\/em><br \/>\n<\/strong>V\u017edy up\u0159ednost\u0148uji fakta. Statistick\u00e1 data jsou ukazatelem stavu spole\u010dnosti. Umo\u017e\u0148uj\u00ed porozum\u011bt realit\u011b, pl\u00e1novat budoucnost a p\u0159ij\u00edmat kvalifikovan\u00e1 rozhodnut\u00ed. Pod\u00edvejme se na konkr\u00e9tn\u00ed \u010d\u00edsla, kter\u00e1 vypov\u00eddaj\u00ed o stavu na\u0161\u00ed spole\u010dnosti.<\/p>\n<p><img decoding=\"async\" loading=\"lazy\" class=\"wp-image-92706 alignleft\" src=\"http:\/\/www.infokuryr.cz\/n\/wp-content\/uploads\/2025\/11\/svata2-144x300.jpg\" alt=\"\" width=\"404\" height=\"842\" srcset=\"https:\/\/www.infokuryr.cz\/n\/wp-content\/uploads\/2025\/11\/svata2-144x300.jpg 144w, https:\/\/www.infokuryr.cz\/n\/wp-content\/uploads\/2025\/11\/svata2-491x1024.jpg 491w, https:\/\/www.infokuryr.cz\/n\/wp-content\/uploads\/2025\/11\/svata2.jpg 514w\" sizes=\"(max-width: 404px) 100vw, 404px\" \/><\/p>\n<p>Od roku 1990 bylo v \u010cesk\u00e9 republice odsouzeno p\u0159ibli\u017en\u011b 1 728 000 osob (<em>dle Ministerstva spravedlnosti \u010cR a \u010dasov\u00fdch \u0159ad \u010cS\u00da<\/em>). Od roku 2001 se do exekuce dostalo v\u00edce ne\u017e 3 092 330 konkr\u00e9tn\u00edch osob (<em>dle Exekutorsk\u00e9 komory \u010cR \u2013 projekt Otev\u0159en\u00e1 data o exekuc\u00edch<\/em>). Dohromady jde o t\u00e9m\u011b\u0159 5 milion\u016f lid\u00ed \u2013 tedy skoro polovinu populace na\u0161eho st\u00e1tu. A to je jen p\u0159\u00edm\u00fd dopad. Exekuce a trestn\u00ed st\u00edh\u00e1n\u00ed zasahuj\u00ed i nebli\u017e\u0161\u00ed osoby t\u011bchto lid\u00ed, tedy jejich rodiny \u2013 partnery, d\u011bti, rodi\u010de. Pokud k tomu p\u0159ipo\u010dteme rozvody, dost\u00e1v\u00e1me dal\u0161\u00ed alarmuj\u00edc\u00ed \u00fadaj. Od roku 1990 do roku 2025 bylo dle \u010cesk\u00e9ho statistick\u00e9ho \u00fa\u0159adu (<em>\u010dasov\u00e9 \u0159ady S\u0148atky a rozvody<\/em>) rozvedeno p\u0159ibli\u017en\u011b 1 008 000 man\u017eelstv\u00ed. To znamen\u00e1, \u017ee milion rodin pro\u0161lo kriz\u00ed, kter\u00e1 se podepsala nejen na dosp\u011bl\u00fdch, ale p\u0159edev\u0161\u00edm na d\u011btech v\u00a0t\u011bch rodin\u00e1ch. V\u0161e \u010dasto souvis\u00ed s ekonomick\u00fdm tlakem a probl\u00e9my za kter\u00e9 nese st\u00e1t velkou zodpov\u011bdnost nastaven\u00edm sv\u00fdch z\u00e1kon\u016f.<\/p>\n<p>A to nen\u00ed zdaleka v\u0161e. \u010cesk\u00e1 republika m\u00e1 nejv\u00edce bezdomovc\u016f na ulici na po\u010det obyvatel ze v\u0161ech zem\u00ed OECD. V roce 2025 \u017eilo na ulici 9 358 osob, dal\u0161\u00edch 21 547 v azylov\u00fdch domech \u2013 celkem p\u0159es 30 900 lid\u00ed (<em>dle OECD a \u00fadaj\u016f Ministerstva pr\u00e1ce a soci\u00e1ln\u00edch v\u011bc\u00ed, publikovan\u00fdch v TN.cz<\/em>). To je ostudn\u00e9 \u010d\u00edslo pro st\u00e1t, kter\u00fd by m\u011bl garantovat z\u00e1kladn\u00ed soci\u00e1ln\u00ed jistoty.<\/p>\n<p><strong><em>Ot\u00e1zka:<\/em><\/strong> Co tato \u010d\u00edsla znamenaj\u00ed pro spole\u010dnost?<\/p>\n<p><strong><em>Odpov\u011b\u010f:<\/em><br \/>\n<\/strong>Pokud se\u010dteme u\u017e jen ty prvn\u00ed t\u0159i ukazatele (<em>odsouzen\u00ed, exekuce, rozvody<\/em>), dost\u00e1v\u00e1me \u010d\u00edslo p\u0159es 9 milion\u016f p\u0159\u00edpad\u016f. I kdy\u017e se n\u011bkter\u00e9 osoby jist\u011b opakuj\u00ed, rozsah probl\u00e9mu je natolik masivn\u00ed, \u017ee nelze mluvit o jednotliv\u00fdch selh\u00e1n\u00edch, ale o syst\u00e9mov\u00e9 krizi st\u00e1tu. St\u00e1t, kter\u00fd nedok\u00e1\u017ee zajistit z\u00e1kladn\u00ed stabilitu, pr\u00e1vn\u00ed jistotu a ochranu ob\u010dan\u016f, nen\u00ed vysp\u011bl\u00fdm st\u00e1tem. Je to st\u00e1t, kde vl\u00e1dne nejistota, kde ob\u010dan nev\u00ed, co bude z\u00edtra, a kde se m\u00edsto prevence a podpory buduje represivn\u00ed apar\u00e1t.<\/p>\n<p>P\u0159esto zat\u00edm existuje nezanedbateln\u00e1 \u010d\u00e1st ob\u010dan\u016f, kte\u0159\u00ed tvrd\u00ed, \u017ee se v na\u0161\u00ed zemi \u017eije dob\u0159e. Ve skute\u010dnosti jde v\u0161ak p\u0159ev\u00e1\u017en\u011b o ty, kte\u0159\u00ed se dosud nedostali do ozuben\u00fdch kol represivn\u00edho mechanismu st\u00e1tu. T\u011bchto lid\u00ed v\u0161ak ka\u017ed\u00fd rok ub\u00fdv\u00e1.<\/p>\n<p><strong><em>Ot\u00e1zka:<\/em><\/strong> Va\u0161e Jasnosti, jak hodnot\u00edte sou\u010dasn\u00fd stav ministerstev, \u00fa\u0159ad\u016f a Justice v \u010cesk\u00e9 republice?<\/p>\n<p><strong><em>Odpov\u011b\u010f:<\/em><\/strong><br \/>\nStav ve\u0159ejn\u00e9 spr\u00e1vy je alarmuj\u00edc\u00ed. Podle v\u00fdzkumu CVVM z \u010dervna 2025 (Hodnocen\u00ed \u010dinnosti ministerstev) obdr\u017eela v\u011bt\u0161ina ministerstev zn\u00e1mku hor\u0161\u00ed ne\u017e \u201etrojku\u201c. Ministerstvo spravedlnosti a financ\u00ed dokonce \u201e\u010dty\u0159ku\u201c a\u017e \u201ep\u011btku\u201c od \u010dtvrtiny ob\u010dan\u016f. Fluktuace zam\u011bstnanc\u016f je vysok\u00e1, co\u017e vede ke ztr\u00e1t\u011b institucion\u00e1ln\u00ed pam\u011bti a kontinuitn\u00edho \u0159e\u0161en\u00ed probl\u00e9m\u016f. Mnoz\u00ed \u00fa\u0159edn\u00edci nemaj\u00ed dostate\u010dnou odbornost ani zku\u0161enosti, co\u017e se projevuje v neefektivn\u00edm v\u00fdkonu st\u00e1tn\u00ed spr\u00e1vy.<\/p>\n<p>Justice \u010dasto rozhoduje v rozporu se z\u00e1konem i zdrav\u00fdm rozumem. Rozsudky jsou nep\u0159edv\u00eddateln\u00e9, n\u011bkdy absurdn\u00ed. Ob\u010dan se nem\u016f\u017ee spolehnout na spravedlnost. To je z\u00e1kladn\u00ed znak pr\u00e1vn\u00edho st\u00e1tu \u2013 a ten u n\u00e1s chyb\u00ed. Mnoz\u00ed ob\u010dan\u00e9 dnes maj\u00ed pocit, \u017ee jsme sp\u00ed\u0161e justi\u010dn\u00ed a policejn\u00ed st\u00e1t, kde se produkuj\u00ed tresty a exekuce ne\u017e st\u00e1t, kter\u00fd chr\u00e1n\u00ed pr\u00e1va ob\u010dan\u016f.<\/p>\n<p><strong><em>Ot\u00e1zka:<\/em><\/strong> Pom\u016f\u017ee zm\u011bna politick\u00fdch stran?<\/p>\n<p><strong><em>Odpov\u011b\u010f:<\/em><br \/>\n<\/strong>Ne. Nejistotu a nestabilitu neodstran\u00ed v\u00fdm\u011bny politick\u00fdch stran, jak jsme se p\u0159esv\u011bd\u010dili za posledn\u00edch 35 let. Probl\u00e9m nen\u00ed v barv\u011b vlajky na ministerstvu, ale v samotn\u00e9m syst\u00e9mu. Republikov\u00fd model se ukazuje jako nefunk\u010dn\u00ed \u2013 je zalo\u017een na neust\u00e1l\u00e9m st\u0159\u00edd\u00e1n\u00ed vl\u00e1d, kter\u00e9 p\u0159in\u00e1\u0161\u00ed chaos, nikoli stabilitu. \u0158e\u0161en\u00ed mus\u00ed b\u00fdt syst\u00e9mov\u00e9.<\/p>\n<p>Pod\u00edvejme se na Evropu: 12 st\u00e1t\u016f EU jsou konstitu\u010dn\u00ed monarchie \u2013 nap\u0159\u00edklad Nizozemsko, D\u00e1nsko, Belgie, \u0160pan\u011blsko. Tyto zem\u011b pat\u0159\u00ed mezi nejstabiln\u011bj\u0161\u00ed, nejbohat\u0161\u00ed a nejdemokrati\u010dt\u011bj\u0161\u00ed na sv\u011bt\u011b. Monarchie poskytuje kontinuitu, stabilitu a nadstranickou autoritu, kter\u00e1 chr\u00e1n\u00ed st\u00e1t p\u0159ed politick\u00fdm populismem a kr\u00e1tkodob\u00fdmi z\u00e1jmy. To nen\u00ed n\u00e1vrat do st\u0159edov\u011bku, ale osv\u011bd\u010den\u00fd model modern\u00ed demokracie.<\/p>\n<p><img decoding=\"async\" loading=\"lazy\" class=\"wp-image-92707 aligncenter\" src=\"http:\/\/www.infokuryr.cz\/n\/wp-content\/uploads\/2025\/11\/erb-his-300x300.jpg\" alt=\"\" width=\"647\" height=\"647\" srcset=\"https:\/\/www.infokuryr.cz\/n\/wp-content\/uploads\/2025\/11\/erb-his-300x300.jpg 300w, https:\/\/www.infokuryr.cz\/n\/wp-content\/uploads\/2025\/11\/erb-his.jpg 1024w, https:\/\/www.infokuryr.cz\/n\/wp-content\/uploads\/2025\/11\/erb-his-150x150.jpg 150w, https:\/\/www.infokuryr.cz\/n\/wp-content\/uploads\/2025\/11\/erb-his-768x768.jpg 768w\" sizes=\"(max-width: 647px) 100vw, 647px\" \/><\/p>\n<p><strong><em>Ot\u00e1zka:<\/em><\/strong> Pom\u016f\u017ee n\u00e1m tedy zm\u011bna st\u00e1tn\u00edho z\u0159\u00edzen\u00ed z\u00a0republiky na monarchii?<\/p>\n<p><em>O<strong>dpov\u011b\u010f: <\/strong><\/em>V\u011b\u0159\u00edm, \u017ee ano.<\/p>\n<p>V\u011bt\u0161ina spole\u010dnosti ji\u017e byla v\u00a0na\u0161\u00ed republice p\u0159\u00edmo \u010di nep\u0159\u00edmo zasa\u017eena syst\u00e9mov\u00fdm selh\u00e1n\u00edm st\u00e1tu. Tento st\u00e1t nen\u00ed vysp\u011blou demokraci\u00ed. Je to st\u00e1t nejistoty, chaosu a repres\u00ed. Pokud se trend nezm\u011bn\u00ed, budeme \u017e\u00edt v zemi, kde ka\u017ed\u00fd ob\u010dan bude bu\u010f odsouzen\u00fd, v exekuci, nebo bez domova. A to nen\u00ed vize modern\u00edho pr\u00e1vn\u00edho st\u00e1tu. Jsem p\u0159esv\u011bd\u010den, \u017ee zm\u011bna st\u00e1tn\u00edho z\u0159\u00edzen\u00ed z\u00a0republiky na konstitu\u010dn\u00ed monarchii n\u00e1m ve sv\u00e9m d\u016fsledku p\u0159inese skute\u010dnou demokracii a svobodu na kterou si zde posledn\u00edch 35 let jen hrajeme, ale fakticky ji nem\u00e1me.<\/p>\n<p><strong>Z\u00e1v\u011br redaktora:<\/strong><\/p>\n<p>Rozhovor s Jeho Jasnost\u00ed ukazuje na hlubokou syst\u00e9movou krizi, kter\u00e1 podle n\u011bj ohro\u017euje stabilitu \u010desk\u00e9 spole\u010dnosti. Upozor\u0148uje na alarmuj\u00edc\u00ed statistiky, ztr\u00e1tu d\u016fv\u011bry v pr\u00e1vn\u00ed st\u00e1t a nefunk\u010dnost sou\u010dasn\u00e9ho modelu spr\u00e1vy. Zd\u016fraz\u0148uje, \u017ee \u0159e\u0161en\u00ed nevid\u00ed v pouh\u00e9 v\u00fdm\u011bn\u011b politick\u00fdch stran, ale v z\u00e1sadn\u00ed zm\u011bn\u011b syst\u00e9mu, kter\u00e1 by p\u0159inesla kontinuitu, stabilitu a skute\u010dnou demokracii. Jeho pohled vyvol\u00e1v\u00e1 ot\u00e1zku, zda je \u010desk\u00e1 spole\u010dnost p\u0159ipravena otev\u0159\u00edt debatu o budouc\u00edm sm\u011b\u0159ov\u00e1n\u00ed st\u00e1tu.<\/p>\n<p><img decoding=\"async\" loading=\"lazy\" class=\"alignnone size-full wp-image-1185\" src=\"http:\/\/www.infokuryr.cz\/n\/wp-content\/uploads\/2021\/04\/kuryr-podpis.png\" alt=\"\" width=\"84\" height=\"24\" \/><\/p>\n<p>&nbsp;<\/p>\n","protected":false},"excerpt":{"rendered":"<p>\u010cel\u00ed \u010desk\u00e1 spole\u010dnost syst\u00e9mov\u00e9 krizi? Rozhovor s odborn\u00edkem na bezpe\u010dnost Jeho Jasnost\u00ed Mgr. Svatoplukem Richardem&#8230;<\/p>\n","protected":false},"author":2,"featured_media":92703,"comment_status":"closed","ping_status":"closed","sticky":false,"template":"","format":"standard","meta":[],"categories":[6],"tags":[3372,122,1052,5468],"_links":{"self":[{"href":"https:\/\/www.infokuryr.cz\/n\/wp-json\/wp\/v2\/posts\/92702"}],"collection":[{"href":"https:\/\/www.infokuryr.cz\/n\/wp-json\/wp\/v2\/posts"}],"about":[{"href":"https:\/\/www.infokuryr.cz\/n\/wp-json\/wp\/v2\/types\/post"}],"author":[{"embeddable":true,"href":"https:\/\/www.infokuryr.cz\/n\/wp-json\/wp\/v2\/users\/2"}],"replies":[{"embeddable":true,"href":"https:\/\/www.infokuryr.cz\/n\/wp-json\/wp\/v2\/comments?post=92702"}],"version-history":[{"count":0,"href":"https:\/\/www.infokuryr.cz\/n\/wp-json\/wp\/v2\/posts\/92702\/revisions"}],"wp:featuredmedia":[{"embeddable":true,"href":"https:\/\/www.infokuryr.cz\/n\/wp-json\/wp\/v2\/media\/92703"}],"wp:attachment":[{"href":"https:\/\/www.infokuryr.cz\/n\/wp-json\/wp\/v2\/media?parent=92702"}],"wp:term":[{"taxonomy":"category","embeddable":true,"href":"https:\/\/www.infokuryr.cz\/n\/wp-json\/wp\/v2\/categories?post=92702"},{"taxonomy":"post_tag","embeddable":true,"href":"https:\/\/www.infokuryr.cz\/n\/wp-json\/wp\/v2\/tags?post=92702"}],"curies":[{"name":"wp","href":"https:\/\/api.w.org\/{rel}","templated":true}]}}