{"id":92683,"date":"2025-11-21T00:20:40","date_gmt":"2025-11-20T23:20:40","guid":{"rendered":"https:\/\/www.infokuryr.cz\/n\/?p=92683"},"modified":"2025-11-20T10:54:37","modified_gmt":"2025-11-20T09:54:37","slug":"james-corbett-taliban-to-dela-znovu","status":"publish","type":"post","link":"https:\/\/www.infokuryr.cz\/n\/2025\/11\/21\/james-corbett-taliban-to-dela-znovu\/","title":{"rendered":"James Corbett: T\u00e1lib\u00e1n to d\u011bl\u00e1 znovu!"},"content":{"rendered":"<div id=\"fb-root\"><\/div>\n<div class=\"elementor-element elementor-element-1fb4c2c elementor-widget elementor-widget-theme-post-content\" data-id=\"1fb4c2c\" data-element_type=\"widget\" data-widget_type=\"theme-post-content.default\">\n<div class=\"elementor-widget-container\">\n<h4><span dir=\"auto\">\u00da\u0159ad OSN pro drogy a kriminalitu (UNODC) pr\u00e1v\u011b zve\u0159ejnil svou nejnov\u011bj\u0161\u00ed studii o p\u011bstov\u00e1n\u00ed opia v Afgh\u00e1nist\u00e1nu a nikdy neuh\u00e1dnete, co v n\u00ed je&#8230;<\/span><\/h4>\n<p><span dir=\"auto\">Po\u010dkejte, v\u017edy\u0165 budete. Ukazuje se, \u017ee z\u00e1kaz p\u011bstov\u00e1n\u00ed opia ze strany T\u00e1lib\u00e1nu byl pozoruhodn\u011b \u00fasp\u011b\u0161n\u00fd!<\/span><\/p>\n<p><span dir=\"auto\">Konkr\u00e9tn\u011b UNODC odhaduje celkovou plochu vyu\u017e\u00edvanou k p\u011bstov\u00e1n\u00ed opia v Afgh\u00e1nist\u00e1nu na 10 200 hektar\u016f, co\u017e je pokles o 20 % ve srovn\u00e1n\u00ed s 12 800 hektary v p\u0159edchoz\u00edm roce. I kdy\u017e se tento nov\u00fd sou\u010det st\u00e1le zd\u00e1 b\u00fdt zna\u010dn\u00fd, je to jen zlomek z 232 000 hektar\u016f obd\u011bl\u00e1van\u00fdch v roce p\u0159ed dramatick\u00fdm sta\u017een\u00edm americk\u00fdch sil ze zem\u011b v roce 2021.<\/span><\/p>\n<p><span dir=\"auto\">Jin\u00fdmi slovy, Talibanu se n\u011bjak\u00fdm zp\u016fsobem poda\u0159ilo to, co se NATO za dv\u011b desetilet\u00ed faktick\u00e9 okupace nepoda\u0159ilo: zdecimovat pod\u00edl Afgh\u00e1nist\u00e1nu na glob\u00e1ln\u00edm obchodu s heroinem.<\/span><\/p>\n<p><span dir=\"auto\">Tak co se tu d\u011bje? Co n\u00e1m to \u0159\u00edk\u00e1 o skute\u010dn\u00e9 povaze glob\u00e1ln\u00edho obchodu s drogami? A co to v\u0161echno m\u00e1 spole\u010dn\u00e9ho s hroz\u00edc\u00ed (skute\u010dnou) v\u00e1lkou mezi Spojen\u00fdmi st\u00e1ty a (fale\u0161n\u00fdm) obchodem s fentanylem ve Venezuele? Poj\u010fme to zjistit.<\/span><\/p>\n<h3 class=\"has-medium-font-size\"><strong><span dir=\"auto\">TALIB\u00c1N 2 : NATO 0<\/span><\/strong><\/h3>\n<figure class=\"wp-block-image aligncenter size-large\"><img decoding=\"async\" loading=\"lazy\" class=\"aligncenter\" src=\"https:\/\/substackcdn.com\/image\/fetch\/$s_!-cve!,w_1456,c_limit,f_webp,q_auto:good,fl_progressive:steep\/https%3A%2F%2Fsubstack-post-media.s3.amazonaws.com%2Fpublic%2Fimages%2F0d7e0745-0a01-4fc8-a7d7-222a7dde1565_500x282.jpeg\" alt=\"\" width=\"577\" height=\"325\" \/><\/figure>\n<p><span dir=\"auto\">Jak jsem ji\u017e zm\u00ednil, historii p\u011bstov\u00e1n\u00ed opia a obchodov\u00e1n\u00ed s heroinem v Afgh\u00e1nist\u00e1nu m\u016f\u017ee nejl\u00e9pe vypr\u00e1v\u011bt \u00da\u0159ad OSN pro drogy a kriminalitu (UNODC).<\/span><\/p>\n<p><span dir=\"auto\">Nap\u0159\u00edklad v roce 1999 varovala, \u017ee produkce surov\u00e9ho opia v Afgh\u00e1nist\u00e1nu vzrostla na bezprecedentn\u00ed \u00farove\u0148 4 600 tun.<\/span><\/p>\n<p><span dir=\"auto\">Jejich pr\u016fzkum z roku 2001 v\u0161ak uk\u00e1zal, \u017ee toto \u010d\u00edslo kleslo na pouh\u00fdch 185 tun \u2013 co\u017e je pokles o ohromuj\u00edc\u00edch 96 %.<\/span><\/p>\n<p><span dir=\"auto\">Pokles v grafu zn\u00e1zor\u0148uj\u00edc\u00edm p\u011bstov\u00e1n\u00ed opia v Afgh\u00e1nist\u00e1nu je snadno viditeln\u00fd. Zde v\u00e1m to uk\u00e1\u017eu:<\/span><\/p>\n<figure class=\"wp-block-image aligncenter size-large\"><img decoding=\"async\" loading=\"lazy\" class=\"aligncenter\" src=\"https:\/\/substackcdn.com\/image\/fetch\/$s_!-QJb!,w_1456,c_limit,f_webp,q_auto:good,fl_progressive:steep\/https%3A%2F%2Fsubstack-post-media.s3.amazonaws.com%2Fpublic%2Fimages%2Ff1fee3f4-da7f-4bae-bd3b-4cd937b9a966_550x327.jpeg\" alt=\"\" width=\"595\" height=\"354\" \/><\/figure>\n<p><span dir=\"auto\">Pt\u00e1te se tedy, co se stalo v roce 2001? Taliban, samoz\u0159ejm\u011b! P\u0159esn\u011bji \u0159e\u010deno, v \u010dervenci 2000 vydal v\u016fdce Talibanu mull\u00e1h muhammad omar fatvu,\u00a0<\/span><em><span dir=\"auto\">kter\u00e1<\/span><\/em><span dir=\"auto\">\u00a0prohl\u00e1sila p\u011bstov\u00e1n\u00ed a obchod s m\u00e1kem za \u201eharam\u201c (zak\u00e1zan\u00e9 podle isl\u00e1msk\u00e9ho pr\u00e1va). Jak museli uznat i lh\u00e1\u0159i z\u00a0<\/span><em><span dir=\"auto\">New York Times<\/span><\/em><span dir=\"auto\">\u00a0, Taliban dok\u00e1zal za jedin\u00fd rok to, co se hnut\u00ed \u201eJust Say No\u201c nepoda\u0159ilo dos\u00e1hnout po cel\u00e1 desetilet\u00ed.<\/span><\/p>\n<p><span dir=\"auto\">A co se stalo po roce 2001, kdy graf ukazuje st\u00e1l\u00fd n\u00e1r\u016fst p\u011bstov\u00e1n\u00ed opia v Afgh\u00e1nist\u00e1nu? Do\u0161lo k invazi NATO veden\u00e9 USA \u2013 to je v\u0161e!<\/span><\/p>\n<p><span dir=\"auto\">Jak v\u0161ichni v\u00edme, tato invaze byla fra\u0161kou zalo\u017eenou na skryt\u00e9 l\u017ei. Jedn\u00edm z\u00a0<\/span><a href=\"https:\/\/www.youtube.com\/watch?v=jUvgnt-cOqI\" target=\"_blank\" rel=\"noreferrer noopener\"><span dir=\"auto\">pln\u011b zam\u00fd\u0161len\u00fdch d\u016fsledk\u016f<\/span><\/a><span dir=\"auto\">\u00a0invaze NATO bylo o\u017eiven\u00ed obchodu s heroinem v Afgh\u00e1nist\u00e1nu, co\u017e je, jak jsem \u0159ekl, zaznamen\u00e1no v an\u00e1lech UNODC.<\/span><\/p>\n<p><span dir=\"auto\">Do roku 2007 kdysi t\u00e9m\u011b\u0159 vyhynul\u00fd afgh\u00e1nsk\u00fd opiov\u00fd m\u00e1k znovu rozkvetl v cel\u00e9 sv\u00e9 kr\u00e1se. V tomto roce UNODC\u00a0<\/span><a href=\"https:\/\/www.unodc.org\/documents\/crop-monitoring\/Afghanistan-Opium-Survey-2007.pdf\"><span dir=\"auto\">zdokumentoval<\/span><\/a><span dir=\"auto\">\u00a0rekordn\u00ed produkci 8 200 tun opia.<\/span><\/p>\n<p><span dir=\"auto\">Tento rekord byl p\u0159ekon\u00e1n v roce 2013, kdy UNODC\u00a0<\/span><a href=\"https:\/\/www.unodc.org\/unodc\/en\/frontpage\/2013\/November\/afghanistan-opium-crop-cultivation-rises-a-record-36-per-cent-opium-production-up-49-per-cent.html\"><span dir=\"auto\">zaznamenal<\/span><\/a><span dir=\"auto\">\u00a0nov\u00fd rekord v p\u011bstov\u00e1n\u00ed opia .<\/span><\/p>\n<p><span dir=\"auto\">Rekord z roku 2013 byl op\u011bt p\u0159ekon\u00e1n. V roce 2017 pr\u016fzkum UNODC zaznamenal v t\u00e9to zemi produkci opia ve v\u00fd\u0161i 9 000 tun.<\/span><\/p>\n<p><span dir=\"auto\">B\u011bhem t\u00e9to divok\u00e9 j\u00edzdy produkce opia a obchodu s heroinem \u2013 to v\u0161e prob\u00edhalo pod dohledem sil USA\/NATO \u2013 se objevily n\u011bkter\u00e9 odhaluj\u00edc\u00ed zpr\u00e1vy, nap\u0159\u00edklad kdy\u017e Geraldo Rivera d\u011blal rozhovor s podplukovn\u00edkem americk\u00e9 n\u00e1mo\u0159n\u00ed p\u011bchoty Brianem Christmasem, kter\u00fd musel p\u0159iznat, \u017ee voj\u00e1ci nebyli v Afgh\u00e1nist\u00e1nu proto, aby\u00a0<\/span><em><span dir=\"auto\">zni\u010dili<\/span><\/em><span dir=\"auto\">\u00a0\u00farodu m\u00e1ku nebo zastavili obchod s heroinem, ale aby\u00a0<\/span><em><span dir=\"auto\">st\u0159e\u017eili<\/span><\/em><span dir=\"auto\">\u00a0makov\u00e1 pole .<\/span><\/p>\n<figure class=\"wp-block-embed aligncenter is-type-video is-provider-youtube wp-block-embed-youtube wp-embed-aspect-4-3 wp-has-aspect-ratio\">\n<div class=\"wp-block-embed__wrapper\"><iframe loading=\"lazy\" title=\"Ameri\u010dt\u00ed voj\u00e1ci p\u011bstuj\u00ed v Afgh\u00e1nist\u00e1nu opium a heroin, m\u00e1k - Fox News.avi\" src=\"https:\/\/www.youtube.com\/embed\/PAwKvwdyMTg?feature=oembed\" width=\"800\" height=\"600\" frameborder=\"0\" allowfullscreen=\"allowfullscreen\" data-mce-fragment=\"1\"><\/iframe><\/div>\n<\/figure>\n<p><span dir=\"auto\">Ach, chud\u00e1k! To mu v\u00e1\u017en\u011b leze na nervy, to v\u00e1m m\u016f\u017eu \u0159\u00edct!<\/span><\/p>\n<p><span dir=\"auto\">Ale po hektick\u00e9m sta\u017een\u00ed americk\u00fdch sil ze zem\u011b v roce 2021 se stalo n\u011bco zvl\u00e1\u0161tn\u00edho. T\u00e1lib\u00e1n se vr\u00e1til k moci a obnovil z\u00e1kaz p\u011bstov\u00e1n\u00ed opia. A jak je pops\u00e1no v\u00fd\u0161e, vedlo to k poklesu produkce opia zp\u011bt na \u00farove\u0148 p\u0159ed invaz\u00ed.<\/span><\/p>\n<p><span dir=\"auto\">Tak\u017ee v\u0161ichni jsou nad\u0161en\u00ed, \u017ee? V\u0161ichni politici, kte\u0159\u00ed mluv\u00ed o metle mezin\u00e1rodn\u00edho obchodu s drogami, jist\u011b maj\u00ed velkou radost z toho, \u017ee Afgh\u00e1nist\u00e1n \u2013 kdysi nesporn\u00fd sv\u011btov\u00fd l\u00eddr v obchodu s heroinem, kter\u00fd p\u0159edstavoval v\u00edce ne\u017e 90 % celkov\u00e9 sv\u011btov\u00e9 nab\u00eddky heroinu \u2013 nyn\u00ed z glob\u00e1ln\u00edho obchodu s drogami fakticky zmizel. \u017de? &#8230;<\/span><\/p>\n<h3 class=\"wp-block-heading has-medium-font-size\"><strong><span dir=\"auto\">Nikdy ne\u0161lo\u00a0<\/span><em><span dir=\"auto\">o<\/span><\/em><span dir=\"auto\">\u00a0ukon\u010den\u00ed obchodu s drogami<\/span><\/strong><\/h3>\n<figure class=\"wp-block-image aligncenter size-large\"><img decoding=\"async\" loading=\"lazy\" class=\"aligncenter\" src=\"https:\/\/substackcdn.com\/image\/fetch\/$s_!9Nep!,w_1456,c_limit,f_webp,q_auto:good,fl_progressive:steep\/https%3A%2F%2Fsubstack-post-media.s3.amazonaws.com%2Fpublic%2Fimages%2F53727ce5-5317-4c64-8461-bdc2941fde86_500x347.jpeg\" alt=\"\" width=\"625\" height=\"434\" \/><\/figure>\n<p><span dir=\"auto\">&#8230;Ano, samoz\u0159ejm\u011b \u017ee ne. Jak Corbetteerov\u00e9 (a dal\u0161\u00ed dob\u0159e informovan\u00ed konspira\u010dn\u00ed realist\u00e9) a\u017e p\u0159\u00edli\u0161 dob\u0159e v\u011bd\u00ed, NATO, zpravodajsk\u00e9 slu\u017eby a jejich politick\u00e9 loutky nikdy nem\u011bly z\u00e1jem o ukon\u010den\u00ed glob\u00e1ln\u00edho obchodu s drogami. Sp\u00ed\u0161e je v\u017edy zaj\u00edmalo pouze o\u00a0<\/span><em><span dir=\"auto\">kontrolu<\/span><\/em><span dir=\"auto\">\u00a0tohoto obchodu .<\/span><\/p>\n<p><span dir=\"auto\">Snad neexistuje lep\u0161\u00ed d\u016fkaz t\u00e9to skute\u010dnosti ne\u017e zp\u016fsob, jak\u00fdm hl\u00e1sn\u00e9 trouby hlubok\u00e9ho st\u00e1tu informovaly o radostn\u00e9 zpr\u00e1v\u011b, \u017ee z ob\u011bhu byl sta\u017een v\u00fdznamn\u00fd glob\u00e1ln\u00ed dodavatel heroinu.<\/span><\/p>\n<p><span dir=\"auto\">William Byrd z Lawfare Media si na\u0159\u00edk\u00e1: \u201eZ\u00e1kaz drog zaveden\u00fd T\u00e1lib\u00e1nem, kter\u00fd byl pozoruhodn\u011b \u00fasp\u011b\u0161n\u00fd v omezen\u00ed p\u011bstov\u00e1n\u00ed opiov\u00e9ho m\u00e1ku ji\u017e t\u0159i roky po sob\u011b, zruinoval chud\u00e9 venkovsk\u00e9 dom\u00e1cnosti, kter\u00e9 se na opiu spol\u00e9haly, aby vy\u017eily.\u201c<\/span><\/p>\n<p><span dir=\"auto\">Mezit\u00edm Rupert Stone z Nikkei Asia informuje, \u017ee \u00fasp\u011b\u0161n\u00fd boj proti p\u011bstov\u00e1n\u00ed m\u00e1ku v Afgh\u00e1nist\u00e1nu (n\u011bjak\u00fdm zp\u016fsobem) dokonce\u00a0<\/span><em><span dir=\"auto\">roz\u0161i\u0159uje<\/span><\/em><span dir=\"auto\">\u00a0obchod s drogami .<\/span><\/p>\n<p><span dir=\"auto\">A aby nez\u016fstali pozadu, \u0161pi\u010dkov\u00ed novin\u00e1\u0159i washingtonsk\u00e9ho den\u00edku\u00a0<\/span><em><span dir=\"auto\">\u201e<\/span><\/em><span dir=\"auto\">\u00a0Demokracie um\u00edr\u00e1 v temnot\u011b\u201c\u00a0<\/span><em><span dir=\"auto\">Post<\/span><\/em><span dir=\"auto\">\u00a0zjistili, \u017ee pokles p\u011bstov\u00e1n\u00ed m\u00e1ku nakonec nemus\u00ed b\u00fdt d\u00edlem T\u00e1lib\u00e1nu!<\/span><\/p>\n<p><span dir=\"auto\">Ne, samoz\u0159ejm\u011b ti sam\u00ed drozdci, kte\u0159\u00ed sv\u011bdomit\u011b opakovali l\u017ei mluv\u010d\u00edch USA\/NATO o v\u00e1lce v Afgh\u00e1nist\u00e1nu, nebudou n\u00e1hle zp\u00edvat chv\u00e1lu na T\u00e1lib\u00e1n. Ve skute\u010dnosti ani ne\u0159eknou, \u017ee ukon\u010den\u00ed obchodu s drogami v Afgh\u00e1nist\u00e1nu je dobr\u00e9 pro zemi nebo pro sv\u011bt jako celek.<\/span><\/p>\n<p><span dir=\"auto\">Pro\u010d ne? Proto\u017ee mezin\u00e1rodn\u00ed obchod s drogami je samoz\u0159ejm\u011b \u0159\u00edzen a slou\u017e\u00ed hlubok\u00e9mu st\u00e1tu. To je star\u00e1 pravda, kter\u00e1 sah\u00e1 p\u0159inejmen\u0161\u00edm do 19. stolet\u00ed, kdy byla spole\u010dnost Skull &amp; Bones zalo\u017eena ze zisk\u016f z obchodu s opiem.<\/span><\/p>\n<p><span dir=\"auto\">Tato tradice hlubok\u00e9ho st\u00e1tu evidentn\u011b pokra\u010dovala i ve 20. stolet\u00ed. Pokud nezn\u00e1te roli, kterou obchod s drogami hr\u00e1l ve v\u00e1lk\u00e1ch americk\u00e9ho imp\u00e9ria b\u011bhem studen\u00e9 v\u00e1lky, m\u011bli byste se sezn\u00e1mit s knihou *\u00a0<\/span><em><span dir=\"auto\">Politika heroinu v jihov\u00fdchodn\u00ed Asii*<\/span><\/em><span dir=\"auto\">\u00a0, kl\u00ed\u010dov\u00fdm d\u00edlem historika a profesora Alfreda W. McCoye, a tak\u00e9 s mou vlastn\u00ed prac\u00ed dokumentuj\u00edc\u00ed, jak \u201eCIA dod\u00e1v\u00e1 drogy\u201c.<\/span><\/p>\n<p><span dir=\"auto\">Ale jak jsem \u0159ekl, pro nikoho, kdo je obezn\u00e1men s hlubokou politikou minul\u00e9ho stolet\u00ed, to nen\u00ed nic nov\u00e9ho. Pro studenty historie je skute\u010dnou ot\u00e1zkou: Co n\u00e1m minulost \u0159\u00edk\u00e1 o tom, kam glob\u00e1ln\u00ed obchod s drogami \u2013 a vykonstruovan\u00e1 glob\u00e1ln\u00ed \u201ev\u00e1lka proti drog\u00e1m\u201c \u2013 povede odtud?<\/span><\/p>\n<h3 class=\"wp-block-heading has-medium-font-size\"><strong><span dir=\"auto\">A TE\u010e K VENEZUELE (A \u010c\u00cdN\u011a\u2026)<\/span><\/strong><\/h3>\n<figure class=\"wp-block-image aligncenter size-large\"><img decoding=\"async\" loading=\"lazy\" class=\"aligncenter\" src=\"https:\/\/substackcdn.com\/image\/fetch\/$s_!m5_g!,w_1456,c_limit,f_webp,q_auto:good,fl_progressive:steep\/https%3A%2F%2Fsubstack-post-media.s3.amazonaws.com%2Fpublic%2Fimages%2F6b3e481f-51e4-455a-811c-a02434acc8e1_500x281.jpeg\" alt=\"\" width=\"673\" height=\"378\" \/><\/figure>\n<p><span dir=\"auto\">Pro p\u0159\u00edpad, \u017ee jste to je\u0161t\u011b nesly\u0161eli: Trumpova administrativa v\u00e1s chce informovat o\u00a0<\/span><em><span dir=\"auto\">dal\u0161\u00ed<\/span><\/em><span dir=\"auto\">\u00a0velk\u00e9 epidemii, kter\u00e1 ohro\u017euje americk\u00e9 pob\u0159e\u017e\u00ed.<\/span><\/p>\n<p><span dir=\"auto\">Ne, nejde o pedofiln\u00ed gangy \u0159\u00edzen\u00e9 tajn\u00fdmi slu\u017ebami, kter\u00e9 vyd\u00edraly nespo\u010det politik\u016f, finan\u010dn\u00edk\u016f, celebrit, v\u011bdc\u016f a dal\u0161\u00edch opovr\u017een\u00edhodn\u00fdch lid\u00ed! To v\u0161echno je z\u0159ejm\u011b podvod.<\/span><\/p>\n<p><span dir=\"auto\">Ne, skute\u010dnou hrozbou jsou\u2026 p\u0159ipravte se\u2026 venezuelsk\u00e9 drogov\u00e9 lod\u011b!<\/span><\/p>\n<p><span dir=\"auto\">Ano, vskutku! Podle\u00a0<\/span><em><span dir=\"auto\">p\u0159\u00edsn\u011b tajn\u00fdch informac\u00ed<\/span><\/em><span dir=\"auto\">\u00a0, kter\u00e9 mohou b\u00fdt uk\u00e1z\u00e1ny pouze n\u011bkter\u00fdm vysoce postaven\u00fdm \u010dlen\u016fm Kongresu za zav\u0159en\u00fdmi dve\u0159mi, m\u00e1 Venezuela (a mo\u017en\u00e1 i n\u011bkter\u00e9 dal\u0161\u00ed latinskoamerick\u00e9 zem\u011b, co\u017e bude ur\u010deno pozd\u011bji) skute\u010dnou arm\u00e1du drogov\u00fdch lod\u00ed, kter\u00e9 se beztrestn\u011b p\u0159epravuj\u00ed sem a tam a zp\u011bt a p\u0159epravuj\u00ed\u00a0<\/span><a href=\"https:\/\/youtu.be\/w4KUkeuuTSo?t=1403\" target=\"_blank\" rel=\"noreferrer noopener\"><span dir=\"auto\">fentanyl<\/span><\/a><span dir=\"auto\">\u00a0do USA!<\/span><\/p>\n<p><span dir=\"auto\">Nez\u00e1le\u017e\u00ed na tom, \u017ee fentanyl nepoch\u00e1z\u00ed z Venezuely.<\/span><\/p>\n<p><span dir=\"auto\">Nez\u00e1le\u017e\u00ed na tom, \u017ee tato d\u011bsiv\u00e1 arm\u00e1da drogov\u00fdch lod\u00ed se skl\u00e1d\u00e1 z motorov\u00fdch \u010dlun\u016f pilotovan\u00fdch \u0159idi\u010di kamion\u016f, ryb\u00e1\u0159i, vojen\u0161t\u00ed kadeti a drobn\u00ed zlo\u010dinci, sp\u00ed\u0161e ne\u017e ze zku\u0161en\u00fdch drogov\u00fdch terorist\u016f, kte\u0159\u00ed maj\u00ed v \u00famyslu zni\u010dit Ameriku.<\/span><\/p>\n<p><span dir=\"auto\">Je irelevantn\u00ed, \u017ee i partne\u0159i str\u00fd\u010dka Sama ve v\u00e1le\u010dn\u00fdch zlo\u010dinech odsuzuj\u00ed zjevn\u011b nez\u00e1konnou povahu t\u011bchto \u00fatok\u016f.<\/span><\/p>\n<p><span dir=\"auto\">Trump p\u0159im\u011bl \u00da\u0159ad pr\u00e1vn\u00edho poradce (OLC) ministerstva spravedlnosti \u2013 tent\u00fd\u017e OLC, kter\u00fd sepsal nechvaln\u011b zn\u00e1mou zpr\u00e1vu o mu\u010den\u00ed Johna Yoo \u2013 aby se odvolal na precedent z \u00e9ry v\u00e1lky proti terorismu a klasifikoval tyto venezuelsk\u00e9 drogov\u00e9 teroristy jako \u201enelegitimn\u00ed nep\u0159\u00e1telsk\u00e9 bojovn\u00edky\u201c, \u010d\u00edm\u017e se stali legitimn\u00edmi c\u00edli americk\u00fdch \u00fatok\u016f.<\/span><\/p>\n<p><span dir=\"auto\">Nicm\u00e9n\u011b pro ty z n\u00e1s, kte\u0159\u00ed si uv\u011bdomuj\u00ed skute\u010dnost, \u017ee hlubok\u00fd st\u00e1t kontroluje mezin\u00e1rodn\u00ed obchod s drogami a kte\u0159\u00ed byli sv\u011bdky toho, jak byla americk\u00e1 arm\u00e1da vyu\u017e\u00edv\u00e1na k udr\u017een\u00ed toku drog z Afgh\u00e1nist\u00e1nu, existuje dobr\u00fd d\u016fvod pochybovat o up\u0159\u00edmnosti Trumpovy administrativy v t\u00e9to v\u00e1lce proti venezuelsk\u00fdm drogov\u00fdm lod\u00edm.<\/span><\/p>\n<p><em><span dir=\"auto\">Mohlo<\/span><\/em><span dir=\"auto\">\u00a0by\u00a0b\u00fdt, \u017ee obchod s drogami je jednodu\u0161e vyu\u017e\u00edv\u00e1n jako vhodn\u00e1 z\u00e1minka pro operaci zm\u011bny re\u017eimu v zemi, kter\u00e1 je nep\u0159\u00edtelem ministerstva zahrani\u010d\u00ed?<\/span><\/p>\n<p><span dir=\"auto\">Mohl by b\u00fdt neod\u016fvodn\u011bn\u00fd \u00fatok na venezuelsk\u00e9 motorov\u00e9 \u010dluny sou\u010d\u00e1st\u00ed \u0161ir\u0161\u00edho \u00fasil\u00ed USA vykreslit sv\u00e9 rivaly \u2013 nap\u0159\u00edklad \u010c\u00ednu \u2013 jako zl\u00e9 narkoteroristy, kte\u0159\u00ed se sna\u017e\u00ed podmanit si USA t\u00edm, \u017ee jejich obyvatelstvo z\u00e1sobuj\u00ed drogami (stejn\u011b jako V\u00fdchodoindick\u00e1 spole\u010dnost z\u00e1sobovala \u010c\u00ed\u0148any opiem, co\u017e vedlo k \u201estolet\u00ed pon\u00ed\u017een\u00ed\u201c \u010c\u00edny)?<\/span><\/p>\n<p><span dir=\"auto\">Nech\u00e1v\u00e1m na v\u00e1s, abyste si na tyto ner\u00e9torick\u00e9 ot\u00e1zky odpov\u011bd\u011bli sami. Mezit\u00edm bychom m\u011bli m\u00edt na pam\u011bti, \u017ee narativ o \u201e\u010d\u00ednsk\u00e9 hrozb\u011b fentanylu\u201c m\u016f\u017ee b\u00fdt kdykoli zvednut nebo spu\u0161t\u011bn jako Damokl\u016fv me\u010d nad hlavou Pekingu, a to kdykoli to kontrolo\u0159i narativu ve Washingtonu uznaj\u00ed za vhodn\u00e9.<\/span><\/p>\n<p><span dir=\"auto\">Kam to nech\u00e1v\u00e1 afgh\u00e1nsk\u00fd lid? Bohu\u017eel z\u016fst\u00e1v\u00e1 ve stejn\u00e9 situaci, v jak\u00e9 se nach\u00e1z\u00ed po cel\u00e1 desetilet\u00ed: bojuje o p\u0159e\u017eit\u00ed v zemi rozervan\u00e9 desetilet\u00edmi ob\u010dansk\u00e9 v\u00e1lky, zahrani\u010dn\u00ed okupace a brut\u00e1ln\u00edch autorit\u00e1\u0159sk\u00fdch re\u017eim\u016f. Pro Afgh\u00e1nce \u2013 stejn\u011b jako pro n\u00e1s \u2013 posun v glob\u00e1ln\u00edm obchodu s drogami v tomto boji nenab\u00edz\u00ed mnoho \u00falevy.<\/span><\/p>\n<p><span dir=\"auto\">Mezit\u00edm si ti z n\u00e1s, kte\u0159\u00ed jsou vystaveni glob\u00e1ln\u00ed \u0161ar\u00e1d\u011b, kterou zinscenuje Deep State ve prosp\u011bch oby\u010dejn\u00fdch lid\u00ed, mus\u00edme neust\u00e1le p\u0159ipom\u00ednat (a sv\u00fdm soused\u016fm), \u017ee vina za opioidovou epidemii v USA le\u017e\u00ed na americk\u00e9 arm\u00e1d\u011b, jej\u00edch spolupracovn\u00edc\u00edch s NATO a zpravodajsk\u00fdch slu\u017eb\u00e1ch, nikoli na afgh\u00e1nsk\u00fdch p\u011bstitel\u00edch m\u00e1ku nebo venezuelsk\u00fdch \u0159idi\u010d\u00edch motorov\u00fdch \u010dlun\u016f.<\/span><\/p>\n<\/div>\n<\/div>\n<div class=\"elementor-element elementor-element-8c57238 quelle dc-has-condition dc-condition-empty elementor-widget elementor-widget-heading\" data-id=\"8c57238\" data-element_type=\"widget\" data-widget_type=\"heading.default\">\n<div class=\"elementor-widget-container\">\n<h3 class=\"elementor-heading-title elementor-size-default\"><span style=\"font-size: 10pt;\"><a href=\"https:\/\/corbettreport.substack.com\/p\/the-taliban-does-it-again?utm_source=post-email-title&amp;publication_id=725827&amp;post_id=179036648&amp;utm_campaign=email-post-title&amp;isFreemail=true&amp;r=pf6gr&amp;triedRedirect=true&amp;utm_medium=email\" target=\"_blank\" rel=\"nofollow noopener\"><span dir=\"auto\">Zdroj<\/span><\/a><\/span><\/h3>\n<p>&nbsp;<\/p>\n<\/div>\n<\/div>\n","protected":false},"excerpt":{"rendered":"<p>\u00da\u0159ad OSN pro drogy a kriminalitu (UNODC) pr\u00e1v\u011b zve\u0159ejnil svou nejnov\u011bj\u0161\u00ed studii o p\u011bstov\u00e1n\u00ed opia&#8230;<\/p>\n","protected":false},"author":2,"featured_media":92684,"comment_status":"closed","ping_status":"closed","sticky":false,"template":"","format":"standard","meta":[],"categories":[7],"tags":[1042,289,1096,186,227,724],"_links":{"self":[{"href":"https:\/\/www.infokuryr.cz\/n\/wp-json\/wp\/v2\/posts\/92683"}],"collection":[{"href":"https:\/\/www.infokuryr.cz\/n\/wp-json\/wp\/v2\/posts"}],"about":[{"href":"https:\/\/www.infokuryr.cz\/n\/wp-json\/wp\/v2\/types\/post"}],"author":[{"embeddable":true,"href":"https:\/\/www.infokuryr.cz\/n\/wp-json\/wp\/v2\/users\/2"}],"replies":[{"embeddable":true,"href":"https:\/\/www.infokuryr.cz\/n\/wp-json\/wp\/v2\/comments?post=92683"}],"version-history":[{"count":1,"href":"https:\/\/www.infokuryr.cz\/n\/wp-json\/wp\/v2\/posts\/92683\/revisions"}],"predecessor-version":[{"id":92685,"href":"https:\/\/www.infokuryr.cz\/n\/wp-json\/wp\/v2\/posts\/92683\/revisions\/92685"}],"wp:featuredmedia":[{"embeddable":true,"href":"https:\/\/www.infokuryr.cz\/n\/wp-json\/wp\/v2\/media\/92684"}],"wp:attachment":[{"href":"https:\/\/www.infokuryr.cz\/n\/wp-json\/wp\/v2\/media?parent=92683"}],"wp:term":[{"taxonomy":"category","embeddable":true,"href":"https:\/\/www.infokuryr.cz\/n\/wp-json\/wp\/v2\/categories?post=92683"},{"taxonomy":"post_tag","embeddable":true,"href":"https:\/\/www.infokuryr.cz\/n\/wp-json\/wp\/v2\/tags?post=92683"}],"curies":[{"name":"wp","href":"https:\/\/api.w.org\/{rel}","templated":true}]}}