{"id":9261,"date":"2022-03-20T03:45:46","date_gmt":"2022-03-20T02:45:46","guid":{"rendered":"https:\/\/www.infokuryr.cz\/n\/?p=9261"},"modified":"2022-03-20T03:45:46","modified_gmt":"2022-03-20T02:45:46","slug":"xi-jinping-vedl-video-rozhovor-s-americkym-prezidentem-joem-bidenem","status":"publish","type":"post","link":"https:\/\/www.infokuryr.cz\/n\/2022\/03\/20\/xi-jinping-vedl-video-rozhovor-s-americkym-prezidentem-joem-bidenem\/","title":{"rendered":"Xi Jinping vedl video-rozhovor s americk\u00fdm prezidentem Joem Bidenem"},"content":{"rendered":"<div id=\"fb-root\"><\/div>\n<p>\u010c\u00ednsk\u00fd president Xi Jinping (Si \u0164in-pching) 18. b\u0159ezna ve\u010der vedl video-rozhovor se sv\u00fdm americk\u00fdm prot\u011bj\u0161kem Joem Bidenem. Ob\u011b hlavy st\u00e1t\u016f si up\u0159\u00edmn\u011b vym\u011bnily n\u00e1zory na ot\u00e1zky spole\u010dn\u00fdch z\u00e1jm\u016f, jako jsou \u010d\u00ednsko-americk\u00e9 vztahy a situace na Ukrajin\u011b.<\/p>\n<p>Biden uvedl, \u017ee p\u0159ed pades\u00e1ti lety u\u010dinily Spojen\u00e9 st\u00e1ty a \u010c\u00edna d\u016fle\u017eit\u00e9 rozhodnut\u00ed a vydaly \u201e\u0160anghajsk\u00e9 komunik\u00e9\u201c. Dnes, o 50 let pozd\u011bji, jsou vztahy mezi USA a \u010c\u00ednou op\u011bt v kritick\u00e9m okam\u017eiku. Jak se budou vztahy mezi USA a \u010c\u00ednou rozv\u00edjet, co\u017e bude formovat sv\u011btovou strukturu ve 21. stolet\u00ed. R\u00e1d bych zopakoval: Spojen\u00e9 st\u00e1ty se nesna\u017e\u00ed v\u00e9st \u201enovou studenou v\u00e1lku\u201c s \u010c\u00ednou, neusiluj\u00ed o zm\u011bnu \u010d\u00ednsk\u00e9ho syst\u00e9mu, nesna\u017e\u00ed se \u010c\u00edn\u011b oponovat posilov\u00e1n\u00edm sv\u00e9 aliance, nepodporuj\u00ed \u201enez\u00e1vislost Tchaj-wanu\u201c, a nemaj\u00ed v \u00famyslu se st\u0159etnout s \u010c\u00ednou. Americk\u00e1 strana je ochotna v\u00e9st s \u010d\u00ednskou stranou up\u0159\u00edmn\u00fd dialog, posilovat spolupr\u00e1ci, dodr\u017eovat politiku jedn\u00e9 \u010c\u00edny, \u00fa\u010dinn\u011b \u0159\u00eddit konkurenci a rozd\u00edly a podporovat stabiln\u00ed rozvoj vztah\u016f mezi USA a \u010c\u00ednou. Jsem ochoten udr\u017eovat \u00fazkou komunikaci s prezidentem Xi Jinpingem, abychom \u0159\u00eddili vztahy mezi USA a \u010c\u00ednou.<\/p>\n<p>Xi Jinping pouk\u00e1zal na to, \u017ee od na\u0161eho prvn\u00edho \u201ecloudov\u00e9ho setk\u00e1n\u00ed\u201c loni v listopadu pro\u0161la mezin\u00e1rodn\u00ed situace nov\u00fdmi a velk\u00fdmi zm\u011bnami. T\u00e9ma \u00e9ry m\u00edru a rozvoje \u010del\u00ed v\u00e1\u017en\u00fdm v\u00fdzv\u00e1m a sv\u011bt nen\u00ed ani m\u00edrov\u00fd, ani klidn\u00fd. Jako st\u00e1l\u00ed \u010dlenov\u00e9 Rady bezpe\u010dnosti OSN a dvou nejv\u011bt\u0161\u00edch sv\u011btov\u00fdch ekonomik mus\u00edme nejen v\u00e9st \u010d\u00ednsko-americk\u00e9 vztahy, aby se rozv\u00edjely spr\u00e1vn\u00fdm sm\u011brem, ale mus\u00edme tak\u00e9 p\u0159evz\u00edt svou n\u00e1le\u017eitou mezin\u00e1rodn\u00ed odpov\u011bdnost a usilovat o sv\u011btov\u00fd m\u00edr a klid.<\/p>\n<p>Xi Jinping zd\u016fraznil, \u017ee pan prezident i j\u00e1 souhlas\u00edme s t\u00edm, \u017ee \u010c\u00edna a Spojen\u00e9 st\u00e1ty by se m\u011bly navz\u00e1jem respektovat, koexistovat v m\u00edru a vyh\u00fdbat se konfrontaci, a souhlas\u00edme s t\u00edm, \u017ee ob\u011b strany by m\u011bly pos\u00edlit komunikaci a dialog na v\u0161ech \u00farovn\u00edch a v r\u016fzn\u00fdch oblastech. Pr\u00e1v\u011b nyn\u00ed pan prezident zopakoval, \u017ee Spojen\u00e9 st\u00e1ty se nesna\u017e\u00ed bojovat za \u201enovou studenou v\u00e1lku\u201c, neusiluj\u00ed o zm\u011bnu \u010d\u00ednsk\u00e9ho syst\u00e9mu, nesna\u017e\u00ed se \u010c\u00edn\u011b oponovat posilov\u00e1n\u00edm alian\u010dn\u00edch vztah\u016f, nepodporuj\u00ed \u201enez\u00e1vislost Tchaj-wanu\u201c a nemaj\u00ed v \u00famyslu se st\u0159etnout s \u010c\u00ednou. Va\u0161e pozn\u00e1mky beru velmi v\u00e1\u017en\u011b.<\/p>\n<p>Xi Jinping pouk\u00e1zal na to, \u017ee v sou\u010dasnosti se vztahy mezi \u010c\u00ednou a USA je\u0161t\u011b nevyno\u0159ily z dilematu vytvo\u0159en\u00e9ho p\u0159edchoz\u00ed administrativou USA, ale m\u00edsto toho nar\u00e1\u017eely na st\u00e1le v\u00edce probl\u00e9m\u016f. Zejm\u00e9na n\u011bkte\u0159\u00ed lid\u00e9 ve Spojen\u00fdch st\u00e1tech vys\u00edlaj\u00ed nespr\u00e1vn\u00e9 sign\u00e1ly sil\u00e1m \u201etchajwansk\u00e9 nez\u00e1vislosti\u201c, co\u017e je velmi nebezpe\u010dn\u00e9. Pokud nebude probl\u00e9m Tchaj-wanu \u0159\u00e1dn\u011b vy\u0159e\u0161en, bude to m\u00edt negativn\u00ed dopad na vztahy mezi ob\u011bma zem\u011bmi. Douf\u00e1m, \u017ee americk\u00e1 strana bude v\u011bnovat dostate\u010dnou pozornost. Sou\u010dasn\u00e1 situace ve vztaz\u00edch mezi \u010c\u00ednou a USA je p\u0159\u00edmo d\u016fsledkem toho, \u017ee n\u011bkte\u0159\u00ed lid\u00e9 v USA neprosazovali d\u016fle\u017eit\u00fd konsensus, kter\u00e9ho jsme my dva dos\u00e1hli, a ani neprosazovali pozitivn\u00ed pozn\u00e1mky pana prezidenta. USA \u0161patn\u011b p\u0159e\u010detly a \u0161patn\u011b odhadly \u010d\u00ednsk\u00e9 strategick\u00e9 z\u00e1m\u011bry.<\/p>\n<p>Xi Jinping zd\u016fraznil, \u017ee mezi \u010c\u00ednou a Spojen\u00fdmi st\u00e1ty v minulosti a v sou\u010dasnosti existovaly rozd\u00edly a rozd\u00edly budou existovat i v budoucnosti. Kl\u00ed\u010dem je zvl\u00e1dat rozd\u00edly. \u010c\u00ednsko-americk\u00e9 vztahy, kter\u00e9 se stabiln\u011b rozv\u00edjej\u00ed, jsou prosp\u011b\u0161n\u00e9 pro ob\u011b strany.<\/p>\n<p>Ob\u011b strany si vym\u011bnily n\u00e1zory na sou\u010dasnou situaci na Ukrajin\u011b.<\/p>\n<p>Biden p\u0159edstavil postoj americk\u00e9 strany a vyj\u00e1d\u0159il ochotu komunikovat s \u010d\u00ednskou stranou, aby nedo\u0161lo k eskalaci situace.<\/p>\n<p>Xi Jinping pouk\u00e1zal na to, \u017ee situace na Ukrajin\u011b se rozvinula natolik, co\u017e \u010c\u00edna nerada vid\u00ed. \u010c\u00edna v\u017edy prosazovala m\u00edr a stav\u011bla se proti v\u00e1lce, co\u017e je \u010d\u00ednsk\u00e1 historick\u00e1 a kulturn\u00ed tradice. V\u017edy jsme vych\u00e1zeli z hlediska spr\u00e1vnosti a nespr\u00e1vnosti v\u011bci, rozhodovali jsme nez\u00e1visle, byli jsme pro dodr\u017eov\u00e1n\u00ed mezin\u00e1rodn\u00edho pr\u00e1va a v\u0161eobecn\u011b uzn\u00e1van\u00fdch z\u00e1kladn\u00edch norem mezin\u00e1rodn\u00edch vztah\u016f, dr\u017eeli jsme se Charty OSN a prosazovali jsme spole\u010dnou, komplexn\u00ed, kooperativn\u00ed a trvale udr\u017eitelnou koncepci bezpe\u010dnosti. Tyto hlavn\u00ed principy jsou z\u00e1kladem pro \u010c\u00ednu, aby zvl\u00e1dla ukrajinskou krizi. \u010c\u00edna p\u0159edlo\u017eila \u0161est iniciativ t\u00fdkaj\u00edc\u00ed se humanit\u00e1rn\u00ed situace na Ukrajin\u011b a je ochotna poskytnout Ukrajin\u011b a dal\u0161\u00edm posti\u017een\u00fdm zem\u00edm dal\u0161\u00ed humanit\u00e1rn\u00ed pomoc. V\u0161echny strany by m\u011bly spole\u010dn\u011b podporovat rusko-ukrajinsk\u00fd dialog a vyjedn\u00e1v\u00e1n\u00ed, aby dos\u00e1hlo v\u00fdsledk\u016f a m\u00edru. Spojen\u00e9 st\u00e1ty a NATO by tak\u00e9 m\u011bly v\u00e9st dialog s Ruskem s c\u00edlem vy\u0159e\u0161it hlavn\u00ed probl\u00e9m ukrajinsk\u00e9 krize a vy\u0159e\u0161it bezpe\u010dnostn\u00ed obavy Ruska i Ukrajiny.<\/p>\n<p>Xi Jinping zd\u016fraznil, \u017ee v sou\u010dasn\u00e9 dob\u011b je ji\u017e pro v\u0161echny zem\u011b sv\u011bta velmi obt\u00ed\u017en\u00e9, musej\u00ed se nejen vypo\u0159\u00e1dat s pandemi\u00ed COVID-19, ale tak\u00e9 ochr\u00e1nit ekonomiku a \u017eivobyt\u00ed lid\u00ed. Jako l\u00edd\u0159i velk\u00fdch zem\u00ed mus\u00edme zv\u00e1\u017eit \u0159\u00e1dn\u00e9 vy\u0159e\u0161en\u00ed glob\u00e1ln\u00edch zam\u011b\u0159en\u00fdch probl\u00e9m\u016f, a co je d\u016fle\u017eit\u011bj\u0161\u00ed, glob\u00e1ln\u00ed stability a produkce a \u017eivota miliard lid\u00ed cel\u00e9ho sv\u011bta. Zav\u00e1d\u011bn\u00edm v\u0161estrann\u00fdch a nerozli\u0161uj\u00edc\u00edch sankc\u00ed trp\u00ed oby\u010dejn\u00ed lid\u00e9. Pokud bude situace d\u00e1le eskalov\u00e1na, vyvol\u00e1 to tak\u00e9 v\u00e1\u017en\u00e9 krize v glob\u00e1ln\u00ed ekonomice, obchodu, financ\u00edch, energetice, potravin\u00e1\u0159stv\u00ed, pr\u016fmyslov\u00e9m \u0159et\u011bzci a dodavatelsk\u00e9m \u0159et\u011bzci, \u010d\u00edm\u017e se ji\u017e tak slo\u017eit\u00e1 sv\u011btov\u00e1 ekonomika je\u0161t\u011b zhor\u0161\u00ed a zp\u016fsob\u00ed nenapraviteln\u00e9 ztr\u00e1ty. \u010c\u00edm slo\u017eit\u011bj\u0161\u00ed je situace, t\u00edm v\u011bt\u0161\u00ed je pot\u0159eba zachovat klid a rozum. Mus\u00edme se v jak\u00e9mkoli p\u0159\u00edpad\u011b prok\u00e1zat politickou odvahu, vytvo\u0159it prostor pro m\u00edr a ponechat prostor pro politick\u00e9 urovn\u00e1n\u00ed. V \u010c\u00edn\u011b existuj\u00ed dv\u011b star\u00e1 r\u010den\u00ed, jedno je \u201eJedna ruka netlesk\u00e1\u201c a dal\u0161\u00ed je \u201eKdo za\u010dal pot\u00ed\u017ee, m\u011bl by je ukon\u010dit.\u201c Kl\u00ed\u010dov\u00e9 je, aby zainteresovan\u00e9 strany prok\u00e1zaly politickou v\u016fli, zam\u011b\u0159ily se na sou\u010dasnost, \u010delily budoucnosti a na\u0161ly vhodn\u00e9 \u0159e\u0161en\u00ed. Ostatn\u00ed strany k tomu mohou a m\u011bly by vytv\u00e1\u0159et podm\u00ednky. Hlavn\u00ed prioritou je nyn\u00ed pokra\u010dovat v dialogu a vyjedn\u00e1v\u00e1n\u00ed, vyhnout se civiln\u00edm ob\u011btem, p\u0159edch\u00e1zet humanit\u00e1rn\u00edm kriz\u00edm a zastavit palbu a v\u00e1lku v brzk\u00e9 dob\u011b. Dlouhodob\u00e9 \u0159e\u0161en\u00ed spo\u010d\u00edv\u00e1 ve vz\u00e1jemn\u00e9m respektu mezi hlavn\u00edmi mocnostmi, opu\u0161t\u011bn\u00ed mentality studen\u00e9 v\u00e1lky, neu\u010din\u011bn\u00ed konfrontace mezi r\u016fzn\u00fdmi t\u00e1bory a postupn\u00e9m budov\u00e1n\u00ed vyv\u00e1\u017een\u00e9, efektivn\u00ed a trvale udr\u017eiteln\u00e9 glob\u00e1ln\u00ed a region\u00e1ln\u00ed bezpe\u010dnostn\u00ed architektury. \u010c\u00edna d\u011bl\u00e1 v\u0161e pro m\u00edr a bude i nad\u00e1le hr\u00e1t konstruktivn\u00ed roli.<\/p>\n<p>Ob\u011b hlavy st\u00e1t\u016f se domn\u00edvaj\u00ed, \u017ee tento video-rozhovor je konstruktivn\u00ed, a na\u0159\u00eddily pracovn\u00edm t\u00fdm\u016fm obou zem\u00ed, aby na n\u011bj v\u010das reagovaly, podnikly praktick\u00e9 kroky, sna\u017eily se o n\u00e1vrat \u010d\u00ednsko-americk\u00fdch vztah\u016f na cestu stabiln\u00edho rozvoje, a usilovaly o \u0159\u00e1dn\u00e9 vy\u0159e\u0161en\u00ed ukrajinsk\u00e9 krize.<\/p>\n<p><img decoding=\"async\" loading=\"lazy\" class=\"alignnone size-full wp-image-1185\" src=\"http:\/\/www.infokuryr.cz\/n\/wp-content\/uploads\/2021\/04\/kuryr-podpis.png\" alt=\"\" width=\"84\" height=\"24\" \/><\/p>\n<p>&nbsp;<\/p>\n","protected":false},"excerpt":{"rendered":"<p>\u010c\u00ednsk\u00fd president Xi Jinping (Si \u0164in-pching) 18. b\u0159ezna ve\u010der vedl video-rozhovor se sv\u00fdm americk\u00fdm prot\u011bj\u0161kem&#8230;<\/p>\n","protected":false},"author":2,"featured_media":9262,"comment_status":"closed","ping_status":"closed","sticky":false,"template":"","format":"standard","meta":[],"categories":[7],"tags":[30,2091,1052,37],"_links":{"self":[{"href":"https:\/\/www.infokuryr.cz\/n\/wp-json\/wp\/v2\/posts\/9261"}],"collection":[{"href":"https:\/\/www.infokuryr.cz\/n\/wp-json\/wp\/v2\/posts"}],"about":[{"href":"https:\/\/www.infokuryr.cz\/n\/wp-json\/wp\/v2\/types\/post"}],"author":[{"embeddable":true,"href":"https:\/\/www.infokuryr.cz\/n\/wp-json\/wp\/v2\/users\/2"}],"replies":[{"embeddable":true,"href":"https:\/\/www.infokuryr.cz\/n\/wp-json\/wp\/v2\/comments?post=9261"}],"version-history":[{"count":0,"href":"https:\/\/www.infokuryr.cz\/n\/wp-json\/wp\/v2\/posts\/9261\/revisions"}],"wp:featuredmedia":[{"embeddable":true,"href":"https:\/\/www.infokuryr.cz\/n\/wp-json\/wp\/v2\/media\/9262"}],"wp:attachment":[{"href":"https:\/\/www.infokuryr.cz\/n\/wp-json\/wp\/v2\/media?parent=9261"}],"wp:term":[{"taxonomy":"category","embeddable":true,"href":"https:\/\/www.infokuryr.cz\/n\/wp-json\/wp\/v2\/categories?post=9261"},{"taxonomy":"post_tag","embeddable":true,"href":"https:\/\/www.infokuryr.cz\/n\/wp-json\/wp\/v2\/tags?post=9261"}],"curies":[{"name":"wp","href":"https:\/\/api.w.org\/{rel}","templated":true}]}}