{"id":92591,"date":"2025-11-20T00:14:28","date_gmt":"2025-11-19T23:14:28","guid":{"rendered":"https:\/\/www.infokuryr.cz\/n\/?p=92591"},"modified":"2025-11-19T11:03:34","modified_gmt":"2025-11-19T10:03:34","slug":"wolfgang-bittner-je-nemecko-suverenni","status":"publish","type":"post","link":"https:\/\/www.infokuryr.cz\/n\/2025\/11\/20\/wolfgang-bittner-je-nemecko-suverenni\/","title":{"rendered":"Wolfgang Bittner: Je N\u011bmecko suver\u00e9nn\u00ed?"},"content":{"rendered":"<div id=\"fb-root\"><\/div>\n<h2><strong><span dir=\"auto\">M\u016f\u017ee se N\u011bmecko st\u00e1t neutr\u00e1ln\u00edm?<\/span><\/strong><\/h2>\n<h3><strong><span dir=\"auto\">Pokus o objasn\u011bn\u00ed<\/span><\/strong><\/h3>\n<p><span dir=\"auto\">V posledn\u00ed dob\u011b se znovu objevily v\u00fdzvy k n\u011bmeck\u00e9 neutralit\u011b,[1] n\u00e1vrh, kter\u00fd poprv\u00e9 p\u0159edlo\u017eil Stalin v roce 1952. Tehdy nab\u00eddl ostatn\u00edm t\u0159em hlavn\u00edm v\u00edt\u011bzn\u00fdm mocnostem druh\u00e9 sv\u011btov\u00e9 v\u00e1lky mo\u017enost vyjednat s N\u011bmeckem m\u00edrovou smlouvu. Podm\u00ednkou byla neutralita budouc\u00edho sjednocen\u00e9ho N\u011bmecka, s v\u00fdjimkou v\u00fdchodn\u00edch \u00fazem\u00ed pod polskou spr\u00e1vou. Vzhledem k tomu, \u017ee ve stejnou dobu Adenauerova vl\u00e1da tajn\u011b vyjedn\u00e1vala o znovuvyzbrojen\u00ed N\u011bmecka a \u010dlenstv\u00ed v NATO, z\u00e1padn\u00ed spojenci sov\u011btsk\u00fd n\u00e1vrh bojkotovali. Konrad Adenauer jej tak\u00e9 odm\u00edtl jako nezodpov\u011bdn\u00fd \u201eru\u0161iv\u00fd man\u00e9vr\u201c ur\u010den\u00fd k zablokov\u00e1n\u00ed integrace Z\u00e1padn\u00edho N\u011bmecka do Z\u00e1padu, a t\u00edm ztratil \u0161anci na nez\u00e1vislou n\u011bmeckou politiku.<\/span><\/p>\n<p><span dir=\"auto\">M\u00edsto toho z\u016fstaly tyto dv\u011b n\u011bmeck\u00e9 pam\u00e1tky, jejich\u017e svrchovanost byla v\u00edt\u011bzn\u00fdmi mocnostmi po bezpodm\u00edne\u010dn\u00e9 kapitulaci odvol\u00e1na, pod zahrani\u010dn\u00ed kontrolou, kter\u00e1 se jen postupn\u011b zm\u00edr\u0148ovala. Podle p\u0159evl\u00e1daj\u00edc\u00edho n\u00e1zoru pak Spolkov\u00e1 republika N\u011bmecko jako \u201esubjekt mezin\u00e1rodn\u00edho pr\u00e1va toto\u017en\u00fd s N\u011bmeckou \u0159\u00ed\u0161\u00ed\u201c[2] znovu z\u00edskala \u201eplnou svrchovanost\u201c prost\u0159ednictv\u00edm dohody Dva plus \u010dty\u0159i z 12. z\u00e1\u0159\u00ed 1990 (\u010dl\u00e1nek 7, odstavec 2), tak\u017ee \u2013 teoreticky \u2013 by n\u011bmeck\u00e1 neutralita byla dosa\u017eiteln\u00e1 i dnes.<\/span><\/p>\n<p><span dir=\"auto\">Toto je ofici\u00e1ln\u00ed stav v\u011bc\u00ed.[3] Ud\u011blen\u00ed suverenity v\u0161ak bylo podm\u00edn\u011bno dodate\u010dn\u00fdmi dohodami, nap\u0159\u00edklad Smlouvou o rozm\u00edst\u011bn\u00ed vojensk\u00fdch stanic, \u010dlenstv\u00edm v NATO, vojenskou alianc\u00ed St\u00e1l\u00e9 strukturovan\u00e9 spolupr\u00e1ce (PESCO),[4] dal\u0161\u00edmi vojensk\u00fdmi a ekonomick\u00fdmi dohodami a zast\u0159e\u0161uj\u00edc\u00ed legislativou EU. Zejm\u00e9na prostor pro zahrani\u010dn\u011bpolitickou akci je omezen kv\u016fli v\u00fdhradn\u00edm a vlivov\u00fdm pr\u00e1v\u016fm Spojenc\u016f.[5]<\/span><\/p>\n<p><span dir=\"auto\">I kdy\u017e dohody, jako je Smlouva o rozm\u00edst\u011bn\u00ed vojensk\u00fdch stanic nebo Smlouva o NATO, mohou b\u00fdt ukon\u010deny a N\u011bmecko by dokonce mohlo opustit EU, je krajn\u011b pochybn\u00e9, zda by se n\u011bmeck\u00e1 vl\u00e1da odv\u00e1\u017eila k tomuto kroku nebo zda by se dok\u00e1zala prosadit v\u016f\u010di USA a Velk\u00e9 Brit\u00e1nii. Je tak\u00e9 dob\u0159e zn\u00e1mo, \u017ee USA nedodr\u017euj\u00ed smlouvy, jakmile p\u0159estanou vyhovovat jejich sou\u010dasn\u00e9 administrativ\u011b.<\/span><\/p>\n<p><span dir=\"auto\">Politik CDU Wolfgang Sch\u00e4uble[6], kter\u00fd po cel\u00e1 desetilet\u00ed v\u00fdznamn\u011b formoval n\u011bmeckou politiku, 18. listopadu 2011, dvacet let po tzv. znovusjednocen\u00ed a dohod\u011b dva plus \u010dty\u0159i, na \u201eEvropsk\u00e9m bankovn\u00edm kongresu\u201c ve Frankfurtu nad Mohanem prohl\u00e1sil: \u201eKritici, kte\u0159\u00ed se domn\u00edvaj\u00ed, \u017ee mezi v\u0161emi oblastmi politiky mus\u00ed existovat shoda, ve skute\u010dnosti p\u0159edpokl\u00e1daj\u00ed regula\u010dn\u00ed monopol n\u00e1rodn\u00edho st\u00e1tu. To byl star\u00fd pr\u00e1vn\u00ed \u0159\u00e1d, kter\u00fd je st\u00e1le z\u00e1kladem mezin\u00e1rodn\u00edho pr\u00e1va, s konceptem suverenity, kter\u00fd se v Evrop\u011b ji\u017e d\u00e1vno stal absurdn\u00edm, nejpozd\u011bji ve dvou sv\u011btov\u00fdch v\u00e1lk\u00e1ch v prvn\u00ed polovin\u011b minul\u00e9ho stolet\u00ed. A my v N\u011bmecku nejsme pln\u011b suver\u00e9nn\u00ed v \u017e\u00e1dn\u00e9m okam\u017eiku od 8. kv\u011btna 1945.\u201c[7] Toto je n\u00e1zor zku\u0161en\u00e9ho politika.<\/span><\/p>\n<p><span dir=\"auto\">V mezin\u00e1rodn\u00edm pr\u00e1vu je suverenita podle star\u0161\u00edch pr\u00e1vn\u00edch v\u00fdklad\u016f absolutn\u00edm pr\u00e1vem st\u00e1tu \u0159\u00eddit svou dom\u00e1c\u00ed a zahrani\u010dn\u00ed politiku.[8] To zjevn\u011b neplat\u00ed pro N\u011bmecko. Podle nov\u011bj\u0161\u00edch mezin\u00e1rodn\u011bpr\u00e1vn\u00edch v\u00fdklad\u016f se v\u0161ak st\u00e1t m\u016f\u017ee prost\u0159ednictv\u00edm smluv s jin\u00fdmi st\u00e1ty vzd\u00e1t ur\u010dit\u00fdch pr\u00e1v, a t\u00edm dobrovoln\u011b omezit svou suverenitu. To by se mohlo vztahovat i na N\u011bmecko. N\u011bkolik omezen\u00ed, kter\u00fdm N\u011bmecko podl\u00e9h\u00e1, \u200b\u200bv\u0161ak nen\u00ed samo o sob\u011b stanoveno.<\/span><\/p>\n<h3><strong><span dir=\"auto\">Proto vyvst\u00e1vaj\u00ed n\u00e1sleduj\u00edc\u00ed ot\u00e1zky:<\/span><\/strong><\/h3>\n<p><span dir=\"auto\">1. M\u016f\u017ee b\u00fdt zem\u011b, jej\u00ed\u017e obyvatelstvo je neust\u00e1le lh\u00e1no, podv\u00e1d\u011bno a poni\u017eov\u00e1no, kter\u00e1 nem\u00e1 m\u00edrovou smlouvu a kter\u00e1 je podle Charty Organizace spojen\u00fdch n\u00e1rod\u016f (\u010dl\u00e1nky 53 a 107) st\u00e1le nep\u0159\u00e1telsk\u00fdm st\u00e1tem v\u00edt\u011bzn\u00fdch mocnost\u00ed druh\u00e9 sv\u011btov\u00e9 v\u00e1lky, suver\u00e9nn\u00ed? Klauzule o nep\u0159\u00e1telsk\u00e9m st\u00e1t\u011b stanov\u00ed, \u017ee donucovac\u00ed opat\u0159en\u00ed mohou b\u00fdt uvalena bez zvl\u00e1\u0161tn\u00edho povolen\u00ed Rady bezpe\u010dnosti OSN, v\u010detn\u011b vojensk\u00e9 intervence, pokud by N\u011bmecko op\u011bt pokra\u010dovalo v agresivn\u00ed politice. V\u00fdznam t\u00e9to klauzule je otev\u0159en\u00fd \u0161irok\u00e9mu v\u00fdkladu a tento v\u00fdklad by nakonec provedly v\u00edt\u011bzn\u00e9 mocnosti druh\u00e9 sv\u011btov\u00e9 v\u00e1lky, p\u0159edev\u0161\u00edm USA.<\/span><\/p>\n<p><span dir=\"auto\">2. M\u016f\u017ee b\u00fdt zem\u011b s jeden\u00e1cti obrovsk\u00fdmi americk\u00fdmi vojensk\u00fdmi z\u00e1kladnami, kter\u00e9 v N\u011bmecku permanentn\u011b dr\u017e\u00ed p\u0159ibli\u017en\u011b 37 000 voj\u00e1k\u016f v ozbrojen\u00e9m stavu (v\u010detn\u011b jadern\u00fdch zbran\u00ed) a zvou mezin\u00e1rodn\u00ed konference na svou vojenskou z\u00e1kladnu Ramstein, odkud vedou zab\u00edjen\u00ed dron\u016f, suver\u00e9nn\u00ed?[9]<\/span><\/p>\n<p><span dir=\"auto\">3. M\u016f\u017ee b\u00fdt zem\u011b, v n\u00ed\u017e si v\u00edt\u011bzn\u00e9 mocnosti druh\u00e9 sv\u011btov\u00e9 v\u00e1lky st\u00e1le udr\u017eely moc, suver\u00e9nn\u00ed? N\u00e1zor je takov\u00fd, \u017ee st\u00e1le plat\u00ed tzv. \u201ezkamen\u011bl\u00fd okupa\u010dn\u00ed z\u00e1kon\u201c,[10] tedy \u201eokupa\u010dn\u00ed z\u00e1kon, kter\u00fd v dob\u011b uzav\u0159en\u00ed \u201aP\u0159echodn\u00e9 smlouvy\u2018 nepodl\u00e9hal \u017e\u00e1dn\u00e9mu na\u0159\u00edzen\u00ed n\u011bmeck\u00e9ho st\u00e1tn\u00edho org\u00e1nu\u201c a jeho\u017e jednotliv\u00e1 ustanoven\u00ed z\u016fst\u00e1vaj\u00ed v platnosti.[11]<\/span><\/p>\n<p><span dir=\"auto\">4. M\u016f\u017ee b\u00fdt suver\u00e9nn\u00ed zem\u011b, kter\u00e9 jsou bez protest\u016f od\u0159\u00edznuty dod\u00e1vky levn\u00e9 energie z Ruska, kter\u00e1 se neust\u00e1le nech\u00e1v\u00e1 regulovat a m\u00e1 ze strany Evropsk\u00e9 komise vnucov\u00e1ny nev\u00fdhodn\u00e9 z\u00e1kony?<\/span><\/p>\n<p><span dir=\"auto\">Ot\u00e1zka n\u011bmeck\u00e9 suverenity je slo\u017eit\u00e1 z\u00e1le\u017eitost, kter\u00e1 existen\u010dn\u011b ovliv\u0148uje obyvatelstvo a ofici\u00e1ln\u00ed zdroje se j\u00ed vyh\u00fdbaj\u00ed. Je v\u0161ak nejvy\u0161\u0161\u00ed \u010das dostat ji do ve\u0159ejn\u00e9 diskuse, o co\u017e se v sou\u010dasn\u00e9 dob\u011b sna\u017e\u00ed n\u011bkolik m\u00edrov\u00fdch organizac\u00ed.<\/span><\/p>\n<h3><strong><span dir=\"auto\">Z\u00e1v\u011br<\/span><\/strong><\/h3>\n<p><span dir=\"auto\">Dalo by se snad nam\u00edtnout, \u017ee N\u011bmecko nen\u00ed pln\u011b suver\u00e9nn\u00ed (pokud skute\u010dn\u011b existuje ne\u00fapln\u00e1 suverenita) a \u017ee se sebev\u011bdomou, nez\u00e1visle jednaj\u00edc\u00ed vl\u00e1dou by bylo mo\u017en\u00e9 dos\u00e1hnout alespo\u0148 p\u0159ibli\u017en\u00e9 suverenity ve smyslu nov\u011bj\u0161\u00edho pohledu podle mezin\u00e1rodn\u00edho pr\u00e1va. Vzhledem k v\u00fd\u0161e uveden\u00fdm okolnostem se v\u0161ak zd\u00e1 pravd\u011bpodobn\u00e9, \u017ee n\u011bmeck\u00e1 vl\u00e1da nen\u00ed schopna jednat autonomn\u011b ve prosp\u011bch sv\u00e9ho obyvatelstva, a proto N\u011bmecko nen\u00ed suver\u00e9nn\u00ed ve smyslu kodifikovan\u00e9m v dohod\u011b Dva plus \u010dty\u0159i.<\/span><\/p>\n<p><span dir=\"auto\">Sou\u010dasn\u00e1 realita proto br\u00e1n\u00ed dosa\u017een\u00ed n\u011bmeck\u00e9 neutrality, kter\u00e1 by vy\u0159e\u0161ila mnoho dne\u0161n\u00edch probl\u00e9m\u016f. K vydl\u00e1\u017ed\u011bn\u00ed cesty k m\u00edrov\u011bj\u0161\u00ed budoucnosti by bylo nutn\u00e9 intenzivn\u00ed diplomatick\u00e9 \u00fasil\u00ed na nejvy\u0161\u0161\u00ed \u00farovni. V sou\u010dasn\u00e9 dob\u011b je na to mal\u00e1 nad\u011bje. Navzdory zd\u00e1nliv\u011b nep\u0159ekonateln\u00fdm p\u0159ek\u00e1\u017ek\u00e1m by se v\u0161ak nem\u011blo zapom\u00ednat na c\u00edl n\u011bmeck\u00e9 suverenity a neutrality. V tomto ohledu existuj\u00ed chv\u00e1lyhodn\u00e9 iniciativy, kter\u00e9 si zaslou\u017e\u00ed podporu.[12]<\/span><\/p>\n<p><span dir=\"auto\">*<\/span><\/p>\n<p><em><span dir=\"auto\">Spisovatel a publicista Dr.\u00a0<\/span><\/em><em><strong><span dir=\"auto\">Wolfgang Bittner<\/span><\/strong><\/em><em><span dir=\"auto\">\u00a0\u017eije v G\u00f6ttingenu.\u00a0<\/span><\/em><em><span dir=\"auto\">Ned\u00e1vno vy\u0161la jeho kniha \u201eGeopolitika: P\u0159ehled. N\u011bmecko-USA-EU-Rusko\u201c. Je jedn\u00edm ze zakl\u00e1daj\u00edc\u00edch signat\u00e1\u0159\u016f v\u00fdzvy k n\u011bmeck\u00e9 neutralit\u011b.<\/span><\/em><\/p>\n<h4><span dir=\"auto\">Pozn\u00e1mky a zdroje<\/span><\/h4>\n<p><span dir=\"auto\">1. Viz\u00a0<\/span><a href=\"http:\/\/www.nrhz.de\/flyer\/beitrag.php?id=29559&amp;css\"><span dir=\"auto\">http:\/\/www.nrhz.de\/flyer\/beitrag.php?id=29559&amp;css<\/span><\/a><\/p>\n<p><span dir=\"auto\">2 Viz\u00a0<\/span><a href=\"https:\/\/www.bundestag.de\/webarchiv\/presse\/hib\/2015_06\/380964-380964\"><span dir=\"auto\">www.bundestag.de\/webarchiv\/presse\/hib\/2015_06\/380964-380964<\/span><\/a><\/p>\n<p><span dir=\"auto\">3. Podrobn\u00fd, ale slab\u00fd argument viz v\u00fdzkumn\u00e9 slu\u017eby n\u011bmeck\u00e9ho Spolkov\u00e9ho sn\u011bmu \u201eP\u0159echodn\u00e1 smlouva a \u201aklauzule o nep\u0159\u00e1telsk\u00e9m st\u00e1t\u011b\u2018 ve sv\u011btle mezin\u00e1rodn\u00ed suverenity Spolkov\u00e9 republiky N\u011bmecko\u201c:\u00a0<\/span><a href=\"http:\/\/www.bundestag.de\/resource\/blob\/414956\/52aff2259e2e2ca57d71335748016458\/wd-2-108-06-pdf-data.pdf\"><span dir=\"auto\">www.bundestag.de\/resource\/blob\/414956\/52aff2259e2e2ca57d71335748016458\/wd-2-108-06-pdf-data.pdf<\/span><\/a><\/p>\n<p><span dir=\"auto\">4 Viz\u00a0<\/span><em><span dir=\"auto\">Spiegel Online<\/span><\/em><span dir=\"auto\">\u00a0, 13. listopadu 2017,\u00a0<\/span><a href=\"http:\/\/www.spiegel.de\/politik\/ausland\/bruessel-23-eu-staaten-gruenden-pesco-zusammenarbeit-bei-verteidigung-a-1177685.html\"><span dir=\"auto\">www.spiegel.de\/politik\/ausland\/bruessel-23-eu-staaten-gruenden-pesco-zusammenarbeit-bei-verteidigung-a-1177685.html<\/span><\/a><\/p>\n<p><span dir=\"auto\">5 Viz Sebastian Fries, \u201eMezi bezpe\u010dnost\u00ed a suverenitou: rozm\u00edst\u011bn\u00ed americk\u00fdch vojsk a rozsah zahrani\u010dn\u00ed politiky Spolkov\u00e9 republiky N\u011bmecko\u201c,\u00a0<\/span><a href=\"https:\/\/edoc.bbaw.de\/opus4-bbaw\/frontdoor\/deliver\/index\/docId\/359\/file\/26PiNaLFNd6L_327.pdf\"><span dir=\"auto\">https:\/\/edoc.bbaw.de\/opus4-bbaw\/frontdoor\/deliver\/index\/docId\/359\/file\/26PiNaLFNd6L_327.pdf<\/span><\/a><\/p>\n<p><span dir=\"auto\">6. Sch\u00e4uble (1942-2023) byl v letech 1984 a\u017e 1989 spolkov\u00fdm ministrem pro zvl\u00e1\u0161tn\u00ed \u00fakoly a vedouc\u00edm \u00fa\u0159adu spolkov\u00e9ho kancl\u00e9\u0159e, v letech 1989 a\u017e 1991 spolkov\u00fdm ministrem vnitra a znovu v letech 2005 a\u017e 2009. V letech 2017 a\u017e 2021 byl p\u0159edsedou n\u011bmeck\u00e9ho Spolkov\u00e9ho sn\u011bmu.<\/span><\/p>\n<p><span dir=\"auto\">7\u00a0<\/span><a href=\"http:\/\/www.youtube.com\/watch?v=hdg8_9diL2E\"><span dir=\"auto\">www.youtube.com\/watch?v=hdg8_9diL2E<\/span><\/a><span dir=\"auto\">\u00a0(p\u0159\u00edstup 15. 10. 2025)<\/span><\/p>\n<p><span dir=\"auto\">8 Viz: Burkhard Sch\u00f6bener (ed.), \u201eMezin\u00e1rodn\u00ed pr\u00e1vo. Lexikon \u00fast\u0159edn\u00edch pojm\u016f a t\u00e9mat\u201c, CF M\u00fcller, Heidelberg 2014, s. 393.<\/span><\/p>\n<p><span dir=\"auto\">9. Viz Wolfgang Bittner, \u201eNikdo by nem\u011bl hladov\u011bt, ani\u017e by zmrzl\u201c, Verlag zeitgeist, H\u00f6hr-Grenzhausen 2024, str. 63 a n\u00e1sl.<\/span><\/p>\n<p><span dir=\"auto\">10 Viz tamt\u00e9\u017e: \u201eP\u0159echodn\u00e1 smlouva a \u201aklauzule o nep\u0159\u00e1telsk\u00e9m st\u00e1t\u011b\u2018 s ohledem na mezin\u00e1rodn\u00ed suverenitu Spolkov\u00e9 republiky N\u011bmecko\u201c, s. 7.<\/span><\/p>\n<p><span dir=\"auto\">11 Podrobnosti viz:\u00a0<\/span><a href=\"https:\/\/de.wikipedia.org\/wiki\/%C3%9Cberleitungsvertrag\"><span dir=\"auto\">https:\/\/de.wikipedia.org\/wiki\/\u00dcberleitungsvertrag<\/span><\/a><span dir=\"auto\">\u00a0(p\u0159\u00edstup 15. 10. 2025).<\/span><\/p>\n<p><span dir=\"auto\">12 Viz\u00a0<\/span><a href=\"https:\/\/deutschlandneutral.de\/\"><span dir=\"auto\">https:\/\/deutschlandneutral.de<\/span><\/a><\/p>\n<p>&nbsp;<\/p>\n","protected":false},"excerpt":{"rendered":"<p>M\u016f\u017ee se N\u011bmecko st\u00e1t neutr\u00e1ln\u00edm? Pokus o objasn\u011bn\u00ed V posledn\u00ed dob\u011b se znovu objevily v\u00fdzvy&#8230;<\/p>\n","protected":false},"author":2,"featured_media":5594,"comment_status":"closed","ping_status":"closed","sticky":false,"template":"","format":"standard","meta":[],"categories":[7],"tags":[1042,2181,84,1942],"_links":{"self":[{"href":"https:\/\/www.infokuryr.cz\/n\/wp-json\/wp\/v2\/posts\/92591"}],"collection":[{"href":"https:\/\/www.infokuryr.cz\/n\/wp-json\/wp\/v2\/posts"}],"about":[{"href":"https:\/\/www.infokuryr.cz\/n\/wp-json\/wp\/v2\/types\/post"}],"author":[{"embeddable":true,"href":"https:\/\/www.infokuryr.cz\/n\/wp-json\/wp\/v2\/users\/2"}],"replies":[{"embeddable":true,"href":"https:\/\/www.infokuryr.cz\/n\/wp-json\/wp\/v2\/comments?post=92591"}],"version-history":[{"count":0,"href":"https:\/\/www.infokuryr.cz\/n\/wp-json\/wp\/v2\/posts\/92591\/revisions"}],"wp:featuredmedia":[{"embeddable":true,"href":"https:\/\/www.infokuryr.cz\/n\/wp-json\/wp\/v2\/media\/5594"}],"wp:attachment":[{"href":"https:\/\/www.infokuryr.cz\/n\/wp-json\/wp\/v2\/media?parent=92591"}],"wp:term":[{"taxonomy":"category","embeddable":true,"href":"https:\/\/www.infokuryr.cz\/n\/wp-json\/wp\/v2\/categories?post=92591"},{"taxonomy":"post_tag","embeddable":true,"href":"https:\/\/www.infokuryr.cz\/n\/wp-json\/wp\/v2\/tags?post=92591"}],"curies":[{"name":"wp","href":"https:\/\/api.w.org\/{rel}","templated":true}]}}