{"id":92581,"date":"2025-11-19T05:52:39","date_gmt":"2025-11-19T04:52:39","guid":{"rendered":"https:\/\/www.infokuryr.cz\/n\/?p=92581"},"modified":"2025-11-19T05:52:39","modified_gmt":"2025-11-19T04:52:39","slug":"terorismus-antifa-v-texasu-levicovi-teroriste-jsou-nyni-pred-soudem","status":"publish","type":"post","link":"https:\/\/www.infokuryr.cz\/n\/2025\/11\/19\/terorismus-antifa-v-texasu-levicovi-teroriste-jsou-nyni-pred-soudem\/","title":{"rendered":"Terorismus Antifa v Texasu: Levicov\u00ed terorist\u00e9 jsou nyn\u00ed p\u0159ed soudem"},"content":{"rendered":"<div id=\"fb-root\"><\/div>\n<p><strong><span dir=\"auto\">Poprv\u00e9 ve Spojen\u00fdch st\u00e1tech je skupina Antifa souzena za terorismus. \u201eSeverotexask\u00e1 bu\u0148ka Antifa\u201c \u010del\u00ed velk\u00e9 porot\u011b. Levicov\u00ed terorist\u00e9 nyn\u00ed \u010del\u00ed des\u00edtk\u00e1m let v\u011bzen\u00ed.<\/span><\/strong><\/p>\n<p><span dir=\"auto\">Skupina Antifa ze severn\u00edho Texasu \u010del\u00ed u americk\u00e9ho feder\u00e1ln\u00edho soudu obvin\u011bn\u00ed z teroristick\u00e9ho \u00fatoku. Levicov\u00ed extremist\u00e9 provedli organizovan\u00fd ozbrojen\u00fd \u00fatok s pou\u017eit\u00edm st\u0159eln\u00fdch zbran\u00ed a v\u00fdbu\u0161nin s deklarovan\u00fdm c\u00edlem zab\u00edt feder\u00e1ln\u00ed policisty. Podle ob\u017ealoby vtrhli do deten\u010dn\u00edho centra ICE, k kryt\u00ed pou\u017eili oh\u0148ostroje, vandalizovali budovu, sabotovali kamery a nakonec post\u0159elili policistu do krku. To v\u0161e v od\u011bvu Black Bloc.<\/span><\/p>\n<p><a href=\"https:\/\/www.justice.gov\/usao-ndtx\/pr\/antifa-cell-members-indicted-prairieland-shooting\"><span dir=\"auto\">Samotn\u00e9 americk\u00e9 ministerstvo spravedlnosti (DOJ)<\/span><\/a><span dir=\"auto\">\u00a0je popisuje jako militantn\u00ed bu\u0148ku, kter\u00e1 hromad\u00ed zbran\u011b, obstar\u00e1v\u00e1 v\u00fdbu\u0161niny, komunikuje jako paramilit\u00e1rn\u00ed podzem\u00ed a sleduje levicov\u011b teroristickou ideologickou agendu. Naskladnili v\u00edce ne\u017e pades\u00e1t st\u0159eln\u00fdch zbran\u00ed, v\u010detn\u011b variant \u00fato\u010dn\u00fdch pu\u0161ek AR s upraven\u00fdmi spou\u0161\u0165mi. To v\u0161e vedlo k prvn\u00ed ob\u017ealob\u011b z terorismu proti \u010dlen\u016fm Antify u americk\u00e9ho feder\u00e1ln\u00edho soudu.<\/span><\/p>\n<figure class=\"wp-block-embed is-type-rich is-provider-twitter wp-block-embed-twitter\">\n<div class=\"wp-block-embed__wrapper\">\n<div class=\"twitter-tweet twitter-tweet-rendered\"><iframe id=\"twitter-widget-0\" class=\"\" title=\"X P\u0159\u00edsp\u011bvek\" src=\"https:\/\/platform.twitter.com\/embed\/Tweet.html?dnt=true&amp;embedId=twitter-widget-0&amp;features=eyJ0ZndfdGltZWxpbmVfbGlzdCI6eyJidWNrZXQiOltdLCJ2ZXJzaW9uIjpudWxsfSwidGZ3X2ZvbGxvd2VyX2NvdW50X3N1bnNldCI6eyJidWNrZXQiOnRydWUsInZlcnNpb24iOm51bGx9LCJ0ZndfdHdlZXRfZWRpdF9iYWNrZW5kIjp7ImJ1Y2tldCI6Im9uIiwidmVyc2lvbiI6bnVsbH0sInRmd19yZWZzcmNfc2Vzc2lvbiI6eyJidWNrZXQiOiJvbiIsInZlcnNpb24iOm51bGx9LCJ0ZndfZm9zbnJfc29mdF9pbnRlcnZlbnRpb25zX2VuYWJsZWQiOnsiYnVja2V0Ijoib24iLCJ2ZXJzaW9uIjpudWxsfSwidGZ3X21peGVkX21lZGlhXzE1ODk3Ijp7ImJ1Y2tldCI6InRyZWF0bWVudCIsInZlcnNpb24iOm51bGx9LCJ0ZndfZXhwZXJpbWVudHNfY29va2llX2V4cGlyYXRpb24iOnsiYnVja2V0IjoxMjA5NjAwLCJ2ZXJzaW9uIjpudWxsfSwidGZ3X3Nob3dfYmlyZHdhdGNoX3Bpdm90c19lbmFibGVkIjp7ImJ1Y2tldCI6Im9uIiwidmVyc2lvbiI6bnVsbH0sInRmd19kdXBsaWNhdGVfc2NyaWJlc190b19zZXR0aW5ncyI6eyJidWNrZXQiOiJvbiIsInZlcnNpb24iOm51bGx9LCJ0ZndfdXNlX3Byb2ZpbGVfaW1hZ2Vfc2hhcGVfZW5hYmxlZCI6eyJidWNrZXQiOiJvbiIsInZlcnNpb24iOm51bGx9LCJ0ZndfdmlkZW9faGxzX2R5bmFtaWNfbWFuaWZlc3RzXzE1MDgyIjp7ImJ1Y2tldCI6InRydWVfYml0cmF0ZSIsInZlcnNpb24iOm51bGx9LCJ0ZndfbGVnYWN5X3RpbWVsaW5lX3N1bnNldCI6eyJidWNrZXQiOnRydWUsInZlcnNpb24iOm51bGx9LCJ0ZndfdHdlZXRfZWRpdF9mcm9udGVuZCI6eyJidWNrZXQiOiJvbiIsInZlcnNpb24iOm51bGx9fQ%3D%3D&amp;frame=false&amp;hideCard=false&amp;hideThread=false&amp;id=1989576013932605666&amp;lang=cs&amp;origin=https%3A%2F%2Freport24.news%2Fantifa-terror-in-texas-jetzt-stehen-die-linksterroristen-vor-gericht%2F&amp;sessionId=f887986a81cac1d5aa54189d1980e1909f8588e4&amp;theme=light&amp;widgetsVersion=2615f7e52b7e0%3A1702314776716&amp;width=550px\" frameborder=\"0\" scrolling=\"no\" allowfullscreen=\"allowfullscreen\" data-tweet-id=\"1989576013932605666\" data-mce-fragment=\"1\"><\/iframe><\/div>\n<\/div>\n<\/figure>\n<p><span dir=\"auto\">Ob\u017ealoba se \u010dte jako sm\u011bs anarchistick\u00e9ho fanfik\u010dn\u00edho sebeobrazu a \u017ealostn\u011b selh\u00e1vaj\u00edc\u00ed guerillov\u00e9 reality. Bu\u0148ka, jej\u00ed\u017e \u010dlenov\u00e9 koordinovali svou \u010dinnost prost\u0159ednictv\u00edm \u0161ifrovan\u00fdch aplikac\u00ed a d\u00e1vali si kryc\u00ed jm\u00e9na jako r\u00e1doby revolucion\u00e1\u0159i, produkovala \u201eziny\u201c \u2013 ty podom\u00e1cku vyroben\u00e9 ideologick\u00e9 bro\u017eury s revolu\u010dn\u00edmi sliby sp\u00e1sy. Tyto ziny zkoumaly sc\u00e9n\u00e1\u0159e, jako je \u201ezru\u0161en\u00ed st\u00e1tn\u00edch instituc\u00ed\u201c \u2013 samoz\u0159ejm\u011b s obvyklou sm\u011bsic\u00ed marxistick\u00fdch utopi\u00ed a anarchistick\u00fdch destruktivn\u00edch impuls\u016f.<\/span><\/p>\n<p><span dir=\"auto\">Mezi trestn\u00e9 \u010diny projedn\u00e1van\u00e9 velkou porotou pat\u0159\u00ed n\u00e1siln\u00e9 v\u00fdtr\u017enictv\u00ed, napom\u00e1h\u00e1n\u00ed terorismu, spiknut\u00ed a pou\u017eit\u00ed v\u00fdbu\u0161nin, pokus o vra\u017edu feder\u00e1ln\u00edch \u00fa\u0159edn\u00edk\u016f, pou\u017eit\u00ed st\u0159eln\u00fdch zbran\u00ed p\u0159i n\u00e1siln\u00fdch trestn\u00fdch \u010dinech a zatajov\u00e1n\u00ed dokument\u016f. Tresty se pohybuj\u00ed od deseti let (minim\u00e1ln\u011b) a\u017e po do\u017eivot\u00ed.<\/span><\/p>\n<figure class=\"wp-block-embed is-type-rich is-provider-twitter wp-block-embed-twitter\">\n<div class=\"wp-block-embed__wrapper\">\n<div class=\"twitter-tweet twitter-tweet-rendered\"><iframe id=\"twitter-widget-1\" class=\"\" title=\"X P\u0159\u00edsp\u011bvek\" src=\"https:\/\/platform.twitter.com\/embed\/Tweet.html?dnt=true&amp;embedId=twitter-widget-1&amp;features=eyJ0ZndfdGltZWxpbmVfbGlzdCI6eyJidWNrZXQiOltdLCJ2ZXJzaW9uIjpudWxsfSwidGZ3X2ZvbGxvd2VyX2NvdW50X3N1bnNldCI6eyJidWNrZXQiOnRydWUsInZlcnNpb24iOm51bGx9LCJ0ZndfdHdlZXRfZWRpdF9iYWNrZW5kIjp7ImJ1Y2tldCI6Im9uIiwidmVyc2lvbiI6bnVsbH0sInRmd19yZWZzcmNfc2Vzc2lvbiI6eyJidWNrZXQiOiJvbiIsInZlcnNpb24iOm51bGx9LCJ0ZndfZm9zbnJfc29mdF9pbnRlcnZlbnRpb25zX2VuYWJsZWQiOnsiYnVja2V0Ijoib24iLCJ2ZXJzaW9uIjpudWxsfSwidGZ3X21peGVkX21lZGlhXzE1ODk3Ijp7ImJ1Y2tldCI6InRyZWF0bWVudCIsInZlcnNpb24iOm51bGx9LCJ0ZndfZXhwZXJpbWVudHNfY29va2llX2V4cGlyYXRpb24iOnsiYnVja2V0IjoxMjA5NjAwLCJ2ZXJzaW9uIjpudWxsfSwidGZ3X3Nob3dfYmlyZHdhdGNoX3Bpdm90c19lbmFibGVkIjp7ImJ1Y2tldCI6Im9uIiwidmVyc2lvbiI6bnVsbH0sInRmd19kdXBsaWNhdGVfc2NyaWJlc190b19zZXR0aW5ncyI6eyJidWNrZXQiOiJvbiIsInZlcnNpb24iOm51bGx9LCJ0ZndfdXNlX3Byb2ZpbGVfaW1hZ2Vfc2hhcGVfZW5hYmxlZCI6eyJidWNrZXQiOiJvbiIsInZlcnNpb24iOm51bGx9LCJ0ZndfdmlkZW9faGxzX2R5bmFtaWNfbWFuaWZlc3RzXzE1MDgyIjp7ImJ1Y2tldCI6InRydWVfYml0cmF0ZSIsInZlcnNpb24iOm51bGx9LCJ0ZndfbGVnYWN5X3RpbWVsaW5lX3N1bnNldCI6eyJidWNrZXQiOnRydWUsInZlcnNpb24iOm51bGx9LCJ0ZndfdHdlZXRfZWRpdF9mcm9udGVuZCI6eyJidWNrZXQiOiJvbiIsInZlcnNpb24iOm51bGx9fQ%3D%3D&amp;frame=false&amp;hideCard=false&amp;hideThread=false&amp;id=1990541432667734084&amp;lang=cs&amp;origin=https%3A%2F%2Freport24.news%2Fantifa-terror-in-texas-jetzt-stehen-die-linksterroristen-vor-gericht%2F&amp;sessionId=f887986a81cac1d5aa54189d1980e1909f8588e4&amp;theme=light&amp;widgetsVersion=2615f7e52b7e0%3A1702314776716&amp;width=550px\" frameborder=\"0\" scrolling=\"no\" allowfullscreen=\"allowfullscreen\" data-tweet-id=\"1990541432667734084\" data-mce-fragment=\"1\"><\/iframe><\/div>\n<\/div>\n<\/figure>\n<p><span dir=\"auto\">Za prezidenta Donalda Trumpa nyn\u00ed Spojen\u00e9 st\u00e1ty prokazuj\u00ed v\u016f\u010di levicov\u00fdm teroristick\u00fdm skupin\u00e1m tvrdost, kter\u00e1 jim v minulosti chyb\u011bla \u2013 tvrdost, kter\u00e1 vedla k nes\u010detn\u00fdm n\u00e1siln\u00fdm \u00fatok\u016fm na feder\u00e1ln\u00ed \u00fa\u0159edn\u00edky a za\u0159\u00edzen\u00ed. Zat\u00edmco se v\u017edy prim\u00e1rn\u011b zam\u011b\u0159ovala na \u201eboj proti pravici\u201c, levice z\u016fst\u00e1vala slep\u00e1 (hlavn\u011b z politick\u00fdch d\u016fvod\u016f). To se v\u0161ak nyn\u00ed zm\u011bnilo, jak dokazuje tato ob\u017ealoba.<\/span><\/p>\n<p><img decoding=\"async\" loading=\"lazy\" class=\"alignnone size-full wp-image-1185\" src=\"http:\/\/www.infokuryr.cz\/n\/wp-content\/uploads\/2021\/04\/kuryr-podpis.png\" alt=\"\" width=\"84\" height=\"24\" \/><\/p>\n<p>&nbsp;<\/p>\n","protected":false},"excerpt":{"rendered":"<p>Poprv\u00e9 ve Spojen\u00fdch st\u00e1tech je skupina Antifa souzena za terorismus. \u201eSeverotexask\u00e1 bu\u0148ka Antifa\u201c \u010del\u00ed velk\u00e9&#8230;<\/p>\n","protected":false},"author":2,"featured_media":92582,"comment_status":"closed","ping_status":"closed","sticky":false,"template":"","format":"standard","meta":[],"categories":[7],"tags":[70,324,2703,37],"_links":{"self":[{"href":"https:\/\/www.infokuryr.cz\/n\/wp-json\/wp\/v2\/posts\/92581"}],"collection":[{"href":"https:\/\/www.infokuryr.cz\/n\/wp-json\/wp\/v2\/posts"}],"about":[{"href":"https:\/\/www.infokuryr.cz\/n\/wp-json\/wp\/v2\/types\/post"}],"author":[{"embeddable":true,"href":"https:\/\/www.infokuryr.cz\/n\/wp-json\/wp\/v2\/users\/2"}],"replies":[{"embeddable":true,"href":"https:\/\/www.infokuryr.cz\/n\/wp-json\/wp\/v2\/comments?post=92581"}],"version-history":[{"count":0,"href":"https:\/\/www.infokuryr.cz\/n\/wp-json\/wp\/v2\/posts\/92581\/revisions"}],"wp:featuredmedia":[{"embeddable":true,"href":"https:\/\/www.infokuryr.cz\/n\/wp-json\/wp\/v2\/media\/92582"}],"wp:attachment":[{"href":"https:\/\/www.infokuryr.cz\/n\/wp-json\/wp\/v2\/media?parent=92581"}],"wp:term":[{"taxonomy":"category","embeddable":true,"href":"https:\/\/www.infokuryr.cz\/n\/wp-json\/wp\/v2\/categories?post=92581"},{"taxonomy":"post_tag","embeddable":true,"href":"https:\/\/www.infokuryr.cz\/n\/wp-json\/wp\/v2\/tags?post=92581"}],"curies":[{"name":"wp","href":"https:\/\/api.w.org\/{rel}","templated":true}]}}