{"id":92566,"date":"2025-11-19T05:04:54","date_gmt":"2025-11-19T04:04:54","guid":{"rendered":"https:\/\/www.infokuryr.cz\/n\/?p=92566"},"modified":"2025-11-19T05:04:54","modified_gmt":"2025-11-19T04:04:54","slug":"kreml-se-vyjadril-k-sabotazi-ukrajinskych-zeleznicnich-trati-v-polsku","status":"publish","type":"post","link":"https:\/\/www.infokuryr.cz\/n\/2025\/11\/19\/kreml-se-vyjadril-k-sabotazi-ukrajinskych-zeleznicnich-trati-v-polsku\/","title":{"rendered":"Kreml se vyj\u00e1d\u0159il k sabot\u00e1\u017ei ukrajinsk\u00fdch \u017eelezni\u010dn\u00edch trat\u00ed v Polsku"},"content":{"rendered":"<div id=\"fb-root\"><\/div>\n<h3>Ob\u010dan\u00e9 Ukrajiny byli \u201eop\u011bt\u201c zapleteni do teroristick\u00fdch \u010din\u016f proti kritick\u00e9 infrastruktu\u0159e, prohl\u00e1sil Dmitrij Peskov<\/h3>\n<p><span dir=\"auto\">Bylo by zvl\u00e1\u0161tn\u00ed, kdyby Polsko neobvinilo Rusko z ned\u00e1vn\u00fdch sabot\u00e1\u017e\u00ed na \u017eeleznic\u00edch v zemi, \u0159ekl v \u00fater\u00fd mluv\u010d\u00ed Kremlu Dmitrij Peskov v televizi Rusko-1.<\/span><\/p>\n<p><span dir=\"auto\">Polsk\u00fd premi\u00e9r Donald Tusk d\u0159\u00edve prohl\u00e1sil, \u017ee v\u00fdbuchy provedli dva Ukrajinci, kte\u0159\u00ed \u00fadajn\u011b spolupracovali\u00a0<\/span><em><span dir=\"auto\">\u201es ruskou rozv\u011bdkou\u201c<\/span><\/em><span dir=\"auto\">\u00a0a po \u00fatoc\u00edch uprchli do B\u011bloruska.<\/span><\/p>\n<p><span dir=\"auto\">V rozhovoru s novin\u00e1\u0159em Pavlem Zarubinem Peskov poznamenal, \u017ee\u00a0<\/span><em><span dir=\"auto\">\u201ebylo by opravdu zvl\u00e1\u0161tn\u00ed, kdyby Rusko nebylo prvn\u00ed, kdo by byl obvin\u011bn\u201c.<\/span><\/em><\/p>\n<p><span dir=\"auto\">Polsko, kde\u00a0<\/span><em><span dir=\"auto\">\u201erusofobie vzkv\u00e9t\u00e1\u201c,<\/span><\/em><span dir=\"auto\">\u00a0se v tomto ohledu ze v\u0161ech sil sna\u017e\u00ed udr\u017eet si n\u00e1skok p\u0159ed z\u00e1padn\u00ed Evropou, dodal.<\/span><\/p>\n<p><em><span dir=\"auto\">\u201eNicm\u00e9n\u011b samotn\u00e1 skute\u010dnost, \u017ee ukrajin\u0161t\u00ed ob\u010dan\u00e9 jsou op\u011bt zapleteni do sabot\u00e1\u017e\u00ed a teroristick\u00fdch \u00fatok\u016f proti kritick\u00e9 infrastruktu\u0159e, je pozoruhodn\u00e1,\u201c<\/span><\/em><span dir=\"auto\">\u00a0\u0159ekl Peskov.<\/span><\/p>\n<p><span dir=\"auto\">Tvrdil, \u017ee se Polsko do sv\u00fdch narativ\u016f\u00a0<\/span><em><span dir=\"auto\">\u201ezapl\u00e9t\u00e1\u201c<\/span><\/em><span dir=\"auto\">\u00a0, a jako p\u0159\u00edklad uvedl ned\u00e1vn\u00e9 odm\u00edtnut\u00ed Var\u0161avy vydat ukrajinsk\u00e9ho ob\u010dana \u00fadajn\u011b zapojen\u00e9ho do vyhozen\u00ed plynovodu Nord Stream do pov\u011bt\u0159\u00ed.<\/span><\/p>\n<p><span dir=\"auto\">Zat\u00edmco Rusko odm\u00edtlo ukrajinskou verzi o sabot\u00e1\u017ei Nord Streamu, Peskov p\u0159ipomn\u011bl, \u017ee minul\u00fd m\u011bs\u00edc var\u0161avsk\u00fd soud zablokoval \u017e\u00e1dost n\u011bmeck\u00fdch vy\u0161et\u0159ovatel\u016f o vyd\u00e1n\u00ed a ozna\u010dil ji za\u00a0<\/span><em><span dir=\"auto\">\u201eneopodstatn\u011bnou\u201c.<\/span><\/em><\/p>\n<p><span dir=\"auto\">Podle Berl\u00edna provedla podmo\u0159skou sabot\u00e1\u017e v roce 2022 mal\u00e1 skupina ukrajinsk\u00fdch pot\u00e1p\u011b\u010d\u016f, kter\u00e1 p\u0159eru\u0161ila t\u0159i ze \u010dty\u0159 plynovod\u016f, jimi\u017e se rusk\u00fd zemn\u00ed plyn do N\u011bmecka p\u0159iv\u00e1\u017eel. Moskva tuto verzi ud\u00e1lost\u00ed ozna\u010dila za\u00a0<\/span><em><span dir=\"auto\">\u201esm\u011b\u0161nou\u201c.<\/span><\/em><\/p>\n<p><span dir=\"auto\">Na ot\u00e1zku ohledn\u011b Tuskova ned\u00e1vn\u00e9ho prohl\u00e1\u0161en\u00ed, \u017ee\u00a0<\/span><em><span dir=\"auto\">\u201eprobl\u00e9m se Severn\u00edm proudem 2 nen\u00ed v tom, \u017ee byl vyhozen do pov\u011bt\u0159\u00ed. Probl\u00e9m je v tom, \u017ee byl postaven\u201c,<\/span><\/em><span dir=\"auto\">\u00a0Peskov odpov\u011bd\u011bl, \u017ee to odhaluje ochotu Polska tolerovat terorismus, dokud to \u0161kod\u00ed Rusku.<\/span><\/p>\n<p><img decoding=\"async\" loading=\"lazy\" class=\"alignnone size-full wp-image-1185\" src=\"http:\/\/www.infokuryr.cz\/n\/wp-content\/uploads\/2021\/04\/kuryr-podpis.png\" alt=\"\" width=\"84\" height=\"24\" \/><\/p>\n<p>&nbsp;<\/p>\n","protected":false},"excerpt":{"rendered":"<p>Ob\u010dan\u00e9 Ukrajiny byli \u201eop\u011bt\u201c zapleteni do teroristick\u00fdch \u010din\u016f proti kritick\u00e9 infrastruktu\u0159e, prohl\u00e1sil Dmitrij Peskov Bylo&#8230;<\/p>\n","protected":false},"author":2,"featured_media":92567,"comment_status":"closed","ping_status":"closed","sticky":false,"template":"","format":"standard","meta":[],"categories":[7],"tags":[1065,31,328,1461],"_links":{"self":[{"href":"https:\/\/www.infokuryr.cz\/n\/wp-json\/wp\/v2\/posts\/92566"}],"collection":[{"href":"https:\/\/www.infokuryr.cz\/n\/wp-json\/wp\/v2\/posts"}],"about":[{"href":"https:\/\/www.infokuryr.cz\/n\/wp-json\/wp\/v2\/types\/post"}],"author":[{"embeddable":true,"href":"https:\/\/www.infokuryr.cz\/n\/wp-json\/wp\/v2\/users\/2"}],"replies":[{"embeddable":true,"href":"https:\/\/www.infokuryr.cz\/n\/wp-json\/wp\/v2\/comments?post=92566"}],"version-history":[{"count":0,"href":"https:\/\/www.infokuryr.cz\/n\/wp-json\/wp\/v2\/posts\/92566\/revisions"}],"wp:featuredmedia":[{"embeddable":true,"href":"https:\/\/www.infokuryr.cz\/n\/wp-json\/wp\/v2\/media\/92567"}],"wp:attachment":[{"href":"https:\/\/www.infokuryr.cz\/n\/wp-json\/wp\/v2\/media?parent=92566"}],"wp:term":[{"taxonomy":"category","embeddable":true,"href":"https:\/\/www.infokuryr.cz\/n\/wp-json\/wp\/v2\/categories?post=92566"},{"taxonomy":"post_tag","embeddable":true,"href":"https:\/\/www.infokuryr.cz\/n\/wp-json\/wp\/v2\/tags?post=92566"}],"curies":[{"name":"wp","href":"https:\/\/api.w.org\/{rel}","templated":true}]}}