{"id":9255,"date":"2022-03-19T17:04:19","date_gmt":"2022-03-19T16:04:19","guid":{"rendered":"https:\/\/www.infokuryr.cz\/n\/?p=9255"},"modified":"2022-03-19T17:04:19","modified_gmt":"2022-03-19T16:04:19","slug":"jan-campbell-zapadni-sankce","status":"publish","type":"post","link":"https:\/\/www.infokuryr.cz\/n\/2022\/03\/19\/jan-campbell-zapadni-sankce\/","title":{"rendered":"Jan Campbell: Z\u00e1padn\u00ed sankce"},"content":{"rendered":"<div id=\"fb-root\"><\/div>\n<p>Z\u00e1padn\u00ed sankce tvrd\u011b zasahuj\u00ed Rusko. Rusofobov\u00e9 v\u00a0objet\u00ed emoc\u00ed, nejasn\u00e9ho my\u0161len\u00ed a nov\u00e9ho tzv. <em>St\u0159\u00ed\u017eova ticha<\/em> vytvo\u0159en\u00e9ho cenzurou a dal\u0161\u00edmi druhy dohledu nad ob\u010dany se raduj\u00ed. Nev\u00edm pro\u010d, kdy\u017e to nejhor\u0161\u00ed teprve p\u0159ijde do EU, t\u00edm i do \u010desk\u00e9 kotliny a i oni budou str\u00e1dat.<\/p>\n<p>V\u0161eobecn\u011b plat\u00ed, \u017ee veden\u00ed vojensk\u00e9 v\u00e1lky obvykle, ne-li v\u017edy, si vyb\u00edr\u00e1 da\u0148 ve smyslu rostouc\u00edch cen. Ty rostou ji\u017e dnes v EU jako houby po de\u0161ti, i kdy\u017e se v\u00a0EU nevede v\u00e1lka a EU ofici\u00e1ln\u011b nen\u00ed ani ve v\u00e1lce s\u00a0jin\u00fdm st\u00e1tem. EU je ji\u017e ale na prahu vstupn\u00edch dve\u0159\u00ed do v\u00e1lky. EK si dovolila po prv\u00e9 ve sv\u00e9 historii, pokud si vzpom\u00edn\u00e1m, platit jednomu z \u00fa\u010dastn\u00edk\u016f vojensk\u00e9ho konfliktu vojensk\u00fd materi\u00e1l: Ukrajin\u011b. Podrobnosti k\u00a0t\u00e9to skute\u010dnosti si m\u016f\u017ee ka\u017ed\u00fd se z\u00e1jmem dohledat s\u00e1m na ofici\u00e1ln\u00edch webov\u00fdch str\u00e1nk\u00e1ch EK. Nab\u00edz\u00ed se ot\u00e1zka: Jak to vypad\u00e1 a m\u016f\u017ee vypadat v\u00a0situaci, kdy je ekonomick\u00e1 v\u00e1lka veden\u00e1 prost\u0159ednictv\u00edm sankc\u00ed spole\u010denstv\u00ed z\u00e1padn\u00edch st\u00e1t\u016f, v\u00a0n\u011bm\u017e n\u011bkter\u00e9 nejsou sou\u010dasn\u011b zapojeny do p\u0159\u00edm\u00e9ho vojensk\u00e9ho konfliktu?<\/p>\n<p>Laborato\u0159 historie pro takov\u00e9 v\u00e1l\u010den\u00ed je mal\u00e1. Ve skute\u010dnosti neexistuje \u017e\u00e1dn\u00e1 zku\u0161enost, kter\u00e1 by umo\u017enila smyslupln\u011b srovn\u00e1vat sou\u010dasnou ekonomickou v\u00e1lku tzv. kolektivn\u00edho Z\u00e1padu proti RF. Jev\u00ed se mi ale, \u017ee jak ekonomick\u00e1, tak i vojensk\u00e1 v\u00e1lka jsou nyn\u00ed v\u00a0z\u00e1kopech, a \u017ee i mezi povolan\u00fdmi p\u0159evl\u00e1d\u00e1 tradi\u010dn\u00ed n\u00e1zor: rusk\u00e1 demilitariza\u010dn\u00ed kampa\u0148 a denacifikace dos\u00e1hnou <em>f\u00e1ze trval\u00e9ho p\u0159\u00edm\u011b\u0159\u00ed<\/em> dlouho p\u0159ed skute\u010dn\u00fdm ukon\u010den\u00edm ekonomick\u00e9 v\u00e1lky. Ob\u00e1v\u00e1m se, \u017ee povolan\u00ed i nepovolan\u00ed v\u00a0\u010d\u00e1sti ne\u0159\u00edkaj\u00ed v\u0161e, a podl\u00e9haj\u00ed sebeklamu. Pro\u010d?<\/p>\n<p>1) Sankce jsou velmi \u0161irok\u00e9 a obsahuj\u00ed dokonce blok\u00e1du zlat\u00fdch rezerv. 2) Rozsah t\u00e9to ekonomick\u00e9 v\u00e1lky je neomezen\u00fd. 3) Pl\u00e1n kampan\u011b tzv. kolektivn\u00edho Z\u00e1padu je ve f\u00e1zi v\u00fdkopu s\u00a0c\u00edlem uzav\u0159\u00edt velkou \u010d\u00e1st ekonomiky jadern\u00e9 velmoci RF s rozs\u00e1hl\u00fdmi p\u0159\u00edrodn\u00edmi zdroji, kter\u00e9 bude vy\u017eadovat p\u0159\u00ed\u0161t\u00ed technologick\u00fd cyklus. 4) Neexistuje \u017e\u00e1dn\u00e1 opravdov\u00e1 historick\u00e1 paralela. Je pravdou, \u017ee v polovin\u011b a na konci roku 1930 byly z\u00e1padn\u00edmi mocnostmi uvaleny r\u016fzn\u00e9 sankce proti It\u00e1lii, Japonsku a N\u011bmecku, kter\u00e9 jednaly odd\u011blen\u011b. Tyto sankce v\u0161ak nezabr\u00e1nily polsk\u00fdm jednotk\u00e1m, aby p\u0159i n\u011bmeck\u00e9m \u00fatoku v z\u00e1\u0159\u00ed 1939 zjistily, \u017ee v\u011bt\u0161ina n\u011bmeck\u00e9 motorizovan\u00e9 dopravy byla vyrobena GM a Fordem. Sankce nezastavily Bank of England dod\u00e1vat \u010desk\u00e9 z\u00e1soby zlata v Lond\u00fdn\u011b centr\u00e1ln\u00ed bance N\u011bmecka (Reichsbank). 5) Sou\u010dasn\u00e1 SRN nab\u00edz\u00ed fialov\u00e9 vl\u00e1d\u011b profesora Fialy rychle dou\u010dit se, kdo je skute\u010dnou ochr\u00e1nkyn\u00ed Prahy. Jev\u00ed se mi v\u0161ak, \u017ee dou\u010dov\u00e1n\u00ed bude p\u0159eru\u0161eno p\u0159ed\u010dasn\u00fdmi volbami nebo kv\u016fli hor\u0161\u00edm v\u011bcem, ne\u017e byla pandemie strachu z\u00a0koronaviru, je inflace s metastazuj\u00edc\u00ed chudobou nebo budou n\u00e1sledky iracion\u00e1ln\u00edho emoci\u00e1ln\u00edho tsunami zp\u016fsoben\u00e9ho p\u00e1dem Ukrajiny do archivu novodob\u00fdch d\u011bjin, kter\u00e9 postihlo \u010d\u00e1st obyvatel \u010desk\u00e9 kotliny. P\u0159itom se mi jev\u00ed, \u017ee posti\u017een\u00e1 \u010d\u00e1st obyvatel je mnohem v\u011bt\u0161\u00ed ne\u017e ta po zem\u011bt\u0159esen\u00ed na Morav\u011b.<\/p>\n<p>Iracion\u00e1ln\u00ed emocion\u00e1ln\u00ed tsunami ve spojen\u00ed s\u00a0dlouhodob\u00fdmi n\u00e1sledky covidu-19 a vakcina\u010dn\u00edho programu nedovoluj\u00ed vid\u011bt, rozum\u011bt a vyrovnat se skute\u010dnost\u00ed, \u017ee v ekonomick\u00e9 v\u00e1lce tzv. kolektivn\u00edho Z\u00e1padu proti RF je velk\u00e1 \u010d\u00e1st sv\u011bta neutr\u00e1ln\u00ed \u2013 v\u010detn\u011b \u010cLR, Indie, Latinsk\u00e9 Ameriky, zem\u00ed EAHU a St\u0159edn\u00edho v\u00fdchodu. Tak\u017ee to, co se zpo\u010d\u00e1tku jevilo a dnes je\u0161t\u011b jev\u00ed jako p\u0159eru\u0161en\u00ed obchodu a finan\u010dn\u00edho zprost\u0159edkov\u00e1n\u00ed, m\u016f\u017ee rychle mutovat do geografick\u00fdch odklon\u016f ve velk\u00e9m m\u011b\u0159\u00edtku. Pro\u010d?\u00a0 Proto\u017ee nebylo zve\u0159ejn\u011bno \u017e\u00e1dn\u00e9 prohl\u00e1\u0161en\u00ed o c\u00edlech ekonomick\u00e9 v\u00e1lky &#8211; a\u0165 u\u017e zm\u011bna re\u017eimu v Moskv\u011b nebo sta\u017een\u00ed rusk\u00fdch vojsk z Ukrajiny. Proto mus\u00edme p\u0159edpokl\u00e1dat, \u017ee jak\u00e1koli dohoda o p\u0159\u00edm\u011b\u0159\u00ed, v n\u00ed\u017e RF p\u0159evezme velk\u00e9 \u010d\u00e1sti ukrajinsk\u00e9ho \u00fazem\u00ed na v\u00fdchod\u011b a jihu, ekonomickou v\u00e1lku neukon\u010d\u00ed.<\/p>\n<p>Ne\u017e dojde k\u00a0dohod\u011b o p\u0159\u00edm\u011b\u0159\u00ed nebo tot\u00e1ln\u00ed kapitulaci Ukrajiny, kter\u00e1 se nab\u00edz\u00ed jako pravd\u011bpodobn\u011bj\u0161\u00ed k\u00a0ukon\u010den\u00ed vojensk\u00e9 intervence, m\u00e1me mo\u017enost u\u010dit se \u017e\u00edt s\u00a0p\u0159edstavami, kter\u00e9 vytv\u00e1\u0159\u00ed p\u0159eskupen\u00ed obchodn\u00edch a mezin\u00e1rodn\u00edch vztah\u016f RF z USA a z\u00e1padn\u00ed Evropy do neutr\u00e1ln\u00edho sv\u011bta. Zm\u00edn\u011bn\u00e9 p\u0159eskupen\u00ed obsahuje toti\u017e mj. podstatn\u00fd negativn\u00ed popt\u00e1vkov\u00fd \u0161ok pro EU, jej\u00ed hlavn\u00ed motor-export\u00e9ra a ochr\u00e1nce Prahy &#8211; SRN. O investic\u00edch a st\u00e1tech &#8211; trpasl\u00edc\u00edch, nemluv\u011b. Ty dnes nezaj\u00edmaj\u00ed v\u016fbec nikoho za Atlantikem, ani za Uralem.<\/p>\n<p>P\u0159i posuzov\u00e1n\u00ed n\u00e1sledk\u016f zv\u00fd\u0161en\u00ed cen v d\u016fsledku z\u00e1kopu vojensk\u00e9 a mutace ekonomick\u00e9 v\u00e1lky je jedn\u00edm z v\u00fdchoz\u00edch bod\u016f snaha vl\u00e1d pracovat proti negativn\u00edm hospod\u00e1\u0159sk\u00fdm dopad\u016fm na velkou \u010d\u00e1st voli\u010d\u016f. Tlak na re\u00e1ln\u00e9 p\u0159\u00edjmy, r\u016fst cen komodit a nezam\u011bstnanost zp\u016fsob\u00ed p\u0159edev\u0161\u00edm ztr\u00e1ty exportn\u00edch p\u0159\u00edle\u017eitost\u00ed, spole\u010dn\u00fdch hospod\u00e1\u0159sk\u00fdch aktivit a ztr\u00e1tu d\u016fv\u011bry ve vztahu k\u00a0RF a \u010cLR. Uveden\u00e9 ztr\u00e1ty zasahuj\u00ed ji\u017e dnes celkovou prosperitu mnoha st\u00e1t\u016f. Nelze vylou\u010dit n\u00e1sledky existuj\u00edc\u00ed mo\u017enosti, kterou p\u0159edstavuje funkce ekonomick\u00e9 v\u00e1lky jako katalyz\u00e1tor ur\u010dit\u00e9ho uvoln\u011bn\u00ed a inflace aktiv. Zm\u00edn\u011bn\u00e9 n\u00e1sledky mohou p\u0159inutit m\u011bnov\u00e9 org\u00e1ny na Z\u00e1pad\u011b neprov\u00e1d\u011bt <em>normalizaci politiky<\/em>. Co m\u00e1m na mysli? Recesivn\u00ed vliv zm\u00edn\u011bn\u00fdch ztr\u00e1t toti\u017e poskytuje ur\u010dit\u00fd prostor pro odklad normalizace. P\u0159\u00edpadn\u00e9 a cht\u011bn\u00e9 ekonomick\u00e9 o\u017eiven\u00ed po \u0161oku m\u016f\u017ee v\u0161ak p\u0159est\u00e1vku v\u00a0recesi transformovat do tlaku, kter\u00fd zm\u011bn\u00ed finan\u010dn\u00ed a m\u011bnovou politiku tak, \u017ee ot\u00e1len\u00ed a \u0161lap\u00e1n\u00ed na m\u00edst\u011b, pokud jde o t\u00e9ma normalizace, se stane v\u0161edn\u00edm jevem s\u00a0nedoz\u00edrn\u00fdmi n\u00e1sledky ji\u017e proto, \u017ee st\u00e1ty a moc maj\u00ed velk\u00fd potenci\u00e1l p\u0159ehnan\u011b reagovat na recesivn\u00ed pokles a deflaci aktiv. Veden\u00ed ekonomick\u00e9 v\u00e1lky tak\u00e9 posiluje etatistickou povahu z\u00e1padn\u00edch pen\u011bz. Etatismus je n\u00e1zor \u010di postoj, kter\u00fd zd\u016fraz\u0148uje roli st\u00e1tu p\u0159i \u0159e\u0161en\u00ed spole\u010densk\u00fdch a hospod\u00e1\u0159sk\u00fdch probl\u00e9m\u016f, p\u0159\u00edpadn\u011b chce roz\u0161\u00ed\u0159it jeho p\u016fsobnost a pravomoci. Pojem vznikl kolem roku 1880 ve Francii. V ekonomii m\u00e1 podobn\u00fd v\u00fdznam dirigismus<\/p>\n<p>V honb\u011b za Rusy a znemo\u017en\u011bn\u00ed finan\u010dn\u00edch transakc\u00ed z\u00e1padn\u00ed vl\u00e1dy a jejich regul\u00e1to\u0159i ji\u017e dnes zasahuj\u00ed do v\u0161ech aspekt\u016f platebn\u00edho procesu a finan\u010dn\u00edch p\u0159evod\u016f v\u00edce, ne\u017e je rozumn\u00e9. V\u00a0p\u0159\u00edpad\u011b ji\u017e indikovan\u00e9ho embarga euro a zaveden\u00ed plateb v\u00a0n\u00e1rodn\u00edch m\u011bn\u00e1ch a rublu, kter\u00e9 bylo dnes odsouhlaseno v\u0161emi st\u00e1ty EAHU, dohledov\u00fd kapitalismus bude metastazovat. Jako vysv\u011btlen\u00ed a jeho ospravedln\u011bn\u00ed vl\u00e1dy budou uv\u00e1d\u011bt zabezpe\u010den\u00ed p\u0159ed uskute\u010d\u0148ov\u00e1n\u00edm tajn\u00fdch operac\u00ed se zak\u00e1zan\u00fdmi nebo sankciovan\u00fdmi rusk\u00fdmi prot\u011bj\u0161ky. Nen\u00ed pot\u0159eba b\u00fdt v\u011bdcem, bank\u00e9\u0159em \u010di finan\u010dn\u00edm spekulantem, aby jeden pochopil, \u017ee zes\u00edlen\u00ed dohledov\u00e9 funkce st\u00e1tu a z\u00e1sah\u016f p\u016fsob\u00ed proti pr\u00e1vu na soukrom\u00ed, potla\u010duje hospod\u00e1\u0159skou sout\u011b\u017e v\u010detn\u011b inovac\u00ed a neumo\u017en\u00ed v\u00fdvoj spole\u010dnosti ve smyslu soci\u00e1ln\u00ed a pr\u00e1vn\u00ed spravedlnosti a lidsk\u00e9 d\u016fstojnosti.<\/p>\n<p>Ka\u017ed\u00fd, kdo byl p\u0159ed vojenskou intervenc\u00ed na Ukrajin\u011b optimistick\u00fd ohledn\u011b \u00fasvitu nov\u00e9ho v\u011bku m\u011bnov\u00e9 konkurence, kter\u00e1 by disciplinovala m\u011bnov\u00e9 inflace, se m\u016f\u017ee znovu zamyslet. Jeden z\u00a0n\u011bkolika velk\u00fdch a p\u0159ijateln\u00fdch faktor\u016f umo\u017e\u0148uj\u00edc\u00edch konkurenci a \u0161\u00ed\u0159en\u00ed technologie blockchain (a podobn\u00e9 digit\u00e1ln\u00ed mince USD nebo zlat\u011b), byly zni\u010deny ekonomickou v\u00e1lkou a jejich z\u00e1kazem. Pro\u010d? Proto\u017ee nen\u00ed mo\u017en\u00e9 vylou\u010dit, \u017ee by Rusov\u00e9 t\u00edmto zp\u016fsobem obe\u0161li sankce. Zm\u00edn\u011bn\u00e9 jedno z\u00a0mnoha ponau\u010den\u00ed z pokra\u010duj\u00edc\u00ed ekonomick\u00e9 v\u00e1lky, kter\u00e9 rozhodn\u011b nen\u00ed nov\u00e9 a Moskv\u011b d\u00e1vno a dob\u0159e zn\u00e1m\u00e9, ovlivn\u00ed v\u011bdom\u00ed a chov\u00e1n\u00ed investor\u016f. Potvrd\u00ed se, \u017ee zlat\u00e9 cihly a mince jsou mnohem bezpe\u010dn\u011bj\u0161\u00ed ne\u017e americk\u00e9 st\u00e1tn\u00ed dluhopisy. Co vypl\u00fdv\u00e1 z\u00a0takov\u00e9ho tvrzen\u00ed? M\u011bli bychom o\u010dek\u00e1vat, \u017ee celosv\u011btov\u00e1 popt\u00e1vka po st\u00e1tn\u00edch dluhopisech, kter\u00e9 byly dosud pova\u017eov\u00e1ny za prioritn\u00ed rezervn\u00ed aktivum, bude mnohem men\u0161\u00ed, p\u0159inejmen\u0161\u00edm ze strany sou\u010dasn\u00fdch velk\u00fdch dr\u017eitel\u016f dolarov\u00fdch rezerv. Vy\u0161\u0161\u00ed v\u00fdnosy z pap\u00edru ministerstva financ\u00ed zat\u011b\u017euj\u00ed ve\u0159ejn\u00e9 finance a rostouc\u00ed n\u00e1klady na obsluhu dluhu p\u016fsob\u00ed na politick\u00e9 klima a m\u011bnovou inflaci. To nejhor\u0161\u00ed teprve p\u0159ijde. Nebude to svat\u00e1, ale zl\u00e1 trojice.<\/p>\n<p>Prvn\u00ed ze zl\u00e9 trojice se mi jev\u00ed pravd\u011bpodobnost hrani\u010d\u00edc\u00ed s jistotou, co nejv\u00edce uzav\u0159\u00edt dovoz zbo\u017e\u00ed vyroben\u00e9ho v\u00a0EU do \u010dlensk\u00fdch st\u00e1t\u016f Euroasijsk\u00e9 hospod\u00e1\u0159sk\u00e9 unie (EAHU). Nelze vylou\u010dit, \u017ee evrop\u0161t\u00ed v\u00fdrobci budou moci b\u00fdt na euroasijsk\u00e9m trhu pouze tehdy, pokud lokalizuj\u00ed svou vlastn\u00ed v\u00fdrobu na \u00fazem\u00ed \u010dlensk\u00fdch st\u00e1t\u016f EAHU, p\u0159edev\u0161\u00edm RF. Jin\u00fdmi slovy: P\u0159\u00edstup na trh budou m\u00edt pouze v\u00fdrobci, kte\u0159\u00ed sv\u00e9 fin\u00e1ln\u00ed zbo\u017e\u00ed budou vyr\u00e1b\u011bt v\u00a0EAHU.<\/p>\n<p>Druhou ze zl\u00e9 trojice p\u0159edstavuje mo\u017enost z\u00e1kazu tranzitu evropsk\u00e9ho zbo\u017e\u00ed p\u0159es Ruskou federaci bez v\u00fdjimek, nebo s jejich\u00a0minim\u00e1ln\u00edm po\u010dtem.<\/p>\n<p>T\u0159et\u00ed ze zl\u00e9 trojice p\u0159edstavuje z\u00e1kaz prodeje energi\u00ed, surovin a potravin ze zem\u00ed EAHU za m\u011bnu EU, euro. Jak\u00fdkoli prodej z \u010dlensk\u00fdch st\u00e1t\u016f EAHU bude muset b\u00fdt placen v rublech, dolarech nebo renmimbi (j\u00fcan), ale nikdy ne v\u00a0eurech, bude-li z\u00e1kaz prodeje na\u0159\u00edzen vl\u00e1dou RF. Z takov\u00e9ho z\u00e1kazu mj. vypl\u00fdv\u00e1, \u017ee v\u00a0RF nebude nikomu mo\u017en\u00e9 m\u00edt bankovn\u00ed \u00fa\u010dty v eurech. Z\u00e1kaz bude platit pro v\u0161echny evropsk\u00e9 spole\u010dnosti p\u016fsob\u00edc\u00ed v\u00a0RF, aby nebylo mo\u017en\u00e9 v cel\u00e9m rusk\u00e9m finan\u010dn\u00edm syst\u00e9mu pou\u017e\u00edvat euro.<\/p>\n<p>P\u0159i hodnocen\u00ed m\u00edrn\u00fdch n\u00e1sledk\u016f vz\u00e1jemn\u00fdch sankc\u00ed je pot\u0159eba si uv\u011bdomit dodate\u010dn\u00e9 n\u00e1klady dopravc\u016f 19 st\u00e1t\u016f (USA, Kanada, Velk\u00e1 Brit\u00e1nie, Rakousko, Belgie, N\u011bmecko, Ma\u010farsko, Island, Irsko, \u0160pan\u011blsko, It\u00e1lie, Loty\u0161sko, Lucembursko, Malta, Nizozemsko, Finsko, Francie, \u0160v\u00fdcarsko, \u0160v\u00e9dsko), kter\u00fdm v souvislosti s omezen\u00edm vyu\u017e\u00edv\u00e1n\u00ed rusk\u00e9ho vzdu\u0161n\u00e9ho prostoru ji\u017e dnes vznikly dodate\u010dn\u00e9 v\u00fddaje ve v\u00fd\u0161i v\u00edce ne\u017e 37,5 milionu USD t\u00fddn\u011b.<\/p>\n<p>P\u0159i hodnocen\u00ed citliv\u00fdch sankc\u00ed nemohu ani vylou\u010dit, \u017ee v r\u00e1mci OPEC+ se Moskva prosad\u00ed s\u00a0n\u00e1vrhem, aby jej\u00ed partne\u0159i v r\u00e1mci kartelu neprov\u00e1d\u011bli obchodn\u00ed transakce p\u0159i prodeji ropy v euro. To indikuje i bezv\u00fdsledn\u00e1 n\u00e1v\u0161t\u011bva britsk\u00e9ho premi\u00e9ra Johnsona v SA a neochota arabsk\u00fdch st\u00e1t\u016f diskutovat s\u00a0prezidentem Bidenem. P\u0159id\u00e1m-li ke zm\u00edn\u011bn\u00e9mu p\u0159\u00edkladu skute\u010dnost, \u017ee RF p\u0159evzala kontrolu nad p\u0159\u00edstupem k pob\u0159e\u017e\u00ed \u010cern\u00e9ho mo\u0159e od Od\u011bsy a\u017e po Krym, je s\u00a0pravd\u011bpodobnost\u00ed hrani\u010d\u00edc\u00ed s jistotou mo\u017en\u00e9 vylou\u010dit euro z obchod\u016f s dod\u00e1vkami potravin a hnojiv ukrajinsk\u00fdch v\u00fdrobc\u016f.<\/p>\n<p>Uveden\u00e9 akce RF v\u00fdrazn\u011b oslab\u00ed euro, povedou k v\u00fdrazn\u00e9mu sn\u00ed\u017een\u00ed popt\u00e1vky po n\u011bm a v\u00a0kone\u010dn\u00e9m v\u00fdsledku jak\u00e1koli jeho dal\u0161\u00ed emise povede pouze k jeho znehodnocen\u00ed. Pro dopln\u011bn\u00ed uv\u00e1d\u00edm, \u017ee na sv\u011btov\u00e9m spotov\u00e9m devizov\u00e9m trhu se renminbi k\u00f3tuje na \u00farovni 6,3613 za jeden USD, co\u017e by v p\u0159epo\u010dtu na rubly znamenalo 18,4 rublu.<\/p>\n<p>P\u0159ipust\u00edm-li do rozvahy potravinovou krizi v severn\u00ed Africe s nevyhnuteln\u00fdm n\u00e1r\u016fstem emigrace do Evropy, o kter\u00e9 jsem ned\u00e1vno psal, n\u00e1sledky migrace z\u00a0Ukrajiny a devalvovan\u00e9 euro, voli\u010di v\u00a0EU se budou muset vypo\u0159\u00e1dat s doposud t\u011b\u017eko p\u0159edstaviteln\u00fdm poklesem \u017eivotn\u00ed \u00farovn\u011b. V \u010d\u00edslech to znamen\u00e1: <em>Ob\u010dan\u00e9 EU p\u0159ijdou o nejm\u00e9n\u011b 500 miliard eur, likviduj\u00ed obchod a vz\u00e1jemn\u00e9 investice. A to jsou a priori vz\u00e1jemn\u011b v\u00fdhodn\u00e9 vazby<\/em>. To \u0159ekl dnes \u0161\u00e9f Rusk\u00e9 obchodn\u00ed a pr\u016fmyslov\u00e9 komory Sergej Katyrin. Sou\u010dasn\u011b zd\u016fraznil, \u017ee <em>nejrozumn\u011bj\u0161\u00ed by v sou\u010dasn\u00e9 t\u011b\u017ek\u00e9 dob\u011b bylo zachovat nahromad\u011bn\u00e1 zavazadla<\/em>.\u00a0 \u017divotn\u00ed zku\u0161enost a d\u011bn\u00ed ve sv\u011bt\u011b mi nedovoluj\u00ed m\u00edt nad\u011bji na rozumn\u00e9 \u0159e\u0161en\u00ed. Proto jako n\u00e1sledek poklesu \u017eivotn\u00ed \u00farovn\u011b v\u00a0EU se mi jev\u00ed jako re\u00e1ln\u00e9 vnitropolitick\u00e9 zm\u011bny, nedojde-li p\u0159ed t\u00edm k\u00a0uklidn\u011bn\u00ed hork\u00fdch hlav na Z\u00e1pad\u011b. Mr\u00e1z p\u0159ich\u00e1z\u00ed z\u00a0Kremlu, traduje se. Tentokr\u00e1t ale nevylu\u010duji, \u017ee v\u00a0jeho doprovodu bude preventivn\u00ed pou\u017eit\u00ed modern\u00edch bomb na \u00fazem\u00ed \u010dlensk\u00e9ho st\u00e1tu NATO. V\u00a0ka\u017ed\u00e9m p\u0159\u00edpad\u011b ji\u017e v\u00a0l\u00e9t\u011b budeme v\u00a0jin\u00e9m sv\u011bt\u011b. Tak jsem nazval p\u0159\u00ed\u0161t\u00ed p\u0159\u00edsp\u011bvek. Souhlasu net\u0159eba.<\/p>\n<p>Jan Campbell<br \/>\n17.03.2022<\/p>\n<p>&nbsp;<\/p>\n<p>&nbsp;<\/p>\n","protected":false},"excerpt":{"rendered":"<p>Z\u00e1padn\u00ed sankce tvrd\u011b zasahuj\u00ed Rusko. Rusofobov\u00e9 v\u00a0objet\u00ed emoc\u00ed, nejasn\u00e9ho my\u0161len\u00ed a nov\u00e9ho tzv. St\u0159\u00ed\u017eova ticha&#8230;<\/p>\n","protected":false},"author":2,"featured_media":650,"comment_status":"closed","ping_status":"closed","sticky":false,"template":"","format":"standard","meta":[],"categories":[6],"tags":[41,39,125,365],"_links":{"self":[{"href":"https:\/\/www.infokuryr.cz\/n\/wp-json\/wp\/v2\/posts\/9255"}],"collection":[{"href":"https:\/\/www.infokuryr.cz\/n\/wp-json\/wp\/v2\/posts"}],"about":[{"href":"https:\/\/www.infokuryr.cz\/n\/wp-json\/wp\/v2\/types\/post"}],"author":[{"embeddable":true,"href":"https:\/\/www.infokuryr.cz\/n\/wp-json\/wp\/v2\/users\/2"}],"replies":[{"embeddable":true,"href":"https:\/\/www.infokuryr.cz\/n\/wp-json\/wp\/v2\/comments?post=9255"}],"version-history":[{"count":0,"href":"https:\/\/www.infokuryr.cz\/n\/wp-json\/wp\/v2\/posts\/9255\/revisions"}],"wp:featuredmedia":[{"embeddable":true,"href":"https:\/\/www.infokuryr.cz\/n\/wp-json\/wp\/v2\/media\/650"}],"wp:attachment":[{"href":"https:\/\/www.infokuryr.cz\/n\/wp-json\/wp\/v2\/media?parent=9255"}],"wp:term":[{"taxonomy":"category","embeddable":true,"href":"https:\/\/www.infokuryr.cz\/n\/wp-json\/wp\/v2\/categories?post=9255"},{"taxonomy":"post_tag","embeddable":true,"href":"https:\/\/www.infokuryr.cz\/n\/wp-json\/wp\/v2\/tags?post=9255"}],"curies":[{"name":"wp","href":"https:\/\/api.w.org\/{rel}","templated":true}]}}