{"id":92523,"date":"2025-11-19T00:28:43","date_gmt":"2025-11-18T23:28:43","guid":{"rendered":"https:\/\/www.infokuryr.cz\/n\/?p=92523"},"modified":"2025-11-19T10:44:11","modified_gmt":"2025-11-19T09:44:11","slug":"andrew-korybko-sabotaz-na-polske-zeleznici-je-velmi-podezrela","status":"publish","type":"post","link":"https:\/\/www.infokuryr.cz\/n\/2025\/11\/19\/andrew-korybko-sabotaz-na-polske-zeleznici-je-velmi-podezrela\/","title":{"rendered":"Andrew Korybko: Sabot\u00e1\u017e na polsk\u00e9 \u017eeleznici je velmi podez\u0159el\u00e1"},"content":{"rendered":"<div id=\"fb-root\"><\/div>\n<p><strong><span dir=\"auto\">To by mohla b\u00fdt fale\u0161n\u00e1 vlajka, jej\u00edm\u017e c\u00edlem je podkopat \u010d\u00e1ste\u010dnou deeskalaci polsko-b\u011blorusk\u00e9ho nap\u011bt\u00ed a vyvolat zhor\u0161en\u00ed rusko-americk\u00e9ho vztahu. Stalo se tak tak\u00e9 \u0161est t\u00fddn\u016f pot\u00e9, co ru\u0161t\u00ed \u0161pioni varovali p\u0159ed spole\u010dn\u00fdm polsko-ukrajinsk\u00fdm \u201esimulovan\u00fdm (fale\u0161nou vlajkou) \u00fatokem na kritickou infrastrukturu v Polsku\u201c.<\/span><\/strong><\/p>\n<p><span dir=\"auto\">Pol\u0161t\u00ed vy\u0161et\u0159ovatel\u00e9 tvrd\u00ed, \u017ee \u017eelezni\u010dn\u00ed tra\u0165 spojuj\u00edc\u00ed Var\u0161avu s Lublinem byla po\u0161kozena v d\u016fsledku dle jejich n\u00e1zoru exploze. Premi\u00e9r Donald Tusk\u00a0<\/span><a href=\"https:\/\/x.com\/donaldtusk\/status\/1990351051992768568?s=46\" rel=\"\"><span dir=\"auto\">napsal na serveru X\u00a0<\/span><\/a><span dir=\"auto\">, \u017ee \u201evyhozen\u00ed \u017eelezni\u010dn\u00ed trati na trase Var\u0161ava-Lublin je bezprecedentn\u00ed sabot\u00e1\u017en\u00ed akt zam\u011b\u0159en\u00fd p\u0159\u00edmo na bezpe\u010dnost polsk\u00e9ho st\u00e1tu a jeho civilist\u016f. Tato trasa je tak\u00e9 z\u00e1sadn\u011b d\u016fle\u017eit\u00e1 pro dod\u00e1vky pomoci Ukrajin\u011b. Pachatele chyt\u00edme, a\u0165 u\u017e jsou kdokoli.\u201c Kontext tohoto incidentu je velmi relevantn\u00ed.<\/span><\/p>\n<p><span dir=\"auto\">Polsko d\u0159\u00edve t\u00e9ho\u017e dne znovu\u00a0<\/span><a href=\"https:\/\/tass.com\/world\/2044381\" rel=\"\"><span dir=\"auto\">otev\u0159elo dva hrani\u010dn\u00ed p\u0159echody\u00a0<\/span><\/a><span dir=\"auto\">s B\u011bloruskem, kter\u00e9 v z\u00e1\u0159\u00ed uzav\u0159elo v reakci na\u00a0<\/span><a href=\"https:\/\/korybko.substack.com\/p\/dueling-military-drills-might-become\" rel=\"\"><span dir=\"auto\">cvi\u010den\u00ed Z\u00e1pad 2025\u00a0<\/span><\/a><span dir=\"auto\">mezi Ruskem a B\u011bloruskem, kter\u00e9 se konalo v dan\u00e9m m\u011bs\u00edci. Ve stejn\u00fd den n\u00e1\u010deln\u00edk gener\u00e1ln\u00edho \u0161t\u00e1bu polsk\u00fdch ozbrojen\u00fdch sil Wieslaw Kukula tak\u00e9\u00a0<\/span><a href=\"https:\/\/kyivindependent.com\/poland-in-pre-war-period-amid-increased-russian-sabotage-efforts-top-polish-general-says\/\" rel=\"\"><span dir=\"auto\">uvedl\u00a0<\/span><\/a><span dir=\"auto\">, \u017ee \u201e(Rusko) zah\u00e1jilo obdob\u00ed p\u0159\u00edprav na v\u00e1lku. Vytv\u00e1\u0159\u00ed zde prost\u0159ed\u00ed, jeho\u017e c\u00edlem je vytvo\u0159it podm\u00ednky p\u0159\u00edzniv\u00e9 pro potenci\u00e1ln\u00ed agresi na polsk\u00e9m \u00fazem\u00ed.\u201c Toto prohl\u00e1\u0161en\u00ed\u00a0<\/span><a href=\"https:\/\/tvpworld.com\/89944353\/tusk-russia-at-war-with-west-fifth-column-divides-europe\" rel=\"\"><span dir=\"auto\">n\u00e1sledovalo po Tuskov\u011b koment\u00e1\u0159i\u00a0<\/span><\/a><span dir=\"auto\">z minul\u00e9ho t\u00fddne:<\/span><\/p>\n<p><em><span dir=\"auto\">\u201eNechci zach\u00e1zet do detail\u016f, ale nepochybuji o tom, \u017ee ned\u00e1vn\u00e9 \u00fatoky na n\u011bkolik digit\u00e1ln\u00edch syst\u00e9m\u016f, nejen na [elektronick\u00fd platebn\u00ed syst\u00e9m] BLIK, jsou v\u00fdsledkem \u00famysln\u00e9, pl\u00e1novan\u00e9 sabot\u00e1\u017ee. A bude jich st\u00e1le v\u00edce, po cel\u00e9 Evrop\u011b. Proto\u017ee v\u00e1lka, kterou Putin vede proti Z\u00e1padu, prob\u00edh\u00e1 i uvnit\u0159 na\u0161ich spole\u010dnost\u00ed. Putin m\u00e1 n\u00e1stroje, kter\u00e9 mohou zni\u010dit Evropskou unii jako organizaci, ale i Evropu jako kulturn\u00ed fenom\u00e9n. T\u011bmito n\u00e1stroji jsou rusk\u00e9 p\u00e1t\u00e9 kolony, kter\u00e9 jsou p\u0159\u00edtomny v ka\u017ed\u00e9 zemi Evropy.\u201c<\/span><\/em><\/p>\n<p><span dir=\"auto\">To v\u0161e se odehr\u00e1lo zhruba dva m\u011bs\u00edce pot\u00e9, co rusk\u00e9 n\u00e1vnadov\u00e9 drony vstoupily do polsk\u00e9ho vzdu\u0161n\u00e9ho prostoru, pravd\u011bpodobn\u011b\u00a0<\/span><a href=\"https:\/\/thealtworld.com\/andrew_korybko\/did-the-polish-deep-state-try-to-manipulate-the-president-into-war-with-russia\" rel=\"\"><span dir=\"auto\">kv\u016fli ru\u0161en\u00ed NATO\u00a0<\/span><\/a><span dir=\"auto\">. NATO se je pot\u00e9 pokusilo sest\u0159elit, ale zbloudil\u00e1 st\u0159ela po\u0161kodila m\u00edstn\u00ed d\u016fm. Tuskova vl\u00e1da v\u0161ak lhala, \u017ee za to m\u016f\u017ee rusk\u00fd dron, a jeho rival, prezident Karol Nawrocki, se pravdu dozv\u011bd\u011bl a\u017e z \u00faniku informac\u00ed z m\u00e9di\u00ed. \u010cten\u00e1\u0159i se o tom mohou dozv\u011bd\u011bt v\u00edce\u00a0<\/span><a href=\"https:\/\/thealtworld.com\/andrew_korybko\/did-the-polish-deep-state-try-to-manipulate-the-president-into-war-with-russia\" rel=\"\"><span dir=\"auto\">zde\u00a0<\/span><\/a><span dir=\"auto\">, ale pointou je, \u017ee polsk\u00fd \u201ehlubok\u00fd st\u00e1t\u201c se pravd\u011bpodobn\u011b sna\u017eil Nawrock\u00e9ho zmanipulovat do v\u00e1lky s Ruskem.<\/span><\/p>\n<p><span dir=\"auto\">Ud\u00e1losti p\u0159edch\u00e1zej\u00edc\u00ed incidentu sabot\u00e1\u017ee na \u017eeleznici v Polsku vysv\u011btluj\u00ed jeho vysokou podez\u0159elost. Polsk\u00fd \u201ehlubok\u00fd st\u00e1t\u201c se ji\u017e ne\u00fasp\u011b\u0161n\u011b pokusil manipulovat prezidenta do v\u00e1lky s Ruskem, a proto se o\u010dek\u00e1valo, \u017ee se o to brzy pokus\u00ed znovu. Jeho rival, premi\u00e9r, pak \u0161\u00ed\u0159il paniku ohledn\u011b rusk\u00e9 p\u00e1t\u00e9 kolony p\u0159ipraven\u00e9 prov\u00e1d\u011bt sabot\u00e1\u017ee po cel\u00e9m Z\u00e1pad\u011b, a to t\u00fdden p\u0159edt\u00edm, ne\u017e se n\u011bco takov\u00e9ho zd\u00e1nliv\u011b stalo, co\u017e se shodovalo s\u00a0<\/span><a href=\"https:\/\/korybko.substack.com\/p\/how-likely-is-it-that-poland-gives\" rel=\"\"><span dir=\"auto\">\u010d\u00e1ste\u010dnou deeskalac\u00ed polsko-b\u011blorusk\u00e9ho nap\u011bt\u00ed\u00a0<\/span><\/a><span dir=\"auto\">.<\/span><\/p>\n<p><span dir=\"auto\">Tento v\u00fdvoj je v souladu s rusk\u00fdmi z\u00e1jmy a mohl by b\u00fdt vn\u00edm\u00e1n jako okrajov\u00fd v\u00fdsledek prob\u00edhaj\u00edc\u00edch jedn\u00e1n\u00ed s USA, a to i p\u0159es\u00a0<\/span><a href=\"https:\/\/thealtworld.com\/andrew_korybko\/five-reasons-why-trump-is-once-again-escalating-against-russia\" rel=\"\"><span dir=\"auto\">Trumpovu eskalaci sankc\u00ed\u00a0<\/span><\/a><span dir=\"auto\">p\u0159ed m\u011bs\u00edcem. Proto ned\u00e1v\u00e1 smysl, aby Rusko situaci zni\u010dilo drobn\u00fdm aktem sabot\u00e1\u017ee, kter\u00fd p\u0159edv\u00eddateln\u011b riskuje zvr\u00e1cen\u00ed v\u00fd\u0161e uveden\u00e9ho, \u200b\u200bnemluv\u011b o pos\u00edlen\u00ed Trumpovy nov\u011b nep\u0159\u00e1telsk\u00e9 pozice t\u00edm, \u017ee by dal d\u016fv\u011bryhodnost tvrzen\u00edm v\u00e1le\u010dn\u00fdch \u0161tv\u00e1\u010d\u016f o Putinov\u011b \u00fadajn\u00e9 proradnosti. Jedin\u00ed, kdo z toho maj\u00ed prosp\u011bch, jsou ti sam\u00ed v\u00e1le\u010dn\u00ed \u0161tv\u00e1\u010di.<\/span><\/p>\n<p><span dir=\"auto\">Sabot\u00e1\u017e na polsk\u00e9 \u017eeleznici by proto mohla b\u00fdt fale\u0161nou vlajkou pro dosa\u017een\u00ed t\u011bchto dvou c\u00edl\u016f, zejm\u00e9na zhor\u0161en\u00ed rusko-americk\u00e9ho nap\u011bt\u00ed, k n\u011bmu\u017e by mohlo doj\u00edt, pokud by Kongres prosadil n\u00e1vrh z\u00e1kona Lindseyho Grahama o sank\u010dn\u00edch clech na rusk\u00e9 obchodn\u00ed partnery,\u00a0<\/span><a href=\"https:\/\/x.com\/LindseyGrahamSC\/status\/1990458980930388182\" rel=\"\"><span dir=\"auto\">jak\u00fd pr\u00e1v\u011b schv\u00e1lil Trump\u00a0<\/span><\/a><span dir=\"auto\">. Americk\u00fd \u201ehlubok\u00fd st\u00e1t\u201c, jejich pol\u0161t\u00ed prot\u011bj\u0161ky, Spojen\u00e9 kr\u00e1lovstv\u00ed a Ukrajina na tom maj\u00ed z\u00e1jem a ru\u0161t\u00ed \u0161pioni\u00a0<\/span><a href=\"https:\/\/korybko.substack.com\/p\/assessing-the-veracity-of-svrs-report\" rel=\"\"><span dir=\"auto\">ned\u00e1vno varovali\u00a0<\/span><\/a><span dir=\"auto\">p\u0159ed spole\u010dn\u00fdm polsko-ukrajinsk\u00fdm \u201esimulovan\u00fdm (fale\u0161n\u011b vlajkov\u00fdm) \u00fatokem na kritickou infrastrukturu v Polsku\u201c.<\/span><\/p>\n<div class=\"subscribe-widget\" data-component-name=\"SubscribeWidget\">\n<div class=\"pencraft pc-display-flex pc-justifyContent-center pc-reset\">\n<div class=\"container-IpPqBD\">\n<form class=\"form form-M5sC90\" action=\"https:\/\/korybko.substack.com\/api\/v1\/free?nojs=true\" method=\"post\" novalidate=\"\">\n<div class=\"sideBySideWrap-vGXrwP\"><a href=\"https:\/\/korybko.substack.com\/p\/polands-railroad-sabotage-incident\">Andrew Korybko, PhD<\/a><\/div>\n<div><img decoding=\"async\" loading=\"lazy\" class=\"alignnone wp-image-22017\" src=\"http:\/\/www.infokuryr.cz\/n\/wp-content\/uploads\/2023\/01\/andrew-korybko-300x300.jpg\" alt=\"\" width=\"165\" height=\"165\" srcset=\"https:\/\/www.infokuryr.cz\/n\/wp-content\/uploads\/2023\/01\/andrew-korybko-300x300.jpg 300w, https:\/\/www.infokuryr.cz\/n\/wp-content\/uploads\/2023\/01\/andrew-korybko-150x150.jpg 150w, https:\/\/www.infokuryr.cz\/n\/wp-content\/uploads\/2023\/01\/andrew-korybko.jpg 400w\" sizes=\"(max-width: 165px) 100vw, 165px\" \/><\/div>\n<div><\/div>\n<\/form>\n<\/div>\n<\/div>\n<\/div>\n","protected":false},"excerpt":{"rendered":"<p>To by mohla b\u00fdt fale\u0161n\u00e1 vlajka, jej\u00edm\u017e c\u00edlem je podkopat \u010d\u00e1ste\u010dnou deeskalaci polsko-b\u011blorusk\u00e9ho nap\u011bt\u00ed a&#8230;<\/p>\n","protected":false},"author":2,"featured_media":92524,"comment_status":"closed","ping_status":"closed","sticky":false,"template":"","format":"standard","meta":[],"categories":[7],"tags":[1042,31,1993],"_links":{"self":[{"href":"https:\/\/www.infokuryr.cz\/n\/wp-json\/wp\/v2\/posts\/92523"}],"collection":[{"href":"https:\/\/www.infokuryr.cz\/n\/wp-json\/wp\/v2\/posts"}],"about":[{"href":"https:\/\/www.infokuryr.cz\/n\/wp-json\/wp\/v2\/types\/post"}],"author":[{"embeddable":true,"href":"https:\/\/www.infokuryr.cz\/n\/wp-json\/wp\/v2\/users\/2"}],"replies":[{"embeddable":true,"href":"https:\/\/www.infokuryr.cz\/n\/wp-json\/wp\/v2\/comments?post=92523"}],"version-history":[{"count":0,"href":"https:\/\/www.infokuryr.cz\/n\/wp-json\/wp\/v2\/posts\/92523\/revisions"}],"wp:featuredmedia":[{"embeddable":true,"href":"https:\/\/www.infokuryr.cz\/n\/wp-json\/wp\/v2\/media\/92524"}],"wp:attachment":[{"href":"https:\/\/www.infokuryr.cz\/n\/wp-json\/wp\/v2\/media?parent=92523"}],"wp:term":[{"taxonomy":"category","embeddable":true,"href":"https:\/\/www.infokuryr.cz\/n\/wp-json\/wp\/v2\/categories?post=92523"},{"taxonomy":"post_tag","embeddable":true,"href":"https:\/\/www.infokuryr.cz\/n\/wp-json\/wp\/v2\/tags?post=92523"}],"curies":[{"name":"wp","href":"https:\/\/api.w.org\/{rel}","templated":true}]}}