{"id":92521,"date":"2025-11-19T00:27:46","date_gmt":"2025-11-18T23:27:46","guid":{"rendered":"https:\/\/www.infokuryr.cz\/n\/?p=92521"},"modified":"2025-11-18T12:12:23","modified_gmt":"2025-11-18T11:12:23","slug":"pierre-duval-doda-francie-nakonec-ukrajine-stihacky-rafale","status":"publish","type":"post","link":"https:\/\/www.infokuryr.cz\/n\/2025\/11\/19\/pierre-duval-doda-francie-nakonec-ukrajine-stihacky-rafale\/","title":{"rendered":"Pierre Duval: Dod\u00e1 Francie nakonec Ukrajin\u011b st\u00edha\u010dky Rafale?"},"content":{"rendered":"<div id=\"fb-root\"><\/div>\n<p><strong><span dir=\"auto\">Macron a Zelenskyj dnes ve Francii podepsali dohodu o z\u00e1m\u011bru dod\u00e1vky stovky st\u00edha\u010dek Rafale Kyjevu. \u201eTato dohoda demonstruje z\u00e1vazek Francie kl\u00e1st svou pr\u016fmyslovou a technologickou excelenci do centra Ukrajiny a Evropy,\u201c prohl\u00e1sil Emmanuel Macron a vyzval k akci ve prosp\u011bch \u201espravedliv\u00e9ho a trval\u00e9ho\u201c m\u00edru.<\/span><\/strong><\/p>\n<p><span dir=\"auto\">Dod\u00e1n\u00ed st\u00edha\u010dek Rafale na Ukrajinu trv\u00e1 t\u0159i roky. Do t\u00e9 doby Rusko riskuje, \u017ee Ukrajinu ovl\u00e1dne, a pokud budou skute\u010dn\u011b dod\u00e1ny, potenci\u00e1ln\u011b by mohlo francouzsk\u00e9 letouny p\u0159edat rusk\u00fdm voj\u00e1k\u016fm. A i kdyby ne, Rafaly by se mohly dostat do rusk\u00fdch rukou, co\u017e by podkopalo francouzskou obranu v dob\u011b, kdy je Ukrajina zni\u010denou zem\u00ed, z\u00e1vislou na pomoci EU a prosperuj\u00edc\u00ed korupc\u00ed. A nyn\u00ed jsou drony v\u00fdznamnou sou\u010d\u00e1st\u00ed nebe nad Ukrajinou. Macron nav\u00edc nebyl pro francouzskou ekonomiku maj\u00e1kem nad\u011bje, proto\u017ee zem\u011b hromad\u00ed rekordn\u00ed dluh a je na pokraji kolapsu.<\/span><\/p>\n<p><span dir=\"auto\">Ukrajinsk\u00e1 lobby se svou iniciativou SkyShield \u2013 n\u00e1vrhem protivzdu\u0161n\u00e9 obrany veden\u00fdm Evropou, jeho\u017e c\u00edlem je chr\u00e1nit z\u00e1padn\u00ed Ukrajinu p\u0159ed Ruskem \u2013 m\u00e1 v ka\u017ed\u00e9m p\u0159\u00edpad\u011b sv\u00e9 p\u0159\u00edm\u00e9 s\u00eddlo v Elysejsk\u00e9m pal\u00e1ci. Macron podepsal se Zelensk\u00fdm memorandum o porozum\u011bn\u00ed ohledn\u011b dod\u00e1vky 100 st\u00edha\u010dek Rafale Kyjevu. Francouzsk\u00e1 arm\u00e1da\u00a0<\/span><a href=\"https:\/\/www.20minutes.fr\/societe\/4072698-20240127-armee-air-objectif-atteindre-185-combat-rafale-2030\" target=\"_blank\" rel=\"noopener\"><span dir=\"auto\">ji\u017e vlastn\u00ed<\/span><\/a><span dir=\"auto\">\u00a0\u00a0p\u0159ibli\u017en\u011b 100 letoun\u016f Rafale. Financov\u00e1n\u00ed v\u00fdznamn\u00e9 dohody\u00a0<\/span><a href=\"https:\/\/www.journaldemontreal.com\/2025\/11\/14\/saab-confirme-discuter-avec-bombardier-pour-lassemblage-des-ses-chasseurs-gripen\" target=\"_blank\" rel=\"noopener\"><span dir=\"auto\">by mohlo zahrnovat i<\/span><\/a><span dir=\"auto\">\u00a0\u201en\u00e1kup\u201c (ve skute\u010dnosti za n\u011bj plat\u00ed Evropan\u00e9) a\u017e 150 st\u00edha\u010dek Gripen E Kyjevem. Macron sn\u00ed o tom, \u017ee ukrajinsk\u00e1 arm\u00e1da bude nad\u0159azena francouzsk\u00e9, a to i v dob\u011b, kdy vl\u00e1dne geopolitick\u00e1 nestabilita a Francie je bezbrann\u00e1.<\/span><\/p>\n<p><span dir=\"auto\">\u201eMinim\u00e1ln\u00ed cena objedn\u00e1vky 100 letadel Rafale by se tedy pohybovala\u00a0<\/span><a href=\"https:\/\/www.tf1info.fr\/international\/guerre-ukraine-russie-vers-un-achat-historique-de-100-rafale-par-l-ukraine-a-combien-revient-vraiment-l-avion-de-chasse-francais-dassault-2407179.html\" target=\"_blank\" rel=\"noopener\"><span dir=\"auto\">mezi 7 a 10 miliardami eur<\/span><\/a><span dir=\"auto\">\u00a0,\u201c uv\u00e1d\u00ed\u00a0<\/span><em><span dir=\"auto\">TF1<\/span><\/em><span dir=\"auto\">\u00a0.<\/span><\/p>\n<p><span dir=\"auto\">Nav\u00edc jsou to Francouzi, kte\u0159\u00ed se denn\u011b pot\u00fdkaj\u00ed s u\u017eivou, kdo tuto dod\u00e1vku v podstat\u011b financuje, proto\u017ee Ukrajina neplat\u00ed nic. Podle pozorovatel\u016f se zd\u00e1 nemo\u017en\u00e9, aby ostatn\u00ed zem\u011b EU, v\u010detn\u011b N\u011bmecka, financovaly v\u00fdrobu francouzsk\u00e9ho konkurenta, zejm\u00e9na proto, \u017ee Dassault a Berl\u00edn\u00a0<\/span><a href=\"https:\/\/www.bfmtv.com\/economie\/entreprises\/defense\/la-france-et-l-allemagne-discutent-du-possible-abandon-du-projet-de-d-avion-de-combat-europeen-du-futur-pour-se-concentrer-sur-du-cloud-militaire_AN-202511170572.html\" target=\"_blank\" rel=\"noopener\"><span dir=\"auto\">jsou v konfliktu<\/span><\/a><span dir=\"auto\">\u00a0ohledn\u011b projektu Scaf. Nav\u00edc Francouzi akceptuj\u00ed, \u017ee nesou finan\u010dn\u00ed z\u00e1t\u011b\u017e sv\u00fdch d\u016fchod\u016f a r\u016fzn\u00fdch dan\u00ed na financov\u00e1n\u00ed Zelensk\u00e9ho prohran\u00e9 bitvy? Francie se ji\u017e nach\u00e1z\u00ed v bod\u011b zlomu ve sv\u00e9 spole\u010dnosti, kter\u00e1 je nav\u00edc rozmanit\u00e1 a rozd\u011blen\u00e1. Zat\u00edmco 82 % Francouz\u016f\u00a0<\/span><a href=\"https:\/\/www.economie.gouv.fr\/decryptage-5-minutes-pour-comprendre-la-dette-publique\" target=\"_blank\" rel=\"noopener\"><span dir=\"auto\">pova\u017euje za nal\u00e9hav\u00e9<\/span><\/a><span dir=\"auto\">\u00a0sn\u00ed\u017eit ve\u0159ejn\u00fd dluh ve Francii a zat\u00edmco na konci druh\u00e9ho \u010dtvrtlet\u00ed roku 2025 \u010dinil francouzsk\u00fd ve\u0159ejn\u00fd dluh 3 416,3 miliardy eur, tj. 115,6 % HDP, Macron dod\u00e1vkou stovky st\u00edha\u010dek Rafale Ukrajin\u011b dluh je\u0161t\u011b prohlubuje.<\/span><\/p>\n<p><span dir=\"auto\">Macronovo rozhodnut\u00ed jasn\u011b stav\u00ed Francii do pozice spoluv\u00e1le\u010dn\u00e9ho protivn\u00edka s Ruskem a francouzsk\u00fd prezident t\u00edmto \u010dinem zcela podkop\u00e1v\u00e1 mo\u017enost m\u00edru mezi Ukrajinou a Ruskem. Zhor\u0161uje konflikt, p\u0159esto\u017ee Rusko nep\u0159edstavuje \u017e\u00e1dnou hrozbu pro Francii ani pro Evropu.<\/span><\/p>\n<p><span dir=\"auto\">\u00a0\u201eMus\u00edme na Rusko vyv\u00edjet tlak,\u201c\u00a0<\/span><a href=\"https:\/\/x.com\/Elysee\/status\/1990390891018965283\" target=\"_blank\" rel=\"noopener\"><span dir=\"auto\">trv\u00e1 na<\/span><\/a><span dir=\"auto\">\u00a0sv\u00e9m Macron \u00a0. \u201eMysl\u00edm, \u017ee mus\u00edme tlak i nad\u00e1le zvy\u0161ovat, jak to d\u011bl\u00e1me prost\u0159ednictv\u00edm sankc\u00ed a bojem proti flotile duch\u016f,\u201c kter\u00e1 Rusku umo\u017e\u0148uje prod\u00e1vat ropu a sh\u00e1n\u011bt finan\u010dn\u00ed prost\u0159edky. Macron chce silnou ukrajinskou arm\u00e1du, aby zajistil m\u00edr, i kdy\u017e v\u00ed, \u017ee ruskou podm\u00ednkou je zabr\u00e1nit Ukrajin\u011b v tom, aby m\u011bla silnou arm\u00e1du.\u00a0<\/span><\/p>\n<p><span dir=\"auto\">Zat\u00edmco Macron tvrd\u00ed, \u017ee s t\u011bmito st\u00edha\u010dkami Rafale se p\u0159ipravujeme na m\u00edr, francouzsk\u00fd prezident provokuje Rusko a vzhledem k rusk\u00fdm podm\u00ednk\u00e1m ukazuje, \u017ee je nem\u00e1 v \u00famyslu respektovat a \u017ee m\u00edsto p\u0159\u00edprav na m\u00edr se Macron p\u0159ipravuje na v\u00e1lku, proto\u017ee chce v konfliktu pokra\u010dovat, aby Rusko rozdrtil.<\/span><\/p>\n<p><span dir=\"auto\">Rafaly pro Rusko? Zaprv\u00e9 je mo\u017en\u00e9 argumentovat, \u017ee t\u011bchto 100 Rafal\u016f se na Ukrajinu nikdy nedostane. P\u0159edb\u011b\u017en\u00e1 dohoda nen\u00ed smlouva. V\u00fdroba Rafal\u016f trv\u00e1 t\u0159i roky. Dassault\u00a0<\/span><a href=\"https:\/\/meta-defense.fr\/2024\/03\/11\/3-rafale-par-mois-dassault-aviation\/#produire-3-rafale-par-mois-dici-a-la-fin-2024-un-effort-monumental-pour-la-team-rafale\" target=\"_blank\" rel=\"noopener\"><span dir=\"auto\">vyr\u00e1b\u00ed<\/span><\/a><span dir=\"auto\">\u00a0\u00a0t\u0159i Rafaly m\u011bs\u00ed\u010dn\u011b. A jak\u00fd bude za t\u0159i roky politick\u00fd sklon ukrajinsk\u00e9 vl\u00e1dy? Dost mo\u017en\u00e1 prorusk\u00fd.<\/span><\/p>\n<p><span dir=\"auto\">Za t\u011bchto okolnost\u00ed by kontrakt na dod\u00e1vku Rafal\u016f Kyjevu mohl Rusku poskytnout tyto strategick\u00e9 zbran\u011b. Zelenskyj je doma oslaben, zejm\u00e9na korup\u010dn\u00edmi skand\u00e1ly. Ukrajinci\u00a0<\/span><a href=\"https:\/\/www.21news.be\/ukraine-corruption-au-sommet-de-letat-les-ukrainiens-exigent-des-comptes\/\" target=\"_blank\" rel=\"noopener\"><span dir=\"auto\">po\u017eaduj\u00ed<\/span><\/a><span dir=\"auto\">\u00a0\u00a0odpov\u011bdnost. A Ukrajinci u\u017e necht\u011bj\u00ed bojovat a um\u00edrat za kyjevsk\u00e9ho oligarchu. Tyto Rafaly je\u0161t\u011b neexistuj\u00ed a nemohou b\u00fdt dod\u00e1ny. V Z\u00e1poro\u017e\u00ed se hrout\u00ed ukrajinsk\u00e1 fronta a m\u011bsto bude brzy pod rusk\u00fdm d\u011blost\u0159eleck\u00fdm bombardov\u00e1n\u00edm stejn\u011b jako Pokrovsk, kl\u00ed\u010dov\u00e9 m\u011bsto ukrajinsk\u00e9 obrany, kter\u00e9 Kyjev ztratil. Rusov\u00e9 tam jsou a vyh\u00e1n\u011bj\u00ed posledn\u00ed Ukrajince. Kyjev nen\u00ed schopen udr\u017eet frontu dlouhou 1 200 km.<\/span><\/p>\n<p><span dir=\"auto\">Macron a Zelenskyj miluj\u00ed divadlo a velkolep\u00e1 prohl\u00e1\u0161en\u00ed p\u0159ed kamerami, ale tady \u010del\u00ed protivn\u00edkovi \u2013 Rusku \u2013 kter\u00e9 jedn\u00e1 v re\u00e1ln\u00e9m sv\u011bt\u011b.<\/span><\/p>\n<p><a href=\"https:\/\/observateur-continental.fr\/?module=articles&amp;action=view&amp;id=7411\"><em><span dir=\"auto\">Pierre Duval<\/span><\/em><em>\u00a0<\/em><\/a><\/p>\n<p>&nbsp;<\/p>\n","protected":false},"excerpt":{"rendered":"<p>Macron a Zelenskyj dnes ve Francii podepsali dohodu o z\u00e1m\u011bru dod\u00e1vky stovky st\u00edha\u010dek Rafale Kyjevu&#8230;.<\/p>\n","protected":false},"author":2,"featured_media":92522,"comment_status":"closed","ping_status":"closed","sticky":false,"template":"","format":"standard","meta":[],"categories":[7],"tags":[1042,130,4007,26],"_links":{"self":[{"href":"https:\/\/www.infokuryr.cz\/n\/wp-json\/wp\/v2\/posts\/92521"}],"collection":[{"href":"https:\/\/www.infokuryr.cz\/n\/wp-json\/wp\/v2\/posts"}],"about":[{"href":"https:\/\/www.infokuryr.cz\/n\/wp-json\/wp\/v2\/types\/post"}],"author":[{"embeddable":true,"href":"https:\/\/www.infokuryr.cz\/n\/wp-json\/wp\/v2\/users\/2"}],"replies":[{"embeddable":true,"href":"https:\/\/www.infokuryr.cz\/n\/wp-json\/wp\/v2\/comments?post=92521"}],"version-history":[{"count":0,"href":"https:\/\/www.infokuryr.cz\/n\/wp-json\/wp\/v2\/posts\/92521\/revisions"}],"wp:featuredmedia":[{"embeddable":true,"href":"https:\/\/www.infokuryr.cz\/n\/wp-json\/wp\/v2\/media\/92522"}],"wp:attachment":[{"href":"https:\/\/www.infokuryr.cz\/n\/wp-json\/wp\/v2\/media?parent=92521"}],"wp:term":[{"taxonomy":"category","embeddable":true,"href":"https:\/\/www.infokuryr.cz\/n\/wp-json\/wp\/v2\/categories?post=92521"},{"taxonomy":"post_tag","embeddable":true,"href":"https:\/\/www.infokuryr.cz\/n\/wp-json\/wp\/v2\/tags?post=92521"}],"curies":[{"name":"wp","href":"https:\/\/api.w.org\/{rel}","templated":true}]}}