{"id":92509,"date":"2025-11-19T00:16:17","date_gmt":"2025-11-18T23:16:17","guid":{"rendered":"https:\/\/www.infokuryr.cz\/n\/?p=92509"},"modified":"2025-11-18T11:33:00","modified_gmt":"2025-11-18T10:33:00","slug":"vyskov-bude-mit-novou-ocni-kliniku-stane-se-nejvetsim-lekarskym-centrem-pro-detske-pacienty-na-morave","status":"publish","type":"post","link":"https:\/\/www.infokuryr.cz\/n\/2025\/11\/19\/vyskov-bude-mit-novou-ocni-kliniku-stane-se-nejvetsim-lekarskym-centrem-pro-detske-pacienty-na-morave\/","title":{"rendered":"Vy\u0161kov bude m\u00edt novou o\u010dn\u00ed kliniku. Stane se nejv\u011bt\u0161\u00edm l\u00e9ka\u0159sk\u00fdm centrem pro d\u011btsk\u00e9 pacienty na Morav\u011b"},"content":{"rendered":"<div id=\"fb-root\"><\/div>\n<p><strong>Ve st\u0159edu 26. listopadu se v Brn\u011bnsk\u00e9 ulici v jihoz\u00e1padn\u00ed \u010d\u00e1sti Vy\u0161kova slavnostn\u011b otev\u0159e jedna z nejmodern\u011bj\u0161\u00edch o\u010dn\u00edch klinik v \u010cesku. Na v\u00edce ne\u017e dvou tis\u00edc\u00edch metrech \u010dtvere\u010dn\u00edch bude v 11 ordinac\u00edch p\u016fsobit 12 l\u00e9ka\u0159\u016f. Nov\u00e1 o\u010dn\u00ed klinika Gemini se bude specializovat na operace \u0161ed\u00e9ho z\u00e1kalu, d\u011btsk\u00e9 pacienty i estetickou medic\u00ednu.<\/strong><\/p>\n<p>V bezprost\u0159edn\u00ed bl\u00edzkosti nov\u00e9 kliniky se nach\u00e1z\u00ed modern\u00ed Retail park Vy\u0161kov. Samotn\u00e1 budova kliniky ale k modern\u00edm zdaleka nepat\u0159ila. Proto za\u010dala na ja\u0159e lo\u0148sk\u00e9ho roku rozs\u00e1hl\u00e1, stamilionov\u00e1 rekonstrukce. \u201eObjekt byl postaven v 90. letech, p\u016fvodn\u011b byl navr\u017een jako v\u00edce\u00fa\u010delov\u00e1 budova, kter\u00e1 ale v minulosti nepro\u0161la z\u00e1sadn\u011bj\u0161\u00ed rekonstrukc\u00ed. Jej\u00ed stav byl pro \u00fa\u010dely modern\u00ed o\u010dn\u00ed kliniky zcela nevyhovuj\u00edc\u00ed. V b\u0159eznu 2024 tak za\u010dala rekonstrukce budovy a letos v \u0159\u00edjnu bylo hotovo. Smyslem navr\u017een\u00e9ho architektonick\u00e9ho \u0159e\u0161en\u00ed bylo ve t\u0159ech patrech objektu vytvo\u0159it p\u0159\u00edjemn\u00e9 prost\u0159ed\u00ed pro pacienty i person\u00e1l, kter\u00e9 neevokuje prostory nemocnice. Z\u00e1sadn\u00edmi \u00fapravami pro\u0161lo i okol\u00ed kliniky. Celkov\u00e9 n\u00e1klady p\u0159es\u00e1hly \u010d\u00e1stku sto milion\u016f korun,\u201c popsal Ji\u0159\u00ed Mik\u0161\u00edk, vedouc\u00ed stavebn\u00edho \u00faseku o\u010dn\u00edch klinik Gemini.<\/p>\n<p>Klinika Gemini nen\u00ed ve Vy\u0161kov\u011b \u017e\u00e1dn\u00fdm nov\u00e1\u010dkem. V roce 2009 nav\u00e1zala na dlouholet\u00e9 p\u016fsoben\u00ed o\u010dn\u00edho centra Pal\u00e1nek a od p\u0159est\u011bhov\u00e1n\u00ed v roce 2015 p\u016fsob\u00ed v \u017derot\u00ednov\u011b ulici. Jej\u00ed z\u00e1zem\u00ed otev\u0159en\u00edm nov\u00e9 kliniky nezanikne, zam\u011b\u0159\u00ed se na l\u00e9\u010dbu roz\u0161\u00ed\u0159en\u00fdch o\u010dn\u00edch vad u d\u011bt\u00ed. \u201eProstory p\u016fvodn\u00ed kliniky budou upraveny a vyu\u017eity prim\u00e1rn\u011b jako ortoptick\u00e9 cvi\u010debny pro d\u011btsk\u00e9 pacienty. Ortoptick\u00e1 odd\u011blen\u00ed se zab\u00fdvaj\u00ed l\u00e9\u010den\u00edm pacient\u016f, zejm\u00e9na d\u011bt\u00ed, s poruchami prostorov\u00e9ho vid\u011bn\u00ed \u2013 \u0161ilh\u00e1n\u00edm a tupozrakost\u00ed. Touto poruchou je posti\u017eeno p\u0159ibli\u017en\u011b p\u011bt procent populace a l\u00e9\u010den\u00ed je nezbytn\u00e9 zah\u00e1jit co nejd\u0159\u00edve. Pozitivn\u00edch v\u00fdsledk\u016f je mo\u017en\u00e9 dos\u00e1hnout v\u010dasn\u00fdm zji\u0161t\u011bn\u00edm, spr\u00e1vnou diagnostikou a zah\u00e1jen\u00edm l\u00e9\u010dby veden\u00e9 l\u00e9ka\u0159em se zvl\u00e1\u0161tn\u00ed specializac\u00ed a ortoptistou. Cvi\u010den\u00ed se prov\u00e1d\u00ed na z\u00e1klad\u011b doporu\u010den\u00ed o\u010dn\u00edho l\u00e9ka\u0159e a je vhodn\u00e9 pro d\u011bti od t\u0159\u00ed let,\u201c uvedl Pavel Stod\u016flka, p\u0159ednosta s\u00edt\u011b o\u010dn\u00edch klinik Gemini.<\/p>\n<p>Vybaven\u00ed nov\u00e9 kliniky v ulici Brn\u011bnsk\u00e1 bude pat\u0159it k nejmodern\u011bj\u0161\u00edm v \u010cesku. \u201eZakl\u00e1d\u00e1me si na tom, aby v\u0161echny na\u0161e kliniky poskytovaly pacient\u016fm ty nejlep\u0161\u00ed a nejmodern\u011bj\u0161\u00ed slu\u017eby, jak\u00e9 o\u010dn\u00ed chirurgie aktu\u00e1ln\u011b nab\u00edz\u00ed. Nov\u00e1 o\u010dn\u00ed klinika ve Vy\u0161kov\u011b nebude v\u00fdjimkou. Disponovat bude dv\u011bmi modern\u011b vybaven\u00fdmi opera\u010dn\u00edmi s\u00e1ly, 11 vy\u0161et\u0159ovnami a ortoptickou cvi\u010debnou,\u201c vyjmenoval sv\u011btov\u011b uzn\u00e1van\u00fd chirurg.<\/p>\n<p>V \u010dele kliniky z\u016fst\u00e1v\u00e1 Zuzana Pracha\u0159ov\u00e1, kter\u00e1 se o\u010dn\u00ed chirurgii v\u011bnuje u\u017e od roku 1994. Jej\u00ed specializac\u00ed je operace \u0161ed\u00e9ho z\u00e1kalu a chirurgick\u00e1 l\u00e9\u010dba o\u010dn\u00edch onemocn\u011bn\u00ed t\u00fdkaj\u00edc\u00edch se s\u00edtnice a sklivce. \u201eNov\u00e1 klinika se bude specializovat na operace \u0161ed\u00e9ho z\u00e1kalu. T\u011bch ro\u010dn\u011b ve Vy\u0161kov\u011b prov\u00e1d\u00edme t\u00e9m\u011b\u0159 t\u0159i tis\u00edce a d\u00edky nov\u00e9 klinice budeme v budoucnu schopni pomoci je\u0161t\u011b v\u011bt\u0161\u00edmu mno\u017estv\u00ed pacient\u016f. Krom\u011b toho se nov\u00e1 klinika bude specializovat na d\u011btsk\u00e9 pacienty a po\u010d\u00edt\u00e1me s t\u00edm, \u017ee se stane nejv\u011bt\u0161\u00edm ortoptick\u00fdm pracovi\u0161t\u011bm na cel\u00e9 Morav\u011b. Pacient\u016fm d\u00e1le nab\u00eddneme z\u00e1kroky estetick\u00e9 medic\u00edny a plastick\u00e9 operace o\u010dn\u00edch v\u00ed\u010dek. V neposledn\u00ed \u0159ad\u011b budou pacient\u016fm slou\u017eit v\u0161eobecn\u00e9 o\u010dn\u00ed ambulance. Sou\u010d\u00e1st\u00ed kliniky bude tak\u00e9 o\u010dn\u00ed optika, kter\u00e1 nab\u00eddne \u0161irok\u00fd v\u00fdb\u011br d\u00e1msk\u00fdch, p\u00e1nsk\u00fdch i d\u011btsk\u00fdch br\u00fdl\u00ed. Na z\u00e1klad\u011b profesion\u00e1ln\u00edho m\u011b\u0159en\u00ed zraku zde klientovi vyhotov\u00ed br\u00fdle p\u0159\u00edmo na m\u00edru,\u201c popsala prim\u00e1\u0159ka.<\/p>\n<p><strong>SOUKROM\u00c1 O\u010cN\u00cd KLINIKA GEMINI, <\/strong><a href=\"http:\/\/www.gemini.cz\/\"><strong>www.gemini.cz<\/strong><\/a><\/p>\n<p>Soukrom\u00e1 o\u010dn\u00ed klinika Gemini rozv\u00edj\u00ed dlouholetou tradici zl\u00ednsk\u00e9 o\u010dn\u00ed chirurgie. Prvn\u00ed klinika byla otev\u0159ena ve Zl\u00edn\u011b v\u00a0roce 2003 a v sou\u010dasnosti provozuje klinika v \u010cesk\u00e9 republice deset pracovi\u0161\u0165: ve Zl\u00edn\u011b, v Pr\u016fhonic\u00edch u Prahy, Praze-Jinonic\u00edch, \u010cesk\u00fdch Bud\u011bjovic\u00edch, Ostrav\u011b, Vy\u0161kov\u011b, Brn\u011b, Nov\u00e9m Ji\u010d\u00edn\u011b a Liberci. Jako jedin\u00e1 \u010desk\u00e1 o\u010dn\u00ed klinika otev\u0159ela pracovi\u0161t\u011b tak\u00e9 ve V\u00eddni. Vedle operac\u00ed zbavuj\u00edc\u00edch pacienty pot\u0159eby nosit br\u00fdle a operac\u00ed \u0161ed\u00e9ho z\u00e1kalu se na klinik\u00e1ch prov\u00e1d\u011bj\u00ed i estetick\u00e9 z\u00e1kroky, jako nap\u0159\u00edklad plastika horn\u00edch a doln\u00edch v\u00ed\u010dek. Ro\u010dn\u011b se na klinice provede v\u00edce ne\u017e 40 000 z\u00e1krok\u016f. V sou\u010dasnosti v Gemini pracuje p\u0159es 400 zam\u011bstnanc\u016f. V\u00a0\u010dele t\u00fdmu operat\u00e9r\u016f stoj\u00ed sv\u011btov\u011b uzn\u00e1van\u00fd o\u010dn\u00ed chirurg prim. MUDr. Pavel Stod\u016flka, Ph.D., FEBOS-CR.<\/p>\n<p><img decoding=\"async\" loading=\"lazy\" class=\"alignnone size-full wp-image-1185\" src=\"http:\/\/www.infokuryr.cz\/n\/wp-content\/uploads\/2021\/04\/kuryr-podpis.png\" alt=\"\" width=\"84\" height=\"24\" \/><\/p>\n<p>&nbsp;<\/p>\n","protected":false},"excerpt":{"rendered":"<p>Ve st\u0159edu 26. listopadu se v Brn\u011bnsk\u00e9 ulici v jihoz\u00e1padn\u00ed \u010d\u00e1sti Vy\u0161kova slavnostn\u011b otev\u0159e jedna&#8230;<\/p>\n","protected":false},"author":2,"featured_media":92510,"comment_status":"closed","ping_status":"closed","sticky":false,"template":"","format":"standard","meta":[],"categories":[6],"tags":[10102,722,331],"_links":{"self":[{"href":"https:\/\/www.infokuryr.cz\/n\/wp-json\/wp\/v2\/posts\/92509"}],"collection":[{"href":"https:\/\/www.infokuryr.cz\/n\/wp-json\/wp\/v2\/posts"}],"about":[{"href":"https:\/\/www.infokuryr.cz\/n\/wp-json\/wp\/v2\/types\/post"}],"author":[{"embeddable":true,"href":"https:\/\/www.infokuryr.cz\/n\/wp-json\/wp\/v2\/users\/2"}],"replies":[{"embeddable":true,"href":"https:\/\/www.infokuryr.cz\/n\/wp-json\/wp\/v2\/comments?post=92509"}],"version-history":[{"count":0,"href":"https:\/\/www.infokuryr.cz\/n\/wp-json\/wp\/v2\/posts\/92509\/revisions"}],"wp:featuredmedia":[{"embeddable":true,"href":"https:\/\/www.infokuryr.cz\/n\/wp-json\/wp\/v2\/media\/92510"}],"wp:attachment":[{"href":"https:\/\/www.infokuryr.cz\/n\/wp-json\/wp\/v2\/media?parent=92509"}],"wp:term":[{"taxonomy":"category","embeddable":true,"href":"https:\/\/www.infokuryr.cz\/n\/wp-json\/wp\/v2\/categories?post=92509"},{"taxonomy":"post_tag","embeddable":true,"href":"https:\/\/www.infokuryr.cz\/n\/wp-json\/wp\/v2\/tags?post=92509"}],"curies":[{"name":"wp","href":"https:\/\/api.w.org\/{rel}","templated":true}]}}