{"id":9250,"date":"2022-03-19T05:11:18","date_gmt":"2022-03-19T04:11:18","guid":{"rendered":"https:\/\/www.infokuryr.cz\/n\/?p=9250"},"modified":"2022-03-19T05:11:18","modified_gmt":"2022-03-19T04:11:18","slug":"martin-koller-ukrajinska-armada-se-chova-jako-islamsky-stat","status":"publish","type":"post","link":"https:\/\/www.infokuryr.cz\/n\/2022\/03\/19\/martin-koller-ukrajinska-armada-se-chova-jako-islamsky-stat\/","title":{"rendered":"Martin KOLLER: Ukrajinsk\u00e1 arm\u00e1da se chov\u00e1 jako Isl\u00e1msk\u00fd st\u00e1t"},"content":{"rendered":"<div id=\"fb-root\"><\/div>\n<p>V publicistick\u00e9m po\u0159adu Hlavn\u00ed zpr\u00e1vy \u2013 rozhovory, koment\u00e1\u0159e p\u00e1te\u010dn\u00edho Radio\u017eurn\u00e1lu vystoupil coby koment\u00e1tor d\u011bn\u00ed na Ukrajin\u011b vojensk\u00fd analytik Martin Koller.<\/p>\n<p><strong>Ukrajinci se chovaj\u00ed jako Isl\u00e1msk\u00fd st\u00e1t<\/strong><\/p>\n<p><em>\u201eUkrajinsk\u00e1 arm\u00e1da se chov\u00e1 jako Isl\u00e1msk\u00fd st\u00e1t v S\u00fdrii. To znamen\u00e1, \u017ee nebojuje p\u0159\u00edmo. Schov\u00e1v\u00e1 se za civilisty, p\u0159epad\u00e1v\u00e1, a to jak se zd\u00e1 nav\u00edc ani ned\u011blaj\u00ed Ukrajinci, ale \u017eoldn\u00e9\u0159i z ciziny. Ukrajinsk\u00e1 arm\u00e1da je rozvr\u00e1cen\u00e1,\u201c<\/em>\u00a0uvedl d\u00e1le Koller. Podle n\u011bj to dokazuje mno\u017estv\u00ed mu\u017e\u016f, kte\u0159\u00ed hromadn\u011b prchaj\u00ed ze zem\u011b a upl\u00e1c\u00ed str\u00e1\u017en\u00edky na hranic\u00edch, aby se vyhnuli mobilizaci. Ukrajinskou arm\u00e1du ozna\u010dil za neschopnou a uvedl, \u017ee je po\u010detn\u011bj\u0161\u00ed, ne\u017e p\u0159\u00edtomn\u00e9 jednotky Rus\u016f, ale prost\u011b nebojuje.<\/p>\n<p><strong>Rusko dosud nasadilo jen 20% arm\u00e1dy<\/strong><\/p>\n<p>Podle Kollera nasadila Rusk\u00e1 federace na Ukrajin\u011b zat\u00edm pouze 20 % z celkov\u00e9ho po\u010dtu sv\u00e9 vojensk\u00e9 s\u00edly.\u00a0<em>\u201ePro\u010d by nasazovala s\u00edlu v podstat\u011b zbyte\u010dn\u00e9 v\u00e1lce? Mus\u00ed se chr\u00e1nit p\u0159i p\u0159\u00edpadn\u00e9m \u00fatoku ze strany NATO,\u201c<\/em>\u00a0uvedl.\u00a0<em>\u201ePokud bychom vych\u00e1zeli z ofici\u00e1ln\u00edho prohl\u00e1\u0161en\u00ed, tedy demilitarizace a denacifikace \u010di defa\u0161izace Ukrajiny, tak v podstat\u011b Rusov\u00e9 d\u011blaj\u00ed to, co cht\u011bj\u00ed,\u201c<\/em>\u00a0 pokra\u010doval.\u00a0<em>\u201eTo znamen\u00e1 likvidace v\u00fdzbroje a v\u00fdrobn\u00edch kapacit vojensk\u00e9ho pr\u016fmyslu a potom patrn\u011b odstran\u011bn\u00ed zlo\u010dineck\u00fdch band typu Azov, Donbas a tak d\u00e1le,\u201c<\/em>\u00a0uzav\u0159el analytik Martin Koller.<\/p>\n<p>&nbsp;<\/p>\n<p><iframe loading=\"lazy\" id=\"_dytid_5246\" title=\"YouTube video player\" src=\"https:\/\/www.youtube.com\/embed\/uLKyXrayaOM\" width=\"800\" height=\"450\" frameborder=\"0\" allowfullscreen=\"allowfullscreen\" data-mce-fragment=\"1\"><\/iframe><\/p>\n<p><em>Zpracoval Rudolf Hrubo\u0148<\/em><\/p>\n<p><a href=\"https:\/\/www.pokec24.cz\/nezarazene\/koller-ukrajinska-armada-se-chova-jako-islamsky-stat\/\">ZDROJ<\/a><\/p>\n<p>&nbsp;<\/p>\n","protected":false},"excerpt":{"rendered":"<p>V publicistick\u00e9m po\u0159adu Hlavn\u00ed zpr\u00e1vy \u2013 rozhovory, koment\u00e1\u0159e p\u00e1te\u010dn\u00edho Radio\u017eurn\u00e1lu vystoupil coby koment\u00e1tor d\u011bn\u00ed na&#8230;<\/p>\n","protected":false},"author":2,"featured_media":9251,"comment_status":"closed","ping_status":"closed","sticky":false,"template":"","format":"standard","meta":[],"categories":[6],"tags":[1042,29,220,26],"_links":{"self":[{"href":"https:\/\/www.infokuryr.cz\/n\/wp-json\/wp\/v2\/posts\/9250"}],"collection":[{"href":"https:\/\/www.infokuryr.cz\/n\/wp-json\/wp\/v2\/posts"}],"about":[{"href":"https:\/\/www.infokuryr.cz\/n\/wp-json\/wp\/v2\/types\/post"}],"author":[{"embeddable":true,"href":"https:\/\/www.infokuryr.cz\/n\/wp-json\/wp\/v2\/users\/2"}],"replies":[{"embeddable":true,"href":"https:\/\/www.infokuryr.cz\/n\/wp-json\/wp\/v2\/comments?post=9250"}],"version-history":[{"count":0,"href":"https:\/\/www.infokuryr.cz\/n\/wp-json\/wp\/v2\/posts\/9250\/revisions"}],"wp:featuredmedia":[{"embeddable":true,"href":"https:\/\/www.infokuryr.cz\/n\/wp-json\/wp\/v2\/media\/9251"}],"wp:attachment":[{"href":"https:\/\/www.infokuryr.cz\/n\/wp-json\/wp\/v2\/media?parent=9250"}],"wp:term":[{"taxonomy":"category","embeddable":true,"href":"https:\/\/www.infokuryr.cz\/n\/wp-json\/wp\/v2\/categories?post=9250"},{"taxonomy":"post_tag","embeddable":true,"href":"https:\/\/www.infokuryr.cz\/n\/wp-json\/wp\/v2\/tags?post=9250"}],"curies":[{"name":"wp","href":"https:\/\/api.w.org\/{rel}","templated":true}]}}