{"id":92496,"date":"2025-11-19T00:19:04","date_gmt":"2025-11-18T23:19:04","guid":{"rendered":"https:\/\/www.infokuryr.cz\/n\/?p=92496"},"modified":"2025-11-18T10:57:38","modified_gmt":"2025-11-18T09:57:38","slug":"pentagon-zrizuje-pracovni-skupiny-pro-vysetrovani-povinneho-ockovani-proti-covidu-zamerene-na-vice-nez-8-000-propustenych-vojaku","status":"publish","type":"post","link":"https:\/\/www.infokuryr.cz\/n\/2025\/11\/19\/pentagon-zrizuje-pracovni-skupiny-pro-vysetrovani-povinneho-ockovani-proti-covidu-zamerene-na-vice-nez-8-000-propustenych-vojaku\/","title":{"rendered":"Pentagon z\u0159izuje pracovn\u00ed skupiny pro vy\u0161et\u0159ov\u00e1n\u00ed povinn\u00e9ho o\u010dkov\u00e1n\u00ed proti COVIDu \u2013 zam\u011b\u0159en\u00e9 na v\u00edce ne\u017e 8 000 propu\u0161t\u011bn\u00fdch voj\u00e1k\u016f"},"content":{"rendered":"<div id=\"fb-root\"><\/div>\n<div class=\"elementor-element elementor-element-1fb4c2c elementor-widget elementor-widget-theme-post-content\" data-id=\"1fb4c2c\" data-element_type=\"widget\" data-widget_type=\"theme-post-content.default\">\n<div class=\"elementor-widget-container\">\n<p class=\"has-medium-font-size\"><strong><span dir=\"auto\">\u201eRozpl\u00e9t\u00e1n\u00ed chaosu\u201c: Ministerstvo obrany USA z\u0159izuje pracovn\u00ed skupiny pro vy\u0161et\u0159ov\u00e1n\u00ed vojensk\u00e9ho mand\u00e1tu pro o\u010dkov\u00e1n\u00ed proti COVID-19<\/span><\/strong><\/p>\n<p><span dir=\"auto\">Ministerstvo obrany (DOD) uvedlo, \u017ee p\u0159ezkoum\u00e1 povinn\u00e9 o\u010dkov\u00e1n\u00ed arm\u00e1dy proti COVID-19, kter\u00e9 vedlo k propu\u0161t\u011bn\u00ed v\u00edce ne\u017e 8 000 voj\u00e1k\u016f. P\u0159ezkum se bude zab\u00fdvat implementac\u00ed a d\u016fsledky tohoto opat\u0159en\u00ed a jeho \u201ec\u00edlem je zajistit, aby se n\u011bco takov\u00e9ho u\u017e nikdy neopakovalo,\u201c uvedl Anthony Tata, n\u00e1m\u011bstek ministra pro person\u00e1l a p\u0159ipravenost.<\/span><\/p>\n<p><span dir=\"auto\">Ministerstvo\u00a0<\/span><strong><span dir=\"auto\">obrany USA (DOD)<\/span><\/strong><span dir=\"auto\">\u00a0z\u0159izuje dv\u011b pracovn\u00ed skupiny, kter\u00e9 budou p\u0159ezkoum\u00e1vat mand\u00e1t arm\u00e1dy ohledn\u011b o\u010dkov\u00e1n\u00ed proti COVID-19 b\u011bhem pandemie, ozn\u00e1mil minul\u00fd t\u00fdden v po\u0159adu X n\u00e1m\u011bstek ministra pro person\u00e1l a p\u0159ipravenost Anthony Tata.<\/span><\/p>\n<p><span dir=\"auto\">\u201eTyto pracovn\u00ed skupiny budou zkoumat v\u00fdvoj, implementaci a v\u00fdsledky dan\u00e9 politiky,\u201c napsal Tata.<\/span><\/p>\n<p><span dir=\"auto\">Podle dokumentu ministerstva obrany z prosince 2022 bylo\u00a0do 30. listopadu 2022 propu\u0161t\u011bno\u00a0<\/span><strong><span dir=\"auto\">8 123 voj\u00e1k\u016f za odm\u00edtnut\u00ed o\u010dkov\u00e1n\u00ed proti COVID-19.<\/span><\/strong><\/p>\n<p><span dir=\"auto\">Ve videu, kter\u00e9 Tata p\u0159ilo\u017eil k p\u0159\u00edsp\u011bvku, uvedl:<\/span><br \/>\n<span dir=\"auto\">\u201eTyto pracovn\u00ed skupiny budou zahrnovat \u010dleny posti\u017een\u00e9 komunity a zam\u011b\u0159\u00ed se na to, aby se to u\u017e nikdy neopakovalo na\u0161im voj\u00e1k\u016fm, jejich rodin\u00e1m ani civiln\u00edm zam\u011bstnanc\u016fm ministerstva.\u201c<\/span><\/p>\n<p><strong><span dir=\"auto\">Robby Soave<\/span><\/strong><span dir=\"auto\">\u00a0, spolumoder\u00e1tor po\u0159adu\u00a0<\/span><em><span dir=\"auto\">The Hill&#8217;s Rising<\/span><\/em><span dir=\"auto\">\u00a0, prvn\u00edho m\u00e9dia, kter\u00e9 tuto zpr\u00e1vu zve\u0159ejnilo, \u0159ekl:<\/span><\/p>\n<p><em><span dir=\"auto\">\u201eV\u00edt\u00e1m tuto politiku, kter\u00e1 vrac\u00ed zp\u011bt ty, kte\u0159\u00ed rezignovali kv\u016fli povinn\u00e9mu o\u010dkov\u00e1n\u00ed. Jak se ukazuje, o\u010dkov\u00e1n\u00ed proti COVIDu je do zna\u010dn\u00e9 m\u00edry osobn\u00ed volbou v oblasti zdrav\u00ed\u2026 Neexistuje dostate\u010dn\u00e9 opodstatn\u011bn\u00ed z hlediska ve\u0159ejn\u00e9ho zdrav\u00ed, aby se dalo tvrdit, \u017ee je povinn\u00e9 pro slu\u017ebu ve st\u00e1tn\u00ed slu\u017eb\u011b nebo arm\u00e1d\u011b.\u201c<\/span><\/em><\/p>\n<p><span dir=\"auto\">Advok\u00e1t\u00a0<\/span><strong><span dir=\"auto\">Dale Saran<\/span><\/strong><span dir=\"auto\">\u00a0, kter\u00fd zastupuje voj\u00e1ky v pr\u00e1vn\u00edch sporech proti povinn\u00e9mu o\u010dkov\u00e1n\u00ed, \u0159ekl:<\/span><br \/>\n<span dir=\"auto\">\u201eV\u011b\u0159\u00edm, \u017ee v nadch\u00e1zej\u00edc\u00edch t\u00fddnech a m\u011bs\u00edc\u00edch za\u010dneme rozpl\u00e9tat chaos, kter\u00fd vytvo\u0159ila neleg\u00e1ln\u00ed na\u0159\u00edzen\u00ed o\u010dkov\u00e1n\u00ed proti COVID-19 v ozbrojen\u00fdch sil\u00e1ch ze strany Bidenovy administrativy.\u201c<\/span><\/p>\n<h2 class=\"wp-block-heading\"><strong><span dir=\"auto\">Proces op\u011btovn\u00e9ho naj\u00edm\u00e1n\u00ed nebyl \u201e\u017e\u00e1dn\u00fdm vzorem efektivity\u201c.<\/span><\/strong><\/h2>\n<p><span dir=\"auto\">V srpnu 2021 tehdej\u0161\u00ed ministr obrany\u00a0<\/span><strong><span dir=\"auto\">Lloyd Austin<\/span><\/strong><span dir=\"auto\">\u00a0na\u0159\u00eddil o\u010dkov\u00e1n\u00ed proti COVIDu pro ve\u0161ker\u00fd americk\u00fd vojensk\u00fd person\u00e1l.<\/span><\/p>\n<p><span dir=\"auto\">O rok pozd\u011bji Kongres schv\u00e1lil\u00a0<\/span><strong><span dir=\"auto\">z\u00e1kon o zmocn\u011bn\u00ed k n\u00e1rodn\u00ed obran\u011b z roku 2023<\/span><\/strong><span dir=\"auto\">\u00a0, kter\u00fd Austinovi na\u0159\u00eddil zru\u0161it povinn\u00e9 o\u010dkov\u00e1n\u00ed. Ofici\u00e1ln\u011b jej zru\u0161il v lednu 2023.<\/span><\/p>\n<p><span dir=\"auto\">V lednu leto\u0161n\u00edho roku vydal prezident\u00a0<\/span><strong><span dir=\"auto\">Donald Trump<\/span><\/strong><span dir=\"auto\">\u00a0prezidentsk\u00fd rozkaz, kter\u00fdm na\u0159izuje ministerstvu obrany\u00a0<\/span><strong><span dir=\"auto\">, aby obnovilo do funkce v\u0161echny d\u0159\u00edve propu\u0161t\u011bn\u00e9 voj\u00e1ky \u2013 obnovilo jim jejich p\u016fvodn\u00ed hodnost, s plnou v\u00fdplatou a v\u0161emi benefity<\/span><\/strong><span dir=\"auto\">\u00a0.<\/span><\/p>\n<p><span dir=\"auto\">N\u00e1sledn\u011b arm\u00e1da, n\u00e1mo\u0159nictvo, letectvo a n\u00e1mo\u0159n\u00ed p\u011bchota zavedly postupy pro op\u011btovn\u00e9 za\u0159azen\u00ed do funkce. V dubnu podepsal ministr obrany\u00a0<\/span><strong><span dir=\"auto\">Pete Hegseth<\/span><\/strong><span dir=\"auto\">\u00a0memorandum, kter\u00e9 tyto postupy d\u00e1le specifikuje.<\/span><\/p>\n<p><span dir=\"auto\">Ministerstvo obrany v\u0161ak propu\u0161t\u011bn\u00fdm voj\u00e1k\u016fm nenab\u00eddlo\u00a0<\/span><strong><span dir=\"auto\">\u017e\u00e1dn\u00e9 zp\u011btn\u00e9 platy<\/span><\/strong><span dir=\"auto\">\u00a0a disciplin\u00e1rn\u00ed opat\u0159en\u00ed za odm\u00edtnut\u00ed o\u010dkov\u00e1n\u00ed ponechalo v jejich osobn\u00edch spisech.<\/span><\/p>\n<p><span dir=\"auto\">V\u00fdsledek:<\/span><br \/>\n<span dir=\"auto\">Do dubna arm\u00e1da\u00a0znovu najala pouze\u00a0<\/span><strong><span dir=\"auto\">43 z v\u00edce ne\u017e 8 000 propu\u0161t\u011bn\u00fdch voj\u00e1k\u016f.<\/span><\/strong><\/p>\n<p><span dir=\"auto\">Saran uvedl, \u017ee n\u011bkte\u0159\u00ed z jeho klient\u016f mu \u0159\u00edkali, \u017ee proces op\u011btovn\u00e9ho zam\u011bstn\u00e1n\u00ed \u201enen\u00ed vzorem efektivity\u201c.<\/span><\/p>\n<p><span dir=\"auto\">3. \u0159\u00edjna Tata napsal na X, \u017ee \u201emnoho\u201c b\u00fdval\u00fdch voj\u00e1k\u016f \u201ebylo posti\u017eeno nez\u00e1konn\u00fdm na\u0159\u00edzen\u00edm o o\u010dkov\u00e1n\u00ed proti COVID-19\u201c, a sl\u00edbil, \u017ee podnikne kroky k jejich op\u011btovn\u00e9mu za\u0159azen\u00ed do slu\u017eby.<\/span><\/p>\n<p><em><span dir=\"auto\">\u201eV\u00edme, \u017ee proces op\u011btovn\u00e9ho zam\u011bstn\u00e1v\u00e1n\u00ed nen\u00ed dokonal\u00fd. Sna\u017e\u00edme se ho zrychlit a zjednodu\u0161it.\u201c<\/span><\/em><\/p>\n<p><span dir=\"auto\">Kr\u00e1tce pot\u00e9 Pentagon na\u0159\u00eddil veden\u00ed jednotliv\u00fdch slo\u017eek ozbrojen\u00fdch sil, aby s d\u0159\u00edve propu\u0161t\u011bn\u00fdmi voj\u00e1ky usiluj\u00edc\u00edmi o op\u011btovn\u00e9 za\u0159azen\u00ed zach\u00e1zelo jako s\u00a0<\/span><strong><span dir=\"auto\">\u201eslu\u017ebou b\u00edl\u00fdch rukavic<\/span><\/strong><span dir=\"auto\">\u00a0\u201c. Toto opat\u0159en\u00ed n\u00e1sledovalo po memorandu od spole\u010dnosti Tata po\u017eaduj\u00edc\u00edm zm\u011bny ve\u00a0<\/span><strong><span dir=\"auto\">vstupn\u00edch vstupn\u00edch st\u00e1n\u00edch pro vojensk\u00e9<\/span><\/strong><span dir=\"auto\">\u00a0uchaze\u010de, kde jsou prov\u011b\u0159ov\u00e1ni p\u0159ed n\u00e1stupem do slu\u017eby.<\/span><\/p>\n<h2 class=\"wp-block-heading\"><strong><span dir=\"auto\">Ministerstvo obrany pracuje na \u0159e\u0161en\u00ed pro \u201eposledn\u00ed m\u00edli\u201c v procesu op\u011btovn\u00e9ho n\u00e1boru.<\/span><\/strong><\/h2>\n<p><span dir=\"auto\">Dne 29. \u0159\u00edjna Tata uvedl, \u017ee se na n\u011bj \u201ekontaktovalo mnoho dot\u010den\u00fdch v\u00e1le\u010dn\u00edk\u016f\u201c s\u00a0<\/span><strong><span dir=\"auto\">dotazy a obavami ohledn\u011b op\u011btovn\u00e9ho za\u0159azen\u00ed do funkce<\/span><\/strong><span dir=\"auto\">\u00a0a \u017ee jeho kancel\u00e1\u0159 \u201edenn\u011b spolupracuje s r\u016fzn\u00fdmi slo\u017ekami ozbrojen\u00fdch sil na n\u00e1sledn\u00fdch opat\u0159en\u00edch a dokon\u010den\u00ed \u201eposledn\u00ed m\u00edle\u201c\u201c.<\/span><\/p>\n<p><span dir=\"auto\">V jin\u00e9m \u010dl\u00e1nku serveru X z minul\u00e9ho m\u011bs\u00edce p\u0159ipustil, \u017ee voj\u00e1ci se v procesu op\u011btovn\u00e9ho n\u00e1stupu do slu\u017eby i nad\u00e1le pot\u00fdkaj\u00ed s \u201e\u0159adou probl\u00e9m\u016f \u201aposledn\u00ed m\u00edle\u2018\u201c.<\/span><\/p>\n<p><em><span dir=\"auto\">\u201eV t\u00e9to f\u00e1zi jsou zpo\u017ed\u011bn\u00ed nep\u0159ijateln\u00e1,\u201c napsal Tata.<\/span><\/em><\/p>\n<p><span dir=\"auto\">Podle Sarana se \u201eposledn\u00ed m\u00edle\u201c vztahuj\u00ed k byrokratick\u00fdm detail\u016fm \u2013 a k tomu, jak \u00fapln\u00e1 bude kompenzace.<\/span><\/p>\n<p><span dir=\"auto\">St\u00e1t by mohl voj\u00e1kovi kompenzovat civiln\u00ed v\u00fdd\u011blky s neuhrazenou doplatnou platbou, tak\u017ee n\u011bkte\u0159\u00ed voj\u00e1ci by nakonec nem\u011bli\u00a0<\/span><strong><span dir=\"auto\">\u017e\u00e1dn\u00fd plat<\/span><\/strong><span dir=\"auto\">\u00a0.<\/span><\/p>\n<p><span dir=\"auto\">Saran \u0159ekl:<\/span><\/p>\n<p><em><span dir=\"auto\">\u201eV syst\u00e9mu je mnoho nedostatk\u016f a mus\u00edme zjistit, zda se vl\u00e1da bude i nad\u00e1le sna\u017eit minimalizovat platby \u2013 nebo zda skute\u010dn\u011b hodl\u00e1 zajistit spravedlnost pro posti\u017een\u00e9, zejm\u00e9na pro ty, kte\u0159\u00ed se ji\u017e nemohou vr\u00e1tit do slu\u017eby.\u201c<\/span><\/em><\/p>\n<p><strong><span dir=\"auto\">V z\u00e1\u0159\u00ed Stuart Scheller<\/span><\/strong><span dir=\"auto\">\u00a0, hlavn\u00ed poradce v kancel\u00e1\u0159i n\u00e1m\u011bstka ministra zahrani\u010d\u00ed, napsal\u00a0na LinkedInu, \u017ee Tata na\u0159\u00eddil vedouc\u00edm odd\u011blen\u00ed, aby \u201eminimalizovali t\u0159ec\u00ed body v procesu op\u011btovn\u00e9ho zam\u011bstn\u00e1v\u00e1n\u00ed\u201c.<\/span><\/p>\n<p><span dir=\"auto\">Tata a Scheller hovo\u0159ili o p\u0159ek\u00e1\u017ek\u00e1ch, s nimi\u017e se b\u00fdval\u00ed voj\u00e1ci setk\u00e1vaj\u00ed p\u0159i snaze o op\u011btovn\u00e9 narukov\u00e1n\u00ed.<\/span><\/p>\n<p><span dir=\"auto\">Scheller napsal:<\/span><\/p>\n<p><em><span dir=\"auto\">\u201eKa\u017ed\u00fd voj\u00e1k, kter\u00fd ned\u00e1vno projevil z\u00e1jem o proces projedn\u00e1v\u00e1n\u00ed komis\u00ed pro COVID, byl kontaktov\u00e1n p\u0159\u00edslu\u0161nou slo\u017ekou ozbrojen\u00fdch sil. V d\u016fsledku toho se po\u010det p\u0159\u00edpad\u016f, kter\u00e9 se p\u0159ed komise dostaly, t\u00e9m\u011b\u0159 zdvojn\u00e1sobil.\u201c<\/span><\/em><\/p>\n<p><span dir=\"auto\">Saran uvedl, \u017ee propu\u0161t\u011bn\u00ed voj\u00e1ci se pot\u00fdkali s probl\u00e9my, kter\u00e9 sahaly daleko za hranice op\u011btovn\u00e9ho zam\u011bstn\u00e1n\u00ed:<\/span><\/p>\n<p><em><span dir=\"auto\">\u201eP\u0159edstavte si, jak\u00e9 by to bylo, kdybyste byli z\u00edtra propu\u0161t\u011bni z pr\u00e1ce s \u010dty\u0159hodinovou v\u00fdpov\u011bdn\u00ed lh\u016ftou. Vyn\u00e1sobte to p\u0159ibli\u017en\u011b 100 000 voj\u00e1ky nap\u0159\u00ed\u010d v\u0161emi slo\u017ekami ozbrojen\u00fdch sil.\u201c<\/span><\/em><\/p>\n<p><span dir=\"auto\">Popsal p\u0159\u00edpady:<\/span><\/p>\n<ul>\n<li><span dir=\"auto\">Kadeti byli\u00a0<\/span><strong><span dir=\"auto\">vyho\u0161t\u011bni<\/span><\/strong><span dir=\"auto\">\u00a0z vojensk\u00fdch akademi\u00ed a okam\u017eit\u011b p\u0159i\u0161li o domov.<\/span><\/li>\n<li><span dir=\"auto\">T\u011bhotn\u00e1 mari\u0148\u00e1\u010dka byla posl\u00e1na zp\u011bt z Okinawy jen s oble\u010den\u00edm na sob\u011b \u2013 ve 32. t\u00fddnu t\u011bhotenstv\u00ed \u2013 a byla propu\u0161t\u011bna ze sboru do 36. t\u00fddne; o \u010dty\u0159i t\u00fddny pozd\u011bji porodila.<\/span><br \/>\n<span dir=\"auto\">\u201eJak to ovliv\u0148uje\u00a0<\/span><em><span dir=\"auto\">Semper Fidelis<\/span><\/em><span dir=\"auto\">\u00a0?\u201c<\/span><\/li>\n<\/ul>\n<h2 class=\"wp-block-heading\"><strong><span dir=\"auto\">Pr\u00e1vn\u00ed spory proti povinn\u00e9mu o\u010dkov\u00e1n\u00ed pokra\u010duj\u00ed.<\/span><\/strong><\/h2>\n<p><span dir=\"auto\">V \u010dervenci 2022, kr\u00e1tce po uplynut\u00ed lh\u016fty pro spln\u011bn\u00ed vojensk\u00e9 povinnosti o\u010dkov\u00e1n\u00ed, americk\u00e1 arm\u00e1da odvolala ze slu\u017eby\u00a0<\/span><strong><span dir=\"auto\">60 000 neo\u010dkovan\u00fdch z\u00e1lo\u017en\u00edk\u016f a p\u0159\u00edslu\u0161n\u00edk\u016f N\u00e1rodn\u00ed gardy<\/span><\/strong><span dir=\"auto\">\u00a0\u2013 ji\u017e jim nebylo dovoleno cvi\u010dit a nedost\u00e1vali \u017e\u00e1dn\u00e9 v\u00fdhody.<\/span><\/p>\n<p><span dir=\"auto\">Saran \u0159ekl:<\/span><\/p>\n<p><em><span dir=\"auto\">\u201ePovinn\u00e9 o\u010dkov\u00e1n\u00ed zp\u016fsobilo prudk\u00fd pokles n\u00e1boru do arm\u00e1dy. Od jeho zru\u0161en\u00ed jsme zaznamenali zpr\u00e1vy o v\u00fdrazn\u00e9m o\u017eiven\u00ed n\u00e1boru \u2013 d\u00edky krok\u016fm prezidenta a ministerstva obrany. To je nepochybn\u011b dobr\u00e9 pro n\u00e1rodn\u00ed bezpe\u010dnost.\u201c<\/span><\/em><\/p>\n<p><span dir=\"auto\">N\u011bkte\u0159\u00ed odm\u00edta\u010di o\u010dkov\u00e1n\u00ed byli podrobeni disciplin\u00e1rn\u00edmu \u0159\u00edzen\u00ed, v\u010detn\u011b\u00a0<\/span><strong><span dir=\"auto\">vojensk\u00e9ho soudu<\/span><\/strong><span dir=\"auto\">\u00a0.<\/span><\/p>\n<p><span dir=\"auto\">To vyvolalo \u0159adu pr\u00e1vn\u00edch spor\u016f, v\u010detn\u011b obnoven\u00e9 \u017ealoby voj\u00e1k\u016f, jejich\u017e \u017e\u00e1dosti o n\u00e1bo\u017eensk\u00e9 v\u00fdjimky byly zam\u00edtnuty.<\/span><\/p>\n<p><span dir=\"auto\">Saran uvedl, \u017ee nad\u00e1le zastupuje klienty, kte\u0159\u00ed byli propu\u0161t\u011bni a pozd\u011bji za\u017ealovali arm\u00e1du:<\/span><\/p>\n<p><em><span dir=\"auto\">\u201eVe dvou na\u0161ich p\u0159\u00edpadech vl\u00e1da po\u017e\u00e1dala o dobrovoln\u00e9 vr\u00e1cen\u00ed p\u0159\u00edpadu hodnot\u00edc\u00edm komis\u00edm ozbrojen\u00fdch sil s ohledem na prezidentsk\u00fd p\u0159\u00edkaz. \u0160est na\u0161ich jmenovan\u00fdch arm\u00e1dn\u00edch zmocn\u011bnc\u016f obdr\u017eelo velmi p\u0159\u00edzniv\u00e9 rozhodnut\u00ed, pot\u00e9 do\u0161lo k uzav\u0159en\u00ed \u2013 nyn\u00ed v tom pokra\u010dujeme.\u201c<\/span><\/em><\/p>\n<p><span dir=\"auto\">Rada\u00a0<\/span><strong><span dir=\"auto\">pro opravu n\u00e1mo\u0159n\u00edch z\u00e1znam\u016f<\/span><\/strong><span dir=\"auto\">\u00a0v\u0161ak zauj\u00edm\u00e1 opa\u010dn\u00fd postoj. Letectvo si tak\u00e9 \u201ehraje hry\u201c ve sv\u00fdch jedn\u00e1n\u00edch s N\u00e1rodn\u00ed gardou.<\/span><\/p>\n<p><span dir=\"auto\">Saran \u0159ekl, \u017ee je \u201epro nadch\u00e1zej\u00edc\u00ed rok velmi optimistick\u00fd\u201c:<\/span><\/p>\n<p><em><span dir=\"auto\">\u201eOpravdu v\u011b\u0159\u00edme, \u017ee s Trumpovou administrativou najdeme spole\u010dnou \u0159e\u010d.\u201c<\/span><\/em><\/p>\n<\/div>\n<\/div>\n<div class=\"elementor-element elementor-element-8c57238 quelle dc-has-condition dc-condition-empty elementor-widget elementor-widget-heading\" data-id=\"8c57238\" data-element_type=\"widget\" data-widget_type=\"heading.default\">\n<div class=\"elementor-widget-container\">\n<h3 class=\"elementor-heading-title elementor-size-default\"><span style=\"font-size: 10pt;\"><a href=\"https:\/\/childrenshealthdefense.org\/defender\/unwinding-mess-dod-launches-task-forces-investigate-military-covid-vaccine-mandates\/\" target=\"_blank\" rel=\"nofollow noopener\"><span dir=\"auto\">Zdroj<\/span><\/a><\/span><\/h3>\n<p>&nbsp;<\/p>\n<\/div>\n<\/div>\n","protected":false},"excerpt":{"rendered":"<p>\u201eRozpl\u00e9t\u00e1n\u00ed chaosu\u201c: Ministerstvo obrany USA z\u0159izuje pracovn\u00ed skupiny pro vy\u0161et\u0159ov\u00e1n\u00ed vojensk\u00e9ho mand\u00e1tu pro o\u010dkov\u00e1n\u00ed proti&#8230;<\/p>\n","protected":false},"author":2,"featured_media":92497,"comment_status":"closed","ping_status":"closed","sticky":false,"template":"","format":"standard","meta":[],"categories":[7],"tags":[380,37,651,1398],"_links":{"self":[{"href":"https:\/\/www.infokuryr.cz\/n\/wp-json\/wp\/v2\/posts\/92496"}],"collection":[{"href":"https:\/\/www.infokuryr.cz\/n\/wp-json\/wp\/v2\/posts"}],"about":[{"href":"https:\/\/www.infokuryr.cz\/n\/wp-json\/wp\/v2\/types\/post"}],"author":[{"embeddable":true,"href":"https:\/\/www.infokuryr.cz\/n\/wp-json\/wp\/v2\/users\/2"}],"replies":[{"embeddable":true,"href":"https:\/\/www.infokuryr.cz\/n\/wp-json\/wp\/v2\/comments?post=92496"}],"version-history":[{"count":0,"href":"https:\/\/www.infokuryr.cz\/n\/wp-json\/wp\/v2\/posts\/92496\/revisions"}],"wp:featuredmedia":[{"embeddable":true,"href":"https:\/\/www.infokuryr.cz\/n\/wp-json\/wp\/v2\/media\/92497"}],"wp:attachment":[{"href":"https:\/\/www.infokuryr.cz\/n\/wp-json\/wp\/v2\/media?parent=92496"}],"wp:term":[{"taxonomy":"category","embeddable":true,"href":"https:\/\/www.infokuryr.cz\/n\/wp-json\/wp\/v2\/categories?post=92496"},{"taxonomy":"post_tag","embeddable":true,"href":"https:\/\/www.infokuryr.cz\/n\/wp-json\/wp\/v2\/tags?post=92496"}],"curies":[{"name":"wp","href":"https:\/\/api.w.org\/{rel}","templated":true}]}}