{"id":9249,"date":"2022-03-19T05:07:06","date_gmt":"2022-03-19T04:07:06","guid":{"rendered":"https:\/\/www.infokuryr.cz\/n\/?p=9249"},"modified":"2022-03-19T05:07:06","modified_gmt":"2022-03-19T04:07:06","slug":"zdenek-koudelka-cenzori-mlci","status":"publish","type":"post","link":"https:\/\/www.infokuryr.cz\/n\/2022\/03\/19\/zdenek-koudelka-cenzori-mlci\/","title":{"rendered":"Zden\u011bk Koudelka: Cenzo\u0159i ml\u010d\u00ed"},"content":{"rendered":"<div id=\"fb-root\"><\/div>\n<div class=\"opener\">Spr\u00e1vce dom\u00e9ny .cz CZ.NIC zablokoval pr\u00fd dezinforma\u010dn\u00ed weby a odvolal se na doporu\u010den\u00ed vl\u00e1dy a konzultace bezpe\u010dnostn\u00edch slu\u017eeb. Sna\u017eil jsem se zjistit, kdo cenzuru on\u011bch webu za st\u00e1t inicioval.<\/div>\n<div id=\"art-text\" class=\"text\">\n<p><strong>Ot\u00e1zky po p\u016fvodci cenzury<\/strong><\/p>\n<p>Po\u017e\u00e1dal jsem o tyto listiny:<\/p>\n<p><em>1. Zasl\u00e1n\u00ed onoho doporu\u010den\u00ed vl\u00e1dy pro CZ.NIC z.s.p.o.<\/em><\/p>\n<p><em>2. Zasl\u00e1n\u00ed rozhodnut\u00ed vl\u00e1dy nebo p\u0159edsedy vl\u00e1dy o tom, \u017ee se zav\u00e1d\u00ed cenzura a bude poru\u0161ov\u00e1na Listina z\u00e1kladn\u00edch pr\u00e1v a svobod zakazuj\u00edc\u00ed cenzuru.<\/em><\/p>\n<p><em>3. Zasl\u00e1n\u00ed ve\u0161ker\u00e9 korespondence mezi CZ.NIC z.s.p.o. na jedn\u00e9 stran\u011b a vl\u00e1dou \u010di \u00da\u0159adem vl\u00e1dy na druh\u00e9 stran\u011b za obdob\u00ed \u00fanor 2022.<\/em><\/p>\n<p><em>4. Zasl\u00e1n\u00ed krit\u00e9ri\u00ed, podle kter\u00fdch se rozd\u011bluj\u00ed weby na dezinforma\u010dn\u00ed a nedezinforma\u010dn\u00ed a ur\u010den\u00ed funkce \u00fa\u0159edn\u00ed osoby nebo p\u0159edstavitele st\u00e1tu, kter\u00fd je vydal.<\/em><\/p>\n<p><strong>Ministerstvo vnitra \u2013 j\u00e1 nic, j\u00e1 muzikant<\/strong><\/p>\n<p>K dotazu na zji\u0161t\u011bn\u00ed toho, zda pat\u0159\u00ed Ministerstvo vnitra mezi slo\u017eky, kter\u00e9 iniciovaly cenzuru u\u00a0<a href=\"https:\/\/www.nic.cz\/page\/4301\/sdruzeni-cznic-zablokovalo-weby-sirici-dezinformace-spojene-s-rusko-ukrajinskym-konfliktem\/\" rel=\"nofollow\">CZ.NIC<\/a>, Ministerstvo vnitra dopisem z 3. 3. 2022 prohl\u00e1silo, \u017ee\u00a0<em>\u201emezi t\u011bmito slo\u017ekami MV nefigurovalo. Sou\u010dasn\u011b ani MV, ani ministr vnitra neu\u010dinili \u017e\u00e1dn\u00e9 rozhodnut\u00ed v souvislosti se zablokov\u00e1n\u00edm web\u016f ze strany sdru\u017een\u00ed CZ.NIC a mezi MV a sdru\u017een\u00edm CZ.NIC neprob\u011bhla v t\u00e9to v\u011bci \u017e\u00e1dn\u00e1 korespondence.\u201c<\/em>.<\/p>\n<p><strong>Vl\u00e1da<\/strong><\/p>\n<p>\u00da\u0159ad vl\u00e1dy zaslal usnesen\u00ed vl\u00e1dy z 25. 2. 2022 \u010d. 127, kde je v bodu III, \u017ee vl\u00e1da\u00a0<em>\u201evyz\u00fdv\u00e1 v\u0161echny relevantn\u00ed subjekty k p\u0159ijet\u00ed pot\u0159ebn\u00fdch opat\u0159en\u00ed vedouc\u00edch k zamezen\u00ed \u0161\u00ed\u0159en\u00ed nepravdiv\u00fdch a zav\u00e1d\u011bj\u00edc\u00edch informac\u00ed v kybernetick\u00e9m prostoru, kter\u00e9 slou\u017e\u00ed k manipulov\u00e1n\u00ed obyvatelstva \u010cesk\u00e9 republiky sm\u011brem k ospravedln\u011bn\u00ed a schvalov\u00e1n\u00ed aktu\u00e1ln\u00ed rusk\u00e9 vojensk\u00e9 agrese v\u016f\u010di Ukrajin\u011b.\u201c<\/em>. Jinak \u00da\u0159ad vl\u00e1dy odm\u00edtl informace vydat s t\u00edm, \u017ee \u017e\u00e1dn\u00e9 takov\u00e9 informace nem\u00e1 k dispozici. Seznam web\u016f posti\u017een\u00fdch cenzurou zaslan\u00e9 usnesen\u00ed neobsahuje a u\u017e v\u016fbec ne, jak\u00fdmi \u010dl\u00e1nky pr\u00fd podpo\u0159ily rusk\u00fd \u00fatok. \u00da\u0159ad vl\u00e1dy dal\u0161\u00ed informace neposlal, co\u017e lze vysv\u011btlit t\u00edm, \u017ee<\/p>\n<p>1. l\u017ee a zatajuje,<\/p>\n<p>2. informace nem\u00e1, proto\u017ee cenzuru vl\u00e1da necht\u011bla a jde o v\u00fdmysl CZ.NIC,<\/p>\n<p>3. cenzuru vl\u00e1da \u010di jej\u00ed n\u011bkte\u0159\u00ed p\u0159edstavitel\u00e9 cht\u011bli \u00fastn\u011b v neve\u0159ejn\u00fdch utajen\u00fdch jedn\u00e1n\u00edch s CZ.NIC, tak\u017ee informace nejsou zachyceny p\u00edsemn\u011b.<\/p>\n<p><strong>CZ.NIC<\/strong><\/p>\n<p>Sdru\u017een\u00ed CZ.NIC nesd\u011blilo NIC. To hodnot\u00edm jako netransparentn\u00ed jedn\u00e1n\u00ed cenzora vych\u00e1zej\u00edc\u00ed ze zneu\u017eit\u00ed monopoln\u00edho postaven\u00ed na trhu k internetov\u00e9 dom\u00e9n\u011b cz. Prost\u011b vyu\u017e\u00edvaj\u00ed faktickou moc, kterou maj\u00ed, a na dotazy ob\u010dan\u016f ka\u0161lou. Vn\u00edm\u00e1m to jako pou\u010den\u00ed, \u017ee kdo nechce b\u00fdt okraden o \u00fastavn\u00ed pr\u00e1vo na svobodu slova, nebude dom\u00e9nu .cz vyu\u017e\u00edvat, jak u\u010dinil\u00a0<a href=\"https:\/\/protiproud.info\/\" rel=\"nofollow\">Protiproud.info<\/a>\u00a0\u010di\u00a0<a href=\"https:\/\/pravyprostor.net\/\" rel=\"nofollow\">Prav\u00fd prostor.net<\/a>. Svoboda slova a sdru\u017een\u00ed CZ.NIC jsou rozd\u00edln\u00e9 pojmy. Je to v\u00fdzva, zda nezrealizovat moravskou zem\u011bpisnou dom\u00e9nu nejvy\u0161\u0161\u00edho \u0159\u00e1du, jako m\u00e1 nap\u0159\u00edklad Katal\u00e1nsko .cat, jej\u00ed\u017e spr\u00e1vce by respektoval svobodu slova a ne tajemn\u00e1 doporu\u010den\u00ed pra\u017esk\u00e9 vl\u00e1dy.<\/p>\n<p><strong>Rakousk\u00fd a n\u011bmeck\u00fd typ cenzury, autocenzura<\/strong><\/p>\n<p>Na \u00fazem\u00ed \u010cech a Moravy m\u00e1me zku\u0161enost s rakousk\u00fdm a n\u011bmeck\u00fdm typem cenzury. Rakousk\u00fd typ vznikl za habsbursk\u00e9 monarchie a udr\u017eel se za prvn\u00ed i druh\u00e9 \u010ceskoslovensk\u00e9 republiky a\u017e do n\u011bmeck\u00e9 okupace 1939. Podstatou bylo, \u017ee o cenzu\u0159e rozhodoval pov\u011b\u0159en\u00fd a zn\u00e1m\u00fd \u00fa\u0159edn\u00edk. Podstatou cenzury byl konkr\u00e9tn\u00ed text, nap\u0159\u00edklad \u010dl\u00e1nek v novin\u00e1ch. Pokud byl \u010dl\u00e1nek cenzurov\u00e1n, ostatn\u00ed texty mohly b\u00fdt publikov\u00e1ny s t\u00edm, \u017ee m\u00edsto cenzurovan\u00e9ho \u010dl\u00e1nku bylo pr\u00e1zdn\u00e9 m\u00edsto. T\u00edm se lid\u00e9 dov\u011bd\u011bli, \u017ee zas\u00e1hla st\u00e1tn\u00ed cenzura. Z principu je mo\u017en\u00e9 se proti takov\u00e9 cenzu\u0159e br\u00e1nit soudn\u00ed \u017ealobou proti st\u00e1tu.<\/p>\n<p>Nacistick\u00e9 N\u011bmecko po vyhl\u00e1\u0161en\u00ed Protektor\u00e1tu \u010cechy a Morava zavedlo jin\u00fd typ, kter\u00fd naz\u00fdv\u00e1m n\u011bmeck\u00fd a jen\u017e v z\u00e1sad\u011b p\u0159evzalo i totalitn\u00ed \u010ceskoslovensko 1948-68. Cenzura ji\u017e nebyla zam\u011b\u0159ena na snadno identifikovatelnou viditelnou cenzuru konkr\u00e9tn\u00edch text\u016f, zak\u00e1z\u00e1ny byly cel\u00e9 noviny, knihy \u010di divadeln\u00ed hry. I v p\u0159\u00edpad\u011b, \u017ee cenzor zas\u00e1hl proti povolen\u00fdm novin\u00e1m, nesm\u011bl b\u00fdt jeho z\u00e1sah zve\u0159ejn\u011bn. Tedy zak\u00e1zan\u00fd text musel b\u00fdt nahrazen jin\u00fdm textem. Nesm\u011blo b\u00fdt b\u00edl\u00e9 m\u00edsto, aby lid\u00e9 nepoznali cenzorsk\u00fd z\u00e1sah.<\/p>\n<p>Mezi lety 1969-89 byla \u00fastavn\u011b zru\u0161ena cenzura, ale vl\u00e1dnouc\u00ed moc ji nahradila autocenzurou. Tedy st\u00e1tn\u00ed vn\u011bj\u0161\u00ed z\u00e1sah nahrazoval vnit\u0159n\u00ed dohled vedouc\u00edch redaktor\u016f a sami redakto\u0159i v\u011bd\u011bli, co mohou otisknout a co ne, proto\u017ee by z toho m\u011bli probl\u00e9my. Ov\u0161em ob\u010das se d\u00edky odvaze redaktor\u016f i n\u00e1hod\u011b, zvl\u00e1\u0161t\u011b ke konci totality, povedlo zve\u0159ejnit text kritizuj\u00edc\u00ed vl\u00e1du. Takov\u00fdm byl i \u010dl\u00e1nek Milo\u0161e Zemana Prognostika a p\u0159estavba v Technick\u00e9m magaz\u00ednu v srpnu 1989 a jeho n\u00e1sledn\u00fd rozhovor pro Hospod\u00e1\u0159sk\u00fd z\u00e1pisn\u00edk \u010ceskoslovensk\u00e9 televize.<\/p>\n<p><strong>Sou\u010dasn\u00e1 cenzura<\/strong><\/p>\n<p>Sou\u010dasn\u00e1 cenzura vych\u00e1z\u00ed z n\u011bmeck\u00e9ho typu cenzury. Zak\u00e1z\u00e1ny toti\u017e byly cel\u00e9 weby s rozli\u010dn\u00fdmi texty. Cenzo\u0159i se nenam\u00e1haj\u00ed ozna\u010dit, kter\u00fd \u010dl\u00e1nek je z\u00e1vadn\u00fd. O n\u011bjak\u00e9m zd\u016fvodn\u011bn\u00ed pro\u010d je konkr\u00e9tn\u00ed text z\u00e1vadn\u00fd, nem\u016f\u017ee b\u00fdt ani \u0159e\u010d. Na webu Protiproud bylo publikov\u00e1no mnoho \u010dl\u00e1nk\u016f nemaj\u00edc\u00ed se zahrani\u010dn\u00ed politikou nic spole\u010dn\u00e9ho. Nap\u0159\u00edklad \u010dl\u00e1nky Michala Sem\u00edna \u010di Radom\u00edra Mal\u00e9ho o katolick\u00e9 v\u011brouce a svat\u00fdch nebo \u010dl\u00e1nky o p\u0159\u00edrodn\u00edm l\u00e9\u010ditelstv\u00ed \u010di \u010dl\u00e1nky o protipr\u00e1vn\u00edch covidistick\u00fdch opat\u0159en\u00edch vl\u00e1dy a o jejich ru\u0161en\u00ed Nejvy\u0161\u0161\u00edm spr\u00e1vn\u00edm soudem. To v\u0161e cenzura vypnut\u00edm webu jako celku zak\u00e1zala. Byly tam i vtipn\u00e9 kol\u00e1\u017ee, kter\u00e9 si d\u011blaly srandu z vl\u00e1dy \u010di dal\u0161\u00edch politik\u016f. I to cenzura zak\u00e1zala, u\u017e je z\u00e1vadn\u00e9 jako za Hus\u00e1ka vysm\u00edvat se dr\u017eitel\u016fm moci.<\/p>\n<p>P\u0159edseda vl\u00e1dy Petr Fiala ozna\u010dil vypnut\u00ed web\u016f za odv\u00e1\u017en\u00e9 rozhodnut\u00ed. Hodnot\u00edm jej jako zbab\u011bl\u00e9. Kdyby byl Fiala state\u010dn\u00fd, \u0159ekne, kdo jmenovit\u011b rozhodl o seznamu on\u011bch 8 web\u016f na stran\u011b st\u00e1tu, kdo za st\u00e1t jednal se sdru\u017een\u00edm CZ.NIC, kdo za st\u00e1t ur\u010dil, co je d\u016fvodem pro cenzurn\u00ed z\u00e1sah, a kdo za vl\u00e1du stanovil, \u017ee ji\u017e nebude dodr\u017eovat \u00fastavn\u00ed z\u00e1kaz cenzury. M\u00e1-li vl\u00e1da cenzuru zak\u00e1zanou, nem\u016f\u017ee ji ani doporu\u010dovat \u010di si ji u soukrom\u00e9ho subjektu objednat. Je to, jak kdyby vl\u00e1da reagovala na z\u00e1kaz trestu smrti t\u00edm, \u017ee si objedn\u00e1 u n\u011bjak\u00e9 spole\u010dnosti VRA\u017dDY s.r.o. smrt \u010dlov\u011bka.<\/p>\n<p>Vypnut\u00ed web\u016f je jejich pomysln\u00e1 smrt. Je to snaha usmrtit vl\u00e1d\u011b nepohodln\u00e9 my\u0161lenky. My\u0161lenky, kter\u00e9 nejsou trestn\u00e9, proto\u017ee jinak by autory cht\u011bla vl\u00e1da trestn\u011b st\u00edhat, ale st\u00edhat je nem\u016f\u017ee, tak se my\u0161lenky sna\u017e\u00ed zab\u00edt cenzorsk\u00fdm z\u00e1sahem. Podstatou cenzury nikdy nebyla ochrana pravdy, ale moci.<\/p>\n<p><strong>Osobnost cenzora<\/strong><\/p>\n<p>V dob\u00e1ch rakousk\u00e9 cenzury, kdy cenzor se pod cenzorsk\u00fd z\u00e1sah musel podepsat a obh\u00e1jit jej v n\u00e1sledn\u00e9 kritice i v\u016f\u010di sv\u00fdm nad\u0159\u00edzen\u00fdm, vy\u017eadovala cenzorsk\u00e1 pr\u00e1ce \u010dlov\u011bka disponuj\u00edc\u00edho intelektem a znalostmi. Nedostatek intelektu u sou\u010dasn\u00fdch cenzor\u016f m\u016f\u017ee b\u00fdt d\u016fvodem, pro\u010d nejsou schopni a ochotni ur\u010dit konkr\u00e9tn\u00ed texty, kter\u00e9 jim vad\u00ed, a plo\u0161n\u011b vyp\u00ednaj\u00ed cel\u00e9 weby. Skute\u010dnost, \u017ee facebook cenzuroval fotku Winstona Churchilla se samopalem a \u017ee Centrum proti terorismu a hybridn\u00edm hrozb\u00e1m Ministerstva vnitra bojuje proti st\u0159edoevropsk\u00e9 identit\u011b \u2013 viz jeho v\u00fdplod St\u0159edoevropsk\u00e1 identita jako sou\u010d\u00e1st protiz\u00e1padn\u00edho narativu na kvazi-medi\u00e1ln\u00ed sc\u00e9n\u011b \u2013 mne utvrzuj\u00ed v tom, \u017ee cenzuru dnes prov\u00e1d\u00ed hloup\u00ed lid\u00e9. V\u017edy\u0165 i sou\u010dasn\u00fd premi\u00e9r Petr Fiala vy\u0161el z okruhu revue Proglas a \u010dasopisu St\u0159edn\u00ed Evropa, kter\u00e9 se ke st\u0159edn\u00ed Evrop\u011b hl\u00e1sily. Kdypak si cenzo\u0159i do\u0161l\u00e1pnou na n\u011bj?<\/p>\n<p><strong>Omezen\u00e1 demokracie 1945-48 a od roku 2022<\/strong><\/p>\n<p>Vrac\u00ed se minul\u00e1 doba omezen\u00e9 demokracie 1945-48. Je svoboda slova a politick\u00fdch n\u00e1zor\u016f, ale jen v r\u00e1mci povolen\u00e9ho h\u0159i\u0161t\u011b. Tehdy to diktovaly strany N\u00e1rodn\u00ed fronty, kter\u00e9 svorn\u011b zak\u00e1zaly agr\u00e1rn\u00edky a jin\u00e9 konkurenty. Nyn\u00ed to diktuje \u2013 ale kdo vlastn\u011b? Kdy\u017e se k tomu nehl\u00e1s\u00ed ani konkr\u00e9tn\u00ed \u010dlen vl\u00e1dy, ani Ministerstvo vnitra a p\u0159itom se CZ.NIC na vl\u00e1du a jej\u00ed slo\u017eky odkazuje.<\/p>\n<p>Pokud n\u011bkdo hl\u00e1s\u00e1 n\u00e1zory v r\u00e1mci omezen\u00e9 svobody, kterou vl\u00e1da toleruje, ps\u00e1t m\u016f\u017ee. Pokud jde mimo vl\u00e1dou dovolen\u00e9 h\u0159i\u0161t\u011b, sna\u017e\u00ed se jej uml\u010det zp\u016fsobem, kter\u00fd nen\u00ed upraven z\u00e1konem. Nam\u00edsto odv\u00e1\u017en\u00e9ho postaven\u00ed se premi\u00e9ra a vl\u00e1dy za vl\u00e1dn\u00ed rozhodnut\u00ed, nastupuje zbab\u011bl\u00e9 ml\u017een\u00ed. Svoboda 90. let 20. stolet\u00ed je pry\u010d. Putujeme k \u00fanoru 1948, anebo se pokus\u00edme situaci zvr\u00e1tit a obnovit plnou a ne okr\u00e1jenou demokracii a svobodu slova?<\/p>\n<\/div>\n<p><a href=\"https:\/\/zdenekkoudelka.blog.idnes.cz\/blog\/blog.aspx?c=784954\">Zden\u011bk Koudelka<\/a><\/p>\n","protected":false},"excerpt":{"rendered":"<p>Spr\u00e1vce dom\u00e9ny .cz CZ.NIC zablokoval pr\u00fd dezinforma\u010dn\u00ed weby a odvolal se na doporu\u010den\u00ed vl\u00e1dy a&#8230;<\/p>\n","protected":false},"author":2,"featured_media":1636,"comment_status":"closed","ping_status":"closed","sticky":false,"template":"","format":"standard","meta":[],"categories":[6],"tags":[63,29,553],"_links":{"self":[{"href":"https:\/\/www.infokuryr.cz\/n\/wp-json\/wp\/v2\/posts\/9249"}],"collection":[{"href":"https:\/\/www.infokuryr.cz\/n\/wp-json\/wp\/v2\/posts"}],"about":[{"href":"https:\/\/www.infokuryr.cz\/n\/wp-json\/wp\/v2\/types\/post"}],"author":[{"embeddable":true,"href":"https:\/\/www.infokuryr.cz\/n\/wp-json\/wp\/v2\/users\/2"}],"replies":[{"embeddable":true,"href":"https:\/\/www.infokuryr.cz\/n\/wp-json\/wp\/v2\/comments?post=9249"}],"version-history":[{"count":0,"href":"https:\/\/www.infokuryr.cz\/n\/wp-json\/wp\/v2\/posts\/9249\/revisions"}],"wp:featuredmedia":[{"embeddable":true,"href":"https:\/\/www.infokuryr.cz\/n\/wp-json\/wp\/v2\/media\/1636"}],"wp:attachment":[{"href":"https:\/\/www.infokuryr.cz\/n\/wp-json\/wp\/v2\/media?parent=9249"}],"wp:term":[{"taxonomy":"category","embeddable":true,"href":"https:\/\/www.infokuryr.cz\/n\/wp-json\/wp\/v2\/categories?post=9249"},{"taxonomy":"post_tag","embeddable":true,"href":"https:\/\/www.infokuryr.cz\/n\/wp-json\/wp\/v2\/tags?post=9249"}],"curies":[{"name":"wp","href":"https:\/\/api.w.org\/{rel}","templated":true}]}}