{"id":92473,"date":"2025-11-18T06:48:16","date_gmt":"2025-11-18T05:48:16","guid":{"rendered":"https:\/\/www.infokuryr.cz\/n\/?p=92473"},"modified":"2025-11-18T06:48:16","modified_gmt":"2025-11-18T05:48:16","slug":"ondrej-prokop-pirati-maji-vztek-nedostali-funkce-pry-volebni-podvod-ale-o-funkce-jim-nejde","status":"publish","type":"post","link":"https:\/\/www.infokuryr.cz\/n\/2025\/11\/18\/ondrej-prokop-pirati-maji-vztek-nedostali-funkce-pry-volebni-podvod-ale-o-funkce-jim-nejde\/","title":{"rendered":"Ond\u0159ej Prokop: Pir\u00e1ti maj\u00ed VZTEK. Nedostali funkce. Pr\u00fd volebn\u00ed podvod. Ale o funkce jim nejde?"},"content":{"rendered":"<div id=\"fb-root\"><\/div>\n<p>Pir\u00e1ti prskaj\u00ed, \u017ee nedostali vytou\u017een\u00e9 funkce ve Sn\u011bmovn\u011b, a komicky za\u010dali napadat volby a ANO. Co mo\u017en\u00e1 ale nev\u00edte, je, \u017ee pro Pir\u00e1ty nehlasovali ani jejich b\u00fdval\u00ed spojenci z ODS, TOP09 a STAN. M\u016f\u017eou se v\u0161ak divit? Potom, co v\u0161echny kolem sebe napadali a ozna\u010dovali za kmotry, mafii, dezol\u00e1ty a podobn\u011b? Pir\u00e1ti jdou proti v\u0161em a pak z\u00edraj\u00ed. Nakonec jim ale p\u0159ece o ty funkce nikdy ne\u0161lo, ne?<\/p>\n<p>\ud83d\udc49 Milion chvilek svol\u00e1v\u00e1 demonstraci &#8222;proti mafi\u00e1nsk\u00e9 vl\u00e1d\u011b&#8220;. Nen\u00ed na to u\u017e tro\u0161ku pozd\u011b? V\u017edy\u0165 vl\u00e1da Dozimetru, Bitcoinu a kampeli\u010dky odch\u00e1z\u00ed. To se probrali s k\u0159\u00ed\u017ekem po funuse, nemysl\u00edte?<\/p>\n<p>\ud83d\udc49 Dosluhuj\u00edc\u00ed vl\u00e1da st\u00edh\u00e1 sekat jeden skand\u00e1l za druh\u00fdm. Naposledy jim te\u010f policie vpadla na \u0158editelstv\u00ed silnic a d\u00e1lnic, kde bylo obvin\u011bno 12 lid\u00ed a p\u011bt firem. Co na tohle asi \u0159\u00edk\u00e1 Milion chvilek?<\/p>\n<p>\ud83d\udc49 &#8222;Kolik pen\u011bz chyb\u00ed v rozpo\u010dtu? Do tolika ani neum\u00edme po\u010d\u00edtat,&#8220; objevilo se v \u010dl\u00e1nku k Stanjurovi na Seznam Zpr\u00e1v\u00e1ch. O des\u00edtk\u00e1ch miliard, kter\u00e9 sch\u00e1z\u00ed na silnice a soci\u00e1ln\u00ed v\u011bci, u\u017e nejsp\u00ed\u0161 v\u00edte. Nyn\u00ed vyplouv\u00e1 na povrch, \u017ee chyb\u00ed miliardy i na \u0161kolstv\u00ed a dal\u0161\u00ed sf\u00e9ry.<\/p>\n<p>\ud83d\udc49 Pozitivn\u00ed novinky jsou p\u0159esto na obzoru. Ta\u0165\u00e1na Mal\u00e1, p\u0159edsedkyn\u011b poslaneck\u00e9ho klubu ANO, chce vr\u00e1tit tresty pro neplati\u010de aliment\u016f. U\u017e bylo na \u010dase, aby se napravily v\u0161echny ty Fialovy nesmysly. Dr\u017e\u00edme palce!<\/p>\n<p>\ud83d\udc49 Nejv\u011bt\u0161\u00ed dopravn\u00ed kolaps v historii Prahy. &#8222;Nejhor\u0161\u00ed situace za 30 let,&#8220; psalo TNcz. Podle H\u0159iba jsou jako v\u017edy na vin\u011b \u0159idi\u010di a majitel\u00e9 aut. Odborn\u00edci poukazuj\u00ed naopak na drtiv\u00e9 selh\u00e1n\u00ed v koordinaci.<\/p>\n<p>\ud83d\udc49 Navzdory enormn\u00edm uzav\u00edrk\u00e1m se v n\u011bkter\u00fdch ulic\u00edch skoro v\u016fbec nepracuje, odhalily Novinky. Ty v r\u00e1mci investigativn\u00ed akce zkoumaly \u010dinnost stavebn\u00edch firem. Kontroluje to magistr\u00e1t v\u016fbec? Kdy\u017e u\u017e to nijak nekoordinuj\u00ed?<\/p>\n<p>\ud83d\udc49 Pir\u00e1tka, kter\u00e1 se sama usv\u011bd\u010dila z toho, \u017ee ani nepozn\u00e1 magistr\u00e1lu, \u0159\u00edk\u00e1, \u017ee pr\u00fd za kolony politici nemohou, a navrhuje \u0159e\u0161it kolaps zv\u00fd\u0161en\u00edm poplatk\u016f za velk\u00e1 auta. Stoj\u00ed tohle v\u016fbec je\u0161t\u011b za koment\u00e1\u0159?<\/p>\n<p>To v\u0161e a mnohem v\u00edc se dozv\u00edte ve 157. epizod\u011b m\u00e9ho politick\u00e9ho podcastu. D\u011bkuji v\u00e1m p\u0159edem za zhl\u00e9dnut\u00ed a pros\u00edm o dal\u0161\u00ed sd\u00edlen\u00ed, a\u0165 se pravdu dozv\u00ed co nejv\u00edc lid\u00ed! T\u011b\u0161\u00edm se na dotazy i koment\u00e1\u0159e!<\/p>\n<p><iframe loading=\"lazy\" title=\"Pir\u00e1ti maj\u00ed VZTEK. Nedostali funkce. Pr\u00fd volebn\u00ed podvod.\ud83e\udd21 Ale o funkce jim nejde? | \u010cau Praho #157\" width=\"640\" height=\"360\" src=\"https:\/\/www.youtube.com\/embed\/lciVxb_t-M8?feature=oembed\" frameborder=\"0\" allow=\"accelerometer; autoplay; clipboard-write; encrypted-media; gyroscope; picture-in-picture; web-share\" referrerpolicy=\"strict-origin-when-cross-origin\" allowfullscreen><\/iframe><\/p>\n<h4>Ing. Ond\u0159ej Prokop<\/h4>\n<p>&nbsp;<\/p>\n","protected":false},"excerpt":{"rendered":"<p>Pir\u00e1ti prskaj\u00ed, \u017ee nedostali vytou\u017een\u00e9 funkce ve Sn\u011bmovn\u011b, a komicky za\u010dali napadat volby a ANO&#8230;.<\/p>\n","protected":false},"author":2,"featured_media":67844,"comment_status":"closed","ping_status":"closed","sticky":false,"template":"","format":"standard","meta":[],"categories":[6],"tags":[6975,1503,137,889],"_links":{"self":[{"href":"https:\/\/www.infokuryr.cz\/n\/wp-json\/wp\/v2\/posts\/92473"}],"collection":[{"href":"https:\/\/www.infokuryr.cz\/n\/wp-json\/wp\/v2\/posts"}],"about":[{"href":"https:\/\/www.infokuryr.cz\/n\/wp-json\/wp\/v2\/types\/post"}],"author":[{"embeddable":true,"href":"https:\/\/www.infokuryr.cz\/n\/wp-json\/wp\/v2\/users\/2"}],"replies":[{"embeddable":true,"href":"https:\/\/www.infokuryr.cz\/n\/wp-json\/wp\/v2\/comments?post=92473"}],"version-history":[{"count":0,"href":"https:\/\/www.infokuryr.cz\/n\/wp-json\/wp\/v2\/posts\/92473\/revisions"}],"wp:featuredmedia":[{"embeddable":true,"href":"https:\/\/www.infokuryr.cz\/n\/wp-json\/wp\/v2\/media\/67844"}],"wp:attachment":[{"href":"https:\/\/www.infokuryr.cz\/n\/wp-json\/wp\/v2\/media?parent=92473"}],"wp:term":[{"taxonomy":"category","embeddable":true,"href":"https:\/\/www.infokuryr.cz\/n\/wp-json\/wp\/v2\/categories?post=92473"},{"taxonomy":"post_tag","embeddable":true,"href":"https:\/\/www.infokuryr.cz\/n\/wp-json\/wp\/v2\/tags?post=92473"}],"curies":[{"name":"wp","href":"https:\/\/api.w.org\/{rel}","templated":true}]}}