{"id":92462,"date":"2025-11-18T00:32:52","date_gmt":"2025-11-17T23:32:52","guid":{"rendered":"https:\/\/www.infokuryr.cz\/n\/?p=92462"},"modified":"2025-11-17T16:43:15","modified_gmt":"2025-11-17T15:43:15","slug":"gaza-genocida-pokracuje-v-mnoha-podobach","status":"publish","type":"post","link":"https:\/\/www.infokuryr.cz\/n\/2025\/11\/18\/gaza-genocida-pokracuje-v-mnoha-podobach\/","title":{"rendered":"Gaza: genocida pokra\u010duje v mnoha podob\u00e1ch"},"content":{"rendered":"<div id=\"fb-root\"><\/div>\n<p><strong><span dir=\"auto\">P\u0159esto\u017ee od zaveden\u00ed p\u0159\u00edm\u011b\u0159\u00ed v p\u00e1smu Gazy uplynul m\u011bs\u00edc, Izrael i nad\u00e1le r\u016fzn\u00fdmi prost\u0159edky p\u00e1ch\u00e1 genocidu palestinsk\u00fdch civilist\u016f. V enkl\u00e1v\u011b udr\u017euje podm\u00ednky, kter\u00e9 ni\u010d\u00ed \u017eivoty v\u00edce ne\u017e dvou milion\u016f Palestinc\u016f a br\u00e1n\u00ed jak\u00e9koli form\u011b obnovy po v\u00edce ne\u017e 25 m\u011bs\u00edc\u00edch humanit\u00e1rn\u00ed katastrofy, a zneu\u017e\u00edv\u00e1 tak ml\u010den\u00ed mezin\u00e1rodn\u00edho spole\u010denstv\u00ed a jeho neochotu zajistit ochranu ob\u011bt\u00ed a pohnat pachatele k odpov\u011bdnosti.<\/span><\/strong><\/p>\n<p><span dir=\"auto\">B\u011bhem uplynul\u00fdch \u010dty\u0159 t\u00fddn\u016f dokumentoval\u00a0<\/span><em><span dir=\"auto\">Euro-Med Monitor<\/span><\/em><span dir=\"auto\">\u00a0pokra\u010duj\u00edc\u00ed p\u0159edem promy\u0161len\u00e9 zab\u00edjen\u00ed palestinsk\u00fdch civilist\u016f izraelskou arm\u00e1dou.<\/span><\/p>\n<p><span dir=\"auto\">V d\u016fsledku tot\u00e1ln\u00ed blok\u00e1dy uvalen\u00e9 na p\u00e1smo Gazy je ka\u017ed\u00fd den zabito v pr\u016fm\u011bru osm Palestinc\u016f, a to spolu s politikou \u00famysln\u00e9ho hladov\u011bn\u00ed, odep\u00edr\u00e1n\u00ed z\u00e1kladn\u00edch pot\u0159eb, ma\u0159en\u00ed rekonstrukce, omezov\u00e1n\u00ed svobody pohybu, odp\u00edr\u00e1n\u00ed l\u00e9ka\u0159sk\u00e9 p\u00e9\u010de zran\u011bn\u00fdm a nemocn\u00fdm a \u00famysln\u00e9ho ma\u0159en\u00ed humanit\u00e1rn\u00ed pomoci. To v\u0161e dokazuje, \u017ee v p\u00e1smu Gazy pokra\u010duje zlo\u010dinn\u00e1 genocida obyvatelstva.<\/span><\/p>\n<p><span dir=\"auto\">Izraelsk\u00e1 arm\u00e1da nad\u00e1le denn\u011b poru\u0161uje p\u0159\u00edm\u011b\u0159\u00ed leteck\u00fdm a d\u011blost\u0159eleck\u00fdm bombardov\u00e1n\u00edm, st\u0159elbou a pokra\u010duj\u00edc\u00edm ni\u010den\u00edm dom\u016f a budov, zejm\u00e9na ve v\u00fdchodn\u00edch oblastech Ch\u00e1n J\u00fanis a m\u011bsta Gaza.<\/span><\/p>\n<p><span dir=\"auto\">Tyto akce jsou sou\u010d\u00e1st\u00ed systematick\u00e9ho p\u0159\u00edstupu zam\u011b\u0159en\u00e9ho na zni\u010den\u00ed z\u00e1klad\u016f \u017eivota v p\u00e1smu Gazy a zbaven\u00ed jeho obyvatel jejich nejz\u00e1kladn\u011bj\u0161\u00edch pr\u00e1v, co\u017e je v do o\u010d\u00ed bij\u00edc\u00edm poru\u0161en\u00ed mezin\u00e1rodn\u00edho pr\u00e1va.<\/span><\/p>\n<p><span dir=\"auto\">P\u0159esto\u017ee p\u0159\u00edm\u011b\u0159\u00ed vstoupilo v platnost 10. \u0159\u00edjna, izraelsk\u00e1 arm\u00e1da nad\u00e1le vra\u017ed\u00ed palestinsk\u00e9 civilisty, zab\u00edj\u00ed 242 lid\u00ed, v\u010detn\u011b 85 d\u011bt\u00ed \u2013 v\u00edce ne\u017e osm \u00famrt\u00ed denn\u011b \u2013 a zra\u0148uje p\u0159ibli\u017en\u011b 619 lid\u00ed \u2013 v\u00edce ne\u017e 20 denn\u011b. To jasn\u011b ukazuje, \u017ee Izrael neukon\u010dil svou\u00a0<\/span><a href=\"https:\/\/www.chroniquepalestine.com\/que-l-on-arrete-parler-cessez-le-feu\/\"><span dir=\"auto\">politiku systematick\u00e9ho zab\u00edjen\u00ed a c\u00edlen\u00ed<\/span><\/a><span dir=\"auto\">\u00a0na Palestince.<\/span><\/p>\n<p><span dir=\"auto\">Vzhledem k absenci jak\u00e9hokoli \u00fa\u010dinn\u00e9ho mezin\u00e1rodn\u00edho monitorovac\u00edho mechanismu k vym\u00e1h\u00e1n\u00ed p\u0159\u00edm\u011b\u0159\u00ed Izrael nad\u00e1le poru\u0161uje dohodu na m\u00edst\u011b t\u00edm, \u017ee z p\u016fsobnosti dohody vylu\u010duje oblasti, kter\u00e9 kontroluje a kter\u00e9 p\u0159edstavuj\u00ed v\u00edce ne\u017e 50 % p\u00e1sma Gazy.<\/span><\/p>\n<p><span dir=\"auto\">Pokra\u010dovalo v prov\u00e1d\u011bn\u00ed bombardovac\u00edch a ni\u010dic\u00edch operac\u00ed i bez aktivn\u00edch boj\u016f.<\/span><\/p>\n<p><span dir=\"auto\">Izrael vyu\u017e\u00edv\u00e1 nedostate\u010dn\u00e9ho mezin\u00e1rodn\u00edho dohledu k p\u0159etv\u00e1\u0159en\u00ed geografick\u00e9 krajiny Gazy a p\u0159\u00edm\u011b\u0159\u00ed pou\u017e\u00edv\u00e1 jako z\u00e1st\u011brku k tomu, aby oblasti pod svou p\u0159\u00edmou vojenskou kontrolou u\u010dinil prakticky neobyvateln\u00fdmi, a to jak nyn\u00ed, tak i v budoucnu.<\/span><\/p>\n<p><em><span dir=\"auto\">Euro-Med Monitor<\/span><\/em><span dir=\"auto\">\u00a0zd\u016fraz\u0148uje, \u017ee tyto \u010diny nejen\u017ee p\u0159edstavuj\u00ed poru\u0161en\u00ed dohody, ale ve skute\u010dnosti prom\u011b\u0148uj\u00ed p\u0159\u00edm\u011b\u0159\u00ed v n\u00e1stroj, kter\u00fd Izraeli umo\u017e\u0148uje roz\u0161\u00ed\u0159it jeho kontrolu a\u00a0zcela a nav\u017edy\u00a0<\/span><a href=\"https:\/\/www.chroniquepalestine.com\/automates-bourres-explosifs-pour-detruire-ville-de-gaza\/\"><span dir=\"auto\">zni\u010dit p\u00e1smo Gazy.<\/span><\/a><\/p>\n<p><span dir=\"auto\">Izrael nad\u00e1le \u00famysln\u011b vyhladov\u00ed p\u00e1smo Gazy a blokuje vstup p\u0159ibli\u017en\u011b 70 % pomoci stanoven\u00e9 v dohod\u011b.<\/span><\/p>\n<p><span dir=\"auto\">Tak\u00e9 kontroluje typ zbo\u017e\u00ed, kter\u00e9 je povoleno dov\u00e1\u017eet, systematicky omezuje z\u00e1kladn\u00ed potraviny, jako je maso a ml\u00e9\u010dn\u00e9 v\u00fdrobky, a z\u00e1rove\u0148 zaplavuje trhy produkty s vysok\u00fdm obsahem kalori\u00ed, ale n\u00edzk\u00fdm obsahem \u017eivin.<\/span><\/p>\n<p><span dir=\"auto\">To udr\u017euje populaci ve stavu kontrolovan\u00e9ho chronick\u00e9ho hladomoru, ani\u017e by se \u0159e\u0161ily jeho p\u0159\u00ed\u010diny nebo v\u00e1\u017en\u00e9 zdravotn\u00ed d\u016fsledky a ani\u017e by byly viditeln\u00e9 akutn\u00ed fyzick\u00e9 p\u0159\u00edznaky podv\u00fd\u017eivy.<\/span><\/p>\n<p><span dir=\"auto\">Sv\u011btov\u00fd potravinov\u00fd program ve zpr\u00e1v\u011b zve\u0159ejn\u011bn\u00e9 7. listopadu uvedl, \u017ee hladomor v Gaze dos\u00e1hl zni\u010duj\u00edc\u00edch rozm\u011br\u016f, a poznamenal 20% n\u00e1r\u016fst m\u00edry\u00a0<\/span><a href=\"https:\/\/www.chroniquepalestine.com\/tag\/infanticide\"><span dir=\"auto\">d\u011btsk\u00e9 podv\u00fd\u017eivy<\/span><\/a><span dir=\"auto\">\u00a0ve srovn\u00e1n\u00ed s lo\u0148sk\u00fdm rokem a tak\u00e9 nedostatek vakc\u00edn, co\u017e v kombinaci s kolapsem syst\u00e9mu zdravotn\u00ed p\u00e9\u010de ohro\u017euje \u017eivoty ka\u017ed\u00e9ho p\u00e1t\u00e9ho d\u00edt\u011bte.<\/span><\/p>\n<p><span dir=\"auto\">Izrael nad\u00e1le uzav\u00edr\u00e1 hrani\u010dn\u00ed p\u0159echod Raf\u00e1h a blokuje dopravu v obou sm\u011brech, \u010d\u00edm\u017e omezuje pohyb civilist\u016f, v\u010detn\u011b zran\u011bn\u00fdch a nemocn\u00fdch, a br\u00e1n\u00ed prov\u00e1d\u011bn\u00ed druh\u00e9 f\u00e1ze dohody o\u00a0<\/span><a href=\"https:\/\/www.chroniquepalestine.com\/tag\/cessez-le-feu\"><span dir=\"auto\">p\u0159\u00edm\u011b\u0159\u00ed<\/span><\/a><span dir=\"auto\">\u00a0.<\/span><\/p>\n<p><span dir=\"auto\">Tyto akce nejsou ojedin\u011bl\u00fdmi incidenty, ale sou\u010d\u00e1st\u00ed systematick\u00e9ho vzorce, kter\u00fd demonstruje jasnou politiku izraelsk\u00fdch politick\u00fdch a vojensk\u00fdch v\u016fdc\u016f vyu\u017e\u00edvat p\u0159\u00edm\u011b\u0159\u00ed jako\u00a0<\/span><a href=\"https:\/\/www.chroniquepalestine.com\/cessez-le-feu-autre-nom-genocide-et-occupation\/\"><span dir=\"auto\">z\u00e1st\u011brku<\/span><\/a><span dir=\"auto\">\u00a0pro pokra\u010dov\u00e1n\u00ed genocidy obyvatel Gazy.<\/span><\/p>\n<p><span dir=\"auto\">T\u00edm, \u017ee Izrael pokra\u010duje v maskovan\u00e9 vojensk\u00e9 ofenz\u00edv\u011b a pokra\u010duje v vra\u017ed\u011bn\u00ed, hladomoru a systematick\u00e9m ni\u010den\u00ed, zneu\u017e\u00edv\u00e1 nedostatek mezin\u00e1rodn\u00ed v\u016fle chr\u00e1nit civilisty a postavit jejich katy p\u0159ed soud.<\/span><\/p>\n<p><em><span dir=\"auto\">Euro-Med Monitor<\/span><\/em><span dir=\"auto\">\u00a0varuje p\u0159ed t\u00edmto v\u00fdvojem, jeho\u017e c\u00edlem je rozd\u011blit p\u00e1smo Gazy na samostatn\u00e9 geografick\u00e9 jednotky a p\u0159em\u011bnit ho v izolovanou a neobyvatelnou z\u00f3nu. C\u00edlem tohoto trval\u00e9ho geografick\u00e9ho a demografick\u00e9ho rozd\u011blen\u00ed je donutit obyvatelstvo k vys\u00eddlov\u00e1n\u00ed jako jedin\u00e9mu prost\u0159edku k p\u0159e\u017eit\u00ed.<\/span><\/p>\n<p><span dir=\"auto\">Trval\u00e9\u00a0<\/span><a href=\"https:\/\/www.chroniquepalestine.com\/cheikh-naim-qassem-genocide-gaza-rendu-possible-par-silence-mondial-et-inaction-arabe\/\"><span dir=\"auto\">ml\u010den\u00ed<\/span><\/a><span dir=\"auto\">\u00a0mezin\u00e1rodn\u00edho spole\u010denstv\u00ed a jeho neschopnost zav\u00e9st nezbytn\u00e9 mechanismy k pohn\u00e1n\u00ed Izraele k odpov\u011bdnosti poskytuje zlo\u010dineck\u00e9mu subjektu pohodln\u00e9 kryt\u00ed k pokra\u010dov\u00e1n\u00ed v p\u00e1ch\u00e1n\u00ed genocidy, by\u0165 pomalej\u0161\u00edm tempem, v r\u00e1mci jeho tradi\u010dn\u00ed politiky eliminace palestinsk\u00e9 p\u0159\u00edtomnosti z p\u00e1sma Gazy.<\/span><\/p>\n<p><span dir=\"auto\">Mezin\u00e1rodn\u00ed spole\u010denstv\u00ed mus\u00ed okam\u017eit\u011b podniknout konkr\u00e9tn\u00ed kroky k zaji\u0161t\u011bn\u00ed skute\u010dn\u00e9 ochrany palestinsk\u00fdch civilist\u016f, zaru\u010dit \u00fapln\u00e9 sta\u017een\u00ed izraelsk\u00fdch sil z p\u00e1sma Gazy a okam\u017eit\u011b a zcela ukon\u010dit nez\u00e1konnou blok\u00e1du.<\/span><\/p>\n<p><span dir=\"auto\">V\u0161echny hrani\u010dn\u00ed p\u0159echody mus\u00ed b\u00fdt otev\u0159en\u00e9 pro pohyb osob a zbo\u017e\u00ed, v\u010detn\u011b nemocn\u00fdch a zran\u011bn\u00fdch, pod dohledem Organizace spojen\u00fdch n\u00e1rod\u016f a jej\u00edch p\u0159\u00edslu\u0161n\u00fdch agentur.<\/span><\/p>\n<p><span dir=\"auto\">Mus\u00ed b\u00fdt zaru\u010den bezpe\u010dn\u00fd, dostate\u010dn\u00fd a pravideln\u00fd p\u0159\u00edstup k humanit\u00e1rn\u00ed pomoci, zejm\u00e9na k z\u00e1kladn\u00edm polo\u017ek\u00e1m, jako jsou potraviny, l\u00e9ky, palivo a z\u00e1soby pot\u0159ebn\u00e9 k obnoven\u00ed zdravotnictv\u00ed a z\u00e1kladn\u00edch slu\u017eeb.<\/span><\/p>\n<p><span dir=\"auto\">Je nezbytn\u00e9 zabr\u00e1nit Izraeli v dal\u0161\u00ed kontrole mno\u017estv\u00ed a kvality pomoci nebo v br\u00e1n\u011bn\u00ed jej\u00ed distribuci.<\/span><\/p>\n<p><em><span dir=\"auto\">Euro-Med Monitor<\/span><\/em><span dir=\"auto\">\u00a0zd\u016fraz\u0148uje pot\u0159ebu zajistit bezpe\u010dn\u00fd n\u00e1vrat v\u0161ech n\u00e1siln\u011b vys\u00eddlen\u00fdch osob do jejich p\u016fvodn\u00edch domov\u016f a m\u00edst bydli\u0161t\u011b v p\u00e1smu Gazy a odm\u00edt\u00e1 jak\u00e9koli uspo\u0159\u00e1d\u00e1n\u00ed nebo pl\u00e1n, kter\u00e9 by pos\u00edlily\u00a0<\/span><a href=\"https:\/\/www.chroniquepalestine.com\/gaza-massacres-famine-et-deplacements-forces\/\"><span dir=\"auto\">nucen\u00e9 vys\u00eddlov\u00e1n\u00ed<\/span><\/a><span dir=\"auto\">\u00a0nebo zavedly izola\u010dn\u00ed z\u00f3ny \u010di \u201e\u00a0<\/span><a href=\"https:\/\/www.chroniquepalestine.com\/camps-de-concentration-expulsion-gaza-laboratoire-genocide-privatise\/\"><span dir=\"auto\">humanit\u00e1rn\u00ed z\u00f3ny<\/span><\/a><span dir=\"auto\">\u00a0\u201c nam\u00edsto jejich p\u016fvodn\u00edch domov\u016f.<\/span><\/p>\n<p><span dir=\"auto\">Nasazen\u00ed \u00fa\u010dinn\u00e9 mezin\u00e1rodn\u00ed mise pod z\u00e1\u0161titou Organizace spojen\u00fdch n\u00e1rod\u016f je nezbytn\u00e9 pro monitorov\u00e1n\u00ed Izraele, dokumentaci poru\u0161ov\u00e1n\u00ed pravidel a zaji\u0161t\u011bn\u00ed ochrann\u00e9 p\u0159\u00edtomnosti k z\u00e1chran\u011b civilist\u016f a ochran\u011b civiln\u00ed infrastruktury.<\/span><\/p>\n<p><em><span dir=\"auto\">Euro-Med Monitor<\/span><\/em><span dir=\"auto\">\u00a0nal\u00e9hav\u011b \u017e\u00e1d\u00e1 v\u0161echny st\u00e1ty, aby zastavily v\u00fdvoz a dovoz zbran\u00ed a vojensk\u00e9ho \u010di bezpe\u010dnostn\u00edho vybaven\u00ed do Izraele a z Izraele a aby pozastavily ve\u0161kerou vojenskou \u010di bezpe\u010dnostn\u00ed spolupr\u00e1ci s touto zem\u00ed, aby splnily svou povinnost p\u0159edch\u00e1zet genocid\u011b a nep\u0159isp\u00edvat k v\u00e1le\u010dn\u00fdm zlo\u010din\u016fm nebo zlo\u010din\u016fm proti lidskosti.<\/span><\/p>\n<p><span dir=\"auto\">V\u0161echny st\u00e1ty a region\u00e1ln\u00ed organizace, zejm\u00e9na st\u00e1ty, kter\u00e9 jsou smluvn\u00edmi stranami \u00damluvy o genocid\u011b, mus\u00ed p\u0159ijmout skute\u010dn\u00e1 politick\u00e1, ekonomick\u00e1 a pr\u00e1vn\u00ed opat\u0159en\u00ed, v\u010detn\u011b uvalen\u00ed c\u00edlen\u00fdch\u00a0<\/span><a href=\"https:\/\/www.chroniquepalestine.com\/bogota-groupe-la-haye-accuse-israel-genocide-annonce-sanctions\/\"><span dir=\"auto\">sankc\u00ed<\/span><\/a><span dir=\"auto\">\u00a0a pozastaven\u00ed dohod o partnerstv\u00ed a spolupr\u00e1ci s Izraelem, dokud Izrael nespln\u00ed sv\u00e9 z\u00e1vazky podle mezin\u00e1rodn\u00edho pr\u00e1va.<\/span><\/p>\n<p><span dir=\"auto\">St\u00e1ty mus\u00ed rovn\u011b\u017e podporovat vy\u0161et\u0159ov\u00e1n\u00ed Mezin\u00e1rodn\u00edho trestn\u00edho soudu [\u00a0<\/span><a href=\"https:\/\/www.chroniquepalestine.com\/tag\/cpi\"><span dir=\"auto\">ICC<\/span><\/a><span dir=\"auto\">\u00a0] a prov\u00e1d\u011bt ad hoc p\u0159\u00edkazy Mezin\u00e1rodn\u00edho soudn\u00edho dvora, p\u0159i\u010dem\u017e mus\u00ed vykon\u00e1vat svou n\u00e1rodn\u00ed jurisdikci k st\u00edh\u00e1n\u00ed osob zapojen\u00fdch do genocidy,\u00a0<\/span><a href=\"https:\/\/www.chroniquepalestine.com\/soutenir-la-campagne-bds-pour-mettre-fin-aux-crimes-de-guerre-israeliens-a-gaza\/\"><span dir=\"auto\">v\u00e1le\u010dn\u00fdch zlo\u010din\u016f<\/span><\/a><span dir=\"auto\">\u00a0a\u00a0<\/span><a href=\"https:\/\/www.chroniquepalestine.com\/gaza-des-crimes-datrocites-et-des-crimes-contre-lhumanite\/\"><span dir=\"auto\">zlo\u010din\u016f proti lidskosti<\/span><\/a><span dir=\"auto\">\u00a0v Gaze a zajistit, aby t\u011bmto osob\u00e1m nebyl ud\u011blen azyl.<\/span><\/p>\n<p><em><span dir=\"auto\">Euro-Med Monitor<\/span><\/em><span dir=\"auto\">\u00a0vyz\u00fdv\u00e1 k vytvo\u0159en\u00ed mezin\u00e1rodn\u00edho mechanismu pro od\u0161kodn\u011bn\u00ed a rekonstrukci, kter\u00fd by zajistil od\u0161kodn\u011bn\u00ed civiln\u00edch ob\u011bt\u00ed a rekonstrukci dom\u016f, infrastruktury a \u017eivotn\u011b d\u016fle\u017eit\u00fdch za\u0159\u00edzen\u00ed, a z\u00e1rove\u0148 db\u00e1 na to, aby tento mechanismus neumo\u017enil Izraeli udr\u017eet si nebo znovu nastolit kontrolu nad zdroji, hrani\u010dn\u00edmi p\u0159echody a pohybem osob a zbo\u017e\u00ed.<\/span><\/p>\n<p><em><span dir=\"auto\">Zdroj:\u00a0<\/span><a href=\"https:\/\/euromedmonitor.org\/en\/article\/6912\/One-month-into-the-ceasefire,-Israel-continues-genocide-in-Gaza-in-various-forms\"><span dir=\"auto\">Euromed-Monitor<\/span><\/a><\/em><\/p>\n<p>&nbsp;<\/p>\n","protected":false},"excerpt":{"rendered":"<p>P\u0159esto\u017ee od zaveden\u00ed p\u0159\u00edm\u011b\u0159\u00ed v p\u00e1smu Gazy uplynul m\u011bs\u00edc, Izrael i nad\u00e1le r\u016fzn\u00fdmi prost\u0159edky p\u00e1ch\u00e1&#8230;<\/p>\n","protected":false},"author":2,"featured_media":92463,"comment_status":"closed","ping_status":"closed","sticky":false,"template":"","format":"standard","meta":[],"categories":[7],"tags":[348,178,107],"_links":{"self":[{"href":"https:\/\/www.infokuryr.cz\/n\/wp-json\/wp\/v2\/posts\/92462"}],"collection":[{"href":"https:\/\/www.infokuryr.cz\/n\/wp-json\/wp\/v2\/posts"}],"about":[{"href":"https:\/\/www.infokuryr.cz\/n\/wp-json\/wp\/v2\/types\/post"}],"author":[{"embeddable":true,"href":"https:\/\/www.infokuryr.cz\/n\/wp-json\/wp\/v2\/users\/2"}],"replies":[{"embeddable":true,"href":"https:\/\/www.infokuryr.cz\/n\/wp-json\/wp\/v2\/comments?post=92462"}],"version-history":[{"count":0,"href":"https:\/\/www.infokuryr.cz\/n\/wp-json\/wp\/v2\/posts\/92462\/revisions"}],"wp:featuredmedia":[{"embeddable":true,"href":"https:\/\/www.infokuryr.cz\/n\/wp-json\/wp\/v2\/media\/92463"}],"wp:attachment":[{"href":"https:\/\/www.infokuryr.cz\/n\/wp-json\/wp\/v2\/media?parent=92462"}],"wp:term":[{"taxonomy":"category","embeddable":true,"href":"https:\/\/www.infokuryr.cz\/n\/wp-json\/wp\/v2\/categories?post=92462"},{"taxonomy":"post_tag","embeddable":true,"href":"https:\/\/www.infokuryr.cz\/n\/wp-json\/wp\/v2\/tags?post=92462"}],"curies":[{"name":"wp","href":"https:\/\/api.w.org\/{rel}","templated":true}]}}