{"id":92460,"date":"2025-11-18T00:31:04","date_gmt":"2025-11-17T23:31:04","guid":{"rendered":"https:\/\/www.infokuryr.cz\/n\/?p=92460"},"modified":"2025-11-17T16:41:21","modified_gmt":"2025-11-17T15:41:21","slug":"masivni-zaplavy-v-gaze-stany-se-hrouti-v-desti-izrael-pokracuje-v-blokade-humanitarni-pomoci","status":"publish","type":"post","link":"https:\/\/www.infokuryr.cz\/n\/2025\/11\/18\/masivni-zaplavy-v-gaze-stany-se-hrouti-v-desti-izrael-pokracuje-v-blokade-humanitarni-pomoci\/","title":{"rendered":"Masivn\u00ed z\u00e1plavy v Gaze: stany se hrout\u00ed v de\u0161ti, Izrael pokra\u010duje v blok\u00e1d\u011b humanit\u00e1rn\u00ed pomoci"},"content":{"rendered":"<div id=\"fb-root\"><\/div>\n<p><strong><span dir=\"auto\">Prudk\u00e9 zimn\u00ed bou\u0159e zasahuj\u00edc\u00ed Gazu ohro\u017euj\u00ed statis\u00edce Palestinc\u016f \u017eij\u00edc\u00edch ve stanech, zat\u00edmco Izrael nad\u00e1le omezuje nouzovou pomoc.<\/span><\/strong><\/p>\n<p><span dir=\"auto\">V p\u00e1tek r\u00e1no se Palestinci v Gaze probudili do siln\u00fdch zimn\u00edch de\u0161\u0165\u016f, kter\u00e9 zaplavily ulice, sm\u00edchaly sutiny s bl\u00e1tem a promo\u010den\u00e9 stany, \u010d\u00edm\u017e d\u00e1le zhor\u0161ily ji\u017e tak nebezpe\u010dnou a ubohou situaci statis\u00edc\u016f lid\u00ed vys\u00eddlen\u00fdch v d\u016fsledku izraelsk\u00e9 genocidn\u00ed v\u00e1lky a \u017eij\u00edc\u00edch bez odpov\u00eddaj\u00edc\u00edho p\u0159\u00edst\u0159e\u0161\u00ed.<\/span><\/p>\n<p><span dir=\"auto\">\u201e\u00a0<\/span><em><span dir=\"auto\">D\u00e9\u0161\u0165 zaplavil n\u00e1s i na\u0161e mal\u00e9 d\u011bti ,\u201c \u0159ekl\u00a0<\/span><\/em><em><span dir=\"auto\">serveru Drop Site<\/span><\/em><span dir=\"auto\">\u00a0Raed Al-Kafarna, kter\u00fd byl se svou rodinou vys\u00eddlen z Beit Hanounu do Gazy\u00a0. \u201e\u00a0<\/span><em><span dir=\"auto\">N\u00e1\u0161 stan byl zaplaven\u00fd a zni\u010den\u00fd. Nem\u00e1me nic, co by n\u00e1s ochr\u00e1nilo p\u0159ed de\u0161t\u011bm. Na\u0161e oble\u010den\u00ed je mokr\u00e9. Podlaha stanu je jen voda<\/span><\/em><span dir=\"auto\">\u00a0.\u201c<\/span><\/p>\n<figure class=\"wp-block-embed is-type-rich is-provider-twitter wp-block-embed-twitter\">\n<div class=\"wp-block-embed__wrapper\">\n<div class=\"embed-twitter\">\n<p dir=\"ltr\" lang=\"fr\"><em><span dir=\"auto\">\u201eJe mi takov\u00e1 zima!\u201c k\u0159i\u010dela mal\u00e1 palestinsk\u00e1 hol\u010di\u010dka, kter\u00e1 b\u011b\u017eela zatopen\u00fdmi ulicemi, oble\u010den\u00ed promo\u010den\u00e9 de\u0161t\u011bm, kter\u00fd toho r\u00e1na podruh\u00e9 zas\u00e1hl rodinn\u00fd p\u0159\u00edst\u0159e\u0161ek.<\/span><\/em><\/p>\n<p><em><span dir=\"auto\">Matka se ji sna\u017eila uklidnit t\u00edm, \u017ee j\u00ed ukazovala vodu st\u00e9kaj\u00edc\u00ed po\u2026\u00a0<\/span><a href=\"https:\/\/t.co\/jHwccVTHxa\"><span dir=\"auto\">https:\/\/t.co\/jHwccVTHxa<\/span><\/a><\/em><\/p>\n<p><em><span dir=\"auto\">\u2014 Pl\u00e1\u010d lidu (@lecridespeuples)\u00a0<\/span><a href=\"https:\/\/twitter.com\/lecridespeuples\/status\/1990154629490135503?ref_src=twsrc%5Etfw\"><span dir=\"auto\">16. listopadu 2025<\/span><\/a><\/em><\/div>\n<\/div>\n<\/figure>\n<p><span dir=\"auto\">Mal\u00e9 d\u011bti al-Kafarny st\u00e1ly bos\u00e9 v bl\u00e1t\u011b vedle n\u011bj, zat\u00edmco mluvil. Uvnit\u0159 jeho stanu se na podlahu vysypal p\u00edsek a bl\u00e1to, kter\u00e9 promo\u010dily skromn\u00e9 \u200b\u200b\u200b\u200bmajetky rodiny. Palestinsk\u00e1 meteorologick\u00e1 slu\u017eba vydala varov\u00e1n\u00ed p\u0159ed dal\u0161\u00edmi bleskov\u00fdmi povodn\u011bmi v n\u011bkolika oblastech Gazy a v nadch\u00e1zej\u00edc\u00edch dnech se o\u010dek\u00e1v\u00e1 siln\u00fd v\u00edtr, siln\u00e9 de\u0161t\u011b a bou\u0159ky.<\/span><\/p>\n<p><span dir=\"auto\">\u201e\u00a0<\/span><em><span dir=\"auto\">Za\u010dala zima a v\u0161echny stany jsou zni\u010den\u00e9. N\u011bkter\u00e9 se kv\u016fli siln\u00e9mu de\u0161ti z\u0159\u00edtily na lidi uvnit\u0159. Jsme vys\u00eddleni a te\u010f m\u00e1me d\u00e9\u0161\u0165: mus\u00edme hledat j\u00eddlo, mus\u00edme hledat vodu, abychom si umyli d\u011bti nebo se napili. Nem\u00e1me nic<\/span><\/em><span dir=\"auto\">\u00a0,\u201c \u0159ekl. \u201e\u00a0<\/span><em><span dir=\"auto\">Jsme na pokraji zoufalstv\u00ed. Ka\u017edou minutu \u010dek\u00e1me, co se s n\u00e1mi stane. To, co se d\u011bje te\u010f, je t\u011b\u017e\u0161\u00ed ne\u017e samotn\u00e9 vys\u00eddlen\u00ed<\/span><\/em><span dir=\"auto\">\u00a0.\u201c<\/span><\/p>\n<figure class=\"wp-block-embed is-type-rich is-provider-twitter wp-block-embed-twitter\">\n<div class=\"wp-block-embed__wrapper\">\n<div class=\"embed-twitter\">\n<p dir=\"ltr\" lang=\"fr\"><em><span dir=\"auto\">Prudk\u00e9 zimn\u00ed bou\u0159e v p\u00e1tek zaplavily stanov\u00e9 t\u00e1bory v Gaze, zp\u016fsobily z\u0159\u00edcen\u00ed p\u0159\u00edst\u0159e\u0161k\u016f a promo\u010den\u00ed rodin, kter\u00e9 ji\u017e byly vys\u00eddleny izraelskou v\u00e1lkou. Ulice m\u011bsta Gaza se prom\u011bnily v \u0159eky bahna a trosek\u2026\u00a0<\/span><a href=\"https:\/\/t.co\/7aWbwUInvZ\"><span dir=\"auto\">https:\/\/t.co\/7aWbwUInvZ<\/span><\/a><\/em><\/p>\n<p><em><span dir=\"auto\">\u2014 Pl\u00e1\u010d lidu (@lecridespeuples)\u00a0<\/span><a href=\"https:\/\/twitter.com\/lecridespeuples\/status\/1990154063141339341?ref_src=twsrc%5Etfw\"><span dir=\"auto\">16. listopadu 2025<\/span><\/a><\/em><\/div>\n<\/div>\n<\/figure>\n<p><span dir=\"auto\">Okoln\u00ed ulice byly zcela zaplaven\u00e9, prom\u011bn\u011bn\u00e9 v m\u011blk\u00e9 \u0159eky lemovan\u00e9 hromadami sutin. Obyvatel\u00e9 vykopali mezi \u0159adami p\u0159epln\u011bn\u00fdch stan\u016f jednoduch\u00e9 z\u00e1kopy v marn\u00e9 snaze odv\u00e9st vodu od sv\u00fdch p\u0159\u00edst\u0159e\u0161k\u016f. \u201e\u00a0<\/span><em><span dir=\"auto\">Kopeme z\u00e1kopy, abychom se pokusili odv\u00e9st vodu, ale je to beznad\u011bjn\u00e9<\/span><\/em><span dir=\"auto\">\u00a0,\u201c \u0159ekl Al-Kafarna. \u201e\u00a0<\/span><em><span dir=\"auto\">Pracujeme s kbel\u00edky a hol\u00fdma rukama. Nem\u016f\u017eeme nic d\u011blat<\/span><\/em><span dir=\"auto\">\u00a0.\u201c<\/span><\/p>\n<p><span dir=\"auto\">Mu\u017e se ko\u0161t\u011btem sna\u017eil sm\u00e9st vodu, kter\u00e1 se mu neust\u00e1le nal\u00e9vala do stanu.<\/span><\/p>\n<figure class=\"wp-block-embed is-type-rich is-provider-twitter wp-block-embed-twitter\">\n<div class=\"wp-block-embed__wrapper\">\n<div class=\"embed-twitter\">\n<p dir=\"ltr\" lang=\"fr\"><em><span dir=\"auto\">Tis\u00edce rodin v Gaze tr\u00e1vily touto prac\u00ed cel\u00fd den, v\u010detn\u011b m\u00e9 rodiny.\u00a0<\/span><a href=\"https:\/\/t.co\/4Lab4JjtwI\"><span dir=\"auto\">https:\/\/t.co\/4Lab4JjtwI<\/span><\/a><\/em><\/p>\n<p><em><span dir=\"auto\">\u2014 Pl\u00e1\u010d lidu (@lecridespeuples)\u00a0<\/span><a href=\"https:\/\/twitter.com\/lecridespeuples\/status\/1990154343555961184?ref_src=twsrc%5Etfw\"><span dir=\"auto\">16. listopadu 2025<\/span><\/a><\/em><\/div>\n<\/div>\n<\/figure>\n<p><span dir=\"auto\">\u201e\u00a0<\/span><em><span dir=\"auto\">Dnes maj\u00ed lid\u00e9 v ulic\u00edch a uli\u010dk\u00e1ch jen jednu starost: zabr\u00e1nit de\u0161ti a mrholen\u00ed, aby se dostaly do jejich stan\u016f<\/span><\/em><span dir=\"auto\">\u00a0,\u201c napsal v p\u00e1tek ve zpr\u00e1v\u011b Eyad Amawi, z\u00e1stupce V\u00fdboru pro pomoc Gaze v Deir al-Balah. \u201e\u00a0<\/span><em><span dir=\"auto\">Jako o\u010dit\u00fd sv\u011bdek t\u011bchto ud\u00e1lost\u00ed mohu \u0159\u00edci, \u017ee se lid\u00e9 probudili za \u00fasvitu \u2013 a mnoho rodin pravd\u011bpodobn\u011b v\u016fbec nespalo \u2013 proto\u017ee de\u0161\u0165ov\u00e1 voda jim vsakovala do stan\u016f, zaplavovala je a prom\u00e1\u010dela zem pod nohama<\/span><\/em><span dir=\"auto\">\u00a0.\u201c<\/span><\/p>\n<p><span dir=\"auto\">\u00da\u0159edn\u00edci civiln\u00ed obrany hl\u00e1sili, \u017ee b\u011bhem dne dost\u00e1vali \u017e\u00e1dosti o pomoc od vys\u00eddlen\u00fdch rodin z t\u00e1bor\u016f a ubytoven po cel\u00e9 Gaze. \u201e\u00a0<\/span><em><span dir=\"auto\">Zaplaven\u00ed stan\u016f v Gaze je soust\u0159ed\u011bno v oblastech Al-Nafaq, Al-Daraj, Yarmouk, Al-Zaytoun a t\u00e1bora Al-Shati. V centr\u00e1ln\u00ed guvernor\u00e1t\u011b do\u0161lo k z\u00e1plav\u00e1m v oblastech Al-Baraka a Al-Bassa v Deir al-Balah, stejn\u011b jako pobl\u00ed\u017e Isl\u00e1msk\u00e9 banky na ulici Salah al-Din, z\u00e1padn\u011b od t\u00e1bora Al-Bureij, a v n\u011bkter\u00fdch t\u00e1borech pro vys\u00eddlen\u00e9 osoby pobl\u00ed\u017e trhu Nuseirat<\/span><\/em><span dir=\"auto\">\u00a0,\u201c uvedla agentura ve sv\u00e9m prohl\u00e1\u0161en\u00ed. \u201e\u00a0<\/span><em><span dir=\"auto\">Nal\u00e9hav\u011b \u017e\u00e1d\u00e1me, aby t\u011bmto vys\u00eddlen\u00fdm rodin\u00e1m byly okam\u017eit\u011b poskytnuty domy, karavany a stany, aby se zm\u00edrnilo jejich utrpen\u00ed, zejm\u00e9na proto, \u017ee jsme teprve na za\u010d\u00e1tku zimy<\/span><\/em><span dir=\"auto\">\u00a0.\u201c<\/span><\/p>\n<figure class=\"wp-block-embed is-type-rich is-provider-twitter wp-block-embed-twitter\">\n<div class=\"wp-block-embed__wrapper\">\n<div class=\"embed-twitter\">\n<p dir=\"ltr\" lang=\"fr\"><em><span dir=\"auto\">\u201eNech\u00e1peme, na co sv\u011bt \u010dek\u00e1, ne\u017e povol\u00ed instalaci tis\u00edc\u016f stan\u016f a do\u010dasn\u00fdch p\u0159\u00edst\u0159e\u0161k\u016f\u2026 Po tis\u00edc\u00ed opakujeme na\u0161i v\u00fdzvu ke v\u0161em svobodn\u00fdm n\u00e1rod\u016fm sv\u011bta: Gaza pot\u0159ebuje d\u016fstojn\u00e9 p\u0159\u00edst\u0159e\u0161\u00ed. Gaza pot\u0159ebuje bydlen\u00ed\u2026\u00a0<\/span><a href=\"https:\/\/t.co\/LNGIVfFlqI\"><span dir=\"auto\">https:\/\/t.co\/LNGIVfFlqI<\/span><\/a><\/em><\/p>\n<p><em><span dir=\"auto\">\u2014 Pl\u00e1\u010d lidu (@lecridespeuples)\u00a0<\/span><a href=\"https:\/\/twitter.com\/lecridespeuples\/status\/1990153877468205190?ref_src=twsrc%5Etfw\"><span dir=\"auto\">16. listopadu 2025<\/span><\/a><\/em><\/div>\n<\/div>\n<\/figure>\n<p><span dir=\"auto\">Podle OSN bylo v d\u016fsledku v\u00e1lky vys\u00eddleno v\u00edce ne\u017e 90 % Palestinc\u016f v Gaze a t\u00e9m\u011b\u0159 1,5 milionu z nich pot\u0159ebuje nouzov\u00e9 ubytov\u00e1n\u00ed. Krom\u011b toho bylo v p\u00e1smu Gazy zni\u010deno nebo po\u0161kozeno v\u00edce ne\u017e 80 % staveb, tak\u017ee v\u011bt\u0161ina obyvatel nem\u00e1 dostate\u010dn\u00e9 p\u0159\u00edst\u0159e\u0161\u00ed ani ochranu p\u0159ed \u017eivly. OSN odhaduje, \u017ee v sou\u010dasn\u00e9 dob\u011b v Gaze \u017eije p\u0159ibli\u017en\u011b milion lid\u00ed v 862 m\u00edstech pro vys\u00eddlen\u00e9 osoby.<\/span><\/p>\n<figure class=\"wp-block-embed is-type-rich is-provider-twitter wp-block-embed-twitter\">\n<div class=\"wp-block-embed__wrapper\">\n<div class=\"embed-twitter\">\n<p dir=\"ltr\" lang=\"fr\"><em><span dir=\"auto\">Dva dny su\u017euj\u00ed Ch\u00e1n J\u00fanis prudk\u00e9 de\u0161t\u011b, zat\u00edmco Izrael nad\u00e1le \u00famysln\u011b br\u00e1n\u00ed dod\u00e1vk\u00e1m humanit\u00e1rn\u00ed pomoci do Gazy. Tis\u00edce stan\u016f a prefabrikovan\u00fdch dom\u016f uv\u00edzly na hranic\u00edch s Egyptem a\u2026\u00a0<\/span><a href=\"https:\/\/t.co\/KHgj1Zzr7b\"><span dir=\"auto\">https:\/\/t.co\/KHgj1Zzr7b<\/span><\/a><\/em><\/p>\n<p><em><span dir=\"auto\">\u2014 Pl\u00e1\u010d lidu (@lecridespeuples)\u00a0<\/span><a href=\"https:\/\/twitter.com\/lecridespeuples\/status\/1990153684953846250?ref_src=twsrc%5Etfw\"><span dir=\"auto\">16. listopadu 2025<\/span><\/a><\/em><\/div>\n<\/div>\n<\/figure>\n<p><span dir=\"auto\">Izrael nad\u00e1le p\u0159\u00edsn\u011b omezuje vstup stan\u016f, potravin a dal\u0161\u00ed pomoci, \u010d\u00edm\u017e poru\u0161uje dohodu o p\u0159\u00edm\u011b\u0159\u00ed, kter\u00e1 vstoupila v platnost minul\u00fd m\u011bs\u00edc. Od 10. \u0159\u00edjna byl do Gazy odep\u0159en p\u0159\u00edstup v\u00edce ne\u017e 6 490 tun\u00e1m humanit\u00e1rn\u00ed pomoci koordinovan\u00e9 OSN. Hygienick\u00e1 infrastruktura byla zni\u010dena nebo po\u0161kozena. N\u011bkolik zb\u00fdvaj\u00edc\u00edch opera\u010dn\u00edch stanic \u010del\u00ed nedostatku paliva a rostouc\u00edmu riziku masivn\u00edho p\u0159ete\u010den\u00ed odpadn\u00edch vod.<\/span><\/p>\n<p><span dir=\"auto\">V nemocnici P\u0159\u00e1tel\u00e9 pacienta v Gaze byli zdravotn\u00ed sestry a rodi\u010de nuceni nosit nemocn\u00e9 d\u011bti po schodech dol\u016f pot\u00e9, co se p\u0159\u00edzem\u00ed zaplavilo. \u201e\u00a0<\/span><em><span dir=\"auto\">Situace uvnit\u0159 nemocnice je velmi v\u00e1\u017en\u00e1<\/span><\/em><span dir=\"auto\">\u00a0,\u201c \u0159ekl v online rozhovoru \u0159editel nemocnice Hassan al-Shaer. \u201e\u00a0<\/span><em><span dir=\"auto\">Toto je jedin\u00e1 d\u011btsk\u00e1 nemocnice v Gaze a severn\u00edm p\u00e1smu Gazy. D\u011bti byly uv\u011bzn\u011bny ve sv\u00fdch pokoj\u00edch v p\u0159\u00edzem\u00ed a nyn\u00ed pracujeme na jejich p\u0159esunu do jin\u00fdch pater. Mnoho pacient\u016f je podvy\u017eiven\u00fdch a m\u00e1 velmi slab\u00fd imunitn\u00ed syst\u00e9m a tato n\u00e1hl\u00e1 z\u00e1plava by je mohla v\u00e1\u017en\u011b postihnout<\/span><\/em><span dir=\"auto\">\u00a0.\u201c<\/span><\/p>\n<figure class=\"wp-block-embed is-type-rich is-provider-twitter wp-block-embed-twitter\">\n<div class=\"wp-block-embed__wrapper\">\n<div class=\"embed-twitter\">\n<p dir=\"ltr\" lang=\"fr\"><em><span dir=\"auto\">\u201eM\u016fj plod a d\u011bti se t\u0159esou zimou,\u201c \u0159ekla Maryam Asleeh, palestinsk\u00e1 \u017eena v posledn\u00edm m\u011bs\u00edci t\u011bhotenstv\u00ed, pot\u00e9, co de\u0161\u0165ov\u00e1 voda zaplavila stan, kde ona, jej\u00ed man\u017eel a jejich mal\u00e9 d\u011bti spali v Ch\u00e1n J\u00fanis.<\/span><\/em><\/p>\n<p><em><span dir=\"auto\">Vypr\u00e1v\u011bla, jak se probudila\u2026\u00a0<\/span><a href=\"https:\/\/t.co\/y4FnYo9buF\"><span dir=\"auto\">https:\/\/t.co\/y4FnYo9buF<\/span><\/a><\/em><\/p>\n<p><em><span dir=\"auto\">\u2014 Pl\u00e1\u010d lidu (@lecridespeuples)\u00a0<\/span><a href=\"https:\/\/twitter.com\/lecridespeuples\/status\/1990154784280858677?ref_src=twsrc%5Etfw\"><span dir=\"auto\">16. listopadu 2025<\/span><\/a><\/em><\/div>\n<\/div>\n<\/figure>\n<p><span dir=\"auto\">Mohammed al-Kafarna, Raed\u016fv p\u0159\u00edbuzn\u00fd, byl tak\u00e9 vys\u00eddlen z Beit Hanoun do m\u011bsta Gaza a \u017eije se svou \u0161esti\u010dlennou rodinou v chatrn\u00e9m stanu. \u201e\u00a0<\/span><em><span dir=\"auto\">Pr\u0161elo, stan se n\u00e1m zatopil a d\u011bti promo\u010dily. Musel jsem za\u010d\u00edt kopat v zemi, abych se pokusil odv\u00e9st vodu, a nahromadit p\u00edsek, aby se dovnit\u0159 nedostala. Ale nem\u016f\u017eeme to ud\u011blat; pr\u0161\u00ed p\u0159\u00edli\u0161 mnoho. V\u0161echno na\u0161e oble\u010den\u00ed je mokr\u00e9, deky tak\u00e9, a douf\u00e1me, \u017ee n\u00e1m n\u011bkdo p\u0159ijde pomoci,<\/span><\/em><span dir=\"auto\">\u00a0\u201c \u0159ekl\u00a0<\/span><em><span dir=\"auto\">serveru Drop Site<\/span><\/em><span dir=\"auto\">\u00a0. \u201e\u00a0<\/span><em><span dir=\"auto\">Tento stan n\u00e1s nechr\u00e1n\u00ed p\u0159ed de\u0161t\u011bm, chladem, horkem ani ni\u010d\u00edm jin\u00fdm. Ale \u017eijeme v n\u011bm j\u00e1 a moje \u0161esti\u010dlenn\u00e1 rodina a nikdo n\u00e1m nep\u0159ich\u00e1z\u00ed na pomoc<\/span><\/em><span dir=\"auto\">\u00a0,\u201c dodal.<\/span><\/p>\n<p><span dir=\"auto\">\u201e\u00a0<\/span><em><span dir=\"auto\">Jak vid\u00edte, od za\u010d\u00e1tku jsme byli pokryti vodou, p\u00edskem a bl\u00e1tem. Moje d\u011bti byly promo\u010den\u00e9, j\u00eddlo bylo zka\u017een\u00e9, prost\u011bradla a postele zni\u010den\u00e9. V\u0161echno bylo zni\u010den\u00e9<\/span><\/em><span dir=\"auto\">\u00a0.\u201c<\/span><\/p>\n<p><span dir=\"auto\">Zdroj:\u00a0<\/span><a href=\"https:\/\/www.dropsitenews.com\/p\/gaza-rain-flooding-tents-winter-storms-displaced-shelter\"><span dir=\"auto\">Drop Site News<\/span><\/a><\/p>\n<p>&nbsp;<\/p>\n","protected":false},"excerpt":{"rendered":"<p>Prudk\u00e9 zimn\u00ed bou\u0159e zasahuj\u00edc\u00ed Gazu ohro\u017euj\u00ed statis\u00edce Palestinc\u016f \u017eij\u00edc\u00edch ve stanech, zat\u00edmco Izrael nad\u00e1le omezuje&#8230;<\/p>\n","protected":false},"author":2,"featured_media":92461,"comment_status":"closed","ping_status":"closed","sticky":false,"template":"","format":"standard","meta":[],"categories":[7],"tags":[348,178,107,904],"_links":{"self":[{"href":"https:\/\/www.infokuryr.cz\/n\/wp-json\/wp\/v2\/posts\/92460"}],"collection":[{"href":"https:\/\/www.infokuryr.cz\/n\/wp-json\/wp\/v2\/posts"}],"about":[{"href":"https:\/\/www.infokuryr.cz\/n\/wp-json\/wp\/v2\/types\/post"}],"author":[{"embeddable":true,"href":"https:\/\/www.infokuryr.cz\/n\/wp-json\/wp\/v2\/users\/2"}],"replies":[{"embeddable":true,"href":"https:\/\/www.infokuryr.cz\/n\/wp-json\/wp\/v2\/comments?post=92460"}],"version-history":[{"count":0,"href":"https:\/\/www.infokuryr.cz\/n\/wp-json\/wp\/v2\/posts\/92460\/revisions"}],"wp:featuredmedia":[{"embeddable":true,"href":"https:\/\/www.infokuryr.cz\/n\/wp-json\/wp\/v2\/media\/92461"}],"wp:attachment":[{"href":"https:\/\/www.infokuryr.cz\/n\/wp-json\/wp\/v2\/media?parent=92460"}],"wp:term":[{"taxonomy":"category","embeddable":true,"href":"https:\/\/www.infokuryr.cz\/n\/wp-json\/wp\/v2\/categories?post=92460"},{"taxonomy":"post_tag","embeddable":true,"href":"https:\/\/www.infokuryr.cz\/n\/wp-json\/wp\/v2\/tags?post=92460"}],"curies":[{"name":"wp","href":"https:\/\/api.w.org\/{rel}","templated":true}]}}