{"id":92453,"date":"2025-11-18T00:27:05","date_gmt":"2025-11-17T23:27:05","guid":{"rendered":"https:\/\/www.infokuryr.cz\/n\/?p=92453"},"modified":"2025-11-17T16:23:27","modified_gmt":"2025-11-17T15:23:27","slug":"izraelska-armada-provadi-dalsi-nalety-v-libanonu-blizi-se-k-rozhodnuti-o-valce","status":"publish","type":"post","link":"https:\/\/www.infokuryr.cz\/n\/2025\/11\/18\/izraelska-armada-provadi-dalsi-nalety-v-libanonu-blizi-se-k-rozhodnuti-o-valce\/","title":{"rendered":"Izraelsk\u00e1 arm\u00e1da prov\u00e1d\u00ed dal\u0161\u00ed n\u00e1lety v Libanonu, bl\u00ed\u017e\u00ed se k rozhodnut\u00ed o v\u00e1lce"},"content":{"rendered":"<div id=\"fb-root\"><\/div>\n<p><strong><span dir=\"auto\">Izrael nad\u00e1le stup\u0148uje sv\u00e9 \u00fatoky na Libanon uprost\u0159ed zpr\u00e1v nazna\u010duj\u00edc\u00edch, \u017ee se bl\u00ed\u017e\u00ed nov\u00e1 v\u00e1lka proti Hizball\u00e1hu.<\/span><\/strong><\/p>\n<p><span dir=\"auto\">V prohl\u00e1\u0161en\u00ed zve\u0159ejn\u011bn\u00e9m ve\u010der 16. listopadu Izraelsk\u00e9 obrann\u00e9 s\u00edly (IDF) odhalily, \u017ee v uplynul\u00e9m t\u00fddnu provedly n\u011bkolik no\u010dn\u00edch n\u00e1let\u016f v ji\u017en\u00edm Libanonu v r\u00e1mci snahy zabr\u00e1nit Hizball\u00e1hu v p\u0159ezbrojov\u00e1n\u00ed.<\/span><\/p>\n<p><span dir=\"auto\">B\u011bhem jednoho razie ve m\u011bst\u011b Aitaroun arm\u00e1da uvedla, \u017ee z\u00e1lo\u017en\u00edci brig\u00e1dy Alon zbourali n\u011bkolik budov, kter\u00e9 skupina vyu\u017e\u00edvala, v\u010detn\u011b ned\u00e1vn\u00e9 k obnoven\u00ed sv\u00fdch kapacit v oblasti. P\u0159i dal\u0161\u00ed razii ve m\u011bst\u011b Ramyeh voj\u00e1ci 300. region\u00e1ln\u00ed brig\u00e1dy \u201eBaram\u201c podle arm\u00e1dy zabavili a zni\u010dili n\u011bkolik zbran\u00ed, v\u010detn\u011b \u00fato\u010dn\u00fdch pu\u0161ek.<\/span><\/p>\n<p><span dir=\"auto\">Tak\u00e9 v uplynul\u00e9m t\u00fddnu provedlo izraelsk\u00e9 letectvo v Libanonu p\u011bt \u00fader\u016f, p\u0159i nich\u017e zabilo t\u0159i \u010dleny skupiny, kte\u0159\u00ed podle IDF poru\u0161ovali podm\u00ednky p\u0159\u00edm\u011b\u0159\u00ed.<\/span><\/p>\n<p><iframe loading=\"lazy\" src=\"https:\/\/s5.cdnstatic.space\/wp-content\/uploads\/2025\/11\/raid1.mp4\" width=\"600\" height=\"338\" data-mce-fragment=\"1\"><\/iframe><\/p>\n<p><iframe loading=\"lazy\" src=\"https:\/\/s5.cdnstatic.space\/wp-content\/uploads\/2025\/11\/raid2.mp4\" width=\"600\" height=\"338\" data-mce-fragment=\"1\"><\/iframe><\/p>\n<p><span dir=\"auto\">Ihned po zve\u0159ejn\u011bn\u00ed prohl\u00e1\u0161en\u00ed zas\u00e1hl izraelsk\u00fd dron vozidlo pobl\u00ed\u017e jiholibanonsk\u00e9ho m\u011bsta Mansouri a zabil mu\u017ee.<\/span><\/p>\n<p><iframe loading=\"lazy\" src=\"https:\/\/s5.cdnstatic.space\/wp-content\/uploads\/2025\/11\/strike.mp4\" width=\"600\" height=\"338\" data-mce-fragment=\"1\"><\/iframe><\/p>\n<p><span dir=\"auto\">Izraelsk\u00e9 obrann\u00e9 s\u00edly (IDF) n\u00e1sleduj\u00edc\u00ed den uvedly, \u017ee p\u0159i \u00fatoku byl zabit Muhammad Ali \u0160uvejk, a popsaly ho jako m\u00edstn\u00edho z\u00e1stupce Hizball\u00e1hu ve m\u011bst\u011b. Arm\u00e1da uvedla, \u017ee sou\u010d\u00e1st\u00ed jeho role bylo zaji\u0161\u0165ov\u00e1n\u00ed styku mezi skupinou a obyvateli \u201ev ekonomick\u00fdch a vojensk\u00fdch z\u00e1le\u017eitostech\u201c.<\/span><\/p>\n<p><em><span dir=\"auto\">\u201eTerorista se nav\u00edc sna\u017eil zmocnit soukrom\u00e9ho majetku za \u00fa\u010delem teroristick\u00e9ho \u00fatoku,\u201c uvedla izraelsk\u00e1 arm\u00e1da a dodala, \u017ee jeho \u010diny \u201ep\u0159edstavovaly poru\u0161en\u00ed dohod mezi Izraelem a Libanonem\u201c.<\/span><\/em><\/p>\n<p><span dir=\"auto\">Izrael pravideln\u011b \u00fato\u010d\u00ed na Hizball\u00e1h od listopadu lo\u0148sk\u00e9ho roku, kdy vstoupilo v platnost p\u0159\u00edm\u011b\u0159\u00ed zprost\u0159edkovan\u00e9 Spojen\u00fdmi st\u00e1ty, a to s odvol\u00e1n\u00edm na \u201eporu\u0161ov\u00e1n\u00ed\u201c ze strany t\u00e9to skupiny.<\/span><\/p>\n<p><span dir=\"auto\">Libanonsk\u00e1 vl\u00e1da v srpnu schv\u00e1lila pl\u00e1n na odzbrojen\u00ed Hizball\u00e1hu v souladu s n\u00e1vrhem p\u0159edlo\u017een\u00fdm USA. Pozd\u011bji v z\u00e1\u0159\u00ed vl\u00e1da ozn\u00e1mila, \u017ee za\u010dala pl\u00e1n realizovat. Hizball\u00e1h v\u0161ak jak\u00e9koli rozhovory o odzbrojen\u00ed odm\u00edtl.<\/span><\/p>\n<p><span dir=\"auto\">Izraelsk\u00e9 obrann\u00e9 s\u00edly zintenzivnily \u00fadery na Libanon pot\u00e9, co v \u0159\u00edjnu vstoupilo v p\u00e1smu Gazy v platnost p\u0159\u00edm\u011b\u0159\u00ed, a od t\u00e9 doby se objevuje st\u00e1le v\u00edce zn\u00e1mek t\u00e9m\u011b\u0159 bl\u00ed\u017e\u00edc\u00ed se v\u00e1lky s Libanonem. V posledn\u00edch t\u00fddnech Izrael opakovan\u011b obvi\u0148oval Hizball\u00e1h z obnovy a pokus\u016f o pa\u0161ov\u00e1n\u00ed zbran\u00ed, mimo jin\u00e9 i p\u0159es S\u00fdrii.<\/span><\/p>\n<p><span dir=\"auto\">16. listopadu televizn\u00ed stanice Channel 13 informovala, \u017ee izraelsk\u00e9 obrann\u00e9 establishmenty se schyluj\u00ed k doporu\u010den\u00ed \u201ecelodenn\u00ed\u201c v\u00e1lky s Libanonem.<\/span><\/p>\n<p><span dir=\"auto\">P\u0159edseda libanonsk\u00e9ho parlamentu Nabih Berri v reakci na ned\u00e1vn\u00e1 izraelsk\u00e1 obvin\u011bn\u00ed uvedl, \u017ee Hizball\u00e1h m\u00e1 pr\u00e1vo se znovu vybudovat jako kter\u00e1koli jin\u00e1 skupina a \u017ee tato skupina za posledn\u00edch 11 m\u011bs\u00edc\u016f nevyst\u0159elila ani jeden v\u00fdst\u0159el.<\/span><\/p>\n<p><span dir=\"auto\">Berri je v\u016fdcem \u0161\u00editsk\u00e9ho hnut\u00ed Amal, hlavn\u00edho spojence Hizball\u00e1hu v Libanonu. Jeho v\u00fdroky citovala 16. listopadu libanonsk\u00e1 m\u00e9dia pot\u00e9, co je pronesl b\u011bhem setk\u00e1n\u00ed s redaktory libanonsk\u00fdch novin.<\/span><\/p>\n<p><span dir=\"auto\">Berri dodal, \u017ee Libanon pln\u00ed sv\u00e9 z\u00e1vazky vypl\u00fdvaj\u00edc\u00ed z p\u0159\u00edm\u011b\u0159\u00ed ji\u017en\u011b od \u0159eky Litani, na rozd\u00edl od Izraele, kter\u00fd dohodu nedodr\u017euje. Pop\u0159el tak\u00e9 zpr\u00e1vy o tom, \u017ee Hizball\u00e1h pa\u0161uje zbran\u011b do Libanonu po mo\u0159i, pozemn\u00ed nebo letecky.<\/span><\/p>\n<p><span dir=\"auto\">Celkov\u011b vzato se zd\u00e1, \u017ee nov\u00e1 v\u00e1lka mezi Izraelem a Libanonem je jen ot\u00e1zkou \u010dasu. Vzhledem k tomu, \u017ee Hizball\u00e1h je hluboce oslaben posledn\u00ed konfrontac\u00ed a p\u00e1dem jeho spojence v S\u00fdrii, re\u017eimu b\u00fdval\u00e9ho prezidenta Ba\u0161\u00e1ra Asada, mnoho \u010dlen\u016f izraelsk\u00e9ho obrann\u00e9ho establishmentu pravd\u011bpodobn\u011b vid\u00ed nepromarnitelnou p\u0159\u00edle\u017eitost zasadit skupin\u011b posledn\u00ed \u00fader.<\/span><\/p>\n<p><img decoding=\"async\" loading=\"lazy\" class=\"alignnone size-full wp-image-1185\" src=\"http:\/\/www.infokuryr.cz\/n\/wp-content\/uploads\/2021\/04\/kuryr-podpis.png\" alt=\"\" width=\"84\" height=\"24\" \/><\/p>\n<p>&nbsp;<\/p>\n","protected":false},"excerpt":{"rendered":"<p>Izrael nad\u00e1le stup\u0148uje sv\u00e9 \u00fatoky na Libanon uprost\u0159ed zpr\u00e1v nazna\u010duj\u00edc\u00edch, \u017ee se bl\u00ed\u017e\u00ed nov\u00e1 v\u00e1lka&#8230;<\/p>\n","protected":false},"author":2,"featured_media":92454,"comment_status":"closed","ping_status":"closed","sticky":false,"template":"","format":"standard","meta":[],"categories":[7],"tags":[107,405,40,5135],"_links":{"self":[{"href":"https:\/\/www.infokuryr.cz\/n\/wp-json\/wp\/v2\/posts\/92453"}],"collection":[{"href":"https:\/\/www.infokuryr.cz\/n\/wp-json\/wp\/v2\/posts"}],"about":[{"href":"https:\/\/www.infokuryr.cz\/n\/wp-json\/wp\/v2\/types\/post"}],"author":[{"embeddable":true,"href":"https:\/\/www.infokuryr.cz\/n\/wp-json\/wp\/v2\/users\/2"}],"replies":[{"embeddable":true,"href":"https:\/\/www.infokuryr.cz\/n\/wp-json\/wp\/v2\/comments?post=92453"}],"version-history":[{"count":0,"href":"https:\/\/www.infokuryr.cz\/n\/wp-json\/wp\/v2\/posts\/92453\/revisions"}],"wp:featuredmedia":[{"embeddable":true,"href":"https:\/\/www.infokuryr.cz\/n\/wp-json\/wp\/v2\/media\/92454"}],"wp:attachment":[{"href":"https:\/\/www.infokuryr.cz\/n\/wp-json\/wp\/v2\/media?parent=92453"}],"wp:term":[{"taxonomy":"category","embeddable":true,"href":"https:\/\/www.infokuryr.cz\/n\/wp-json\/wp\/v2\/categories?post=92453"},{"taxonomy":"post_tag","embeddable":true,"href":"https:\/\/www.infokuryr.cz\/n\/wp-json\/wp\/v2\/tags?post=92453"}],"curies":[{"name":"wp","href":"https:\/\/api.w.org\/{rel}","templated":true}]}}