{"id":9245,"date":"2022-03-19T04:47:01","date_gmt":"2022-03-19T03:47:01","guid":{"rendered":"https:\/\/www.infokuryr.cz\/n\/?p=9245"},"modified":"2022-03-19T04:47:01","modified_gmt":"2022-03-19T03:47:01","slug":"pocet-sexualnich-delikventu-uprchliku-v-nemecku-setrvale-roste-to-je-zase-prekvapeni","status":"publish","type":"post","link":"https:\/\/www.infokuryr.cz\/n\/2022\/03\/19\/pocet-sexualnich-delikventu-uprchliku-v-nemecku-setrvale-roste-to-je-zase-prekvapeni\/","title":{"rendered":"Po\u010det sexu\u00e1ln\u00edch delikvent\u016f uprchl\u00edk\u016f v N\u011bmecku setrvale roste, to je zase p\u0159ekvapen\u00ed"},"content":{"rendered":"<div id=\"fb-root\"><\/div>\n<p><strong>Pod\u00edl uprchl\u00edk\u016f na sexu\u00e1ln\u00edch trestn\u00fdch \u010dinech ze strany uprchl\u00edk\u016f se za posledn\u00edch 20 let zv\u00fd\u0161il na v\u00edce ne\u017e 42%, V roce 2000 to bylo pouh\u00fdch 35% v roce 2020 u\u017e 42%. P\u0159itom cizinci v sou\u010dasn\u00e9 dob\u011b maj\u00ed jen asi 11% pod\u00edl na celkov\u00e9 populaci \u017eij\u00edc\u00ed v N\u011bmecku.<\/strong><\/p>\n<p><strong>Prim hraj\u00ed uprchl\u00edci z Afganist\u00e1nu, S\u00fdrie a Turecka, tedy muslim\u0161t\u00ed uprchl\u00edci<\/strong>. P\u0159ekvapiv\u011b zde nevid\u00edme \u010cechy, Slov\u00e1ky, Pol\u00e1ky, nebo Ma\u010fary. \u010c\u00edm to asi bude.<\/p>\n<p>Podle n\u011bmeck\u00e9 opozice AfD je to d\u016fsledek nekontrolovan\u00e9 migrace, kter\u00e1 je organizov\u00e1na ze strany EU a n\u011bmeck\u00fdch elit, kter\u00fdm spole\u010dn\u011b \u0161\u00e9fuj\u00ed glob\u00e1ln\u00ed finan\u010dn\u00ed oligarchov\u00e9. Lze p\u0159edpokl\u00e1dat, \u017ee v dal\u0161\u00edch zem\u00edch z\u00e1padn\u00ed Evropy je to stejn\u00e9.<\/p>\n<p><a href=\"https:\/\/ceskavec.com\/2022\/03\/pocet-sexualnich-delikventu-uprchliku-v-nemecku-setrvale-roste-to-je-zase-prekvapeni\">\u010cesk\u00e1 v\u011bc<\/a><\/p>\n<p>&nbsp;<\/p>\n","protected":false},"excerpt":{"rendered":"<p>Pod\u00edl uprchl\u00edk\u016f na sexu\u00e1ln\u00edch trestn\u00fdch \u010dinech ze strany uprchl\u00edk\u016f se za posledn\u00edch 20 let zv\u00fd\u0161il&#8230;<\/p>\n","protected":false},"author":2,"featured_media":9246,"comment_status":"closed","ping_status":"closed","sticky":false,"template":"","format":"standard","meta":[],"categories":[7],"tags":[2090,369,84,148],"_links":{"self":[{"href":"https:\/\/www.infokuryr.cz\/n\/wp-json\/wp\/v2\/posts\/9245"}],"collection":[{"href":"https:\/\/www.infokuryr.cz\/n\/wp-json\/wp\/v2\/posts"}],"about":[{"href":"https:\/\/www.infokuryr.cz\/n\/wp-json\/wp\/v2\/types\/post"}],"author":[{"embeddable":true,"href":"https:\/\/www.infokuryr.cz\/n\/wp-json\/wp\/v2\/users\/2"}],"replies":[{"embeddable":true,"href":"https:\/\/www.infokuryr.cz\/n\/wp-json\/wp\/v2\/comments?post=9245"}],"version-history":[{"count":0,"href":"https:\/\/www.infokuryr.cz\/n\/wp-json\/wp\/v2\/posts\/9245\/revisions"}],"wp:featuredmedia":[{"embeddable":true,"href":"https:\/\/www.infokuryr.cz\/n\/wp-json\/wp\/v2\/media\/9246"}],"wp:attachment":[{"href":"https:\/\/www.infokuryr.cz\/n\/wp-json\/wp\/v2\/media?parent=9245"}],"wp:term":[{"taxonomy":"category","embeddable":true,"href":"https:\/\/www.infokuryr.cz\/n\/wp-json\/wp\/v2\/categories?post=9245"},{"taxonomy":"post_tag","embeddable":true,"href":"https:\/\/www.infokuryr.cz\/n\/wp-json\/wp\/v2\/tags?post=9245"}],"curies":[{"name":"wp","href":"https:\/\/api.w.org\/{rel}","templated":true}]}}