{"id":92443,"date":"2025-11-18T00:16:33","date_gmt":"2025-11-17T23:16:33","guid":{"rendered":"https:\/\/www.infokuryr.cz\/n\/?p=92443"},"modified":"2025-11-17T15:58:33","modified_gmt":"2025-11-17T14:58:33","slug":"neobtezuje-nas-uz-se-17-listopadem-kdyz-se-schazi-jen-mlaticky-komunistickeho-generala-prezidenta-urazi-nas-to","status":"publish","type":"post","link":"https:\/\/www.infokuryr.cz\/n\/2025\/11\/18\/neobtezuje-nas-uz-se-17-listopadem-kdyz-se-schazi-jen-mlaticky-komunistickeho-generala-prezidenta-urazi-nas-to\/","title":{"rendered":"Neobt\u011b\u017euje n\u00e1s u\u017e se 17. listopadem, kdy\u017e se sch\u00e1z\u00ed jen ml\u00e1ti\u010dky komunistick\u00e9ho gener\u00e1la prezidenta: ur\u00e1\u017e\u00ed n\u00e1s to!"},"content":{"rendered":"<div id=\"fb-root\"><\/div>\n<div class=\"introtext\">\n<h4>N\u011bkdo z nich vymyslel st\u00e1tn\u00ed sv\u00e1tek, a\u010d v\u011bt\u0161ina soudruh\u016f hodila rud\u00e9 kn\u00ed\u017eky do ko\u0161e a stali se z nich antisoudruzi. Bohu\u017eel bol\u0161evick\u00e9 my\u0161len\u00ed v nich z\u016fstalo. Proto nikdo nena\u0161el zdroj p\u00e1du socialismu, kdy\u017e RVHP se p\u0159etavilo v Evropskou unii.<\/h4>\n<\/div>\n<div class=\"fulltext\">\n<p>Ch\u00e1pu, \u017ee n\u011bkte\u0159\u00ed politi\u010dt\u00ed \u010dinitel\u00e9 se tam na chv\u00edli zastav\u00ed, proto\u017ee je to jejich politick\u00e1 povinnost. Ale jinak tam bude ch\u00e1tra a verbe\u017e.<\/p>\n<h3><strong>Tak u\u017e n\u00e1m s t\u00edm divadlem vlezte na hrb.\u00a0<\/strong><\/h3>\n<p>\u017d\u00e1dn\u00e1 revoluce nebyla, u\u017e od roku 1980 se v\u0161e uvol\u0148ovalo, Gorba\u010dov se setk\u00e1val s \u017eeleznou lady Margaret Thatcherovou a Reaganem, za Havlem byl prezident Mitterand\u00a0a soudruzi ti\u0161e p\u0159ed\u00e1vali moc.<\/p>\n<p><img decoding=\"async\" loading=\"lazy\" class=\"aligncenter\" src=\"https:\/\/www.skrytapravda.cz\/images\/blogy\/805\/2025\/11listopad\/Sn%C3%ADmek_obrazovky_5637_f7977.webp\" alt=\"Sn\u00edmek obrazovky 5637 f7977\" width=\"503\" height=\"499\" \/><\/p>\n<p><strong>Dokonce paradoxn\u011b ti\u0161eji a slu\u0161n\u011bji, ne\u017e nyn\u00ed odchod P\u011btimafie Fialy, Raku\u0161ana, Pekarov\u00e9, Jure\u010dky \u010di Barto\u0161e za dohledu b\u00fdval\u00e9ho soudruha Pavla.\u00a0<\/strong><\/p>\n<p><strong>Pokud si pamatujete, tak Havel jednal s \u00factou ke Gust\u00e1vu Hus\u00e1kovi a ti s pod\u00e1n\u00edm ruky ode\u0161li do opozice.\u00a0<\/strong><\/p>\n<h3><strong>Tak o \u010dem je \u0159e\u010d?\u00a0<\/strong><\/h3>\n<p>Tenkr\u00e1t byla v \u00fastav\u011b zakotvena vedouc\u00ed \u00faloha jako dnes!<\/p>\n<p>____________<\/p>\n<div class=\"info_box cela_sirka jpalert\">\n<div class=\"explanationContent\"><span style=\"color: #993366;\">\u00dastava, kter\u00e1 zakotvovala vedouc\u00ed \u00falohu Komunistick\u00e9 strany \u010ceskoslovenska (KS\u010c), byla p\u0159ijata v roce 1960 a platila pro \u010ceskoslovenskou socialistickou republiku . KS\u010c v n\u00ed m\u011bla z\u00e1konem danou vedouc\u00ed roli, co\u017e znamenalo, \u017ee \u0159\u00eddila st\u00e1t a zamezovala svobodn\u00e9 politick\u00e9 sout\u011b\u017ei. Tuto \u00fastavu nahradily z\u00e1kony po roce 1989, p\u0159i\u010dem\u017e \u00fastavn\u00ed z\u00e1kon \u010d. 29\/1990 Sb. zru\u0161il \u010dl\u00e1nek zakotvuj\u00edc\u00ed nad\u0159azenost KS\u010c.<\/span><\/div>\n<\/div>\n<p>____________<\/p>\n<p>Dnes mus\u00edme m\u00edt zakotveno v \u00dastav\u011b, \u017ee jedin\u00e1 moc SSSR je odvelena z Moskvy do Bruselu a p\u0159etavena na jedinou moc n\u011bjak\u00e9 po\u0161ahan\u00e9 party, kter\u00e1 je neodvolateln\u00e1 stejn\u011b jako soudruzi v RVHP.<\/p>\n<h3><strong>Vym\u011bnili jsme jen RVHP za Evropskou unii.\u00a0<\/strong><\/h3>\n<p>Leonia Bre\u017en\u011bva nahradila Leyenov\u00e1 a nikdo ji nevymete, dokud se ta bol\u0161evick\u00e1 moc, kter\u00e1 u\u017e si ne\u0159\u00edk\u00e1 bol\u0161evick\u00e1 moc, ale z\u00e1padn\u00ed libtard\u00ed moc na v\u011bky v\u011bk\u016f nezhrout\u00ed jako teserakt a Evropsk\u00e1 unie se nerozpadne.<\/p>\n<h3><strong>Tak\u017ee o \u010dem je 17. listopad 2025?<\/strong><\/h3>\n<p>\u017de se sejde parta dareb\u00e1k\u016f a ml\u00e1ti\u010dek z b\u00fdval\u00fdch policajt\u016f, arm\u00e1dy\u00a0 a extremist\u016f, kter\u00e9 pro n\u011b pracuj\u00ed a budou \u0159v\u00e1t jak o \u017eivot?<\/p>\n<p>Nechte u\u017e t\u00e9 \u0161a\u0161k\u00e1rny a zru\u0161te tento sv\u00e1tek. Nejv\u00edce ho slav\u00ed vedouc\u00ed z\u00e1loha komunist\u016f jako v\u016fdkyn\u011b SSM Monika Pajerov\u00e1, \u010di \u017d\u00e1\u010dkov\u00e9, kte\u0159\u00ed se celo\u017eivotn\u011b usala\u0161ili v nedobytn\u00fdch funkc\u00edch a nad nimi \u010dn\u00ed z Pra\u017esk\u00e9ho hradu b\u00fdval\u00fd bol\u0161evick\u00fd rozv\u011bd\u010d\u00edk agent P\u00e1vek alias Petr Pavel s komedi\u00ed komunistickou politru\u010dkou.<\/p>\n<h3><strong>To v\u0161e je v\u00fdsm\u011bch svobody a demokracie.\u00a0<\/strong><\/h3>\n<p>Dokud se nezru\u0161\u00ed vedouc\u00ed \u00faloha eurobol\u0161evik\u016f z Bruselu, jako bol\u0161evik\u016f z Moskvy, nen\u00ed co slavit.<\/p>\n<p>A tak se tam sejde jen ch\u00e1tra v\u011b\u010dn\u00fdch dareb\u00e1k\u016f, co v\u011b\u0159\u00ed, \u017ee nikdy nebudou muset pracovat\u00a0 a maj\u00ed jen nata\u017een\u00e9 paztoury na dotace. Budou \u0159v\u00e1t do amplion\u016f, \u017ee jim pen\u00edze budeme vypl\u00e1cet nadosmrti, proto\u017ee na to maj\u00ed pr\u00e1vo: nikdy pracovat nebudou a proto zalo\u017eili\u00a0&#8222;\u0160t\u00edt neh\u00e1kes&#8220;, nekte\u0159\u00ed si \u0159\u00edkaj\u00ed &#8222;\u0160t\u00edt libtard\u00ed demokracie&#8220;.<\/p>\n<p>Nen\u00ed o \u010dem ps\u00e1t. Dokud se nerozpust\u00ed vedouc\u00ed \u00faloha Bruselu, kter\u00e1 je dra\u017e\u0161\u00ed, ne\u017e bylo politbyro RVHP, tak totalita neskon\u010d\u00ed.<\/p>\n<h3><strong>A to je v\u0161echno, co se d\u00e1 k t\u00e9 \u0161a\u0161k\u00e1rn\u011b 17. listopad 2025 napsat.\u00a0<\/strong><\/h3>\n<p><strong>P.S.:<\/strong> Samoz\u0159ejm\u011b na v\u00fdro\u010d\u00ed Palacha a okupace excesy byly a vybran\u00e9 policejn\u00ed jednotky ml\u00e1tili do protestuj\u00edc\u00edch jak hlu\u0161\u00ed do vrat. Ale strach a totalita pozvolna ustupovaly.<\/p>\n<p><a href=\"https:\/\/www.skrytapravda.cz\/z-domova\/2870-neobtezuje-nas-uz-se-17-listopadem-kdyz-se-schazi-jen-mlaticky-komunistickeho-generala-prezidenta-urazi-nas-to\">Petr Pokorn\u00fd<\/a><\/p>\n<p>&nbsp;<\/p>\n<\/div>\n","protected":false},"excerpt":{"rendered":"<p>N\u011bkdo z nich vymyslel st\u00e1tn\u00ed sv\u00e1tek, a\u010d v\u011bt\u0161ina soudruh\u016f hodila rud\u00e9 kn\u00ed\u017eky do ko\u0161e a&#8230;<\/p>\n","protected":false},"author":2,"featured_media":92444,"comment_status":"closed","ping_status":"closed","sticky":false,"template":"","format":"standard","meta":[],"categories":[6],"tags":[1481,2950,1503],"_links":{"self":[{"href":"https:\/\/www.infokuryr.cz\/n\/wp-json\/wp\/v2\/posts\/92443"}],"collection":[{"href":"https:\/\/www.infokuryr.cz\/n\/wp-json\/wp\/v2\/posts"}],"about":[{"href":"https:\/\/www.infokuryr.cz\/n\/wp-json\/wp\/v2\/types\/post"}],"author":[{"embeddable":true,"href":"https:\/\/www.infokuryr.cz\/n\/wp-json\/wp\/v2\/users\/2"}],"replies":[{"embeddable":true,"href":"https:\/\/www.infokuryr.cz\/n\/wp-json\/wp\/v2\/comments?post=92443"}],"version-history":[{"count":1,"href":"https:\/\/www.infokuryr.cz\/n\/wp-json\/wp\/v2\/posts\/92443\/revisions"}],"predecessor-version":[{"id":92445,"href":"https:\/\/www.infokuryr.cz\/n\/wp-json\/wp\/v2\/posts\/92443\/revisions\/92445"}],"wp:featuredmedia":[{"embeddable":true,"href":"https:\/\/www.infokuryr.cz\/n\/wp-json\/wp\/v2\/media\/92444"}],"wp:attachment":[{"href":"https:\/\/www.infokuryr.cz\/n\/wp-json\/wp\/v2\/media?parent=92443"}],"wp:term":[{"taxonomy":"category","embeddable":true,"href":"https:\/\/www.infokuryr.cz\/n\/wp-json\/wp\/v2\/categories?post=92443"},{"taxonomy":"post_tag","embeddable":true,"href":"https:\/\/www.infokuryr.cz\/n\/wp-json\/wp\/v2\/tags?post=92443"}],"curies":[{"name":"wp","href":"https:\/\/api.w.org\/{rel}","templated":true}]}}