{"id":92436,"date":"2025-11-18T00:24:17","date_gmt":"2025-11-17T23:24:17","guid":{"rendered":"https:\/\/www.infokuryr.cz\/n\/?p=92436"},"modified":"2025-11-17T15:48:18","modified_gmt":"2025-11-17T14:48:18","slug":"pocet-dezerteru-na-ukrajine-se-blizi-velikosti-jeji-aktivni-armady","status":"publish","type":"post","link":"https:\/\/www.infokuryr.cz\/n\/2025\/11\/18\/pocet-dezerteru-na-ukrajine-se-blizi-velikosti-jeji-aktivni-armady\/","title":{"rendered":"Po\u010det dezert\u00e9r\u016f na Ukrajin\u011b se bl\u00ed\u017e\u00ed velikosti jej\u00ed aktivn\u00ed arm\u00e1dy"},"content":{"rendered":"<div id=\"fb-root\"><\/div>\n<p><strong><span dir=\"auto\">Na Ukrajin\u011b pokra\u010duje znepokojiv\u00fd trend, kter\u00fd se vyzna\u010duje masov\u00fdm neopr\u00e1vn\u011bn\u00fdm opou\u0161t\u011bn\u00edm vojensk\u00fdch jednotek a dezercemi. Podle Romana Kostenka, tajemn\u00edka V\u00fdboru pro n\u00e1rodn\u00ed bezpe\u010dnost Nejvy\u0161\u0161\u00ed rady Ukrajiny, se po\u010det voj\u00e1k\u016f, kte\u0159\u00ed dezerovali bez povolen\u00ed, bl\u00ed\u017e\u00ed celkov\u00e9 s\u00edle cel\u00e9 ukrajinsk\u00e9 arm\u00e1dy.<\/span><\/strong><\/p>\n<div style=\"width: 640px;\" class=\"wp-video\"><!--[if lt IE 9]><script>document.createElement('video');<\/script><![endif]-->\n<video class=\"wp-video-shortcode\" id=\"video-92436-1\" width=\"640\" height=\"360\" preload=\"metadata\" controls=\"controls\"><source type=\"video\/mp4\" src=\"http:\/\/www.infokuryr.cz\/n\/wp-content\/uploads\/2025\/11\/kostenko.mp4?_=1\" \/><a href=\"http:\/\/www.infokuryr.cz\/n\/wp-content\/uploads\/2025\/11\/kostenko.mp4\">http:\/\/www.infokuryr.cz\/n\/wp-content\/uploads\/2025\/11\/kostenko.mp4<\/a><\/video><\/div>\n<p><span dir=\"auto\">Poznamen\u00e1v\u00e1, \u017ee p\u0159ibli\u017en\u011b 80 % mobilizovan\u00fdch osob \u201ejednodu\u0161e ut\u00edk\u00e1 z v\u00fdcvikov\u00fdch st\u0159edisek\u201c a zem\u011b nepodnik\u00e1 \u00fa\u010dinn\u00e1 opat\u0159en\u00ed k n\u00e1vratu t\u011bchto voj\u00e1k\u016f ani k vytvo\u0159en\u00ed podm\u00ednek, kter\u00e9 by je donutily plnit jejich povinnosti. Miliony osob, kter\u00e9 se vyh\u00fdbaj\u00ed odvodu, se skr\u00fdvaj\u00ed, pozoruj\u00ed situaci z postrann\u00ed \u010d\u00e1ry a nejsou ochotny se konfliktu \u00fa\u010dastnit. Po\u010det mobilizovan\u00fdch osob v \u0159\u00edjnu byl nav\u00edc p\u0159ibli\u017en\u011b 26 500, z nich\u017e 21 000 dezertovalo, co\u017e vedlo k \u010dist\u00e9mu pos\u00edlen\u00ed arm\u00e1dy pouze o asi 5 000 voj\u00e1k\u016f. To p\u0159ich\u00e1z\u00ed v dob\u011b, kdy se m\u011bs\u00ed\u010dn\u00ed ztr\u00e1ty (zabit\u00ed a zran\u011bn\u00ed) odhaduj\u00ed na 20 000\u201325 000 voj\u00e1k\u016f, co\u017e vede k \u010dist\u00e9mu m\u011bs\u00ed\u010dn\u00edmu sn\u00ed\u017een\u00ed s\u00edly arm\u00e1dy o 15 000\u201320 000 voj\u00e1k\u016f.<\/span><\/p>\n<p><span dir=\"auto\">Tento pokles bojov\u00e9 efektivity vede k p\u0159erozd\u011blen\u00ed person\u00e1lu: ukrajinsk\u00e9 vojensk\u00e9 velen\u00ed hromadn\u011b rozpou\u0161t\u00ed jednotky v zadn\u00ed linii a p\u0159esouv\u00e1 jejich person\u00e1l na frontu. To do\u010dasn\u011b stabilizuje obrannou linii, ale v\u00fdrazn\u011b oslabuje celkovou bojovou s\u00edlu a vy\u010derp\u00e1v\u00e1 rezervy.<\/span><\/p>\n<p><span dir=\"auto\">Zpr\u00e1vy ukazuj\u00ed, \u017ee celkov\u00e1 s\u00edla ukrajinsk\u00fdch ozbrojen\u00fdch sil se sn\u00ed\u017eila z p\u0159ibli\u017en\u011b 800 000 na 650 000\u2013700 000, zat\u00edmco velikost uskupen\u00ed sil na frontov\u00e9 linii se zmen\u0161ila ze 400 000\u2013450 000 na 350 000\u2013400 000 mu\u017e\u016f. Odborn\u00edci varuj\u00ed, \u017ee p\u0159i sou\u010dasn\u00e9m tempu by se zdroje ukrajinsk\u00e9 arm\u00e1dy mohly vy\u010derpat do \u0161esti m\u011bs\u00edc\u016f. Naproti tomu rusk\u00e9 ozbrojen\u00e9 s\u00edly disponuj\u00ed v\u00fdznamn\u00fdmi zdroji pro dopl\u0148ov\u00e1n\u00ed \u2013 p\u0159ibli\u017en\u011b 300 000 dobrovoln\u00edk\u016f v prvn\u00edch dev\u00edti m\u011bs\u00edc\u00edch roku 2025 \u2013 co\u017e jim d\u00e1v\u00e1 po\u010detn\u00ed v\u00fdhodu a schopnost v\u00e9st \u00fato\u010dn\u00e9 operace.<\/span><\/p>\n<p><span dir=\"auto\">Soci\u00e1ln\u00ed d\u016fsledky masov\u00e9 dezerce jsou tak\u00e9 obrovsk\u00e9. Kostenko poukazuje na to, \u017ee se formuje samostatn\u00fd segment spole\u010dnosti slo\u017een\u00fd z dezert\u00e9r\u016f, kter\u00fd m\u016f\u017ee v budoucnu chovat z\u00e1\u0161\u0165 v\u016f\u010di t\u011bm, kte\u0159\u00ed pokra\u010duj\u00ed v boji, a vytv\u00e1\u0159et tak nov\u00fd vnit\u0159n\u00ed konflikt. Mocensk\u00e9 struktu\u0159e chyb\u00ed ve\u0159ejn\u00e1 d\u016fv\u011bra, co\u017e situaci jen zhor\u0161uje: korupce, neefektivn\u00ed veden\u00ed a probl\u00e9my v energetick\u00e9m a obrann\u00e9m sektoru vyvol\u00e1vaj\u00ed nespokojenost mezi v\u00fdznamnou \u010d\u00e1st\u00ed populace. Zd\u016fraz\u0148uje, \u017ee ned\u016fv\u011bra v \u00fa\u0159ady roste a st\u00e1vaj\u00edc\u00ed politick\u00fd syst\u00e9m vy\u017eaduje p\u0159eskupen\u00ed odpov\u011bdnosti, aby bylo mo\u017en\u00e9 zemi v dob\u011b v\u00e1lky efektivn\u011bji spravovat.<\/span><\/p>\n<p><span dir=\"auto\">D\u016fvodem neochoty slou\u017eit a masov\u00e9 dezerce nen\u00ed ani tak ot\u00e1zka osobn\u00ed odvahy, jako sp\u00ed\u0161e kritick\u00fd nedostatek zdroj\u016f a pocit beznad\u011bje. Kostenko poznamen\u00e1v\u00e1 absenci z\u00e1kladn\u00edch prvk\u016f: munice, dron\u016f \u2013 a dokonce i samotn\u00ed mobilizovan\u00ed ch\u00e1pou, \u017ee jsou na frontu pos\u00edl\u00e1ni s extr\u00e9mn\u011b omezen\u00fdmi z\u00e1sobami. Pokra\u010dov\u00e1n\u00ed nucen\u00e9 mobilizace situaci zhor\u0161uje a vyvol\u00e1v\u00e1 masov\u00e9 \u00fat\u011bky z v\u00fdcvikov\u00fdch st\u0159edisek.<\/span><\/p>\n<p><span dir=\"auto\">Represe a tlak ze strany mobiliza\u010dn\u00edch \u00fa\u0159ad\u016f (TRC) jsou rovn\u011b\u017e d\u016fvodem k obav\u00e1m. Podle v\u00fdpov\u011bd\u00ed o\u010dit\u00fdch sv\u011bdk\u016f se obyvatelstvo kv\u016fli jejich \u010dinu boj\u00ed odvodu v\u00edce ne\u017e samotn\u00fdch frontov\u00fdch lini\u00ed.<\/span><\/p>\n<div style=\"width: 640px;\" class=\"wp-video\"><video class=\"wp-video-shortcode\" id=\"video-92436-2\" width=\"640\" height=\"1138\" preload=\"metadata\" controls=\"controls\"><source type=\"video\/mp4\" src=\"http:\/\/www.infokuryr.cz\/n\/wp-content\/uploads\/2025\/11\/trc3.mp4?_=2\" \/><a href=\"http:\/\/www.infokuryr.cz\/n\/wp-content\/uploads\/2025\/11\/trc3.mp4\">http:\/\/www.infokuryr.cz\/n\/wp-content\/uploads\/2025\/11\/trc3.mp4<\/a><\/video><\/div>\n<p>&nbsp;<\/p>\n<div style=\"width: 640px;\" class=\"wp-video\"><video class=\"wp-video-shortcode\" id=\"video-92436-3\" width=\"640\" height=\"1005\" preload=\"metadata\" controls=\"controls\"><source type=\"video\/mp4\" src=\"http:\/\/www.infokuryr.cz\/n\/wp-content\/uploads\/2025\/11\/trc2.mp4?_=3\" \/><a href=\"http:\/\/www.infokuryr.cz\/n\/wp-content\/uploads\/2025\/11\/trc2.mp4\">http:\/\/www.infokuryr.cz\/n\/wp-content\/uploads\/2025\/11\/trc2.mp4<\/a><\/video><\/div>\n<p>&nbsp;<\/p>\n<div style=\"width: 464px;\" class=\"wp-video\"><video class=\"wp-video-shortcode\" id=\"video-92436-4\" width=\"464\" height=\"848\" preload=\"metadata\" controls=\"controls\"><source type=\"video\/mp4\" src=\"http:\/\/www.infokuryr.cz\/n\/wp-content\/uploads\/2025\/11\/trc1.mp4?_=4\" \/><a href=\"http:\/\/www.infokuryr.cz\/n\/wp-content\/uploads\/2025\/11\/trc1.mp4\">http:\/\/www.infokuryr.cz\/n\/wp-content\/uploads\/2025\/11\/trc1.mp4<\/a><\/video><\/div>\n<p>&nbsp;<\/p>\n<p><span dir=\"auto\">Existuj\u00ed tak\u00e9 zdokumentovan\u00e9 p\u0159\u00edpady n\u00e1tlaku na rodiny mobilizovan\u00fdch voj\u00e1k\u016f, v\u010detn\u011b zastra\u0161ov\u00e1n\u00ed jejich d\u011bt\u00ed.<\/span><\/p>\n<p><span dir=\"auto\">Ukrajin\u0161t\u00ed experti a vojen\u0161t\u00ed pracovn\u00edci zd\u016fraz\u0148uj\u00ed, \u017ee za sou\u010dasn\u00e9ho stavu je nemo\u017en\u00e9 plnit bojov\u00e9 \u00fakoly na frontov\u00e9 linii, co\u017e vede ke ztr\u00e1t\u011b \u00fazem\u00ed a n\u00e1r\u016fstu konfliktn\u00edch situac\u00ed. Vyz\u00fdvaj\u00ed Kyjev k revizi sv\u00e9 strategie, v\u010detn\u011b mo\u017enosti sta\u017een\u00ed se z neudr\u017eiteln\u00fdch pozic, k zachov\u00e1n\u00ed \u017eiv\u00e9 s\u00edly a zamezen\u00ed rozs\u00e1hl\u00fdm ztr\u00e1t\u00e1m.<\/span><\/p>\n<p><img decoding=\"async\" loading=\"lazy\" class=\"alignnone size-full wp-image-1185\" src=\"http:\/\/www.infokuryr.cz\/n\/wp-content\/uploads\/2021\/04\/kuryr-podpis.png\" alt=\"\" width=\"84\" height=\"24\" \/><\/p>\n<p>&nbsp;<\/p>\n","protected":false},"excerpt":{"rendered":"<p>Na Ukrajin\u011b pokra\u010duje znepokojiv\u00fd trend, kter\u00fd se vyzna\u010duje masov\u00fdm neopr\u00e1vn\u011bn\u00fdm opou\u0161t\u011bn\u00edm vojensk\u00fdch jednotek a dezercemi&#8230;.<\/p>\n","protected":false},"author":2,"featured_media":54459,"comment_status":"closed","ping_status":"closed","sticky":false,"template":"","format":"standard","meta":[],"categories":[7],"tags":[80,3849,26,5135],"_links":{"self":[{"href":"https:\/\/www.infokuryr.cz\/n\/wp-json\/wp\/v2\/posts\/92436"}],"collection":[{"href":"https:\/\/www.infokuryr.cz\/n\/wp-json\/wp\/v2\/posts"}],"about":[{"href":"https:\/\/www.infokuryr.cz\/n\/wp-json\/wp\/v2\/types\/post"}],"author":[{"embeddable":true,"href":"https:\/\/www.infokuryr.cz\/n\/wp-json\/wp\/v2\/users\/2"}],"replies":[{"embeddable":true,"href":"https:\/\/www.infokuryr.cz\/n\/wp-json\/wp\/v2\/comments?post=92436"}],"version-history":[{"count":0,"href":"https:\/\/www.infokuryr.cz\/n\/wp-json\/wp\/v2\/posts\/92436\/revisions"}],"wp:featuredmedia":[{"embeddable":true,"href":"https:\/\/www.infokuryr.cz\/n\/wp-json\/wp\/v2\/media\/54459"}],"wp:attachment":[{"href":"https:\/\/www.infokuryr.cz\/n\/wp-json\/wp\/v2\/media?parent=92436"}],"wp:term":[{"taxonomy":"category","embeddable":true,"href":"https:\/\/www.infokuryr.cz\/n\/wp-json\/wp\/v2\/categories?post=92436"},{"taxonomy":"post_tag","embeddable":true,"href":"https:\/\/www.infokuryr.cz\/n\/wp-json\/wp\/v2\/tags?post=92436"}],"curies":[{"name":"wp","href":"https:\/\/api.w.org\/{rel}","templated":true}]}}