{"id":92434,"date":"2025-11-18T00:24:05","date_gmt":"2025-11-17T23:24:05","guid":{"rendered":"https:\/\/www.infokuryr.cz\/n\/?p=92434"},"modified":"2025-11-17T15:43:09","modified_gmt":"2025-11-17T14:43:09","slug":"syrsky-migrant-v-nemecku-usvedceny-ze-snatku-a-znasilneni-dvanactilete-divky-celi-novym-obvinenim-proti-dalsi-detske-obeti","status":"publish","type":"post","link":"https:\/\/www.infokuryr.cz\/n\/2025\/11\/18\/syrsky-migrant-v-nemecku-usvedceny-ze-snatku-a-znasilneni-dvanactilete-divky-celi-novym-obvinenim-proti-dalsi-detske-obeti\/","title":{"rendered":"Syrsk\u00fd migrant v N\u011bmecku usv\u011bd\u010den\u00fd ze s\u0148atku a zn\u00e1siln\u011bn\u00ed dvan\u00e1ctilet\u00e9 d\u00edvky \u010del\u00ed nov\u00fdm obvin\u011bn\u00edm proti dal\u0161\u00ed d\u011btsk\u00e9 ob\u011bti"},"content":{"rendered":"<div id=\"fb-root\"><\/div>\n<h3 class=\"s-tagline fw-tagline\"><span dir=\"auto\">St\u00e1tn\u00ed z\u00e1stupci tvrd\u00ed, \u017ee 24let\u00fd mu\u017e, kter\u00fd byl loni ji\u017e odsouzen za s\u0148atek a zn\u00e1siln\u011bn\u00ed 12let\u00e9 d\u00edvky p\u0159evezen\u00e9 ze S\u00fdrie, se d\u0159\u00edve podle isl\u00e1msk\u00e9ho pr\u00e1va o\u017eenil s 13letou d\u00edvkou<\/span><\/h3>\n<p><span dir=\"auto\">\u010cty\u0159iadvacetilet\u00fd Sy\u0159an \u017eij\u00edc\u00ed v N\u011bmecku, kter\u00fd byl d\u0159\u00edve odsouzen k p\u011bti a p\u016fl let\u016fm v\u011bzen\u00ed pro mladistv\u00e9 za s\u0148atek, zn\u00e1siln\u011bn\u00ed a n\u00e1siln\u00e9 zneu\u017e\u00edv\u00e1n\u00ed dvan\u00e1ctilet\u00e9 d\u00edvky, se vr\u00e1til k essensk\u00e9mu zemsk\u00e9mu soudu, aby \u010delil nov\u00fdm obvin\u011bn\u00edm t\u00fdkaj\u00edc\u00edm se druh\u00e9ho s\u0148atku d\u00edt\u011bte.<\/span><\/p>\n<p><span dir=\"auto\">St\u00e1tn\u00ed z\u00e1stupci tvrd\u00ed, \u017ee d\u0159\u00edv\u011bj\u0161\u00ed p\u0159\u00edpad, za kter\u00fd byl loni v l\u00e9t\u011b odsouzen, nebyl prvn\u00edm takov\u00fdm man\u017eelstv\u00edm, kter\u00e9 uzav\u0159el.<\/span><\/p>\n<p><span dir=\"auto\">Podle nov\u00e9 ob\u017ealoby, jak informoval den\u00edk\u00a0<\/span><a href=\"https:\/\/archive.ph\/fjArU#selection-3947.0-3951.221\"><span dir=\"auto\">WAZ<\/span><\/a><span dir=\"auto\">\u00a0, se ob\u017ealovan\u00fd v prosinci 2019 o\u017eenil s t\u0159in\u00e1ctiletou d\u00edvkou p\u0159i n\u00e1bo\u017eensk\u00e9m ob\u0159adu konan\u00e9m v byt\u011b na Frohnhauser Stra\u00dfe. Rodi\u010de d\u00edt\u011bte \u00fadajn\u011b obdr\u017eeli jako odm\u011bnu 2 000 eur. Ob\u017ealoba uv\u00e1d\u00ed, \u017ee po oslav\u011b se o\u010dek\u00e1vala svatebn\u00ed noc a ob\u011b rodiny \u010dekaly p\u0159ed dve\u0159mi lo\u017enice. D\u00edvka je pops\u00e1na jako vyd\u011b\u0161en\u00e1. \u00dadajn\u011b se pokusila ob\u017ealovan\u00e9mu vzdorovat, kter\u00fd ji pot\u00e9 zbil.<\/span><\/p>\n<p><span dir=\"auto\">Vy\u0161et\u0159ovatel\u00e9 se domn\u00edvaj\u00ed, \u017ee kr\u00e1tce pot\u00e9 byla svol\u00e1na rodinn\u00e1 sch\u016fze, b\u011bhem n\u00ed\u017e byla d\u00edvka konfrontov\u00e1na a bylo rozhodnuto, \u017ee se svatebn\u00ed ritu\u00e1l bude opakovat n\u00e1sleduj\u00edc\u00ed noc, proto\u017ee d\u00edvka se jeho proveden\u00ed br\u00e1nila. Ob\u017ealoba tvrd\u00ed, \u017ee tehdy do\u0161lo k prvn\u00edmu zn\u00e1siln\u011bn\u00ed.<\/span><\/p>\n<p><span dir=\"auto\">St\u00e1tn\u00ed z\u00e1stupci tvrd\u00ed, \u017ee po druh\u00e9 svatebn\u00ed noci poslal fotografii do rodinn\u00e9 skupiny na WhatsAppu, na kter\u00e9 \u00fadajn\u011b byla krvav\u00e1 skvrna na koberci jako d\u016fkaz, \u017ee byla \u201eod\u0148ata dcera\u201c.<\/span><\/p>\n<p><span dir=\"auto\">Pokusy o dal\u0161\u00ed sexu\u00e1ln\u00ed kontakt byly \u00fadajn\u011b ne\u00fasp\u011b\u0161n\u00e9 a d\u00edvka byla vr\u00e1cena rodi\u010d\u016fm.<\/span><\/p>\n<p><span dir=\"auto\">Ob\u017ealoba uv\u00e1d\u00ed, \u017ee ob\u017ealovan\u00fd poznamenal: \u201eJestli s n\u00ed nem\u016f\u017eeme sp\u00e1t, co s n\u00ed m\u00e1me d\u011blat?\u201c nebo slova podobn\u00e9ho v\u00fdznamu. Ob\u017ealovan\u00fd se pozd\u011bji s dvan\u00e1ctiletou d\u00edvkou o\u017eenil, za co\u017e ji\u017e byl odsouzen.<\/span><\/p>\n<p><span dir=\"auto\">Na zah\u00e1jen\u00ed nov\u00e9ho procesu se ob\u017ealovan\u00fd k obvin\u011bn\u00edm nevyj\u00e1d\u0159il. P\u0159ed soudem je tak\u00e9 jeho star\u0161\u00ed bratr a jeho man\u017eelka, kte\u0159\u00ed jsou obvin\u011bni z financov\u00e1n\u00ed a zprost\u0159edkov\u00e1n\u00ed obou s\u0148atk\u016f.<\/span><\/p>\n<p><span dir=\"auto\">Dal\u0161\u00ed sly\u0161en\u00ed jsou napl\u00e1nov\u00e1na na leden.<\/span><\/p>\n<p><img decoding=\"async\" loading=\"lazy\" class=\"alignnone size-full wp-image-1185\" src=\"http:\/\/www.infokuryr.cz\/n\/wp-content\/uploads\/2021\/04\/kuryr-podpis.png\" alt=\"\" width=\"84\" height=\"24\" \/><\/p>\n<p>&nbsp;<\/p>\n","protected":false},"excerpt":{"rendered":"<p>St\u00e1tn\u00ed z\u00e1stupci tvrd\u00ed, \u017ee 24let\u00fd mu\u017e, kter\u00fd byl loni ji\u017e odsouzen za s\u0148atek a zn\u00e1siln\u011bn\u00ed&#8230;<\/p>\n","protected":false},"author":2,"featured_media":92435,"comment_status":"closed","ping_status":"closed","sticky":false,"template":"","format":"standard","meta":[],"categories":[7],"tags":[245,84,529,2852],"_links":{"self":[{"href":"https:\/\/www.infokuryr.cz\/n\/wp-json\/wp\/v2\/posts\/92434"}],"collection":[{"href":"https:\/\/www.infokuryr.cz\/n\/wp-json\/wp\/v2\/posts"}],"about":[{"href":"https:\/\/www.infokuryr.cz\/n\/wp-json\/wp\/v2\/types\/post"}],"author":[{"embeddable":true,"href":"https:\/\/www.infokuryr.cz\/n\/wp-json\/wp\/v2\/users\/2"}],"replies":[{"embeddable":true,"href":"https:\/\/www.infokuryr.cz\/n\/wp-json\/wp\/v2\/comments?post=92434"}],"version-history":[{"count":0,"href":"https:\/\/www.infokuryr.cz\/n\/wp-json\/wp\/v2\/posts\/92434\/revisions"}],"wp:featuredmedia":[{"embeddable":true,"href":"https:\/\/www.infokuryr.cz\/n\/wp-json\/wp\/v2\/media\/92435"}],"wp:attachment":[{"href":"https:\/\/www.infokuryr.cz\/n\/wp-json\/wp\/v2\/media?parent=92434"}],"wp:term":[{"taxonomy":"category","embeddable":true,"href":"https:\/\/www.infokuryr.cz\/n\/wp-json\/wp\/v2\/categories?post=92434"},{"taxonomy":"post_tag","embeddable":true,"href":"https:\/\/www.infokuryr.cz\/n\/wp-json\/wp\/v2\/tags?post=92434"}],"curies":[{"name":"wp","href":"https:\/\/api.w.org\/{rel}","templated":true}]}}