{"id":92430,"date":"2025-11-18T00:22:00","date_gmt":"2025-11-17T23:22:00","guid":{"rendered":"https:\/\/www.infokuryr.cz\/n\/?p=92430"},"modified":"2025-11-17T15:36:02","modified_gmt":"2025-11-17T14:36:02","slug":"navzdory-vsem-nebezpecim-eu-prosazuje-rozsirovani-vetrne-energie-v-uzkem-kontaktu-se-zelenou-lobby","status":"publish","type":"post","link":"https:\/\/www.infokuryr.cz\/n\/2025\/11\/18\/navzdory-vsem-nebezpecim-eu-prosazuje-rozsirovani-vetrne-energie-v-uzkem-kontaktu-se-zelenou-lobby\/","title":{"rendered":"Navzdory v\u0161em nebezpe\u010d\u00edm: EU prosazuje roz\u0161i\u0159ov\u00e1n\u00ed v\u011btrn\u00e9 energie v \u00fazk\u00e9m kontaktu se zelenou lobby"},"content":{"rendered":"<div id=\"fb-root\"><\/div>\n<p><strong><span dir=\"auto\">Lobby v\u011btrn\u00e9 energie udr\u017euje \u00fazk\u00fd kontakt s Evropskou komis\u00ed: Podle rejst\u0159\u00edku transparentnosti EU uspo\u0159\u00e1dala samotn\u00e1 organizace WindEurope ji\u017e 138 sch\u016fzek se z\u00e1stupci Komise. Krom\u011b toho se konaj\u00ed sch\u016fzky s poslanci Evropsk\u00e9ho parlamentu a dal\u0161\u00edmi lobbisty. Nev\u00fdhody nemilosrdn\u011b prosazovan\u00e9ho roz\u0161i\u0159ov\u00e1n\u00ed v\u011btrn\u00e9 energie pravd\u011bpodobn\u011b nebudou hr\u00e1t na t\u011bchto sch\u016fzk\u00e1ch roli stejn\u011b jako v medi\u00e1ln\u00edm pokryt\u00ed. \u0160\u00e9fredaktor Report24 Florian Machl dnes v Evropsk\u00e9m parlamentu p\u0159edn\u00e1\u0161\u00ed, \u017ee vrh\u00e1 sv\u011btlo na to, co je v t\u00e9to souvislosti p\u0159ed ve\u0159ejnost\u00ed zatajov\u00e1no.<\/span><\/strong><\/p>\n<p><a href=\"https:\/\/www.ots.at\/presseaussendung\/OTS_20251114_OTS0091\/fpoe-hauser-eu-transparenzregister-belegt-137-lobbying-termine-mit-windeurope\" target=\"_blank\" rel=\"noreferrer noopener\"><span dir=\"auto\">Poslanec Strany svobody Gerald Hauser bije na poplach v tiskov\u00e9 zpr\u00e1v\u011b<\/span><\/a><span dir=\"auto\">\u00a0ze 14. listopadu\u00a0: Podle n\u011bj samotn\u00e1 lobbistick\u00e1 organizace WindEurope ji\u017e uspo\u0159\u00e1dala 137 sch\u016fzek s Evropskou komis\u00ed. \u201eKrom\u011b toho prob\u00edhaj\u00ed dal\u0161\u00ed sch\u016fzky s poslanci a dal\u0161\u00edmi lobbisty, kte\u0159\u00ed se touto ot\u00e1zkou zab\u00fdvaj\u00ed. To jasn\u011b ukazuje, jak \u00fazce jsou politika a pr\u016fmysl propojeny. Tato setk\u00e1n\u00ed nejsou n\u00e1hodn\u00e1 \u2013 jsou sou\u010d\u00e1st\u00ed syst\u00e9mu,\u201c varoval Hauser.<\/span><\/p>\n<p><span dir=\"auto\">Pohled do rejst\u0159\u00edku transparentnosti ukazuje, \u017ee podle ned\u00e1vn\u00e9 aktualizace bylo zaznamen\u00e1no ji\u017e 138 sch\u016fzek se z\u00e1stupci Komise. Podle\u00a0<\/span><a href=\"https:\/\/www.europarl.europa.eu\/meps\/en\/search-meetings?transparencyRegisterIds=19920706471-21\" target=\"_blank\" rel=\"noreferrer noopener\"><span dir=\"auto\">webov\u00fdch str\u00e1nek Parlamentu<\/span><\/a><span dir=\"auto\">\u00a0se jen v tomto roce uskute\u010dnilo tak\u00e9 deset sch\u016fzek s poslanci parlamentu EU a tak\u00e9 n\u011bkolik sch\u016fzek s r\u016fzn\u00fdmi dal\u0161\u00edmi organizacemi v oblasti energetiky, klimatu a pr\u016fmyslu.<\/span><\/p>\n<p><a href=\"https:\/\/transparency-register.europa.eu\/search-register-or-update\/organisation-detail_de?id=19920706471-21\" target=\"_blank\" rel=\"noreferrer noopener\"><span dir=\"auto\">Registr transparentnosti EU<\/span><\/a><span dir=\"auto\">\u00a0obsahuje\u00a0n\u00e1sleduj\u00edc\u00ed popis organizace pro v\u011btrnou energii:<\/span><\/p>\n<p><em><span dir=\"auto\">WindEurope je hlasem v\u011btrn\u00e9ho pr\u016fmyslu a aktivn\u011b propaguje v\u011btrnou energii v Evrop\u011b i po cel\u00e9m sv\u011bt\u011b. Asociace m\u00e1 v\u00edce ne\u017e 600 \u010dlen\u016f, v\u010detn\u011b v\u00fdrobc\u016f s vedouc\u00edm pod\u00edlem na glob\u00e1ln\u00edm trhu s v\u011btrnou energi\u00ed, dodavatel\u016f, v\u00fdzkumn\u00fdch \u00fastav\u016f, n\u00e1rodn\u00edch asociac\u00ed pro v\u011btrnou a obnovitelnou energii, developer\u016f, energetick\u00fdch spole\u010dnost\u00ed, finan\u010dn\u00edch a poji\u0161\u0165ovac\u00edch spole\u010dnost\u00ed a poradensk\u00fdch firem.<\/span><\/em><\/p>\n<p><span dir=\"auto\">D\u00e1le tvrd\u00ed, \u017ee prov\u00e1d\u011bj\u00ed studie a kampan\u011b na propagaci v\u00fdhod v\u011btrn\u00e9 energie a na \u201evyvracen\u00ed m\u00fdt\u016f na z\u00e1klad\u011b spolehliv\u00fdch dat a anal\u00fdz\u201c. Solidn\u00ed data a anal\u00fdzy prezentovan\u00e9 lobbistickou skupinou, jej\u00ed\u017e \u010dlenov\u00e9 jsou z\u00e1visl\u00ed na zisc\u00edch sv\u00e9ho odv\u011btv\u00ed?<\/span><\/p>\n<p><span dir=\"auto\">Gerald Hauser poukazuje na stinnou str\u00e1nku zelen\u00e9 mince: Krom\u011b ekologick\u00fdch \u0161kod, jednak zp\u016fsoben\u00fdch v\u00fdstavbou v\u011btrn\u00fdch turb\u00edn a p\u0159\u00edjezdov\u00fdch cest a jednak od\u011brem lopatek rotoru, varuje tak\u00e9 p\u0159ed zdravotn\u00edmi riziky: \u201eInfrazvuk generovan\u00fd v\u011btrn\u00fdmi turb\u00ednami se m\u016f\u017ee \u0161\u00ed\u0159it kilometry a v\u00e9st k poruch\u00e1m sp\u00e1nku, bu\u0161en\u00ed srdce nebo \u00fazkosti. Ka\u017ed\u00fd, kdo si takov\u00e9 z\u00e1t\u011b\u017ee dovol\u00ed, jedn\u00e1 nezodpov\u011bdn\u011b.\u201c<\/span><\/p>\n<p><span dir=\"auto\">Jako\u017eto tyrolsk\u00fd turistick\u00fd profesion\u00e1l vid\u00ed Hauser tak\u00e9 skute\u010dnou hrozbu pro image a cestovn\u00ed ruch regionu: \u201e\u017d\u00e1dn\u00fd host nejezd\u00ed do Tyrolska vid\u011bt v\u011btrn\u00e9 turb\u00edny. Na\u0161e hory p\u0159edstavuj\u00ed m\u00edr, p\u0159\u00edrodu a kr\u00e1su \u2013 a p\u0159esn\u011b to se nyn\u00ed \u00famysln\u011b ni\u010d\u00ed.\u201c Brusel ob\u011btuje \u017eivotn\u00ed prost\u0159ed\u00ed a zdrav\u00ed pod rou\u0161kou \u201eZelen\u00e9 dohody\u201c, varuje Hauser a v t\u00e9to souvislosti ost\u0159e kritizuje i Rakouskou lidovou stranu (\u00d6VP): \u201e\u00d6VP podporuje ni\u010den\u00ed na\u0161\u00ed jedine\u010dn\u00e9 horsk\u00e9 krajiny dotacemi. To je \u00fatok na na\u0161e alpsk\u00e9 pastviny, na\u0161i kulturu a na\u0161i identitu. Tyrolsko mus\u00ed z\u016fstat bez v\u011btrn\u00fdch turb\u00edn! Na na\u0161e vrcholy pat\u0159\u00ed k\u0159\u00ed\u017ee \u2013 ne v\u011btrn\u00e9 turb\u00edny!\u201c<\/span><\/p>\n<p><span dir=\"auto\">Hauser\u016fv z\u00e1v\u011br: \u201eV\u011btrn\u00e9 turb\u00edny jsou neefektivn\u00ed, \u0161kodliv\u00e9 pro \u017eivotn\u00ed prost\u0159ed\u00ed a ohro\u017euj\u00ed zdrav\u00ed a cestovn\u00ed ruch.\u201c Aby zv\u00fd\u0161il pov\u011bdom\u00ed o negativn\u00edch dopadech v\u011btrn\u00e9 energie, uspo\u0159\u00e1dal na dnes, v pond\u011bl\u00ed, informa\u010dn\u00ed akci s Florianem Machlem v Evropsk\u00e9m parlamentu, kter\u00e1 za\u010dne p\u0159ibli\u017en\u011b ve 14:15. \u201eV mainstreamov\u00fdch m\u00e9di\u00edch sly\u0161\u00edte jen pozitivn\u00ed v\u011bci \u2013 my ukazujeme druhou stranu,\u201c \u0159\u00edk\u00e1 Hauser.<\/span><\/p>\n<p><img decoding=\"async\" loading=\"lazy\" class=\"alignnone size-full wp-image-1185\" src=\"http:\/\/www.infokuryr.cz\/n\/wp-content\/uploads\/2021\/04\/kuryr-podpis.png\" alt=\"\" width=\"84\" height=\"24\" \/><\/p>\n<p>&nbsp;<\/p>\n","protected":false},"excerpt":{"rendered":"<p>Lobby v\u011btrn\u00e9 energie udr\u017euje \u00fazk\u00fd kontakt s Evropskou komis\u00ed: Podle rejst\u0159\u00edku transparentnosti EU uspo\u0159\u00e1dala samotn\u00e1&#8230;<\/p>\n","protected":false},"author":2,"featured_media":92431,"comment_status":"closed","ping_status":"closed","sticky":false,"template":"","format":"standard","meta":[],"categories":[7],"tags":[67,41,873,2625],"_links":{"self":[{"href":"https:\/\/www.infokuryr.cz\/n\/wp-json\/wp\/v2\/posts\/92430"}],"collection":[{"href":"https:\/\/www.infokuryr.cz\/n\/wp-json\/wp\/v2\/posts"}],"about":[{"href":"https:\/\/www.infokuryr.cz\/n\/wp-json\/wp\/v2\/types\/post"}],"author":[{"embeddable":true,"href":"https:\/\/www.infokuryr.cz\/n\/wp-json\/wp\/v2\/users\/2"}],"replies":[{"embeddable":true,"href":"https:\/\/www.infokuryr.cz\/n\/wp-json\/wp\/v2\/comments?post=92430"}],"version-history":[{"count":0,"href":"https:\/\/www.infokuryr.cz\/n\/wp-json\/wp\/v2\/posts\/92430\/revisions"}],"wp:featuredmedia":[{"embeddable":true,"href":"https:\/\/www.infokuryr.cz\/n\/wp-json\/wp\/v2\/media\/92431"}],"wp:attachment":[{"href":"https:\/\/www.infokuryr.cz\/n\/wp-json\/wp\/v2\/media?parent=92430"}],"wp:term":[{"taxonomy":"category","embeddable":true,"href":"https:\/\/www.infokuryr.cz\/n\/wp-json\/wp\/v2\/categories?post=92430"},{"taxonomy":"post_tag","embeddable":true,"href":"https:\/\/www.infokuryr.cz\/n\/wp-json\/wp\/v2\/tags?post=92430"}],"curies":[{"name":"wp","href":"https:\/\/api.w.org\/{rel}","templated":true}]}}