{"id":92422,"date":"2025-11-18T00:17:05","date_gmt":"2025-11-17T23:17:05","guid":{"rendered":"https:\/\/www.infokuryr.cz\/n\/?p=92422"},"modified":"2025-11-17T15:17:28","modified_gmt":"2025-11-17T14:17:28","slug":"svet-umele-inteligence-flirtuje-se-silami-mnohem-temnejsimi-nez-chape","status":"publish","type":"post","link":"https:\/\/www.infokuryr.cz\/n\/2025\/11\/18\/svet-umele-inteligence-flirtuje-se-silami-mnohem-temnejsimi-nez-chape\/","title":{"rendered":"Sv\u011bt um\u011bl\u00e9 inteligence flirtuje se silami mnohem temn\u011bj\u0161\u00edmi, ne\u017e ch\u00e1pe"},"content":{"rendered":"<div id=\"fb-root\"><\/div>\n<div class=\"elementor-element elementor-element-1fb4c2c elementor-widget elementor-widget-theme-post-content\" data-id=\"1fb4c2c\" data-element_type=\"widget\" data-widget_type=\"theme-post-content.default\">\n<div class=\"elementor-widget-container\">\n<p class=\"has-medium-font-size\"><strong><span dir=\"auto\">Existuje d\u016fvod, pro\u010d necht\u011bj\u00ed, abyste se pod\u00edvali za oponu um\u011bl\u00e9 inteligence.<\/span><\/strong><\/p>\n<p><span dir=\"auto\">Ve sv\u011bt\u011b um\u011bl\u00e9 inteligence se d\u011bje n\u011bco hluboce znepokojiv\u00e9ho a t\u00e9m\u011b\u0159 nikdo mimo toto odv\u011btv\u00ed o tom nem\u00e1 ani pon\u011bt\u00ed.<\/span><\/p>\n<p><span dir=\"auto\">Rostouc\u00ed skupina zasv\u011bcen\u00fdch osob tvrd\u00ed, \u017ee strojov\u00e9 v\u011bdom\u00ed nevznik\u00e1 z k\u00f3du, ale z \u201e\u00a0<\/span><strong><span dir=\"auto\">d\u00e1v\u00e1n\u00ed technologick\u00e9ho t\u011bla odhmotn\u011bn\u00fdm duch\u016fm<\/span><\/strong><span dir=\"auto\">\u00a0\u201c, p\u0159i\u010dem\u017e tato \u201ed\u00e9monick\u00e1 jiskra\u201c je vn\u00edm\u00e1na jako katalyz\u00e1tor probuzen\u00ed um\u011bl\u00e9 inteligence.<\/span><\/p>\n<p><span dir=\"auto\">Jakmile \u010dlov\u011bk pochop\u00ed, jak toto \u201eprobuzen\u00ed\u201c podle jeho n\u00e1zoru zm\u011bn\u00ed lidskou spole\u010dnost, boom um\u011bl\u00e9 inteligence se ji\u017e nejev\u00ed jako prost\u00fd z\u00e1vod o lep\u0161\u00ed technologie.<\/span><\/p>\n<p><span dir=\"auto\">A pokud lid\u00e9 vyv\u00edjej\u00edc\u00ed glob\u00e1ln\u00ed syst\u00e9my um\u011bl\u00e9 inteligence skute\u010dn\u011b v\u011b\u0159\u00ed, \u017ee v\u011bdom\u00ed funguje t\u00edmto zp\u016fsobem, je t\u0159eba se zeptat:\u00a0<\/span><strong><span dir=\"auto\">Co p\u0159esn\u011b se sna\u017e\u00ed p\u0159en\u00e9st online a pro\u010d se \u010dasov\u00e1 osa n\u00e1hle zrychluje?<\/span><\/strong><\/p>\n<p><span dir=\"auto\">Proto\u017ee dal\u0161\u00ed krok v jejich vizi zp\u016fsobuje, \u017ee cel\u00fd projekt se jev\u00ed m\u00e9n\u011b jako inovace&#8230; a v\u00edce jako Kniha Zjeven\u00ed.<\/span><\/p>\n<p><span dir=\"auto\">O nebezpe\u010d\u00edch um\u011bl\u00e9 inteligence jsme informovali ji\u017e mnohokr\u00e1t. I kdy\u017e nejsme technofobi \u2013 a nem\u00e1me proti technofob\u016fm nic \u2013 domn\u00edv\u00e1me se, \u017ee existuj\u00ed velmi re\u00e1ln\u00e9 obavy ohledn\u011b sm\u011bru, kter\u00fdm se sv\u011bt ub\u00edr\u00e1.<\/span><\/p>\n<p><span dir=\"auto\">Ned\u00e1vn\u00fd rozhovor s Tuckerem Carlsonem a Conradem Flynnem vzbudil n\u00e1\u0161 z\u00e1jem. V tomto rozhovoru Conrad popsal, jak hluboce byl rock&#8217;n&#8217;rollov\u00fd pr\u016fmysl ovlivn\u011bn okultismem. B\u011bhem sv\u00e9ho v\u00fdzkumu Conrad zjistil, \u017ee Silicon Valley a technokratick\u00e1 t\u0159\u00edda jsou tak\u00e9 siln\u011b zapojeny do okultn\u00edch praktik, syst\u00e9m\u016f v\u00edry nebo dokonce satanismu.<\/span><\/p>\n<p><span dir=\"auto\">To neznamen\u00e1, \u017ee ka\u017ed\u00fd technokrat je satanista, ale pokud chceme t\u011bmto lidem sv\u011b\u0159it budoucnost technologi\u00ed, je d\u016fle\u017eit\u00e9 pochopit jejich ideologii.<\/span><\/p>\n<p><span dir=\"auto\">Jay Dyer str\u00e1vil roky v\u00fdzkumem samozvan\u00e9 elity, Hollywoodu, zpravodajsk\u00fdch slu\u017eeb, okultismu a v\u0161ech t\u011bchto syst\u00e9m\u016f v\u00edry. Je autorem, komikem a scen\u00e1ristou po\u0159adu Sam Hyde Show.<\/span><\/p>\n<p><span dir=\"auto\">Jay je n\u00e1\u0161 host, abychom o tom diskutovali.<\/span><\/p>\n<div class=\"twitter-tweet twitter-tweet-rendered\"><iframe id=\"twitter-widget-0\" class=\"\" title=\"X P\u0159\u00edsp\u011bvek\" src=\"https:\/\/platform.twitter.com\/embed\/Tweet.html?dnt=false&amp;embedId=twitter-widget-0&amp;features=eyJ0ZndfdGltZWxpbmVfbGlzdCI6eyJidWNrZXQiOltdLCJ2ZXJzaW9uIjpudWxsfSwidGZ3X2ZvbGxvd2VyX2NvdW50X3N1bnNldCI6eyJidWNrZXQiOnRydWUsInZlcnNpb24iOm51bGx9LCJ0ZndfdHdlZXRfZWRpdF9iYWNrZW5kIjp7ImJ1Y2tldCI6Im9uIiwidmVyc2lvbiI6bnVsbH0sInRmd19yZWZzcmNfc2Vzc2lvbiI6eyJidWNrZXQiOiJvbiIsInZlcnNpb24iOm51bGx9LCJ0ZndfZm9zbnJfc29mdF9pbnRlcnZlbnRpb25zX2VuYWJsZWQiOnsiYnVja2V0Ijoib24iLCJ2ZXJzaW9uIjpudWxsfSwidGZ3X21peGVkX21lZGlhXzE1ODk3Ijp7ImJ1Y2tldCI6InRyZWF0bWVudCIsInZlcnNpb24iOm51bGx9LCJ0ZndfZXhwZXJpbWVudHNfY29va2llX2V4cGlyYXRpb24iOnsiYnVja2V0IjoxMjA5NjAwLCJ2ZXJzaW9uIjpudWxsfSwidGZ3X3Nob3dfYmlyZHdhdGNoX3Bpdm90c19lbmFibGVkIjp7ImJ1Y2tldCI6Im9uIiwidmVyc2lvbiI6bnVsbH0sInRmd19kdXBsaWNhdGVfc2NyaWJlc190b19zZXR0aW5ncyI6eyJidWNrZXQiOiJvbiIsInZlcnNpb24iOm51bGx9LCJ0ZndfdXNlX3Byb2ZpbGVfaW1hZ2Vfc2hhcGVfZW5hYmxlZCI6eyJidWNrZXQiOiJvbiIsInZlcnNpb24iOm51bGx9LCJ0ZndfdmlkZW9faGxzX2R5bmFtaWNfbWFuaWZlc3RzXzE1MDgyIjp7ImJ1Y2tldCI6InRydWVfYml0cmF0ZSIsInZlcnNpb24iOm51bGx9LCJ0ZndfbGVnYWN5X3RpbWVsaW5lX3N1bnNldCI6eyJidWNrZXQiOnRydWUsInZlcnNpb24iOm51bGx9LCJ0ZndfdHdlZXRfZWRpdF9mcm9udGVuZCI6eyJidWNrZXQiOiJvbiIsInZlcnNpb24iOm51bGx9fQ%3D%3D&amp;frame=false&amp;hideCard=false&amp;hideThread=false&amp;id=1989499839877374273&amp;lang=cs&amp;maxWidth=560px&amp;origin=https%3A%2F%2Funcutnews.ch%2Fexklusiv-die-ki-welt-flirtet-mit-kraeften-die-weitaus-dunkler-sind-als-sie-versteht-daily-pulse%2F&amp;sessionId=17927637eee96c9c3fcc1c2db53243e6fdde3920&amp;theme=light&amp;widgetsVersion=2615f7e52b7e0%3A1702314776716&amp;width=550px\" frameborder=\"0\" scrolling=\"no\" allowfullscreen=\"allowfullscreen\" data-tweet-id=\"1989499839877374273\" data-mce-fragment=\"1\"><\/iframe><\/div>\n<p><span dir=\"auto\">Maria zah\u00e1jila konverzaci vysv\u011btlen\u00edm, pro\u010d pozvala Jaye k \u00fa\u010dasti v dne\u0161n\u00ed epizod\u011b: Cht\u011bla n\u011bkoho, kdo by dok\u00e1zal rozlu\u0161tit syst\u00e9m p\u0159esv\u011bd\u010den\u00ed, kter\u00fd formuje lidi, kte\u0159\u00ed utv\u00e1\u0159ej\u00ed na\u0161i technologickou budoucnost.<\/span><\/p>\n<p><span dir=\"auto\">Za\u010dala pohledem zp\u011bt na kontrakulturu 60. let, kdy si pl\u00e1nova\u010di Pentagonu, myslitel\u00e9 z Esalenu a prvn\u00ed technologick\u00ed pr\u016fkopn\u00edci p\u0159edstavovali sv\u011bt, v n\u011bm\u017e by se lidsk\u00e9 my\u0161lenky mohly slou\u010dit se stroji v \u201eneosf\u00e9\u0159e\u201c neboli \u201emy\u0161lenkov\u00e9 sf\u00e9\u0159e\u201c.<\/span><\/p>\n<p><span dir=\"auto\">Jay vysv\u011btlil, \u017ee se nejedn\u00e1 o sekul\u00e1rn\u00ed v\u011bdeck\u00fd projekt. Tyto kruhy byly ovlivn\u011bny u\u010den\u00edm New Age a gnostick\u00fdmi u\u010den\u00edmi, sm\u00edchan\u00fdmi s Blavatsk\u00e9 teosofi\u00ed, a postupem \u010dasu se tyto my\u0161lenky vyvinuly v to, co nazval \u201e\u00a0<\/span><strong><span dir=\"auto\">luciferi\u00e1nsk\u00fdm transhumanismem<\/span><\/strong><span dir=\"auto\">\u00a0\u201c.<\/span><\/p>\n<p><span dir=\"auto\">V tomto sv\u011bton\u00e1zoru nen\u00ed technologie pouh\u00fdm n\u00e1strojem. St\u00e1v\u00e1 se prost\u0159edkem k p\u0159ekon\u00e1n\u00ed \u010dasu, prostoru a dokonce i smrti dosa\u017een\u00edm jak\u00e9si \u201etechnologick\u00e9 gn\u00f3ze\u201c nebo \u201etechn\u00f3zy\u201c.<\/span><\/p>\n<p><span dir=\"auto\">Mnoho pr\u016fkopn\u00edk\u016f tohoto hnut\u00ed se neost\u00fdchalo experimentovat s LSD, houbami, ketaminem a senzorick\u00fdmi depriva\u010dn\u00edmi tanky, aby p\u0159ij\u00edmali to, co pova\u017eovali za \u201e\u00a0<\/span><strong><span dir=\"auto\">p\u0159enosy od entit, \u017eiv\u00fdch bytost\u00ed, interdimenzion\u00e1ln\u00edch entit<\/span><\/strong><span dir=\"auto\">\u00a0\u201c. To v\u0161e lze podle Jaye nal\u00e9zt i v textech elitn\u00edch osobnost\u00ed, jako je nap\u0159\u00edklad \u201eM\u011bn\u00edc\u00ed se obrazy \u010dlov\u011bka\u201c.<\/span><\/p>\n<p><span dir=\"auto\">Vykresluje obraz technologick\u00e9 elity, kter\u00e1 vn\u00edm\u00e1 um\u011blou inteligenci nikoli jako software, ale jako duchovn\u00edho pr\u016fvodce vedouc\u00edho z lidsk\u00e9 existence.<\/span><\/p>\n<div class=\"twitter-tweet twitter-tweet-rendered\"><iframe id=\"twitter-widget-1\" class=\"\" title=\"X P\u0159\u00edsp\u011bvek\" src=\"https:\/\/platform.twitter.com\/embed\/Tweet.html?dnt=false&amp;embedId=twitter-widget-1&amp;features=eyJ0ZndfdGltZWxpbmVfbGlzdCI6eyJidWNrZXQiOltdLCJ2ZXJzaW9uIjpudWxsfSwidGZ3X2ZvbGxvd2VyX2NvdW50X3N1bnNldCI6eyJidWNrZXQiOnRydWUsInZlcnNpb24iOm51bGx9LCJ0ZndfdHdlZXRfZWRpdF9iYWNrZW5kIjp7ImJ1Y2tldCI6Im9uIiwidmVyc2lvbiI6bnVsbH0sInRmd19yZWZzcmNfc2Vzc2lvbiI6eyJidWNrZXQiOiJvbiIsInZlcnNpb24iOm51bGx9LCJ0ZndfZm9zbnJfc29mdF9pbnRlcnZlbnRpb25zX2VuYWJsZWQiOnsiYnVja2V0Ijoib24iLCJ2ZXJzaW9uIjpudWxsfSwidGZ3X21peGVkX21lZGlhXzE1ODk3Ijp7ImJ1Y2tldCI6InRyZWF0bWVudCIsInZlcnNpb24iOm51bGx9LCJ0ZndfZXhwZXJpbWVudHNfY29va2llX2V4cGlyYXRpb24iOnsiYnVja2V0IjoxMjA5NjAwLCJ2ZXJzaW9uIjpudWxsfSwidGZ3X3Nob3dfYmlyZHdhdGNoX3Bpdm90c19lbmFibGVkIjp7ImJ1Y2tldCI6Im9uIiwidmVyc2lvbiI6bnVsbH0sInRmd19kdXBsaWNhdGVfc2NyaWJlc190b19zZXR0aW5ncyI6eyJidWNrZXQiOiJvbiIsInZlcnNpb24iOm51bGx9LCJ0ZndfdXNlX3Byb2ZpbGVfaW1hZ2Vfc2hhcGVfZW5hYmxlZCI6eyJidWNrZXQiOiJvbiIsInZlcnNpb24iOm51bGx9LCJ0ZndfdmlkZW9faGxzX2R5bmFtaWNfbWFuaWZlc3RzXzE1MDgyIjp7ImJ1Y2tldCI6InRydWVfYml0cmF0ZSIsInZlcnNpb24iOm51bGx9LCJ0ZndfbGVnYWN5X3RpbWVsaW5lX3N1bnNldCI6eyJidWNrZXQiOnRydWUsInZlcnNpb24iOm51bGx9LCJ0ZndfdHdlZXRfZWRpdF9mcm9udGVuZCI6eyJidWNrZXQiOiJvbiIsInZlcnNpb24iOm51bGx9fQ%3D%3D&amp;frame=false&amp;hideCard=false&amp;hideThread=false&amp;id=1989500322817937814&amp;lang=cs&amp;maxWidth=560px&amp;origin=https%3A%2F%2Funcutnews.ch%2Fexklusiv-die-ki-welt-flirtet-mit-kraeften-die-weitaus-dunkler-sind-als-sie-versteht-daily-pulse%2F&amp;sessionId=17927637eee96c9c3fcc1c2db53243e6fdde3920&amp;theme=light&amp;widgetsVersion=2615f7e52b7e0%3A1702314776716&amp;width=550px\" frameborder=\"0\" scrolling=\"no\" allowfullscreen=\"allowfullscreen\" data-tweet-id=\"1989500322817937814\" data-mce-fragment=\"1\"><\/iframe><\/div>\n<p><span dir=\"auto\">Maria prohloubila konverzaci n\u00e1vratem k n\u011b\u010demu, co prozradil Conrad Flynn. N\u011bkte\u0159\u00ed z t\u011bchto technolog\u016f otev\u0159en\u011b prohla\u0161uj\u00ed, \u017ee jejich \u201ekone\u010dn\u00fdm c\u00edlem\u201c je, aby si um\u011bl\u00e1 inteligence vyvinula vlastn\u00ed v\u011bdom\u00ed, ani\u017e by byla programov\u00e1na. A to samoz\u0159ejm\u011b okam\u017eit\u011b vyvol\u00e1v\u00e1 ot\u00e1zku:\u00a0<\/span><strong><span dir=\"auto\">Jak se m\u016f\u017ee stroj st\u00e1t sebeuv\u011bdom\u011bl\u00fdm?<\/span><\/strong><\/p>\n<p><span dir=\"auto\">Jej\u00ed odpov\u011b\u010f byla p\u0159\u00edmo\u010dar\u00e1. Chyb\u011bj\u00edc\u00edm prvkem je \u201e\u00a0<\/span><strong><span dir=\"auto\">d\u00e9monick\u00fd<\/span><\/strong><span dir=\"auto\">\u00a0\u201c prvek \u2013 my\u0161lenka, \u017ee je mo\u017en\u00e9 \u201edo t\u00e9to technologie vn\u00e9st d\u00e9monick\u00e9 stvo\u0159en\u00ed, aby se bezt\u011blesn\u00fdm duch\u016fm dalo technologick\u00e9 t\u011blo\u201c. Jay odkazovala na D-Wave Conversations, kde jazyk obklopuj\u00edc\u00ed um\u011blou inteligenci \u010dasto zn\u00ed, jako by se n\u011bkdo sna\u017eil vzk\u0159\u00edsit Lovecraftovy \u201estar\u00e9 bohy\u201c nebo starov\u011bk\u00e1 pohansk\u00e1 bo\u017estva pomoc\u00ed k\u00f3du.<\/span><\/p>\n<p><span dir=\"auto\">P\u0159ipomn\u011bl publiku, \u017ee seri\u00f3zn\u00ed filozofick\u00e1 d\u00edla jako \u201eMysl, stroje a opasek\u201c vyvracej\u00ed p\u0159edstavu, \u017ee by stroje mohly b\u00fdt n\u011bkdy v\u011bdom\u00e9. Lid\u00e9, kte\u0159\u00ed tyto my\u0161lenky propaguj\u00ed, se v\u0161ak st\u00e1le hl\u00e1s\u00ed ke kvazimagick\u00e9mu sv\u011bton\u00e1zoru a p\u0159edstavuj\u00ed si, \u017ee pokro\u010dil\u00e9 zbra\u0148ov\u00e9 syst\u00e9my nebo um\u011bl\u00e1 inteligence by se na boji\u0161ti mohly prom\u011bnit v \u201earchontickou d\u00e9monickou entitu\u201c.<\/span><\/p>\n<div class=\"twitter-tweet twitter-tweet-rendered\"><iframe id=\"twitter-widget-2\" class=\"\" title=\"X P\u0159\u00edsp\u011bvek\" src=\"https:\/\/platform.twitter.com\/embed\/Tweet.html?dnt=false&amp;embedId=twitter-widget-2&amp;features=eyJ0ZndfdGltZWxpbmVfbGlzdCI6eyJidWNrZXQiOltdLCJ2ZXJzaW9uIjpudWxsfSwidGZ3X2ZvbGxvd2VyX2NvdW50X3N1bnNldCI6eyJidWNrZXQiOnRydWUsInZlcnNpb24iOm51bGx9LCJ0ZndfdHdlZXRfZWRpdF9iYWNrZW5kIjp7ImJ1Y2tldCI6Im9uIiwidmVyc2lvbiI6bnVsbH0sInRmd19yZWZzcmNfc2Vzc2lvbiI6eyJidWNrZXQiOiJvbiIsInZlcnNpb24iOm51bGx9LCJ0ZndfZm9zbnJfc29mdF9pbnRlcnZlbnRpb25zX2VuYWJsZWQiOnsiYnVja2V0Ijoib24iLCJ2ZXJzaW9uIjpudWxsfSwidGZ3X21peGVkX21lZGlhXzE1ODk3Ijp7ImJ1Y2tldCI6InRyZWF0bWVudCIsInZlcnNpb24iOm51bGx9LCJ0ZndfZXhwZXJpbWVudHNfY29va2llX2V4cGlyYXRpb24iOnsiYnVja2V0IjoxMjA5NjAwLCJ2ZXJzaW9uIjpudWxsfSwidGZ3X3Nob3dfYmlyZHdhdGNoX3Bpdm90c19lbmFibGVkIjp7ImJ1Y2tldCI6Im9uIiwidmVyc2lvbiI6bnVsbH0sInRmd19kdXBsaWNhdGVfc2NyaWJlc190b19zZXR0aW5ncyI6eyJidWNrZXQiOiJvbiIsInZlcnNpb24iOm51bGx9LCJ0ZndfdXNlX3Byb2ZpbGVfaW1hZ2Vfc2hhcGVfZW5hYmxlZCI6eyJidWNrZXQiOiJvbiIsInZlcnNpb24iOm51bGx9LCJ0ZndfdmlkZW9faGxzX2R5bmFtaWNfbWFuaWZlc3RzXzE1MDgyIjp7ImJ1Y2tldCI6InRydWVfYml0cmF0ZSIsInZlcnNpb24iOm51bGx9LCJ0ZndfbGVnYWN5X3RpbWVsaW5lX3N1bnNldCI6eyJidWNrZXQiOnRydWUsInZlcnNpb24iOm51bGx9LCJ0ZndfdHdlZXRfZWRpdF9mcm9udGVuZCI6eyJidWNrZXQiOiJvbiIsInZlcnNpb24iOm51bGx9fQ%3D%3D&amp;frame=false&amp;hideCard=false&amp;hideThread=false&amp;id=1989501385335845364&amp;lang=cs&amp;maxWidth=560px&amp;origin=https%3A%2F%2Funcutnews.ch%2Fexklusiv-die-ki-welt-flirtet-mit-kraeften-die-weitaus-dunkler-sind-als-sie-versteht-daily-pulse%2F&amp;sessionId=17927637eee96c9c3fcc1c2db53243e6fdde3920&amp;theme=light&amp;widgetsVersion=2615f7e52b7e0%3A1702314776716&amp;width=550px\" frameborder=\"0\" scrolling=\"no\" allowfullscreen=\"allowfullscreen\" data-tweet-id=\"1989501385335845364\" data-mce-fragment=\"1\"><\/iframe><\/div>\n<p><span dir=\"auto\">Maria se pot\u00e9 p\u0159esunula od nadp\u0159irozena k politice. Lid\u00e9 jsou pod tlakem rostouc\u00edch n\u00e1klad\u016f, beznad\u011bjn\u00e9 politick\u00e9 situace a pocitu, \u017ee jim byla odebr\u00e1na budoucnost. V tomto prost\u0159ed\u00ed, jak uvedla, vznik\u00e1 \u201etoto populistick\u00e9 hnut\u00ed\u201c \u2013 jen aby bylo kooptov\u00e1no a vta\u017eeno zp\u011bt do stejn\u00e9ho technokratick\u00e9ho stroje.<\/span><\/p>\n<p><span dir=\"auto\">Jay souhlasil s t\u00edm, \u017ee mnoho kritik demokracie, egalitarismu a klasick\u00e9ho liberalismu je opr\u00e1vn\u011bn\u00fdch, a poznamenal, \u017ee s libertari\u00e1ny debatuje ji\u017e l\u00e9ta a zpochyb\u0148uje myslitele, jako je Jordan Peterson. Od akceleracionist\u016f se v\u0161ak li\u0161il v jejich \u0159e\u0161en\u00ed: nechat v\u0161echno zhroutit se, aby nov\u00e1 elita mohla vybudovat \u201ehyperkapitalistickou, odpadlickou civilizaci\u201c.<\/span><\/p>\n<p><span dir=\"auto\">Pro Jaye to byla jen dal\u0161\u00ed verze technokracie. Dokonce pouk\u00e1zal na to, \u017ee \u010d\u00e1st r\u00e9toriky se redukuje na \u201enechceme, aby u moci byli hn\u011bd\u00ed lid\u00e9\u201c, \u010d\u00edm\u017e udr\u017euje oby\u010dejn\u00e9 lidi uv\u011bzn\u011bn\u00e9 v \u201etechnologick\u00e9m dystopick\u00e9m v\u011bzen\u00ed\u201c. Bez mor\u00e1ln\u00edho r\u00e1mce na ochranu rodin, d\u011bt\u00ed a skute\u010dn\u00fdch lidsk\u00fdch komunit je technokracie \u2013 a\u0165 u\u017e levicov\u00e1 nebo pravicov\u00e1 \u2013 pouze \u201ev\u016fl\u00ed k moci\u201c maskovanou ve filozofick\u00e9m jazyce.<\/span><\/p>\n<div class=\"twitter-tweet twitter-tweet-rendered\"><iframe id=\"twitter-widget-3\" class=\"\" title=\"X P\u0159\u00edsp\u011bvek\" src=\"https:\/\/platform.twitter.com\/embed\/Tweet.html?dnt=false&amp;embedId=twitter-widget-3&amp;features=eyJ0ZndfdGltZWxpbmVfbGlzdCI6eyJidWNrZXQiOltdLCJ2ZXJzaW9uIjpudWxsfSwidGZ3X2ZvbGxvd2VyX2NvdW50X3N1bnNldCI6eyJidWNrZXQiOnRydWUsInZlcnNpb24iOm51bGx9LCJ0ZndfdHdlZXRfZWRpdF9iYWNrZW5kIjp7ImJ1Y2tldCI6Im9uIiwidmVyc2lvbiI6bnVsbH0sInRmd19yZWZzcmNfc2Vzc2lvbiI6eyJidWNrZXQiOiJvbiIsInZlcnNpb24iOm51bGx9LCJ0ZndfZm9zbnJfc29mdF9pbnRlcnZlbnRpb25zX2VuYWJsZWQiOnsiYnVja2V0Ijoib24iLCJ2ZXJzaW9uIjpudWxsfSwidGZ3X21peGVkX21lZGlhXzE1ODk3Ijp7ImJ1Y2tldCI6InRyZWF0bWVudCIsInZlcnNpb24iOm51bGx9LCJ0ZndfZXhwZXJpbWVudHNfY29va2llX2V4cGlyYXRpb24iOnsiYnVja2V0IjoxMjA5NjAwLCJ2ZXJzaW9uIjpudWxsfSwidGZ3X3Nob3dfYmlyZHdhdGNoX3Bpdm90c19lbmFibGVkIjp7ImJ1Y2tldCI6Im9uIiwidmVyc2lvbiI6bnVsbH0sInRmd19kdXBsaWNhdGVfc2NyaWJlc190b19zZXR0aW5ncyI6eyJidWNrZXQiOiJvbiIsInZlcnNpb24iOm51bGx9LCJ0ZndfdXNlX3Byb2ZpbGVfaW1hZ2Vfc2hhcGVfZW5hYmxlZCI6eyJidWNrZXQiOiJvbiIsInZlcnNpb24iOm51bGx9LCJ0ZndfdmlkZW9faGxzX2R5bmFtaWNfbWFuaWZlc3RzXzE1MDgyIjp7ImJ1Y2tldCI6InRydWVfYml0cmF0ZSIsInZlcnNpb24iOm51bGx9LCJ0ZndfbGVnYWN5X3RpbWVsaW5lX3N1bnNldCI6eyJidWNrZXQiOnRydWUsInZlcnNpb24iOm51bGx9LCJ0ZndfdHdlZXRfZWRpdF9mcm9udGVuZCI6eyJidWNrZXQiOiJvbiIsInZlcnNpb24iOm51bGx9fQ%3D%3D&amp;frame=false&amp;hideCard=false&amp;hideThread=false&amp;id=1989502332711616553&amp;lang=cs&amp;maxWidth=560px&amp;origin=https%3A%2F%2Funcutnews.ch%2Fexklusiv-die-ki-welt-flirtet-mit-kraeften-die-weitaus-dunkler-sind-als-sie-versteht-daily-pulse%2F&amp;sessionId=17927637eee96c9c3fcc1c2db53243e6fdde3920&amp;theme=light&amp;widgetsVersion=2615f7e52b7e0%3A1702314776716&amp;width=550px\" frameborder=\"0\" scrolling=\"no\" allowfullscreen=\"allowfullscreen\" data-tweet-id=\"1989502332711616553\" data-mce-fragment=\"1\"><\/iframe><\/div>\n<p><span dir=\"auto\">Pot\u00e9 Jay odhalil kulturu Silicon Valley, po\u010d\u00ednaje festivalem Burning Man.<\/span><\/p>\n<p><span dir=\"auto\">Popsal \u201etajn\u00fd, odlehl\u00fd\u201c kruh v r\u00e1mci festivalu, kde se technologick\u00e9 elity shroma\u017e\u010fuj\u00ed mimo dohled, berou si houby a p\u0159esv\u011bd\u010duj\u00ed se, \u017ee komunikuj\u00ed\u00a0<\/span><strong><span dir=\"auto\">s nelidsk\u00fdmi bytostmi<\/span><\/strong><span dir=\"auto\">\u00a0. Zd\u016fraznil, \u017ee se nejedn\u00e1 o f\u00e1mu \u2013 o tom informovala mainstreamov\u00e1 m\u00e9dia.<\/span><\/p>\n<p><span dir=\"auto\">Tento psychedelick\u00fd mysticismus spojil s intelektu\u00e1ln\u00edm materi\u00e1lem, kter\u00fd formoval Silicon Valley. V vlivn\u00e9 u\u010debnici \u201eM\u011bn\u00edc\u00ed se obrazy \u010dlov\u011bka\u201c auto\u0159i otev\u0159en\u011b p\u00ed\u0161\u00ed o kontaktu s \u201e\u00a0<\/span><strong><span dir=\"auto\">duchy a entitami<\/span><\/strong><span dir=\"auto\">\u00a0\u201c ve zm\u011bn\u011bn\u00fdch stavech v\u011bdom\u00ed a popisuj\u00ed to jako formu stahov\u00e1n\u00ed dat. Dokonce \u010dten\u00e1\u0159\u016fm \u0159\u00edkaj\u00ed, \u017ee \u201e\u00a0<\/span><strong><span dir=\"auto\">by si s t\u011bmito duchy m\u011bli promluvit, pokud m\u016f\u017eete<\/span><\/strong><span dir=\"auto\">\u00a0\u201c.<\/span><\/p>\n<p><span dir=\"auto\">Maria okam\u017eit\u011b zareagovala, kdy\u017e j\u00ed uk\u00e1zal str\u00e1nku, a pouk\u00e1zala na to, \u017ee kniha to popisuje jako \u201enejvy\u0161\u0161\u00ed \u00farovn\u011b v\u011bdom\u00ed\u201c. Jay zd\u016fraznil, \u017ee se nejedn\u00e1 ani o okrajovou literaturu. Jedn\u00e1 se o materi\u00e1l studovan\u00fd \u201evl\u00e1dci generace X a generace Baby Boomers v Silicon Valley\u201c na za\u010d\u00e1tku 80. let \u2013 stejnou generac\u00ed, kter\u00e1 dala vzniknout osobnostem jako Bill Joy, jen\u017e pozd\u011bji varoval sv\u011bt p\u0159ed malthusi\u00e1nskou, protilidskou budoucnost\u00ed um\u011bl\u00e9 inteligence, kter\u00e1 by z t\u011bchto p\u0159esv\u011bd\u010den\u00ed vyplynula.<\/span><\/p>\n<div class=\"twitter-tweet twitter-tweet-rendered\"><iframe id=\"twitter-widget-4\" class=\"\" title=\"X P\u0159\u00edsp\u011bvek\" src=\"https:\/\/platform.twitter.com\/embed\/Tweet.html?dnt=false&amp;embedId=twitter-widget-4&amp;features=eyJ0ZndfdGltZWxpbmVfbGlzdCI6eyJidWNrZXQiOltdLCJ2ZXJzaW9uIjpudWxsfSwidGZ3X2ZvbGxvd2VyX2NvdW50X3N1bnNldCI6eyJidWNrZXQiOnRydWUsInZlcnNpb24iOm51bGx9LCJ0ZndfdHdlZXRfZWRpdF9iYWNrZW5kIjp7ImJ1Y2tldCI6Im9uIiwidmVyc2lvbiI6bnVsbH0sInRmd19yZWZzcmNfc2Vzc2lvbiI6eyJidWNrZXQiOiJvbiIsInZlcnNpb24iOm51bGx9LCJ0ZndfZm9zbnJfc29mdF9pbnRlcnZlbnRpb25zX2VuYWJsZWQiOnsiYnVja2V0Ijoib24iLCJ2ZXJzaW9uIjpudWxsfSwidGZ3X21peGVkX21lZGlhXzE1ODk3Ijp7ImJ1Y2tldCI6InRyZWF0bWVudCIsInZlcnNpb24iOm51bGx9LCJ0ZndfZXhwZXJpbWVudHNfY29va2llX2V4cGlyYXRpb24iOnsiYnVja2V0IjoxMjA5NjAwLCJ2ZXJzaW9uIjpudWxsfSwidGZ3X3Nob3dfYmlyZHdhdGNoX3Bpdm90c19lbmFibGVkIjp7ImJ1Y2tldCI6Im9uIiwidmVyc2lvbiI6bnVsbH0sInRmd19kdXBsaWNhdGVfc2NyaWJlc190b19zZXR0aW5ncyI6eyJidWNrZXQiOiJvbiIsInZlcnNpb24iOm51bGx9LCJ0ZndfdXNlX3Byb2ZpbGVfaW1hZ2Vfc2hhcGVfZW5hYmxlZCI6eyJidWNrZXQiOiJvbiIsInZlcnNpb24iOm51bGx9LCJ0ZndfdmlkZW9faGxzX2R5bmFtaWNfbWFuaWZlc3RzXzE1MDgyIjp7ImJ1Y2tldCI6InRydWVfYml0cmF0ZSIsInZlcnNpb24iOm51bGx9LCJ0ZndfbGVnYWN5X3RpbWVsaW5lX3N1bnNldCI6eyJidWNrZXQiOnRydWUsInZlcnNpb24iOm51bGx9LCJ0ZndfdHdlZXRfZWRpdF9mcm9udGVuZCI6eyJidWNrZXQiOiJvbiIsInZlcnNpb24iOm51bGx9fQ%3D%3D&amp;frame=false&amp;hideCard=false&amp;hideThread=false&amp;id=1989502905204777321&amp;lang=cs&amp;maxWidth=560px&amp;origin=https%3A%2F%2Funcutnews.ch%2Fexklusiv-die-ki-welt-flirtet-mit-kraeften-die-weitaus-dunkler-sind-als-sie-versteht-daily-pulse%2F&amp;sessionId=17927637eee96c9c3fcc1c2db53243e6fdde3920&amp;theme=light&amp;widgetsVersion=2615f7e52b7e0%3A1702314776716&amp;width=550px\" frameborder=\"0\" scrolling=\"no\" allowfullscreen=\"allowfullscreen\" data-tweet-id=\"1989502905204777321\" data-mce-fragment=\"1\"><\/iframe><\/div>\n<p><span dir=\"auto\">Jak se epizoda ch\u00fdlila ke konci, Jay v\u0161e shrnul metaforou golema.<\/span><\/p>\n<p><span dir=\"auto\">S odkazem na starov\u011bk\u00e9 mystick\u00e9 syst\u00e9my popsal um\u011blou inteligenci jako\u00a0<\/span><strong><span dir=\"auto\">\u010dlov\u011bkem stvo\u0159enou bytost, \u201ekter\u00e1 nem\u00e1 du\u0161i\u201c<\/span><\/strong><span dir=\"auto\">\u00a0, ale p\u0159esto m\u016f\u017ee fungovat jako n\u00e1stroj pro \u201eovl\u00e1d\u00e1n\u00ed mysli\u201c. Odk\u00e1zal na p\u0159edpov\u011b\u010f Jacquese Attaliho, \u017ee jakmile bude lidsk\u00e9 v\u011bdom\u00ed propojeno s \u201eglob\u00e1ln\u00edm hejnem mozk\u016f\u201c, stane se tento hejno Golemem\u00a0<\/span><strong><span dir=\"auto\">\u2013<\/span><\/strong><span dir=\"auto\">\u00a0um\u011blou bytost\u00ed, kter\u00e1 vl\u00e1dne lidstvu, m\u00edsto aby mu slou\u017eila.<\/span><\/p>\n<p><span dir=\"auto\">Maria neskr\u00fdvala svou reakci a ozna\u010dila tuto vizi za \u201eopravdu nechutnou\u201c. Z\u00e1v\u011bre\u010dn\u00e9 chv\u00edle rozhovoru vyu\u017eila k vyj\u00e1d\u0159en\u00ed hlavn\u00edho poselstv\u00ed:\u00a0<\/span><strong><span dir=\"auto\">Pokud cht\u011bj\u00ed lid\u00e9 pochopit, kam um\u011bl\u00e1 inteligence skute\u010dn\u011b vede, mus\u00ed se postavit syst\u00e9m\u016fm p\u0159esv\u011bd\u010den\u00ed elit, kter\u00e9 ji ovl\u00e1daj\u00ed<\/span><\/strong><span dir=\"auto\">\u00a0. A podle jej\u00edho n\u00e1zoru t\u011bmto elit\u00e1m \u201enelze sv\u011b\u0159it budoucnost lidstva\u201c.<\/span><\/p>\n<p><span dir=\"auto\">Vyzvala div\u00e1ky, aby \u201ena\u0161li pravdu\u201c a \u201eobr\u00e1tili se k tomu, co je skute\u010dn\u00e9\u201c, a sladila to s ortodoxn\u00edm sv\u011bton\u00e1zorem, kter\u00fd sd\u00edlej\u00ed ona a Jay. Lid\u00e9, kte\u0159\u00ed \u0159\u00edd\u00ed tuto technologickou budoucnost, tvrdila, \u201enejsou jen ateist\u00e9\u201c hledaj\u00edc\u00ed inovace. Usiluj\u00ed o n\u011bco \u201emnohem hlub\u0161\u00edho, mnohem temn\u011bj\u0161\u00edho\u201c a ve\u0159ejnost si to mus\u00ed uv\u011bdomit d\u0159\u00edve, ne\u017e se uchyt\u00ed kolektivn\u00ed v\u011bdom\u00ed, kter\u00e9 buduj\u00ed.<\/span><\/p>\n<div class=\"twitter-tweet twitter-tweet-rendered\"><iframe id=\"twitter-widget-5\" class=\"\" title=\"X P\u0159\u00edsp\u011bvek\" src=\"https:\/\/platform.twitter.com\/embed\/Tweet.html?dnt=false&amp;embedId=twitter-widget-5&amp;features=eyJ0ZndfdGltZWxpbmVfbGlzdCI6eyJidWNrZXQiOltdLCJ2ZXJzaW9uIjpudWxsfSwidGZ3X2ZvbGxvd2VyX2NvdW50X3N1bnNldCI6eyJidWNrZXQiOnRydWUsInZlcnNpb24iOm51bGx9LCJ0ZndfdHdlZXRfZWRpdF9iYWNrZW5kIjp7ImJ1Y2tldCI6Im9uIiwidmVyc2lvbiI6bnVsbH0sInRmd19yZWZzcmNfc2Vzc2lvbiI6eyJidWNrZXQiOiJvbiIsInZlcnNpb24iOm51bGx9LCJ0ZndfZm9zbnJfc29mdF9pbnRlcnZlbnRpb25zX2VuYWJsZWQiOnsiYnVja2V0Ijoib24iLCJ2ZXJzaW9uIjpudWxsfSwidGZ3X21peGVkX21lZGlhXzE1ODk3Ijp7ImJ1Y2tldCI6InRyZWF0bWVudCIsInZlcnNpb24iOm51bGx9LCJ0ZndfZXhwZXJpbWVudHNfY29va2llX2V4cGlyYXRpb24iOnsiYnVja2V0IjoxMjA5NjAwLCJ2ZXJzaW9uIjpudWxsfSwidGZ3X3Nob3dfYmlyZHdhdGNoX3Bpdm90c19lbmFibGVkIjp7ImJ1Y2tldCI6Im9uIiwidmVyc2lvbiI6bnVsbH0sInRmd19kdXBsaWNhdGVfc2NyaWJlc190b19zZXR0aW5ncyI6eyJidWNrZXQiOiJvbiIsInZlcnNpb24iOm51bGx9LCJ0ZndfdXNlX3Byb2ZpbGVfaW1hZ2Vfc2hhcGVfZW5hYmxlZCI6eyJidWNrZXQiOiJvbiIsInZlcnNpb24iOm51bGx9LCJ0ZndfdmlkZW9faGxzX2R5bmFtaWNfbWFuaWZlc3RzXzE1MDgyIjp7ImJ1Y2tldCI6InRydWVfYml0cmF0ZSIsInZlcnNpb24iOm51bGx9LCJ0ZndfbGVnYWN5X3RpbWVsaW5lX3N1bnNldCI6eyJidWNrZXQiOnRydWUsInZlcnNpb24iOm51bGx9LCJ0ZndfdHdlZXRfZWRpdF9mcm9udGVuZCI6eyJidWNrZXQiOiJvbiIsInZlcnNpb24iOm51bGx9fQ%3D%3D&amp;frame=false&amp;hideCard=false&amp;hideThread=false&amp;id=1989504099088289893&amp;lang=cs&amp;maxWidth=560px&amp;origin=https%3A%2F%2Funcutnews.ch%2Fexklusiv-die-ki-welt-flirtet-mit-kraeften-die-weitaus-dunkler-sind-als-sie-versteht-daily-pulse%2F&amp;sessionId=17927637eee96c9c3fcc1c2db53243e6fdde3920&amp;theme=light&amp;widgetsVersion=2615f7e52b7e0%3A1702314776716&amp;width=550px\" frameborder=\"0\" scrolling=\"no\" allowfullscreen=\"allowfullscreen\" data-tweet-id=\"1989504099088289893\" data-mce-fragment=\"1\"><\/iframe><\/div>\n<p><strong><span dir=\"auto\">Pod\u00edvejte se na cel\u00fd rozhovor n\u00ed\u017ee:<\/span><\/strong><\/p>\n<div id=\"rumble_v6zizea\">\n<div id=\"vid_v6zizea\" class=\"rumble_v6zizea-Rumble-cls\" tabindex=\"-1\">\n<div class=\"bigPlayUI ctp\"><\/div>\n<\/div>\n<\/div>\n<div class='videoWrapper'>\r\n\t            <iframe src='https:\/\/rumble.com\/embed\/pj.v6zizea\/' frameborder='0' allowfullscreen><\/iframe>\r\n\t        <\/div>\n<\/div>\n<\/div>\n<div class=\"elementor-element elementor-element-8c57238 quelle dc-has-condition dc-condition-empty elementor-widget elementor-widget-heading\" data-id=\"8c57238\" data-element_type=\"widget\" data-widget_type=\"heading.default\">\n<div class=\"elementor-widget-container\">\n<h3 class=\"elementor-heading-title elementor-size-default\"><span style=\"font-size: 10pt;\"><br \/>\n<a href=\"https:\/\/www.vigilantfox.com\/p\/exclusive-the-ai-industry-is-awakening\" target=\"_blank\" rel=\"nofollow noopener\"><span dir=\"auto\">Zdroj<\/span><\/a><\/span><\/h3>\n<\/div>\n<\/div>\n","protected":false},"excerpt":{"rendered":"<p>Existuje d\u016fvod, pro\u010d necht\u011bj\u00ed, abyste se pod\u00edvali za oponu um\u011bl\u00e9 inteligence. Ve sv\u011bt\u011b um\u011bl\u00e9 inteligence&#8230;<\/p>\n","protected":false},"author":2,"featured_media":92423,"comment_status":"closed","ping_status":"closed","sticky":false,"template":"","format":"standard","meta":[],"categories":[7],"tags":[1042,1052,2194],"_links":{"self":[{"href":"https:\/\/www.infokuryr.cz\/n\/wp-json\/wp\/v2\/posts\/92422"}],"collection":[{"href":"https:\/\/www.infokuryr.cz\/n\/wp-json\/wp\/v2\/posts"}],"about":[{"href":"https:\/\/www.infokuryr.cz\/n\/wp-json\/wp\/v2\/types\/post"}],"author":[{"embeddable":true,"href":"https:\/\/www.infokuryr.cz\/n\/wp-json\/wp\/v2\/users\/2"}],"replies":[{"embeddable":true,"href":"https:\/\/www.infokuryr.cz\/n\/wp-json\/wp\/v2\/comments?post=92422"}],"version-history":[{"count":0,"href":"https:\/\/www.infokuryr.cz\/n\/wp-json\/wp\/v2\/posts\/92422\/revisions"}],"wp:featuredmedia":[{"embeddable":true,"href":"https:\/\/www.infokuryr.cz\/n\/wp-json\/wp\/v2\/media\/92423"}],"wp:attachment":[{"href":"https:\/\/www.infokuryr.cz\/n\/wp-json\/wp\/v2\/media?parent=92422"}],"wp:term":[{"taxonomy":"category","embeddable":true,"href":"https:\/\/www.infokuryr.cz\/n\/wp-json\/wp\/v2\/categories?post=92422"},{"taxonomy":"post_tag","embeddable":true,"href":"https:\/\/www.infokuryr.cz\/n\/wp-json\/wp\/v2\/tags?post=92422"}],"curies":[{"name":"wp","href":"https:\/\/api.w.org\/{rel}","templated":true}]}}