{"id":9242,"date":"2022-03-19T04:41:13","date_gmt":"2022-03-19T03:41:13","guid":{"rendered":"https:\/\/www.infokuryr.cz\/n\/?p=9242"},"modified":"2022-03-19T04:41:13","modified_gmt":"2022-03-19T03:41:13","slug":"jiri-paroubek-spore-hlasy-realismu","status":"publish","type":"post","link":"https:\/\/www.infokuryr.cz\/n\/2022\/03\/19\/jiri-paroubek-spore-hlasy-realismu\/","title":{"rendered":"Ji\u0159\u00ed Paroubek: Spor\u00e9 hlasy realismu"},"content":{"rendered":"<div id=\"fb-root\"><\/div>\n<div class=\"perex\"><strong>V jednostrann\u00e9 propagand\u011b, kter\u00e1 v sou\u010dasn\u00e9 dob\u011b ovl\u00e1dla \u010desk\u00e1 mainstreamov\u00e1 m\u00e9dia, nem\u00e1 velk\u00fd smysl hledat, zejm\u00e9na v koment\u00e1\u0159\u00edch tzv. analytik\u016f, n\u011bjak\u00e9 perly. Ale st\u0159ede\u010dn\u00ed \u010dl\u00e1nek V\u00e1clava Klause st. v MF Dnes byl skute\u010dnou perlou. Vyt\u0159\u00edben\u00fd, logick\u00fd, se se\u0159azen\u00fdmi argumenty, prost\u011b brilantn\u00ed.<\/p>\n<p><\/strong><\/div>\n<div class=\"content\">\n<p>Mus\u00edm \u0159\u00edci, \u017ee je to jeden z nejlep\u0161\u00edch \u010dl\u00e1nk\u016f, kter\u00fd V. Klaus kdy napsal. A pot\u0159eboval k tomu tak\u00e9 dost odvahy, stejn\u011b jako redakce MF Dnes, aby jej zve\u0159ejnila. U\u017e n\u00e1zev \u010dl\u00e1nku \u201eAnal\u00fdza p\u0159\u00ed\u010din v\u00e1lky je cestou k jej\u00edmu konci\u201c vlastn\u011b vyjad\u0159uje obsah \u010dl\u00e1nku. V. Klaus analyzuje pozice jednotliv\u00fdch stran konfliktu p\u0159ed jeho zah\u00e1jen\u00edm. Vlastn\u011b se s n\u00edm v jeho pohledu t\u00e9m\u011b\u0159 ve v\u0161em shoduji.<\/p>\n<p>Osobn\u011b pova\u017euji re\u00e1ln\u00fd konflikt mezi Ruskem a Ukrajinou za z\u00e1stupn\u00fd konflikt mezi Spojen\u00fdmi st\u00e1ty a Ruskou federac\u00ed. V. Klaus m\u00e1 pravdu v tom, \u017ee p\u0159edev\u0161\u00edm ukrajin\u0161t\u00ed l\u00edd\u0159i m\u011bli odhadnout my\u0161lenkov\u00e9 pochody V. Putina a zejm\u00e9na m\u00edru ohro\u017een\u00ed bezpe\u010dnosti Ruska, kterou rusk\u00fd prezident poci\u0165uje, pokud by se Ukrajina stala \u010dlenem NATO.<\/p>\n<p>N\u011bkolik m\u011bs\u00edc\u016f st\u00e1la rusk\u00e1 vojska na rusko-ukrajinsk\u00fdch hranic\u00edch. N\u011bkolik m\u011bs\u00edc\u016f jezdili politikov\u00e9 z Ruska na Z\u00e1pad a ze Z\u00e1padu do Moskvy a vedli spolu dialog hluch\u00fdch.<\/p>\n<p>Rusko v cel\u00e9 sv\u00e9 historii, a to by mohl v\u011bd\u011bt i gener\u00e1ln\u00ed tajemn\u00edk NATO Stoltenberg, pokud by se ov\u0161em n\u011bkdy zab\u00fdval histori\u00ed Ruska (co\u017e by jako b\u00fdval\u00fd norsk\u00fd premi\u00e9r m\u011bl), \u017ee Rusov\u00e9 v\u017edy p\u0159ece\u0148uj\u00ed hrozby za sv\u00fdmi hranicemi. To je, bohu\u017eel, prov\u00e1z\u00ed cel\u00e9 jejich modern\u00ed d\u011bjiny ji\u017e od Petra Velik\u00e9ho.<\/p>\n<p>Samoz\u0159ejm\u011b, vojensk\u00e1 invaze je neomluviteln\u00e1, a\u0165 je z jak\u00e9hokoliv d\u016fvodu. Ale o to se V. Klaus v\u010dera, ani j\u00e1 v tomto sv\u00e9m dne\u0161n\u00edm \u010dl\u00e1nku, nepokou\u0161\u00edme. Ka\u017ed\u00e1 v\u00e1lka je hnusn\u00e1. Ni\u010d\u00ed lidsk\u00e9 osudy, lidsk\u00e9 \u017eivoty, \u017eivoty rodin, materi\u00e1ln\u00ed statky ve\u0159ejn\u00e9 i soukrom\u00e9, prost\u011b je devastuj\u00edc\u00ed. A\u0165 je to nyn\u011bj\u0161\u00ed v\u00e1lka nebo to byla v\u00e1lka vietnamsk\u00e1 \u010di \u201ehumanit\u00e1rn\u00ed\u201c bombardov\u00e1n\u00ed Jugosl\u00e1vie anebo druh\u00e1 v\u00e1lka v Ir\u00e1ku, veden\u00e1 bez mand\u00e1tu Rady bezpe\u010dnosti OSN.<\/p>\n<p>Jednostrann\u00e1 propaganda, kter\u00e9 jsme u n\u00e1s vystaveni a cenzura, kter\u00e1 se usadila na h\u0159betu \u010desk\u00fdch mainstreamov\u00fdch m\u00e9di\u00ed, zabra\u0148uj\u00ed, abychom se dozv\u011bd\u011bli plnou pravdu o v\u00fdvoji vojensk\u00fdch operac\u00ed na Ukrajin\u011b. Podle dostupn\u00fdch informac\u00ed, kter\u00e9 m\u00e1m ze z\u00e1padn\u00edho tisku, rusk\u00e1 vojska zabrala v\u00fdznamnou \u010d\u00e1st jihu, v\u00fdchodu i severov\u00fdchodu Ukrajiny a\u017e za Kyjev. A vedou vojensk\u00e9 operace uprost\u0159ed tohoto \u00fazem\u00ed. Podle v\u0161eho se Rusov\u00e9 vylodili v okol\u00ed p\u0159\u00edstavu Od\u011bsa. A podle dostupn\u00fdch zpr\u00e1v v severov\u00fdchodn\u00ed<\/p>\n<p>\u010d\u00e1sti boji\u0161t\u011b v Luhansk\u00e9 oblasti jsou v \u201ekapse\u201c obkl\u00ed\u010den\u00e1 ukrajinsk\u00e1 vojska. Je tedy nejvy\u0161\u0161\u00ed \u010das ze strany Ukrajiny, ale i Ruska za\u010d\u00edt jedn\u00e1n\u00ed o p\u0159\u00edm\u011b\u0159\u00ed. Nejen o p\u0159\u00edm\u011b\u0159\u00ed, ale zejm\u00e9na o budouc\u00edm udr\u017eiteln\u00e9m m\u00edrov\u00e9m uspo\u0159\u00e1d\u00e1n\u00ed t\u00e9to \u010d\u00e1sti v\u00fdchodn\u00ed Evropy. Tu a tam i prezident Zelenskyj p\u0159ipou\u0161t\u00ed, \u017ee \u010dlenstv\u00ed zem\u011b v NATO nemus\u00ed zrovna b\u00fdt prioritou jeho z\u00e1jmu. Ale je jasnou Ruskou prioritou dos\u00e1hnout demilitarizace Ukrajiny. Anebo alespo\u0148 z\u00e1vazku, \u017ee Ukrajina nebude, podobn\u011b jako se zav\u00e1zalo Rakousko ve st\u00e1tn\u00ed smlouv\u011b v roce 1955, v budoucnu \u010dlenem n\u011bjak\u00e9ho vojensk\u00e9ho paktu.<\/p>\n<p>Je jen \u0161koda, \u017ee politick\u00e9 elity Z\u00e1padu a Ruska spolu vedly v t\u00e9to v\u011bci p\u0159ed v\u00e1lkou dialog hluch\u00fdch.<\/p>\n<p>Vzpom\u00edn\u00e1m si, kdy\u017e jsem byl mal\u00fd hoch, jak prob\u00edhala Karibsk\u00e1 krize v roce 1962. Tehdy Sov\u011bti um\u00edstili s j\u00e1sav\u00fdm souhlasem Fidela Castra, kter\u00fd cht\u011bl prov\u00e9st v Latinsk\u00e9 Americe revoluci, rakety s jadern\u00fdmi hlavicemi a odpalovac\u00ed za\u0159\u00edzen\u00ed na Kub\u011b. A zam\u011b\u0159ili je na americk\u00e1 velkom\u011bsta. Ji\u017e tehdy m\u00e1lem vznikla III. sv\u011btov\u00e1 v\u00e1lka, proto\u017ee to byl takov\u00fd z\u00e1sah do sv\u011btov\u00e9 rovnov\u00e1hy sil, kter\u00fd Spojen\u00e9 st\u00e1ty prost\u011b nemohly p\u0159ipustit. A tak Sov\u011bti st\u00e1hli rakety z Kuby (co\u017e Castro Chru\u0161\u010dovovi nikdy neodpustil) a recipro\u010dn\u011b Ameri\u010dan\u00e9 st\u00e1hli rakety z Turecka, kter\u00e9 tam um\u00edstili kr\u00e1tce p\u0159edt\u00edm.<\/p>\n<p>O Rusku a jeho prezidentovi si m\u016f\u017eu myslet, co chci, ale Rusko je st\u00e1le je\u0161t\u011b velmoc, vybaven\u00e1 ohromnou raketovou v\u00fdzbroj\u00ed a vyu\u017e\u00edv\u00e1 tento fakt jako n\u00e1stroj odstra\u0161en\u00ed.<\/p>\n<p>Na\u0161e politick\u00e9 elity by nyn\u00ed m\u011bly p\u0159estat d\u011blat, a to si mysl\u00edm podobn\u011b jako V. Klaus, politick\u00e9 prostocviky, kter\u00e9 jsou ur\u010deny dom\u00e1c\u00edmu publiku.<\/p>\n<p>To, co v\u016fbec nepot\u0159ebujeme, je v\u00e1lka. To, \u010demu se chceme vyhnout, je hlubok\u00e1 ekonomick\u00e1 krize, kter\u00e1 m\u016f\u017ee nastat v d\u016fsledku v\u00e1le\u010dn\u00e9 eskalace, ale tak\u00e9 v d\u016fsledku eskalace sankc\u00ed a protisankc\u00ed z obou stran.<\/p>\n<p>Je pot\u0159eba rychle za\u010d\u00edt jednat, a pokud se tohoto \u00fakolu ujmou Turci a budou \u00fasp\u011b\u0161n\u00ed, tak zapla\u0165 p\u00e1nb\u016fh.<\/p>\n<\/div>\n<p><a href=\"http:\/\/vasevec.parlamentnilisty.cz\/komentare\/jiri-paroubek-spore-hlasy-realismu\">Ji\u0159\u00ed Paroubek<\/a><\/p>\n<p><img decoding=\"async\" loading=\"lazy\" class=\"alignnone size-medium wp-image-2342\" src=\"http:\/\/www.infokuryr.cz\/n\/wp-content\/uploads\/2021\/06\/paroubek-300x208.jpg\" alt=\"\" width=\"300\" height=\"208\" srcset=\"https:\/\/www.infokuryr.cz\/n\/wp-content\/uploads\/2021\/06\/paroubek-300x208.jpg 300w, https:\/\/www.infokuryr.cz\/n\/wp-content\/uploads\/2021\/06\/paroubek.jpg 318w\" sizes=\"(max-width: 300px) 100vw, 300px\" \/><\/p>\n<p>&nbsp;<\/p>\n","protected":false},"excerpt":{"rendered":"<p>V jednostrann\u00e9 propagand\u011b, kter\u00e1 v sou\u010dasn\u00e9 dob\u011b ovl\u00e1dla \u010desk\u00e1 mainstreamov\u00e1 m\u00e9dia, nem\u00e1 velk\u00fd smysl hledat,&#8230;<\/p>\n","protected":false},"author":2,"featured_media":970,"comment_status":"closed","ping_status":"closed","sticky":false,"template":"","format":"standard","meta":[],"categories":[6],"tags":[29,220,22,26,459],"_links":{"self":[{"href":"https:\/\/www.infokuryr.cz\/n\/wp-json\/wp\/v2\/posts\/9242"}],"collection":[{"href":"https:\/\/www.infokuryr.cz\/n\/wp-json\/wp\/v2\/posts"}],"about":[{"href":"https:\/\/www.infokuryr.cz\/n\/wp-json\/wp\/v2\/types\/post"}],"author":[{"embeddable":true,"href":"https:\/\/www.infokuryr.cz\/n\/wp-json\/wp\/v2\/users\/2"}],"replies":[{"embeddable":true,"href":"https:\/\/www.infokuryr.cz\/n\/wp-json\/wp\/v2\/comments?post=9242"}],"version-history":[{"count":0,"href":"https:\/\/www.infokuryr.cz\/n\/wp-json\/wp\/v2\/posts\/9242\/revisions"}],"wp:featuredmedia":[{"embeddable":true,"href":"https:\/\/www.infokuryr.cz\/n\/wp-json\/wp\/v2\/media\/970"}],"wp:attachment":[{"href":"https:\/\/www.infokuryr.cz\/n\/wp-json\/wp\/v2\/media?parent=9242"}],"wp:term":[{"taxonomy":"category","embeddable":true,"href":"https:\/\/www.infokuryr.cz\/n\/wp-json\/wp\/v2\/categories?post=9242"},{"taxonomy":"post_tag","embeddable":true,"href":"https:\/\/www.infokuryr.cz\/n\/wp-json\/wp\/v2\/tags?post=9242"}],"curies":[{"name":"wp","href":"https:\/\/api.w.org\/{rel}","templated":true}]}}