{"id":92418,"date":"2025-11-18T00:15:05","date_gmt":"2025-11-17T23:15:05","guid":{"rendered":"https:\/\/www.infokuryr.cz\/n\/?p=92418"},"modified":"2025-11-17T15:09:13","modified_gmt":"2025-11-17T14:09:13","slug":"operace-jizni-kopi-trump-zadava-novou-vojenskou-kampan-k-priprave-invaze-do-venezuely-maduro-se-nechce-zahravat-se-spojenymi-staty","status":"publish","type":"post","link":"https:\/\/www.infokuryr.cz\/n\/2025\/11\/18\/operace-jizni-kopi-trump-zadava-novou-vojenskou-kampan-k-priprave-invaze-do-venezuely-maduro-se-nechce-zahravat-se-spojenymi-staty\/","title":{"rendered":"Operace Ji\u017en\u00ed kop\u00ed: Trump zad\u00e1v\u00e1 novou vojenskou kampa\u0148 k p\u0159\u00edprav\u011b invaze do Venezuely \u2013 Maduro \u201ese nechce zahr\u00e1vat se Spojen\u00fdmi st\u00e1ty\u201c"},"content":{"rendered":"<div id=\"fb-root\"><\/div>\n<div class=\"elementor-element elementor-element-1fb4c2c elementor-widget elementor-widget-theme-post-content\" data-id=\"1fb4c2c\" data-element_type=\"widget\" data-widget_type=\"theme-post-content.default\">\n<div class=\"elementor-widget-container\">\n<p><strong><span dir=\"auto\">Venezuelsk\u00e1 nositelka Nobelovy ceny m\u00edru potvrzuje, \u017ee po svr\u017een\u00ed sou\u010dasn\u00e9ho re\u017eimu pom\u016f\u017ee zprivatizovat ropu zem\u011b ve prosp\u011bch USA.<\/span><\/strong><\/p>\n<p><s><span dir=\"auto\">Ministr obrany<\/span><\/s><span dir=\"auto\">\u00a0Pete Hegseth ve \u010dtvrtek\u00a0instaloval u vchodu do Pentagonu dv\u011b nov\u00e9 bronzov\u00e9 plakety s n\u00e1pisem\u00a0<\/span><strong><span dir=\"auto\">\u201eMINISTERSTVO V\u00c1LKY\u201c<\/span><\/strong><span dir=\"auto\">\u00a0a prohl\u00e1sil tak, \u017ee \u010das obrany skon\u010dil: Nastal \u010das v\u00e1lky.<\/span><\/p>\n<p><em><span dir=\"auto\">\u201eCht\u011bli jsme [star\u00e9 cedule] vym\u011bnit, proto\u017ee chceme, aby ka\u017ed\u00fd, kdo projde t\u011bmito dve\u0159mi, v\u011bd\u011bl, \u017ee to se zm\u011bnou n\u00e1zvu t\u00e9to organizace mysl\u00edme naprosto v\u00e1\u017en\u011b.\u201c<\/span><\/em><\/p>\n<p><em><span dir=\"auto\">Milujeme v\u0161e, za \u010d\u00edm ministerstvo obrany stoj\u00ed. Ale pro ministerstvo v\u00e1lky je to nov\u00e1 \u00e9ra, \u00e9ra zam\u011b\u0159en\u00e1 na v\u00edt\u011bzstv\u00ed ve v\u00e1lk\u00e1ch\u2026 a na zaji\u0161t\u011bn\u00ed toho, abychom p\u0159esn\u011b v\u011bd\u011bli, co je \u00fakolem, a aby tam byly jednotky vysl\u00e1ny tak, aby byly \u00fasp\u011b\u0161n\u00e9 a vyhr\u00e1ly.<\/span><\/em><\/p>\n<p><em><span dir=\"auto\">Obnovujeme ji; obnovujeme odstra\u0161ov\u00e1n\u00ed \u2013 zalo\u017een\u00e9 na hesle \u201eAmerika na prvn\u00edm m\u00edst\u011b\u201c, m\u00edr skrze s\u00edlu a zdrav\u00fd rozum. A nyn\u00ed ka\u017ed\u00fd, kdo vstoup\u00ed do t\u00e9to budovy, a\u0165 u\u017e gener\u00e1lov\u00e9, civilist\u00e9 nebo zahrani\u010dn\u00ed v\u016fdci, uvid\u00ed: Tohle nen\u00ed jen na pap\u00ed\u0159e. Tohle nen\u00ed jen titul. Tohle je p\u0159esn\u011b to, k\u00fdm jsme.<\/span><\/em><\/p>\n<p><span dir=\"auto\">Kr\u00e1tce pot\u00e9, co Hegseth instaloval nov\u00e9 cedule, ministr v\u00e1lky ozn\u00e1mil, \u017ee Spojen\u00e9 st\u00e1ty jsou z\u0159ejm\u011b na pokraji invaze do Venezuely, a odhalil nov\u00fd pl\u00e1n: Operaci Ji\u017en\u00ed kop\u00ed. Hegseth uvedl, \u017ee c\u00edlem je zastavit \u201edrogov\u00fd terorismus\u201c.<\/span><\/p>\n<figure class=\"wp-block-image aligncenter size-large\"><img decoding=\"async\" class=\"aligncenter\" src=\"https:\/\/substackcdn.com\/image\/fetch\/$s_!pGAw!,w_1456,c_limit,f_webp,q_auto:good,fl_progressive:steep\/https%3A%2F%2Fsubstack-post-media.s3.amazonaws.com%2Fpublic%2Fimages%2Fcb1a94e3-94cf-4e25-b279-590a0885c22d_582x328.png\" alt=\"\" \/><\/figure>\n<p><span dir=\"auto\">Americk\u00e1 vojensk\u00e1 p\u0159\u00edtomnost v Karibiku se nad\u00e1le zvy\u0161uje v o\u010dek\u00e1v\u00e1n\u00ed rozs\u00e1hlej\u0161\u00edch operac\u00ed. SOUTHCOM zve\u0159ejnilo na soci\u00e1ln\u00edch s\u00edt\u00edch s\u00e9rii p\u0159\u00edsp\u011bvk\u016f, v nich\u017e chv\u00e1l\u00ed svou p\u0159\u00edtomnost v regionu. V \u00fater\u00fd do oblasti dorazila tak\u00e9 nejv\u011bt\u0161\u00ed letadlov\u00e1 lo\u010f sv\u011bta Gerald R. Ford Carrier Strike Group.<\/span><\/p>\n<p><span dir=\"auto\">\u201eZv\u00fd\u0161en\u00e1 p\u0159\u00edtomnost americk\u00fdch sil v oblasti p\u016fsobnosti USSOUTHCOM pos\u00edl\u00ed schopnost USA odhalovat, monitorovat a naru\u0161ovat neleg\u00e1ln\u00ed akt\u00e9ry a aktivity, kter\u00e9 ohro\u017euj\u00ed bezpe\u010dnost a prosperitu Spojen\u00fdch st\u00e1t\u016f a na\u0161i bezpe\u010dnost na z\u00e1padn\u00ed polokouli,\u201c uvedl mluv\u010d\u00ed Pentagonu Sean Parnell. \u201eTyto s\u00edly pos\u00edl\u00ed a roz\u0161\u00ed\u0159\u00ed st\u00e1vaj\u00edc\u00ed schopnosti v boji proti obchodu s drogami a rozb\u00edjej\u00ed nadn\u00e1rodn\u00ed zlo\u010dineck\u00e9 organizace.\u201c<\/span><\/p>\n<figure class=\"wp-block-image aligncenter size-large\"><img decoding=\"async\" class=\"aligncenter\" src=\"https:\/\/substackcdn.com\/image\/fetch\/$s_!LBY2!,w_1456,c_limit,f_webp,q_auto:good,fl_progressive:steep\/https%3A%2F%2Fsubstack-post-media.s3.amazonaws.com%2Fpublic%2Fimages%2F84ff1f1f-223f-4306-9e61-362f221d3017_582x585.png\" alt=\"\" \/><\/figure>\n<figure class=\"wp-block-image aligncenter size-large\"><img decoding=\"async\" class=\"aligncenter\" src=\"https:\/\/substackcdn.com\/image\/fetch\/$s_!oqaH!,w_1456,c_limit,f_webp,q_auto:good,fl_progressive:steep\/https%3A%2F%2Fsubstack-post-media.s3.amazonaws.com%2Fpublic%2Fimages%2F79e73c0e-d96a-4f6d-9d9f-222d58f50d7d_580x470.png\" alt=\"\" \/><\/figure>\n<figure class=\"wp-block-image aligncenter size-large\"><img decoding=\"async\" class=\"aligncenter\" src=\"https:\/\/substackcdn.com\/image\/fetch\/$s_!p0oq!,w_1456,c_limit,f_webp,q_auto:good,fl_progressive:steep\/https%3A%2F%2Fsubstack-post-media.s3.amazonaws.com%2Fpublic%2Fimages%2F345e7afd-bb46-403f-a055-6bd71d27a09d_579x508.png\" alt=\"\" \/><\/figure>\n<figure class=\"wp-block-image aligncenter size-large\"><img decoding=\"async\" class=\"aligncenter\" src=\"https:\/\/substackcdn.com\/image\/fetch\/$s_!L5UW!,w_1456,c_limit,f_webp,q_auto:good,fl_progressive:steep\/https%3A%2F%2Fsubstack-post-media.s3.amazonaws.com%2Fpublic%2Fimages%2Ff0c518d2-e920-456e-81e9-4746168df2cc_577x487.png\" alt=\"\" \/><\/figure>\n<p><span dir=\"auto\">Southcoming ve \u010dtvrtek tak\u00e9 informoval, \u017ee americk\u00e9 jednotky v Panam\u011b cvi\u010d\u00ed boje v d\u017eungli.<\/span><\/p>\n<figure class=\"wp-block-image aligncenter size-large\"><img decoding=\"async\" class=\"aligncenter\" src=\"https:\/\/substackcdn.com\/image\/fetch\/$s_!pHj2!,w_1456,c_limit,f_webp,q_auto:good,fl_progressive:steep\/https%3A%2F%2Fsubstack-post-media.s3.amazonaws.com%2Fpublic%2Fimages%2Ff03f8ce0-d960-4521-a2d1-f5ec68d2b1b0_579x508.png\" alt=\"\" \/><\/figure>\n<p><span dir=\"auto\">Panama ozn\u00e1mila, \u017ee od 9. do 29. \u0159\u00edjna bude v jej\u00ed d\u017eungli cvi\u010dit p\u0159ibli\u017en\u011b 50 americk\u00fdch mari\u0148\u00e1k\u016f, aby si zlep\u0161ili dovednosti \u201ev jednom z nejn\u00e1ro\u010dn\u011bj\u0161\u00edch prost\u0159ed\u00ed\u201c, informovala v \u0159\u00edjnu agentura AFP. \u201eTento v\u00fdcvik je ur\u010den v\u00fdhradn\u011b pro na\u0161i obranu a ochranu\u201c s c\u00edlem bojovat proti \u201eorganizovan\u00e9mu zlo\u010dinu a obchodu s drogami\u201c, \u0159ekl agentu\u0159e AFP panamsk\u00fd major Didier Santamaria.<\/span><\/p>\n<p><span dir=\"auto\">Server Antiwar.com uvedl: \u201eHegsethovo ozn\u00e1men\u00ed p\u0159i\u0161lo pot\u00e9, co ameri\u010dt\u00ed p\u0159edstavitel\u00e9 odhalili, \u017ee USA v pond\u011bl\u00ed bombardovaly dal\u0161\u00ed lo\u010f podez\u0159elou z p\u0159epravy drog v regionu. Jednalo se o 20. \u00fatok a 21. lo\u010f, kterou americk\u00e1 arm\u00e1da vyhodila do pov\u011bt\u0159\u00ed od za\u010d\u00e1tku kampan\u011b na za\u010d\u00e1tku z\u00e1\u0159\u00ed. \u00da\u0159edn\u00edci uvedli, \u017ee p\u0159i posledn\u00edm \u00fatoku byli zabiti \u010dty\u0159i \u201anarkoteroristi\u2018, co\u017e je term\u00edn pou\u017e\u00edvan\u00fd Trumpovou administrativou k ospravedln\u011bn\u00ed mimosoudn\u00edch poprav na mo\u0159i.\u201c<\/span><\/p>\n<p><span dir=\"auto\">Prezident Trump byl \u00fadajn\u011b informov\u00e1n o mo\u017en\u00fdch bombardovac\u00edch n\u00e1letech na Venezuelu a dal\u0161\u00edch pozemn\u00edch \u00fatoc\u00edch. Podle CBS se diskus\u00ed, kter\u00e9 prozkoum\u00e1valy mo\u017en\u00e9 varianty pro \u201enadch\u00e1zej\u00edc\u00ed dny\u201c, z\u00fa\u010dastnili Hegseth a p\u0159edseda Sboru n\u00e1\u010deln\u00edk\u016f \u0161t\u00e1b\u016f Dan Caine, a\u010dkoli ke kone\u010dn\u00e9mu rozhodnut\u00ed nedo\u0161lo.<\/span><\/p>\n<p><span dir=\"auto\">Dave DeCamp z Anitwar.com v\u0161ak nazna\u010duje, \u017ee by se mohlo jednat o sou\u010d\u00e1st prob\u00edhaj\u00edc\u00ed psychologick\u00e9 operace, jej\u00edm\u017e c\u00edlem je donutit venezuelsk\u00e9ho prezidenta Nicol\u00e1se Madura k dobrovoln\u00e9mu odstoupen\u00ed. Wall Street Journal s odvol\u00e1n\u00edm na sv\u00e9 zdroje tvrd\u00ed, \u017ee Trump je v sou\u010dasn\u00e9 dob\u011b spokojen s postupnou eskalac\u00ed vojensk\u00e9 s\u00edly a pokra\u010duj\u00edc\u00edm bombardov\u00e1n\u00edm lod\u00ed s c\u00edlem zv\u00fd\u0161it tlak.<\/span><\/p>\n<p><span dir=\"auto\">Minul\u00fd m\u011bs\u00edc Trump b\u011bhem zased\u00e1n\u00ed kabinetu ozn\u00e1mil, \u017ee se Maduro opakovan\u011b pokou\u0161el p\u0159edlo\u017eit USA m\u00edrov\u00e9 nab\u00eddky a dos\u00e1hnout s Trumpem v\u00fdhodn\u00e9 dohody, ale administrativa je odm\u00edtla. Trump \u0159ekl: \u201eNab\u00eddl v\u0161echno, v tom m\u00e1te pravdu. V\u00edte pro\u010d? Proto\u017ee se nechce zahr\u00e1vat se Spojen\u00fdmi st\u00e1ty.\u201c<\/span><\/p>\n<figure class=\"wp-block-embed aligncenter is-type-video is-provider-youtube wp-block-embed-youtube wp-embed-aspect-16-9 wp-has-aspect-ratio\">\n<div class=\"wp-block-embed__wrapper\"><iframe loading=\"lazy\" title=\"SLEDUJTE: Prezident Trump o Madurovi: \u201enechce si zahr\u00e1vat se Spojen\u00fdmi st\u00e1ty.\u201c\" src=\"https:\/\/www.youtube.com\/embed\/ovEIlL9p25s?feature=oembed\" width=\"800\" height=\"450\" frameborder=\"0\" allowfullscreen=\"allowfullscreen\" data-mce-fragment=\"1\"><\/iframe><\/div>\n<\/figure>\n<p><span dir=\"auto\">Minul\u00fd m\u011bs\u00edc Trump odhalil, \u017ee CIA prov\u00e1d\u00ed ve Venezuele tajn\u00e9 operace \u2013 co\u017e nen\u00ed zrovna \u201etajn\u00e9\u201c, tak\u017ee toto odhalen\u00ed m\u016f\u017ee b\u00fdt sou\u010d\u00e1st\u00ed psychologick\u00e9 v\u00e1lky.<\/span><\/p>\n<h3 class=\"wp-block-heading has-medium-font-size\"><strong><span dir=\"auto\">Ropa, a to spousta<\/span><\/strong><\/h3>\n<p><span dir=\"auto\">WinePress letos n\u011bkolikr\u00e1t upozornil na to, \u017ee z\u00e1m\u011br Trumpovy administrativy destabilizovat Venezuelu dal\u0161\u00edm pokusem o p\u0159evrat nen\u00ed zp\u016fsoben fentanylov\u00fdm a drogov\u00fdm terorismem, ale ropou.<\/span><\/p>\n<p><span dir=\"auto\">Venezuela m\u00e1 nejv\u011bt\u0161\u00ed z\u00e1soby ropy na sv\u011bt\u011b, tvo\u0159\u00ed 18 % celosv\u011btov\u00fdch z\u00e1sob.<\/span><\/p>\n<figure class=\"wp-block-image aligncenter size-large\"><img decoding=\"async\" loading=\"lazy\" class=\"aligncenter\" src=\"https:\/\/substackcdn.com\/image\/fetch\/$s_!1qZO!,w_1456,c_limit,f_webp,q_auto:good,fl_progressive:steep\/https%3A%2F%2Fsubstack-post-media.s3.amazonaws.com%2Fpublic%2Fimages%2Fad75c261-e4f8-4506-9b30-70bde092437f_1200x1200.jpeg\" alt=\"\" width=\"673\" height=\"673\" \/><\/figure>\n<p><span dir=\"auto\">B\u011bhem sv\u00e9ho prvn\u00edho funk\u010dn\u00edho obdob\u00ed se Trump v roce 2019 pokusil o p\u0159evrat, ale neusp\u011bl. Od t\u00e9 doby si Trump ve\u0159ejn\u011b st\u011b\u017euje, \u017ee USA by m\u011bly p\u0159\u00edstup k rop\u011b zem\u011b, kdyby byl Madur\u016fv re\u017eim svr\u017een.<\/span><\/p>\n<p><span dir=\"auto\">V posledn\u00ed dob\u011b si nositelka Nobelovy ceny m\u00edru Mar\u00eda Corina Machado, dlouholet\u00e1 v\u00e1\u0161niv\u00e1 odp\u016frkyn\u011b Madura a partnerka USA od Bushovy administrativy v roce 2000, nav\u00e1zala \u00fazk\u00e9 vazby s Trumpovou administrativou a sl\u00edbila, \u017ee uzav\u0159e s USA nov\u00e9 ropn\u00e9 dohody, jakmile bude Madurova vl\u00e1da svr\u017eena.<\/span><\/p>\n<p><span dir=\"auto\">Za zm\u00ednku tak\u00e9 stoj\u00ed, \u017ee soused Venezuely, Guyana, disponuje bohat\u00fdmi z\u00e1sobami ropy a \u017ee Maduro koketoval s my\u0161lenkou invaze do zem\u011b. Server Oilprice.com za\u010d\u00e1tkem tohoto roku informoval, \u017ee Guyana je nyn\u00ed na cest\u011b st\u00e1t se druh\u00fdm nejv\u011bt\u0161\u00edm producentem ropy na kontinentu. \u201eGuyana je nyn\u00ed v\u00fdznamn\u00fdm p\u0159isp\u011bvatelem ke glob\u00e1ln\u00edm dod\u00e1vk\u00e1m ropy a m\u00e1 se st\u00e1t nejv\u011bt\u0161\u00edm producentem ropy na obyvatele, p\u0159i\u010dem\u017e se o\u010dek\u00e1v\u00e1, \u017ee produkce do konce roku 2027 p\u0159ekro\u010d\u00ed jeden milion barel\u016f denn\u011b,\u201c napsal web.<\/span><\/p>\n<p><span dir=\"auto\">Machado ned\u00e1vno zopakoval sv\u016fj slib privatizovat venezuelskou ropu a dos\u00e1hnout nov\u00fdch dohod se Spojen\u00fdmi st\u00e1ty.<\/span><\/p>\n<p><span dir=\"auto\">Jak\u00a0<\/span><em><span dir=\"auto\">uv\u00e1d\u00ed Geopolitick\u00e1 ekonomick\u00e1 zpr\u00e1va,<\/span><\/em><\/p>\n<p><em><span dir=\"auto\">P\u0159edseda opozice tyto pozn\u00e1mky u\u010dinil ve virtu\u00e1ln\u00edm projevu na Americk\u00e9m obchodn\u00edm f\u00f3ru 5. listopadu.<\/span><\/em><\/p>\n<p><em><span dir=\"auto\">Machado promluvila je\u0161t\u011b p\u0159edt\u00edm, ne\u017e Donald Trump vystoupil na p\u00f3dium na stejn\u00e9 akci. Rozhovor s n\u00ed poskytl republik\u00e1nsk\u00fd starosta Miami na Florid\u011b Francis Suarez, v\u011brn\u00fd pravicov\u00fd spojenec Trumpa a Rubia. (Je tak\u00e9 synem Xaviera Suareze, kter\u00fd d\u0159\u00edve p\u016fsobil jako starosta Miami.)<\/span><\/em><\/p>\n<p><em><span dir=\"auto\">N\u00ed\u017ee je uveden \u010d\u00e1ste\u010dn\u00fd p\u0159epis Machadov\u00fdch prohl\u00e1\u0161en\u00ed (v\u0161echna zv\u00fdrazn\u011bn\u00ed p\u0159id\u00e1na):<\/span><\/em><\/p>\n<p><em><span dir=\"auto\">\u201eA tohle je pro m\u011b neuv\u011b\u0159iteln\u011b vzru\u0161uj\u00edc\u00ed:\u00a0<\/span><strong><span dir=\"auto\">Otev\u0159eme Venezuelu zahrani\u010dn\u00edm investic\u00edm<\/span><\/strong><span dir=\"auto\">\u00a0.\u201c<\/span><\/em><\/p>\n<p><em><strong><span dir=\"auto\">Mluv\u00edm o p\u0159\u00edle\u017eitosti v hodnot\u011b 1,7 bilionu dolar\u016f<\/span><\/strong><span dir=\"auto\">\u00a0, a to nejen v\u00a0<\/span><strong><span dir=\"auto\">ropn\u00e9m a plyn\u00e1rensk\u00e9m<\/span><\/strong><span dir=\"auto\">\u00a0sektoru , kter\u00fd je obrovsk\u00fd, a v\u00edte, \u017ee p\u0159\u00edle\u017eitosti existuj\u00ed, proto\u017ee otev\u0159eme v\u0161em spole\u010dnostem v\u0161e od t\u011b\u017eby p\u0159es t\u011b\u017ebu a\u017e po\u00a0<\/span><strong><span dir=\"auto\">t\u011b\u017ebu<\/span><\/strong><span dir=\"auto\">\u00a0, t\u011b\u017ebu\u00a0<\/span><strong><span dir=\"auto\">zlata<\/span><\/strong><span dir=\"auto\">\u00a0,\u00a0<\/span><strong><span dir=\"auto\">infrastrukturu<\/span><\/strong><span dir=\"auto\">\u00a0a energetiku.<\/span><\/em><\/p>\n<p><em><span dir=\"auto\">\u201eV sou\u010dasn\u00e9 dob\u011b m\u00e1me v na\u0161\u00ed s\u00edti energetick\u00fd potenci\u00e1l 17 gigawatt\u016f, kter\u00fd je t\u0159eba modernizovat, zejm\u00e9na s ohledem na technologie a um\u011blou inteligenci.\u201c<\/span><\/em><\/p>\n<p><em><span dir=\"auto\">A v sektoru cestovn\u00edho ruchu m\u00e1 Venezuela 2800 km nedot\u010den\u00e9ho karibsk\u00e9ho pob\u0159e\u017e\u00ed, kter\u00e9 jen \u010dek\u00e1 na rozvoj.<\/span><\/em><\/p>\n<p><em><span dir=\"auto\">Tohle bude obrovsk\u00fd byznys. Zavedeme pr\u00e1vn\u00ed st\u00e1t.\u00a0<\/span><strong><span dir=\"auto\">Otev\u0159eme trhy<\/span><\/strong><span dir=\"auto\">\u00a0. Nab\u00eddneme bezpe\u010dnost pro zahrani\u010dn\u00ed investice a\u00a0<\/span><strong><span dir=\"auto\">\u010dek\u00e1 na v\u00e1s transparentn\u00ed, masivn\u00ed privatiza\u010dn\u00ed program<\/span><\/strong><span dir=\"auto\">\u00a0.\u201c<\/span><\/em><\/p>\n<figure class=\"wp-block-image aligncenter size-large\"><img decoding=\"async\" loading=\"lazy\" class=\"aligncenter\" src=\"https:\/\/substackcdn.com\/image\/fetch\/$s_!OvAX!,w_1456,c_limit,f_webp,q_auto:good,fl_progressive:steep\/https%3A%2F%2Fsubstack-post-media.s3.amazonaws.com%2Fpublic%2Fimages%2Fc0fe2bc0-0e7c-4d8d-90be-c52857a0d138_1920x1080.jpeg\" alt=\"\" width=\"736\" height=\"414\" \/><\/figure>\n<p><span dir=\"auto\">Machado tak\u00e9 uvedla, \u017ee udr\u017euje dobr\u00e9 vztahy s ministrem zahrani\u010d\u00ed Marcem Rubiem a dal\u0161\u00edmi v\u00fdznamn\u00fdmi osobnostmi Republik\u00e1nsk\u00e9 strany v USA, a pod\u011bkovala jim za podporu.<\/span><\/p>\n<p><em><span dir=\"auto\">\u201eJsem velmi vd\u011b\u010dn\u00fd\u00a0<\/span><strong><span dir=\"auto\">ministrovi zahrani\u010d\u00ed Marcovi Rubiovi<\/span><\/strong><span dir=\"auto\">\u00a0, kter\u00fd, jak v\u00edte, v Americe prosazuje svobodu a demokracii.\u201c<\/span><\/em><\/p>\n<p><em><span dir=\"auto\">\u201eR\u00e1d bych pod\u011bkoval\u00a0<\/span><strong><span dir=\"auto\">guvern\u00e9rovi DeSantisovi<\/span><\/strong><span dir=\"auto\">\u00a0.\u201c<\/span><\/em><\/p>\n<p><em><span dir=\"auto\">\u201eR\u00e1d bych pod\u011bkoval sv\u00e9mu p\u0159\u00edteli,\u00a0<\/span><strong><span dir=\"auto\">sen\u00e1torovi Ricku Scottovi<\/span><\/strong><span dir=\"auto\">\u00a0, kter\u00fd n\u00e1m v\u017edy d\u016fv\u011b\u0159oval.\u201c<\/span><\/em><\/p>\n<p><em><span dir=\"auto\">A te\u010f\u00a0<\/span><strong><span dir=\"auto\">sen\u00e1tor Ashley Moody<\/span><\/strong><span dir=\"auto\">\u00a0.<\/span><\/em><\/p>\n<p><em><span dir=\"auto\">A samoz\u0159ejm\u011b mus\u00edm zvl\u00e1\u0161\u0165 zm\u00ednit na\u0161e t\u0159i amigos, na\u0161e t\u0159i p\u0159\u00e1tele, kongresmany\u00a0<\/span><strong><span dir=\"auto\">Mar\u00edu Elviru Salazarovou, Maria D\u00edaze-Balarta a Carlose Gim\u00e9neze<\/span><\/strong><span dir=\"auto\">\u00a0, kte\u0159\u00ed jsou n\u00e1m tak bl\u00edzc\u00ed a v\u017edy n\u00e1s podporovali.\u201c<\/span><\/em><\/p>\n<p class=\"has-medium-font-size\"><strong><span dir=\"auto\">AUTOR\u016eV KOMENT\u00c1\u0158<\/span><\/strong><\/p>\n<p><em><strong><span dir=\"auto\">Marek 13:7<\/span><\/strong><span dir=\"auto\">\u00a0A\u017e usly\u0161\u00edte o v\u00e1lk\u00e1ch a zv\u011bsti o v\u00e1lk\u00e1ch, nelekejte se, nebo\u0165 se to mus\u00ed st\u00e1t, ale konec teprve p\u0159ijde. Povstane n\u00e1rod proti n\u00e1rodu a kr\u00e1lovstv\u00ed proti kr\u00e1lovstv\u00ed a na r\u016fzn\u00fdch m\u00edstech budou zem\u011bt\u0159esen\u00ed, hladomory a nepokoje. To je po\u010d\u00e1tek porodn\u00edch bolest\u00ed.<\/span><\/em><\/p>\n<p><span dir=\"auto\">Gerald Celente z Trends Journal to shrnuje dokonale:\u00a0<\/span><em><span dir=\"auto\">Pokud v\u0161echno ostatn\u00ed sel\u017ee, vedou v\u00e1lku.<\/span><\/em><\/p>\n<p><span dir=\"auto\">Americk\u00e9 imp\u00e9rium se hrout\u00ed, a proto USA pot\u0159ebuj\u00ed dal\u0161\u00ed krizi a dal\u0161\u00ed v\u00e1lku. Je jasn\u00e9, \u017ee USA jsou odhodl\u00e1ny tuto v\u00e1lku rozpoutat a nakonec se n\u011bco stane; o tom nepochybuji. Proto se p\u0159ipravte na operaci pod fale\u0161nou vlajkou.<\/span><\/p>\n<p><span dir=\"auto\">USA se samoz\u0159ejm\u011b zjevn\u011b nepou\u010dily ze sv\u00fdch zapleten\u00ed a vm\u011b\u0161ov\u00e1n\u00ed na Bl\u00edzk\u00e9m v\u00fdchod\u011b, ani z toho, co se stane, kdy\u017e provedeme invazi se zbran\u011bmi a svrhneme vl\u00e1dy. Tot\u00e9\u017e se stane ve Venezuele, a\u017e tato v\u00e1lka za\u010dne, a p\u0159inejmen\u0161\u00edm d\u00e1le destabilizuje region; ale to by mohlo vyvolat odpor a mohli bychom b\u00fdt sv\u011bdky radikalizace Latinskoameri\u010dan\u016f a St\u0159edoameri\u010dan\u016f, zejm\u00e9na t\u011bch \u017eij\u00edc\u00edch v USA. To je velmi mo\u017en\u00e9. Vid\u011bli jsme, co se letos stalo v Los Angeles a kolik mexick\u00fdch vlajek vl\u00e1lo.<\/span><\/p>\n<p><em><strong><span dir=\"auto\">P\u0159\u00edslov\u00ed 26:17<\/span><\/strong><span dir=\"auto\"> Kdo jde kolem a vm\u011b\u0161uje se do sporu, kter\u00fd se ho net\u00fdk\u00e1, je jako ten, kdo chyt\u00e1 psa za u\u0161i.<\/span><\/em><\/p>\n<\/div>\n<\/div>\n<div class=\"elementor-element elementor-element-8c57238 quelle dc-has-condition dc-condition-empty elementor-widget elementor-widget-heading\" data-id=\"8c57238\" data-element_type=\"widget\" data-widget_type=\"heading.default\">\n<div class=\"elementor-widget-container\">\n<h3 class=\"elementor-heading-title elementor-size-default\"><span style=\"font-size: 10pt;\"><a href=\"https:\/\/thewinepress.substack.com\/p\/operation-southern-spear-trump-commissions\" target=\"_blank\" rel=\"nofollow noopener\"><span dir=\"auto\">Zdroj<\/span><\/a><\/span><\/h3>\n<p>&nbsp;<\/p>\n<\/div>\n<\/div>\n","protected":false},"excerpt":{"rendered":"<p>Venezuelsk\u00e1 nositelka Nobelovy ceny m\u00edru potvrzuje, \u017ee po svr\u017een\u00ed sou\u010dasn\u00e9ho re\u017eimu pom\u016f\u017ee zprivatizovat ropu zem\u011b&#8230;<\/p>\n","protected":false},"author":2,"featured_media":92419,"comment_status":"closed","ping_status":"closed","sticky":false,"template":"","format":"standard","meta":[],"categories":[7],"tags":[1042,37,40,181],"_links":{"self":[{"href":"https:\/\/www.infokuryr.cz\/n\/wp-json\/wp\/v2\/posts\/92418"}],"collection":[{"href":"https:\/\/www.infokuryr.cz\/n\/wp-json\/wp\/v2\/posts"}],"about":[{"href":"https:\/\/www.infokuryr.cz\/n\/wp-json\/wp\/v2\/types\/post"}],"author":[{"embeddable":true,"href":"https:\/\/www.infokuryr.cz\/n\/wp-json\/wp\/v2\/users\/2"}],"replies":[{"embeddable":true,"href":"https:\/\/www.infokuryr.cz\/n\/wp-json\/wp\/v2\/comments?post=92418"}],"version-history":[{"count":0,"href":"https:\/\/www.infokuryr.cz\/n\/wp-json\/wp\/v2\/posts\/92418\/revisions"}],"wp:featuredmedia":[{"embeddable":true,"href":"https:\/\/www.infokuryr.cz\/n\/wp-json\/wp\/v2\/media\/92419"}],"wp:attachment":[{"href":"https:\/\/www.infokuryr.cz\/n\/wp-json\/wp\/v2\/media?parent=92418"}],"wp:term":[{"taxonomy":"category","embeddable":true,"href":"https:\/\/www.infokuryr.cz\/n\/wp-json\/wp\/v2\/categories?post=92418"},{"taxonomy":"post_tag","embeddable":true,"href":"https:\/\/www.infokuryr.cz\/n\/wp-json\/wp\/v2\/tags?post=92418"}],"curies":[{"name":"wp","href":"https:\/\/api.w.org\/{rel}","templated":true}]}}