{"id":92414,"date":"2025-11-18T00:12:13","date_gmt":"2025-11-17T23:12:13","guid":{"rendered":"https:\/\/www.infokuryr.cz\/n\/?p=92414"},"modified":"2025-11-17T14:59:48","modified_gmt":"2025-11-17T13:59:48","slug":"oxfordska-unie-prohlasila-izrael-za-vetsi-hrozbu-nez-iran","status":"publish","type":"post","link":"https:\/\/www.infokuryr.cz\/n\/2025\/11\/18\/oxfordska-unie-prohlasila-izrael-za-vetsi-hrozbu-nez-iran\/","title":{"rendered":"Oxfordsk\u00e1 unie prohl\u00e1sila Izrael za \u201ev\u011bt\u0161\u00ed hrozbu ne\u017e \u00cdr\u00e1n\u201c"},"content":{"rendered":"<div id=\"fb-root\"><\/div>\n<div class=\"elementor-element elementor-element-1fb4c2c elementor-widget elementor-widget-theme-post-content\" data-id=\"1fb4c2c\" data-element_type=\"widget\" data-widget_type=\"theme-post-content.default\">\n<div class=\"elementor-widget-container\">\n<h2 class=\"wp-block-heading\"><span dir=\"auto\">Debatn\u00ed f\u00f3rum v chaosu \u2013 a rozhodnut\u00ed, kter\u00e9 vyvol\u00e1v\u00e1 ot\u00e1zky<\/span><\/h2>\n<p><span dir=\"auto\">Oxfordsk\u00e1 unie, jedna z nejstar\u0161\u00edch a nejpresti\u017en\u011bj\u0161\u00edch debatn\u00edch instituc\u00ed v Evrop\u011b, se op\u011bt dostala na tituln\u00ed str\u00e1nky mezin\u00e1rodn\u00edch m\u00e9di\u00ed p\u0159ekvapiv\u00fdm a ost\u0159e polarizuj\u00edc\u00edm hlasov\u00e1n\u00edm. Jak\u00a0<a href=\"https:\/\/archive.is\/lqIct#selection-3001.4-3010.0\" target=\"_blank\" rel=\"noreferrer noopener\" data-type=\"link\" data-id=\"https:\/\/www.telegraph.co.uk\/news\/2025\/11\/15\/oxford-union-declares-israel-greater-threat-than-iran\/\">informuje\u00a0<\/a><\/span><em><span dir=\"auto\">Telegraph<\/span><\/em>\u00a0<span dir=\"auto\">, \u010dlenov\u00e9 \u201edrtivou v\u011bt\u0161inou\u201c hlasovali pro to, \u017ee\u00a0<strong>Izrael p\u0159edstavuje v\u011bt\u0161\u00ed hrozbu pro region\u00e1ln\u00ed stabilitu ne\u017e re\u017eim v Teher\u00e1nu<\/strong>\u00a0.<\/span><\/p>\n<p><span dir=\"auto\">Rozhodnut\u00ed, kter\u00e9 znovu rozdm\u00fdch\u00e1v\u00e1 debatu o politick\u00e9 radikalizaci na z\u00e1padn\u00edch univerzit\u00e1ch.<\/span><\/p>\n<h2 class=\"wp-block-heading\"><span dir=\"auto\">St\u0159et s ideologick\u00fdm z\u00e1kladem<\/span><\/h2>\n<p><span dir=\"auto\">Debata svedla dohromady dva velmi odli\u0161n\u00e9 hlasy:<\/span><br \/>\n<span dir=\"auto\">Mohammada \u0160tajjeha, b\u00fdval\u00e9ho premi\u00e9ra Palestinsk\u00e9 samospr\u00e1vy, a Hillela Neuera, \u0159editele UN Watch.<\/span><\/p>\n<p><span dir=\"auto\">\u0160tajje vyu\u017eil sv\u00e9ho projevu k zah\u00e1jen\u00ed komplexn\u00ed ob\u017ealoby Izraele. Popsal st\u00e1t jako \u201eexpanzivn\u00ed koloni\u00e1ln\u00ed mocnost\u201c, hovo\u0159il o \u201eapartheidu\u201c a \u201egenocid\u011b\u201c a obvinil Izrael ze systematick\u00e9ho vh\u00e1n\u00ed regionu do konfliktu. Jeho argumentace byla zalo\u017eena na interpretaci, kter\u00e1 vid\u00ed Izrael jako hlavn\u00ed p\u0159\u00ed\u010dinu chaosu na Bl\u00edzk\u00e9m v\u00fdchod\u011b \u2013 postoj, kter\u00fd se v z\u00e1padn\u00ed politice z\u0159\u00eddka vyjad\u0159uje tak otev\u0159en\u011b a radik\u00e1ln\u011b, ale nyn\u00ed nach\u00e1z\u00ed st\u00e1le v\u011bt\u0161\u00ed ohlas na univerzit\u00e1ch.<\/span><\/p>\n<p><span dir=\"auto\">Neuer v\u0161ak hovo\u0159il o \u201ep\u0159evr\u00e1cen\u00ed reality\u201c. Pouk\u00e1zal na to, \u017ee to byl\u00a0<\/span><strong><span dir=\"auto\">\u00cdr\u00e1n<\/span><\/strong><span dir=\"auto\">\u00a0, kdo vojensky vyzbrojoval teroristick\u00e9 skupiny v n\u011bkolika zem\u00edch, zat\u00edmco Izrael se stal ter\u010dem masivn\u00edho \u00edr\u00e1nsk\u00e9ho \u00fatoku v posledn\u00ed eskalaci. Skute\u010dnost, \u017ee sunnitsk\u00e9 arabsk\u00e9 st\u00e1ty nyn\u00ed vojensky podporuj\u00ed Izrael, byla podle Neuera \u201ehlasov\u00e1n\u00edm skute\u010dn\u00e9ho sv\u011bta o tomto n\u00e1vrhu\u201c.<\/span><\/p>\n<h2 class=\"wp-block-heading\"><span dir=\"auto\">Debatn\u00ed f\u00f3rum v chaosu?<\/span><\/h2>\n<p><span dir=\"auto\">Oxfordsk\u00e1 unie je ji\u017e l\u00e9ta \u00fast\u0159edn\u00edm bodem siln\u011b polarizovan\u00fdch politick\u00fdch spor\u016f. List The\u00a0<\/span><em><span dir=\"auto\">Telegraph<\/span><\/em><span dir=\"auto\">\u00a0poukazuje na to, \u017ee teprve loni tat\u00e1\u017e instituce jasnou v\u011bt\u0161inou prohl\u00e1sila Izrael za \u201est\u00e1t apartheidu zodpov\u011bdn\u00fd za genocidu\u201c.<\/span><\/p>\n<p><span dir=\"auto\">Je\u0161t\u011b z\u00e1va\u017en\u011bj\u0161\u00ed je ned\u00e1vn\u00fd skand\u00e1l: Na podzim byl z funkce odvol\u00e1n nov\u011b zvolen\u00fd prezident Unie pot\u00e9, co otev\u0159en\u011b oslavoval zast\u0159elen\u00ed konzervativn\u00edho americk\u00e9ho koment\u00e1tora Charlieho Kirka.<\/span><\/p>\n<p><span dir=\"auto\">Takov\u00e9 ud\u00e1losti vyvol\u00e1vaj\u00ed ot\u00e1zku, zda Unii \u2013 kdysi m\u00edstu, kde se racion\u00e1ln\u011b diskutovalo o kontroverzn\u00edch ot\u00e1zk\u00e1ch \u2013 st\u00e1le v\u00edce dominuj\u00ed ideologicky motivovan\u00e9 voli\u010dsk\u00e9 bloky, kter\u00e9 usiluj\u00ed sp\u00ed\u0161e o politick\u00e1 prohl\u00e1\u0161en\u00ed ne\u017e o debatu.<\/span><\/p>\n<h2 class=\"wp-block-heading\"><span dir=\"auto\">V\u00edc ne\u017e jen hlas \u2013 sn\u00edmek ve\u0159ejn\u00e9ho m\u00edn\u011bn\u00ed?<\/span><\/h2>\n<p><span dir=\"auto\">Skute\u010dnost, \u017ee Oxfordsk\u00e1 unie ze v\u0161ech instituc\u00ed prohla\u0161uje Izrael za v\u011bt\u0161\u00ed hrozbu ne\u017e \u00cdr\u00e1n \u2013 st\u00e1t, kter\u00fd systematicky financuje milice, pron\u00e1sleduje disidenty a ned\u00e1vno spustil masivn\u00ed raketov\u00fd a dronov\u00fd \u00fatok na Izrael \u2013 ukazuje p\u0159edev\u0161\u00edm jednu v\u011bc:<\/span><br \/>\n<span dir=\"auto\">Vn\u00edm\u00e1n\u00ed na Z\u00e1pad\u011b se dramaticky m\u011bn\u00ed.<\/span><\/p>\n<p><span dir=\"auto\">V akademick\u00fdch a intelektu\u00e1ln\u00edch kruz\u00edch se mor\u00e1ln\u00ed kompas posouv\u00e1. Kritici to vn\u00edmaj\u00ed m\u00e9n\u011b jako jemnou anal\u00fdzu geopolitick\u00e9 situace a sp\u00ed\u0161e jako symptom ideologicky nabit\u00e9 a siln\u011b emocionalizovan\u00e9 debaty o Bl\u00edzk\u00e9m v\u00fdchod\u011b, v n\u00ed\u017e historick\u00e1 fakta ob\u010das miz\u00ed za narativy.<\/span><\/p>\n<h2 class=\"wp-block-heading\"><span dir=\"auto\">\u00dast\u0159edn\u00ed ot\u00e1zka<\/span><\/h2>\n<p><span dir=\"auto\">Rozhodnut\u00ed Oxfordsk\u00e9 unie je z pr\u00e1vn\u00edho ani diplomatick\u00e9ho hlediska zcela irelevantn\u00ed \u2013 ale m\u00e1 nesm\u00edrn\u011b symbolick\u00e9 v\u00fdznam.<\/span><\/p>\n<p><span dir=\"auto\">To vyvol\u00e1v\u00e1 ot\u00e1zku, kter\u00e1 sah\u00e1 daleko za hranice Oxfordu:<\/span><\/p>\n<p><strong><span dir=\"auto\">Za\u010dal Z\u00e1pad ztr\u00e1cet sv\u00e9 politick\u00e9 standardy?<\/span><\/strong><\/p>\n<p><span dir=\"auto\">Dokud budou renomovan\u00e9 instituce \u010dinit rozhodnut\u00ed, kter\u00e1 odr\u00e1\u017eej\u00ed jejich vlastn\u00ed ideologick\u00e9 sklony, sp\u00ed\u0161e ne\u017e realitu bezpe\u010dnostn\u00ed politiky na Bl\u00edzk\u00e9m v\u00fdchod\u011b, tato ot\u00e1zka z\u016fst\u00e1v\u00e1 otev\u0159en\u00e1.<\/span><\/p>\n<\/div>\n<\/div>\n<div class=\"elementor-element elementor-element-8c57238 quelle dc-has-condition dc-condition-empty elementor-widget elementor-widget-heading\" data-id=\"8c57238\" data-element_type=\"widget\" data-widget_type=\"heading.default\">\n<div class=\"elementor-widget-container\">\n<h3 class=\"elementor-heading-title elementor-size-default\"><span style=\"font-size: 10pt;\"><a href=\"https:\/\/archive.is\/lqIct#selection-3001.4-3010.0\" target=\"_blank\" rel=\"nofollow noopener\"><span dir=\"auto\">Zdroj<\/span><\/a><\/span><\/h3>\n<p>&nbsp;<\/p>\n<\/div>\n<\/div>\n","protected":false},"excerpt":{"rendered":"<p>Debatn\u00ed f\u00f3rum v chaosu \u2013 a rozhodnut\u00ed, kter\u00e9 vyvol\u00e1v\u00e1 ot\u00e1zky Oxfordsk\u00e1 unie, jedna z nejstar\u0161\u00edch&#8230;<\/p>\n","protected":false},"author":2,"featured_media":75204,"comment_status":"closed","ping_status":"closed","sticky":false,"template":"","format":"standard","meta":[],"categories":[7],"tags":[10081,38,107],"_links":{"self":[{"href":"https:\/\/www.infokuryr.cz\/n\/wp-json\/wp\/v2\/posts\/92414"}],"collection":[{"href":"https:\/\/www.infokuryr.cz\/n\/wp-json\/wp\/v2\/posts"}],"about":[{"href":"https:\/\/www.infokuryr.cz\/n\/wp-json\/wp\/v2\/types\/post"}],"author":[{"embeddable":true,"href":"https:\/\/www.infokuryr.cz\/n\/wp-json\/wp\/v2\/users\/2"}],"replies":[{"embeddable":true,"href":"https:\/\/www.infokuryr.cz\/n\/wp-json\/wp\/v2\/comments?post=92414"}],"version-history":[{"count":0,"href":"https:\/\/www.infokuryr.cz\/n\/wp-json\/wp\/v2\/posts\/92414\/revisions"}],"wp:featuredmedia":[{"embeddable":true,"href":"https:\/\/www.infokuryr.cz\/n\/wp-json\/wp\/v2\/media\/75204"}],"wp:attachment":[{"href":"https:\/\/www.infokuryr.cz\/n\/wp-json\/wp\/v2\/media?parent=92414"}],"wp:term":[{"taxonomy":"category","embeddable":true,"href":"https:\/\/www.infokuryr.cz\/n\/wp-json\/wp\/v2\/categories?post=92414"},{"taxonomy":"post_tag","embeddable":true,"href":"https:\/\/www.infokuryr.cz\/n\/wp-json\/wp\/v2\/tags?post=92414"}],"curies":[{"name":"wp","href":"https:\/\/api.w.org\/{rel}","templated":true}]}}