{"id":92412,"date":"2025-11-18T00:11:24","date_gmt":"2025-11-17T23:11:24","guid":{"rendered":"https:\/\/www.infokuryr.cz\/n\/?p=92412"},"modified":"2025-11-17T14:44:49","modified_gmt":"2025-11-17T13:44:49","slug":"veseli-teroriste-si-podavaji-ruce-zli-hosi-z-al-kaidy-jsou-nasi-pratele","status":"publish","type":"post","link":"https:\/\/www.infokuryr.cz\/n\/2025\/11\/18\/veseli-teroriste-si-podavaji-ruce-zli-hosi-z-al-kaidy-jsou-nasi-pratele\/","title":{"rendered":"\u201eVesel\u00ed terorist\u00e9\u201c si pod\u00e1vaj\u00ed ruce. \u201eZl\u00ed ho\u0161i\u201c z Al-K\u00e1idy jsou na\u0161i p\u0159\u00e1tel\u00e9"},"content":{"rendered":"<div id=\"fb-root\"><\/div>\n<div class=\"elementor-element elementor-element-1fb4c2c elementor-widget elementor-widget-theme-post-content\" data-id=\"1fb4c2c\" data-element_type=\"widget\" data-widget_type=\"theme-post-content.default\">\n<div class=\"elementor-widget-container\">\n<p><strong><em><span dir=\"auto\">To nen\u00ed k sm\u00edchu.<\/span><\/em><\/strong><\/p>\n<p><em><a href=\"https:\/\/www.ndtv.com\/world-news\/days-after-donald-trump-praises-former-al-qaeda-terrorist-an-old-video-on-9-11-goes-viral-8466254\" target=\"_blank\" rel=\"noreferrer noopener\"><span dir=\"auto\">Krom\u011b bou\u0159liv\u00fdch kompliment\u016f prezident Trump tak\u00e9 vyj\u00e1d\u0159il podporu b\u00fdval\u00e9mu teroristovi<\/span><\/a><span dir=\"auto\">\u00a0\u00a0a \u0159ekl, \u017ee v\u011b\u0159\u00ed, \u017ee tento\u00a0\u00a0<\/span><\/em><strong><em><span dir=\"auto\">\u201a\u00a0<\/span><span dir=\"auto\">mlad\u00fd mu\u017e\u2018 m\u00e1 velk\u00fd potenci\u00e1l.<\/span><\/em><\/strong><em><span dir=\"auto\">\u00a0\u00a0M\u011bl\u00a0\u00a0<\/span><a href=\"https:\/\/www.ndtv.com\/world-news\/young-attractive-guy-trumps-big-praise-for-terrorist-turned-president-ahmad-al-sharaa-8417563\" target=\"_blank\" rel=\"noreferrer noopener\"><span dir=\"auto\">\u201a skute\u010dnou \u0161anci\u00a0<\/span><\/a><\/em><strong><a href=\"https:\/\/www.ndtv.com\/world-news\/young-attractive-guy-trumps-big-praise-for-terrorist-turned-president-ahmad-al-sharaa-8417563\" target=\"_blank\" rel=\"noreferrer noopener\"><em><span dir=\"auto\">odv\u00e9st dobrou pr\u00e1ci<\/span><\/em><\/a><\/strong><span dir=\"auto\"><em>\u00a0\u00a0ve v\u00e1lkou zni\u010den\u00e9 S\u00fdrii\u00a0\u00a0<\/em><em><a href=\"https:\/\/www.ndtv.com\/world-news\/young-attractive-guy-trumps-big-praise-for-terrorist-turned-president-ahmad-al-sharaa-8417563\" target=\"_blank\" rel=\"noreferrer noopener\">\u00a0\u2018.<\/a><\/em><em>\u00a0\u201c\u00a0<\/em><\/span><\/p>\n<p><em><span dir=\"auto\">Pan Trump to \u0159ekl, kdy\u017e ozn\u00e1mil odm\u011bnu pro nov\u00e9ho syrsk\u00e9ho prezidenta a syrsk\u00fd lid v podob\u011b \u201ezru\u0161en\u00ed v\u0161ech sankc\u00ed\u201c, kter\u00e9 byly v platnosti t\u00e9m\u011b\u0159 p\u011bt desetilet\u00ed (od roku 1979).<\/span><\/em><\/p>\n<p><em><span dir=\"auto\">Podle americk\u00e9ho ministerstva zahrani\u010d\u00ed byl Al Jawlani p\u0159ed sv\u00fdm jmenov\u00e1n\u00edm prezidentem S\u00fdrie \u201e\u00a0\u00a0<\/span><\/em><strong><em><span dir=\"auto\">nejvy\u0161\u0161\u00edm v\u016fdcem Fronty an-Nusr\u00e1, syrsk\u00e9 pobo\u010dky Al-K\u00e1idy<\/span><\/em><\/strong><em><span dir=\"auto\">\u00a0\u00a0\u201c, kterou tajn\u011b podporovaly USA a NATO, Sa\u00fadsk\u00e1 Ar\u00e1bie a tureck\u00e9 vrchn\u00ed velen\u00ed.<\/span><\/em><\/p>\n<figure class=\"wp-block-image aligncenter\"><img decoding=\"async\" loading=\"lazy\" class=\"wp-image-74497 aligncenter\" src=\"https:\/\/i0.wp.com\/linkezeitung.de\/wp-content\/uploads\/2025\/11\/jolani1.jpg?resize=496%2C590&amp;ssl=1\" alt=\"\" width=\"479\" height=\"570\" \/><\/figure>\n<p><span dir=\"auto\">D\u017eol\u00e1n\u00ed se stal prezidentem S\u00fdrie v b\u0159eznu 2024. Rozhodnut\u00ed o zru\u0161en\u00ed odm\u011bny a\u017e 10 milion\u016f za dopaden\u00ed tohoto teroristy bylo u\u010din\u011bno v prosinci 2024, bezprost\u0159edn\u011b po Trumpov\u011b v\u00edt\u011bzstv\u00ed v prezidentsk\u00fdch volb\u00e1ch v listopadu 2024.<\/span><\/p>\n<p><span dir=\"auto\">Americk\u00e9 ministerstvo zahrani\u010d\u00ed [pod veden\u00edm Joea Bidena] zru\u0161ilo odm\u011bnu 10 milion\u016f dolar\u016f pro Ab\u00fa Mohammada al-D\u017e\u00fal\u00e1n\u00edho, v\u016fdce skupiny Hajat Tahr\u00edr a\u0161-\u0160\u00e1m (HTS), kterou ministerstvo zahrani\u010d\u00ed konkr\u00e9tn\u011b ozna\u010duje za glob\u00e1ln\u00edho teroristu a popisuje jako odno\u017e Al-K\u00e1idy.<\/span><\/p>\n<p><span dir=\"auto\">Odm\u011bna za Jolaniho byla zru\u0161ena pot\u00e9, co\u00a0\u00a0\u00a0se s n\u00edm a dal\u0161\u00edmi v\u016fdci skupiny Hajjat \u200b\u200bTahr\u00edr a\u0161-\u0160\u00e1m 20. prosince v Dama\u0161ku setkala americk\u00e1 ministryn\u011b zahrani\u010d\u00ed pro bl\u00edzkov\u00fdchodn\u00ed z\u00e1le\u017eitosti\u00a0<\/span><strong><span dir=\"auto\">Barbara Leafov\u00e1 .<\/span><\/strong><\/p>\n<p><span dir=\"auto\">&#8230; Ve sv\u00e9m od\u016fvodn\u011bn\u00ed nab\u00eddky odm\u011bny 10 milion\u016f dolar\u016f za Jolaniho americk\u00e9 ministerstvo zahrani\u010d\u00ed poznamenalo, \u017ee \u201epod Jolaniho veden\u00edm\u00a0\u00a0<\/span><strong><span dir=\"auto\">provedla ANF [Fronta an-Nusr\u00e1, p\u0159edch\u016fdce HTS] \u010detn\u00e9 teroristick\u00e9 \u00fatoky po cel\u00e9 S\u00fdrii, \u010dasto proti civilist\u016fm.\u201c<\/span><\/strong><\/p>\n<p><span dir=\"auto\">V b\u0159eznu 2024 ho Trump\u016fv p\u0159edch\u016fdce Joe Biden jmenoval prezidentem S\u00fdrie.<\/span><\/p>\n<p><span dir=\"auto\">Neberte m\u011b v\u00e1\u017en\u011b. Moje ot\u00e1zka pro prezidenta Trumpa: Pro\u010d jste proboha nezatkl toho \u201epadoucha\u201c a nevyzvedl skromnou odm\u011bnu 10 milion\u016f dolar\u016f?<\/span><\/p>\n<p><span dir=\"auto\">Podle Donalda Trumpa je Jolani z\u0159ejm\u011b p\u0159\u00edtelem Ameriky, co\u017e s sebou v\u0161ak nese i ur\u010dit\u00e9 rozpory:<\/span><\/p>\n<p><strong><span dir=\"auto\">D\u016fkazy nazna\u010duj\u00ed, \u017ee Jolani siln\u011b podporoval \u00fadajn\u00fd \u00fatok al-K\u00e1idy na Ameriku 11. z\u00e1\u0159\u00ed (viz video n\u00ed\u017ee).<\/span><\/strong><\/p>\n<p><strong>\u00a0<\/strong><strong><span dir=\"auto\">A jak si vzpom\u00edn\u00e1me, \u00fadajn\u00fd \u00fatok al-K\u00e1idy z 11. z\u00e1\u0159\u00ed byl pou\u017eit jako z\u00e1minka a ospravedln\u011bn\u00ed pro invazi do Afgh\u00e1nist\u00e1nu<\/span><\/strong><span dir=\"auto\">\u00a0\u00a0sotva o m\u011bs\u00edc pozd\u011bji,\u00a0\u00a0<\/span><strong><span dir=\"auto\">7. \u0159\u00edjna 2001<\/span><\/strong><span dir=\"auto\">\u00a0\u00a0.<\/span><\/p>\n<figure class=\"wp-block-image aligncenter\"><img decoding=\"async\" class=\"wp-image-74498 aligncenter\" src=\"https:\/\/i0.wp.com\/linkezeitung.de\/wp-content\/uploads\/2025\/11\/old-guy.jpg?resize=621%2C439&amp;ssl=1\" alt=\"\" \/><\/figure>\n<p><span dir=\"auto\">\u201eNecel\u00fd t\u00fdden pot\u00e9, co se americk\u00fd prezident Donald Trump setkal s nov\u011b zvolen\u00fdm syrsk\u00fdm prezidentem Ahmadem a\u0161-\u0160ar\u00e1ou, b\u00fdval\u00fdm teroristou al-K\u00e1idy a IS, se znovu objevilo kontroverzn\u00ed video a\u0161-\u0160ar\u00e1y z \u200b\u200broku 2021, kter\u00e9 znovu vyvolalo pobou\u0159en\u00ed.\u201c<\/span><\/p>\n<div class=\"twitter-tweet twitter-tweet-rendered\"><iframe id=\"twitter-widget-0\" class=\"\" title=\"X Post\" src=\"https:\/\/platform.twitter.com\/embed\/Tweet.html?dnt=false&amp;embedId=twitter-widget-0&amp;features=eyJ0ZndfdGltZWxpbmVfbGlzdCI6eyJidWNrZXQiOltdLCJ2ZXJzaW9uIjpudWxsfSwidGZ3X2ZvbGxvd2VyX2NvdW50X3N1bnNldCI6eyJidWNrZXQiOnRydWUsInZlcnNpb24iOm51bGx9LCJ0ZndfdHdlZXRfZWRpdF9iYWNrZW5kIjp7ImJ1Y2tldCI6Im9uIiwidmVyc2lvbiI6bnVsbH0sInRmd19yZWZzcmNfc2Vzc2lvbiI6eyJidWNrZXQiOiJvbiIsInZlcnNpb24iOm51bGx9LCJ0ZndfZm9zbnJfc29mdF9pbnRlcnZlbnRpb25zX2VuYWJsZWQiOnsiYnVja2V0Ijoib24iLCJ2ZXJzaW9uIjpudWxsfSwidGZ3X21peGVkX21lZGlhXzE1ODk3Ijp7ImJ1Y2tldCI6InRyZWF0bWVudCIsInZlcnNpb24iOm51bGx9LCJ0ZndfZXhwZXJpbWVudHNfY29va2llX2V4cGlyYXRpb24iOnsiYnVja2V0IjoxMjA5NjAwLCJ2ZXJzaW9uIjpudWxsfSwidGZ3X3Nob3dfYmlyZHdhdGNoX3Bpdm90c19lbmFibGVkIjp7ImJ1Y2tldCI6Im9uIiwidmVyc2lvbiI6bnVsbH0sInRmd19kdXBsaWNhdGVfc2NyaWJlc190b19zZXR0aW5ncyI6eyJidWNrZXQiOiJvbiIsInZlcnNpb24iOm51bGx9LCJ0ZndfdXNlX3Byb2ZpbGVfaW1hZ2Vfc2hhcGVfZW5hYmxlZCI6eyJidWNrZXQiOiJvbiIsInZlcnNpb24iOm51bGx9LCJ0ZndfdmlkZW9faGxzX2R5bmFtaWNfbWFuaWZlc3RzXzE1MDgyIjp7ImJ1Y2tldCI6InRydWVfYml0cmF0ZSIsInZlcnNpb24iOm51bGx9LCJ0ZndfbGVnYWN5X3RpbWVsaW5lX3N1bnNldCI6eyJidWNrZXQiOnRydWUsInZlcnNpb24iOm51bGx9LCJ0ZndfdHdlZXRfZWRpdF9mcm9udGVuZCI6eyJidWNrZXQiOiJvbiIsInZlcnNpb24iOm51bGx9fQ%3D%3D&amp;frame=false&amp;hideCard=false&amp;hideThread=false&amp;id=1923405483970273280&amp;lang=cs&amp;origin=https%3A%2F%2Funcutnews.ch%2Ffroehliche-terroristen-reichen-sich-die-haende-die-boesen-von-al-qaida-sind-unsere-freunde%2F&amp;sessionId=a05d6fe3a669c2adb29beb3b9671862d6daec5c3&amp;theme=light&amp;widgetsVersion=2615f7e52b7e0%3A1702314776716&amp;width=550px\" frameborder=\"0\" scrolling=\"no\" allowfullscreen=\"allowfullscreen\" data-tweet-id=\"1923405483970273280\" data-mce-fragment=\"1\"><\/iframe><\/div>\n<p><strong><span dir=\"auto\">Co je Al-K\u00e1ida?<\/span><\/strong><\/p>\n<p><span dir=\"auto\">Al-K\u00e1ida, USA podporovan\u00ed bojovn\u00edci za svobodu v \u010dele s Us\u00e1mou bin L\u00e1dinem, byla zalo\u017eena v roce 1979 za Carterovy administrativy. To potvrzuje i\u00a0\u00a0<\/span><strong><span dir=\"auto\">Zbigniew Brezinskij<\/span><\/strong><span dir=\"auto\">\u00a0\u00a0.<\/span><\/p>\n<p><strong><span dir=\"auto\">Up\u0159esn\u011bn\u00ed: Al-K\u00e1ida nen\u00ed n\u00e1zev \u201eteroristick\u00e9 organizace\u201c.\u00a0<\/span><\/strong><span dir=\"auto\">\u00a0\u00a0Vztahuje se na\u00a0\u00a0<\/span><strong><span dir=\"auto\">\u201e\u00a0<\/span><\/strong><strong><span dir=\"auto\">Z\u00e1kladnu<\/span><\/strong><span dir=\"auto\">\u00a0\u00a0\u201c, konkr\u00e9tn\u011b na\u00a0\u00a0<\/span><strong><span dir=\"auto\">po\u010d\u00edta\u010dovou datab\u00e1zi<\/span><\/strong><span dir=\"auto\">\u00a0\u00a0isl\u00e1msk\u00fdch mud\u017eahed\u00edn\u016f (Reaganov\u00fdch \u201ebojovn\u00edk\u016f za svobodu\u201c), kte\u0159\u00ed byli rekrutov\u00e1ni CIA.<\/span><\/p>\n<figure class=\"wp-block-image aligncenter\"><img decoding=\"async\" class=\"wp-image-74499 aligncenter\" src=\"https:\/\/i0.wp.com\/linkezeitung.de\/wp-content\/uploads\/2025\/11\/base.jpg?resize=300%2C226&amp;ssl=1\" alt=\"\" \/><\/figure>\n<p><span dir=\"auto\">Podle zesnul\u00e9ho britsk\u00e9ho ministra zahrani\u010d\u00ed Robina Cooka to byl mu\u017e nesm\u00edrn\u00e9 state\u010dnosti:<\/span><\/p>\n<p><span dir=\"auto\">\u201eBin L\u00e1din byl v\u0161ak v\u00fdsledkem masivn\u00edho\u00a0\u00a0<\/span><strong><span dir=\"auto\">chybn\u00e9ho odhadu z\u00e1padn\u00edch bezpe\u010dnostn\u00edch slo\u017eek<\/span><\/strong><span dir=\"auto\">\u00a0\u00a0.\u201c<\/span><\/p>\n<p><span dir=\"auto\">V pr\u016fb\u011bhu 80. let byl vyzbrojov\u00e1n CIA a financov\u00e1n Sa\u00fady, aby vedl d\u017eih\u00e1d proti rusk\u00e9 okupaci Afgh\u00e1nist\u00e1nu.<\/span><\/p>\n<p><strong><span dir=\"auto\">Al-K\u00e1ida, doslova \u201edatab\u00e1ze\u201c, byla p\u016fvodn\u011b po\u010d\u00edta\u010dov\u00fdm souborem tis\u00edc\u016f mud\u017eahed\u00edn\u016f naverbovan\u00fdch a vycvi\u010den\u00fdch s pomoc\u00ed CIA, aby porazili Rusy.<\/span><\/strong><span dir=\"auto\">\u00a0\u00a0\u00a0(Robin Cook,\u00a0\u00a0<\/span><a href=\"https:\/\/www.theguardian.com\/uk\/2005\/jul\/08\/july7.development\" target=\"_blank\" rel=\"noreferrer noopener\"><span dir=\"auto\">The Guardian<\/span><\/a><span dir=\"auto\">\u00a0, 8. \u010dervence 2005, viz tak\u00e9\u00a0\u00a0<\/span><a href=\"https:\/\/web.archive.org\/web\/20061111225041\/http:\/\/www.guardian.co.uk\/terrorism\/story\/0,12780,1523838,00.html\" target=\"_blank\" rel=\"noreferrer noopener\"><span dir=\"auto\">archiv<\/span><\/a><span dir=\"auto\">\u00a0, zv\u00fdrazn\u011bn\u00ed p\u0159id\u00e1no)<\/span><\/p>\n<p><span dir=\"auto\">Prezident Trump sice \u201enen\u00ed terorista\u201c, ale jeho administrativa aktivn\u011b podporuje bojovn\u00edky za svobodu napojen\u00e9 na al-K\u00e1idu.<\/span><\/p>\n<p><em><strong><span dir=\"auto\">Je to d\u00e9j\u00e0 vu<\/span><\/strong><\/em><strong><span dir=\"auto\">\u00a0\u00a0.<\/span><\/strong><span dir=\"auto\">\u00a0\u00a0Lekce z historie jsou nedbale ignorov\u00e1ny, nemluv\u011b o tom, \u017ee v\u00e1lka proti Afgh\u00e1nist\u00e1nu, vyhl\u00e1\u0161en\u00e1 USA a NATO, byla vedena na z\u00e1klad\u011b toho, \u017ee \u00fadajn\u00fd teroristick\u00fd \u00fatok al-K\u00e1idy na Ameriku 11. z\u00e1\u0159\u00ed zinscenovala afgh\u00e1nsk\u00e1 vl\u00e1da: do o\u010d\u00ed bij\u00edc\u00ed le\u017e.<\/span><\/p>\n<p><strong><span dir=\"auto\">Palestina: Terorismus a genocida<\/span><\/strong><\/p>\n<p><span dir=\"auto\">Trumpovy \u010diny jako prezidenta USA v S\u00fdrii souvisej\u00ed se sionistick\u00fdm projektem Velk\u00e9ho Izraele, kter\u00fd je sou\u010d\u00e1st\u00ed neokoloni\u00e1ln\u00ed agendy USA a NATO. Trump, stejn\u011b jako v\u011bt\u0161ina z\u00e1padn\u00edch hlav st\u00e1t\u016f a vl\u00e1d, je nepopirateln\u011b spolupachatelem zv\u011brstev p\u00e1chan\u00fdch na palestinsk\u00e9m lidu.<\/span><\/p>\n<p><span dir=\"auto\">\u00damluva o genocid\u011b z roku 1948 jednozna\u010dn\u011b potvrzuje, \u017ee ti \u201e\u00fastavn\u011b odpov\u011bdn\u00ed vl\u00e1dci\u201c (tj. z\u00e1padn\u00ed politici v\u010detn\u011b americk\u00e9ho prezidenta), kte\u0159\u00ed podporuj\u00ed trestn\u00e9 \u010diny \u2013 v\u010detn\u011b zab\u00edjen\u00ed d\u011bt\u00ed \u2013 veden\u00e9 izraelskou Netanjahuovou vl\u00e1dou, jsou definov\u00e1ni jako \u201espolupachatel\u00e9 genocidy\u201c (\u010dl\u00e1nek 3e), co\u017e s sebou nese \u201ezat\u010den\u00ed a trest\u201c.<\/span><\/p>\n<p><strong><span dir=\"auto\">Velk\u00fd Izrael a washingtonsk\u00fd neokoloni\u00e1ln\u00ed projekt Bl\u00edzk\u00e9ho v\u00fdchodu<\/span><\/strong><\/p>\n<p><em><span dir=\"auto\">Brig\u00e1dy al-K\u00e1idy v S\u00fdrii, v\u010detn\u011b an-Nusry a ISIS-Daesh, byly od sam\u00e9ho za\u010d\u00e1tku v b\u0159eznu 2011 podporov\u00e1ny USA, NATO, Izraelem, Tureckem a Sa\u00fadskou Ar\u00e1bi\u00ed.<\/span><\/em><\/p>\n<p><em><span dir=\"auto\">Byli tak\u00e9 integrov\u00e1ni do z\u00e1padn\u00edch speci\u00e1ln\u00edch jednotek.<\/span><\/em><\/p>\n<p><em><span dir=\"auto\">Britsk\u00e9 a francouzsk\u00e9 speci\u00e1ln\u00ed jednotky aktivn\u011b cvi\u010d\u00ed opozi\u010dn\u00ed rebely ze z\u00e1kladny v Turecku. Izrael nab\u00edz\u00ed bezpe\u010dn\u00e9 \u00fato\u010di\u0161t\u011b rebel\u016fm spojen\u00fdm s al-K\u00e1idou na okupovan\u00fdch Golansk\u00fdch v\u00fd\u0161in\u00e1ch.<\/span><\/em><\/p>\n<p><span dir=\"auto\">Z\u00e1padn\u00ed speci\u00e1ln\u00ed jednotky vycvi\u010dily rebely v Jord\u00e1nsku v pou\u017e\u00edv\u00e1n\u00ed chemick\u00fdch zbran\u00ed.<\/span><\/p>\n<p><span dir=\"auto\">Podle izraelsk\u00fdch zpravodajsk\u00fdch zdroj\u016f se NATO a tureck\u00e9 vrchn\u00ed velen\u00ed pod\u00edlely na rozvoji d\u017eih\u00e1du, kter\u00fd zahrnoval n\u00e1bor tis\u00edc\u016f \u201ebojovn\u00edk\u016f za svobodu\u201c.<\/span><\/p>\n<p><em><span dir=\"auto\">Podle na\u0161ich zdroj\u016f\u00a0\u00a0<\/span><strong><span dir=\"auto\">se v Bruselu a Anka\u0159e diskutovalo tak\u00e9 o kampani na n\u00e1bor tis\u00edc\u016f muslimsk\u00fdch dobrovoln\u00edk\u016f v bl\u00edzkov\u00fdchodn\u00edch a muslimsk\u00fdch zem\u00edch k boji po boku syrsk\u00fdch rebel\u016f.<\/span><\/strong><\/em><\/p>\n<p><em><strong><span dir=\"auto\">Tureck\u00e1 arm\u00e1da by tyto dobrovoln\u00edky p\u0159ijala, vycvi\u010dila je a zajistila jejich vstup do S\u00fdrie.<\/span><\/strong><span dir=\"auto\">\u00a0\u00a0(\u00a0<\/span><a href=\"http:\/\/www.debka.com\/article\/21255\/\" target=\"_blank\" rel=\"noreferrer noopener\"><span dir=\"auto\">Debkafile<\/span><\/a><span dir=\"auto\">\u00a0, 31. srpna 2011; Debka, srpen 2011; zv\u00fdrazn\u011bn\u00ed p\u0159id\u00e1no)<\/span><\/em><\/p>\n<p><span dir=\"auto\">Al-K\u00e1ida. Jsou to na\u0161i nep\u0159\u00e1tel\u00e9, ale tak\u00e9 na\u0161i p\u0159\u00e1tel\u00e9.\u00a0\u00a0<\/span><strong><span dir=\"auto\">\u201e\u00a0<\/span><\/strong><strong><span dir=\"auto\">Ten mlad\u00fd mu\u017e\u201c je slibn\u00fd.<\/span><\/strong><span dir=\"auto\">\u00a0\u00a0M\u00e1\u00a0\u00a0<\/span><a href=\"https:\/\/www.ndtv.com\/world-news\/young-attractive-guy-trumps-big-praise-for-terrorist-turned-president-ahmad-al-sharaa-8417563\" target=\"_blank\" rel=\"noreferrer noopener\"><span dir=\"auto\">\u201ere\u00e1lnou \u0161anci odv\u00e9st dobrou pr\u00e1ci ve v\u00e1lkou zni\u010den\u00e9 S\u00fdrii,\u201c<\/span><\/a><span dir=\"auto\">\u00a0\u00a0\u0159ekl Trump.<\/span><\/p>\n<p><em><strong><span dir=\"auto\">Je to sv\u011bt nav\u017edy.<\/span><\/strong><\/em><\/p>\n<p><span dir=\"auto\">To znamen\u00e1, \u017ee americk\u00fd model veden\u00ed v\u00e1lky se skl\u00e1d\u00e1 z n\u00e1sleduj\u00edc\u00edho:<\/span><\/p>\n<p><span dir=\"auto\">1) N\u00e1bor a v\u00fdcvik \u017eold\u00e1k\u016f Al-K\u00e1idy s c\u00edlem zni\u010dit demokraticky zvolen\u00e9 vl\u00e1dy,<\/span><\/p>\n<p><span dir=\"auto\">2) Druh\u00e1 f\u00e1ze spo\u010d\u00edv\u00e1 ve zm\u011bn\u011b re\u017eimu, kter\u00e1 zahrnuje\u00a0\u00a0\u00a0jmenov\u00e1n\u00ed\u00a0<\/span><strong><span dir=\"auto\">\u017eoldn\u00e9\u0159sk\u00fdch terorist\u016f do vysok\u00fdch pozic v r\u00e1mci neokoloni\u00e1ln\u00ed struktury .<\/span><\/strong><\/p>\n<p><strong><span dir=\"auto\">Z\u00e1v\u011bre\u010dn\u00e9 pozn\u00e1mky<\/span><\/strong><\/p>\n<p><strong><span dir=\"auto\">Vzpom\u00ednka na 11. z\u00e1\u0159\u00ed 2001.<\/span><\/strong><\/p>\n<p><strong><span dir=\"auto\">Ofici\u00e1ln\u00ed verze ud\u00e1lost\u00ed z 11. z\u00e1\u0159\u00ed vykreslovala Al-K\u00e1idu jako teroristy jednaj\u00edc\u00ed jm\u00e9nem ciz\u00ed zem\u011b \u2013 konkr\u00e9tn\u011b Afgh\u00e1nist\u00e1nu \u2013 kter\u00e1 \u00fadajn\u011b 11. z\u00e1\u0159\u00ed za\u00fato\u010dila na Ameriku.\u00a0<\/span><\/strong><\/p>\n<p><span dir=\"auto\">N\u00e1sledovala 7. \u0159\u00edjna 2001 invaze USA a NATO do Afgh\u00e1nist\u00e1nu v r\u00e1mci doktr\u00edny kolektivn\u00ed bezpe\u010dnosti (\u010dl\u00e1nek 5 Washingtonsk\u00e9 smlouvy).<\/span><\/p>\n<p><span dir=\"auto\">Renomovan\u00ed u\u010denci to klasifikovali jako \u201eSPRAVEDLIVOU V\u00c1LKU\u201c.<\/span><\/p>\n<p><span dir=\"auto\">Pr\u00e1vn\u00ed argument, kter\u00fd Washington a NATO pou\u017eily k invazi do Afgh\u00e1nist\u00e1nu, spo\u010d\u00edval v tom, \u017ee \u00fatoky z 11. z\u00e1\u0159\u00ed\u00a0\u00a0\u00a0p\u0159edstavovaly\u00a0\u00a0<\/span><strong><span dir=\"auto\">nevyhl\u00e1\u0161en\u00fd \u201eozbrojen\u00fd \u00fatok\u201c \u201eze zahrani\u010d\u00ed\u201c ze strany nejmenovan\u00e9 ciz\u00ed mocnosti, a \u017ee se proto uplatnily\u00a0<\/span><\/strong><strong><span dir=\"auto\">\u201e\u00a0<\/span><\/strong><strong><span dir=\"auto\">v\u00e1le\u010dn\u00e9 z\u00e1kony\u201c, kter\u00e9 napaden\u00e9mu n\u00e1rodu [USA] umo\u017enily odvetu ve jm\u00e9nu \u201esebeobrany\u201c.\u00a0<\/span><\/strong><\/p>\n<p><span dir=\"auto\">M\u00e9dia i americk\u00e1 vl\u00e1da se jednomysln\u011b zmi\u0148uj\u00ed o \u00fatoc\u00edch z 11. z\u00e1\u0159\u00ed a roli Al-K\u00e1idy, kterou \u00fadajn\u011b podporuje Afgh\u00e1nist\u00e1n, a\u010dkoli Al-K\u00e1ida je ve skute\u010dnosti (a to je dob\u0159e zdokumentov\u00e1no) zpravodajsk\u00fdm apar\u00e1tem vytvo\u0159en\u00fdm CIA.<\/span><\/p>\n<p><span dir=\"auto\">Bombardov\u00e1n\u00ed a invaze do Afgh\u00e1nist\u00e1nu v \u0159\u00edjnu 2001 byly pops\u00e1ny jako \u201ekampa\u0148\u201c proti \u201eisl\u00e1msk\u00fdm terorist\u016fm\u201c a nikoli jako v\u00e1lka.<\/span><\/p>\n<p><span dir=\"auto\">Toto zobrazen\u00ed hrani\u010d\u00ed s absurdnost\u00ed. Jasn\u00e9 v\u0161ak je, \u017ee\u00a0\u00a0<\/span><strong><span dir=\"auto\">Al-K\u00e1ida jsou \u017eold\u00e1ci podporovan\u00ed USA a NATO. Podle Trumpa jsou to \u201edob\u0159\u00ed ho\u0161i\u201c.\u00a0<\/span><\/strong><\/p>\n<p><span dir=\"auto\">R\u00e1d bych zm\u00ednil, \u017ee autor byl v S\u00fdrii od ledna do za\u010d\u00e1tku b\u0159ezna 2011, kr\u00e1tce p\u0159ed vypuknut\u00edm v\u00e1lky.<\/span><\/p>\n<p><span dir=\"auto\">Mysl\u00edme na syrsk\u00fd lid. Spole\u010dn\u011b s n\u00edm.<\/span><\/p>\n<p><em><span dir=\"auto\">Profesor Michel Chossudovsky<\/span><\/em><\/p>\n<\/div>\n<\/div>\n<div class=\"elementor-element elementor-element-8c57238 quelle dc-has-condition dc-condition-empty elementor-widget elementor-widget-heading\" data-id=\"8c57238\" data-element_type=\"widget\" data-widget_type=\"heading.default\">\n<div class=\"elementor-widget-container\">\n<h3 class=\"elementor-heading-title elementor-size-default\"><span style=\"font-size: 10pt;\"><a href=\"https:\/\/www.globalresearch.ca\/in-syria-happy-terrorists-join-hands-al-qaeda-bad-guys-are-our-friends\/5905526?utm_source=substack&amp;utm_medium=email\" target=\"_blank\" rel=\"nofollow noopener\"><span dir=\"auto\">Zdroj<\/span><\/a><\/span><\/h3>\n<p>&nbsp;<\/p>\n<\/div>\n<\/div>\n","protected":false},"excerpt":{"rendered":"<p>To nen\u00ed k sm\u00edchu. Krom\u011b bou\u0159liv\u00fdch kompliment\u016f prezident Trump tak\u00e9 vyj\u00e1d\u0159il podporu b\u00fdval\u00e9mu teroristovi\u00a0\u00a0a \u0159ekl,&#8230;<\/p>\n","protected":false},"author":2,"featured_media":92413,"comment_status":"closed","ping_status":"closed","sticky":false,"template":"","format":"standard","meta":[],"categories":[7],"tags":[2944,1503,835,452,37],"_links":{"self":[{"href":"https:\/\/www.infokuryr.cz\/n\/wp-json\/wp\/v2\/posts\/92412"}],"collection":[{"href":"https:\/\/www.infokuryr.cz\/n\/wp-json\/wp\/v2\/posts"}],"about":[{"href":"https:\/\/www.infokuryr.cz\/n\/wp-json\/wp\/v2\/types\/post"}],"author":[{"embeddable":true,"href":"https:\/\/www.infokuryr.cz\/n\/wp-json\/wp\/v2\/users\/2"}],"replies":[{"embeddable":true,"href":"https:\/\/www.infokuryr.cz\/n\/wp-json\/wp\/v2\/comments?post=92412"}],"version-history":[{"count":0,"href":"https:\/\/www.infokuryr.cz\/n\/wp-json\/wp\/v2\/posts\/92412\/revisions"}],"wp:featuredmedia":[{"embeddable":true,"href":"https:\/\/www.infokuryr.cz\/n\/wp-json\/wp\/v2\/media\/92413"}],"wp:attachment":[{"href":"https:\/\/www.infokuryr.cz\/n\/wp-json\/wp\/v2\/media?parent=92412"}],"wp:term":[{"taxonomy":"category","embeddable":true,"href":"https:\/\/www.infokuryr.cz\/n\/wp-json\/wp\/v2\/categories?post=92412"},{"taxonomy":"post_tag","embeddable":true,"href":"https:\/\/www.infokuryr.cz\/n\/wp-json\/wp\/v2\/tags?post=92412"}],"curies":[{"name":"wp","href":"https:\/\/api.w.org\/{rel}","templated":true}]}}