{"id":9240,"date":"2022-03-19T04:37:07","date_gmt":"2022-03-19T03:37:07","guid":{"rendered":"https:\/\/www.infokuryr.cz\/n\/?p=9240"},"modified":"2022-03-19T04:37:07","modified_gmt":"2022-03-19T03:37:07","slug":"vladimir-putin-na-zaplnenem-stadionu-v-luznikach-citoval-pismo-svate-o-obetovani-zivota","status":"publish","type":"post","link":"https:\/\/www.infokuryr.cz\/n\/2022\/03\/19\/vladimir-putin-na-zaplnenem-stadionu-v-luznikach-citoval-pismo-svate-o-obetovani-zivota\/","title":{"rendered":"Vladimir Putin na zapln\u011bn\u00e9m stadionu v Lu\u017enik\u00e1ch citoval P\u00edsmo svat\u00e9 o ob\u011btov\u00e1n\u00ed \u017eivota&#8230;"},"content":{"rendered":"<div id=\"fb-root\"><\/div>\n<h4>VIDEO: Vladimir Putin na zapln\u011bn\u00e9m stadionu v Lu\u017enik\u00e1ch citoval P\u00edsmo svat\u00e9 o ob\u011btov\u00e1n\u00ed \u017eivota za bli\u017en\u00edho sv\u00e9ho ve v\u00e1lce proti nacismu! Obrovsk\u00e1 oslava 8. v\u00fdro\u010d\u00ed sjednocen\u00ed Krymu s Ruskem se prom\u011bnila do konceptu\u00e1ln\u00ed p\u0159\u00edpravy Ruska na mnohem hroziv\u011bj\u0161\u00ed konflikt, kter\u00fd \u010dek\u00e1 Evropu v p\u0159\u00edpad\u011b, \u017ee NATO vstoup\u00ed na Ukrajinu! Za\u010d\u00ednaj\u00ed zazn\u00edvat v\u00fdzvy na vysl\u00e1n\u00ed vojsk NATO na Ukrajinu pod hlavi\u010dkou m\u00edrov\u00fdch mis\u00ed, co\u017e by vedlo nevyhnuteln\u011b k vojensk\u00e9mu st\u0159etu s Ruskou arm\u00e1dou a k vypuknut\u00ed 3. sv\u011btov\u00e9 v\u00e1lky!<\/h4>\n<p>Rusk\u00fd prezident Vladimir Putin v p\u00e1tek 18. b\u0159ezna 2022 vystoupil v Moskv\u011b na stadionu v Lu\u017enik\u00e1ch s projevem k 8. v\u00fdro\u010d\u00ed referenda o sjednocen\u00ed Krymu s Ruskem. Na zapln\u011bn\u00e9m stadionu si lid\u00e9 vyslechli projev, kter\u00fd sice byl form\u00e1ln\u00ed oslavou v\u00fdro\u010d\u00ed p\u0159ipojen\u00ed Krymu k Rusku, ale zazn\u011bly v n\u011bm v\u011bci s mohutn\u00fdm a pon\u011bkud hroziv\u00fdm p\u0159esahem, a\u017e mi trochu zatrnulo.<strong>\u00a0Vladimir Putin citoval z P\u00edsma svat\u00e9ho o ob\u011btov\u00e1n\u00ed \u017eivota za bli\u017en\u00edho sv\u00e9ho jako nejvy\u0161\u0161\u00ed formu l\u00e1sky, p\u0159i\u010dem\u017e toto vzt\u00e1hl na prob\u00edhaj\u00edc\u00ed boje na Ukrajin\u011b.<\/strong>\u00a0Demonstrace jednoty lidu na stadionu byla impozantn\u00ed, i kdy\u017e st\u00e1tn\u00ed televize provedla obrovskou chybu a p\u0159ed\u010dasn\u011b utnula Putin\u016fv projev a pustila vlasteneckou p\u00edsni\u010dku Olega Gazmanova, kter\u00e1 m\u011bla zazn\u00edt a\u017e po skon\u010den\u00ed projevu.<\/p>\n<figure id=\"attachment_50965\" class=\"wp-caption aligncenter\"><a href=\"https:\/\/aeronet.news\/wp-content\/uploads\/PutinLuzniky2.jpg\"><img decoding=\"async\" loading=\"lazy\" class=\"wp-image-50965 size-large\" src=\"https:\/\/aeronet.news\/wp-content\/uploads\/PutinLuzniky2-1024x576.jpg\" sizes=\"(max-width: 700px) 100vw, 700px\" srcset=\"https:\/\/aeronet.news\/wp-content\/uploads\/PutinLuzniky2-1024x576.jpg 1024w, https:\/\/aeronet.news\/wp-content\/uploads\/PutinLuzniky2-300x169.jpg 300w, https:\/\/aeronet.news\/wp-content\/uploads\/PutinLuzniky2-768x432.jpg 768w, https:\/\/aeronet.news\/wp-content\/uploads\/PutinLuzniky2-700x394.jpg 700w, https:\/\/aeronet.news\/wp-content\/uploads\/PutinLuzniky2-635x357.jpg 635w, https:\/\/aeronet.news\/wp-content\/uploads\/PutinLuzniky2-859x483.jpg 859w, https:\/\/aeronet.news\/wp-content\/uploads\/PutinLuzniky2.jpg 1280w\" alt=\"\" width=\"700\" height=\"394\" \/><\/a><figcaption class=\"wp-caption-text\">Vladimir Putin na stadionu Lu\u017eniky p\u0159i projevu<\/figcaption><\/figure>\n<p>Tento kix pouze ukazuje na nervozitu a vypjat\u00e9 nervy v Rusku, proto\u017ee mnoho Rus\u016f tu\u0161\u00ed, \u017ee Tot\u00e1ln\u00ed v\u00e1lka Z\u00e1padu proti Rusku se nemus\u00ed omezit pouze na nacifikovanou Ukrajinu. Ten nacismus se val\u00ed z cel\u00e9ho Z\u00e1padu. A je proto pot\u0159eba lidi povzbudit. Proto ten stadion. To je jist\u011b pot\u0159ebn\u00e1 sou\u010d\u00e1st politiky a v\u00e1le\u010dn\u00e9ho \u00fasil\u00ed, proto\u017ee\u00a0<strong>Rusko je postaveno na hrdinech a p\u0159\u00edb\u011bz\u00edch o bohat\u00fdrech, jen\u017ee konceptu\u00e1ln\u00ed gramotnost je mrcha, kter\u00e1 zkaz\u00ed kdejakou radost nebo p\u011bknou chvilku \u010di iluzi.<\/strong>\u00a0Podle nejen m\u00e9ho n\u00e1zoru, ale i podle n\u00e1zoru rusk\u00fdch novin\u00e1\u0159\u016f, byl projev v\u00e1le\u010dn\u00fdm proslovem p\u0159ed za\u010d\u00e1tkem Velk\u00e9 v\u00e1lky. Ukrajina v t\u011bchto dnech je naprost\u00e9 nic v porovn\u00e1n\u00ed s t\u00edm, co se na n\u00e1s val\u00ed a co se bl\u00ed\u017e\u00ed.<\/p>\n<h6><span style=\"font-size: 14pt;\">VIDEO: P\u00edsmo svat\u00e9 a ob\u011btov\u00e1n\u00ed \u017eivota za bli\u017en\u00edho sv\u00e9ho<\/span><\/h6>\n<p>Rozum\u00edm tomu, \u017ee Ukrajina a dezinforma\u010dn\u00ed cesty \u010desk\u00e9ho premi\u00e9ra do polsk\u00e9ho pohrani\u010d\u00ed na sch\u016fzku s prakticky neexistuj\u00edc\u00edm ukrajinsk\u00fdm prezidentem, kter\u00e9ho v\u00edce ovl\u00e1daj\u00ed po\u010d\u00edta\u010dov\u00e9 skripty a CGI obrazov\u00e9 manipulace ne\u017e jeho vlastn\u00ed svaly, zab\u00edr\u00e1 v\u011bt\u0161inu informa\u010dn\u00edho prostoru \u010desk\u00fdch m\u00e9di\u00ed.\u00a0<strong>Jen\u017ee v USA v uplynul\u00fdch hodin\u00e1ch do\u0161lo v Kongresu k z\u00e1sadn\u00edmu v\u00fdvoji situace a Ameri\u010dan\u00e9 re\u00e1ln\u011b uva\u017euj\u00ed o vysl\u00e1n\u00ed vojsk NATO na Ukrajinu, ale pod hlavi\u010dkou m\u00edrov\u00fdch sbor\u016f.<\/strong>\u00a0A\u017e dosud USA odm\u00edtaly tuto my\u0161lenku, ale po projevu Volodymyra Zelensk\u00e9ho p\u0159ed 2 dny v telemostu p\u0159ed americk\u00fdmi kongresmany se n\u011bco zm\u011bnilo. Kongres chce B\u00edl\u00fd d\u016fm obej\u00edt a autorizovat americkou arm\u00e1du pro tzv. m\u00edrovou misi. A v Kremlu ur\u010dit\u011b v\u011bd\u00ed v\u00edce o n\u011bkolik tah\u016f a dn\u016f dop\u0159edu.<\/p>\n<p>&nbsp;<\/p>\n<div id=\"rumble_vv63kn\">\n<div id=\"vid_vv63kn\" class=\"rumble_vv63kn-Rumble-cls\">\n<div class=\"bigPlayUI ctp\">\n<div class=\"bigPlayUIInner ctp\"><div class='videoWrapper'>\r\n\t            <iframe src='https:\/\/rumble.com\/embed\/pj.vv63kn\/' frameborder='0' allowfullscreen><\/iframe>\r\n\t        <\/div><\/div>\n<\/div>\n<\/div>\n<\/div>\n<p>&nbsp;<\/p>\n<p>Projev Vladimira Putina m\u011bl v sob\u011b n\u00e1boj burcov\u00e1n\u00ed k odvaze bojovat, k odvaze polo\u017eit i \u017eivot za sv\u00e9ho bli\u017en\u00edho. Vladimir Putin nikdy ned\u011bl\u00e1 nic jen tak pro nic za nic a jeho vystoupen\u00ed mi p\u0159ipadalo jako oslava nikoliv sv\u00e1tku, ale oslava odvahy voj\u00e1k\u016f a jejich odhodl\u00e1n\u00ed polo\u017eit \u017eivot za sv\u00e9ho bli\u017en\u00edho. Kulisa n\u011bkolika des\u00edtek tis\u00edc div\u00e1k\u016f na zcela zapln\u011bn\u00e9m stadionu d\u00e1vala projevu velice mraziv\u00fd podtext. Dnes jsem sledoval vystoupen\u00ed \u010d\u00ednsk\u00e9ho velvyslance v OSN.<\/p>\n<p>A ten v\u0161em vysv\u011btlil, \u017ee\u00a0<strong>Peking neuval\u00ed na Rusko sankce, a to ani na n\u00e1tlak USA, proto\u017ee Peking zast\u00e1v\u00e1 neutr\u00e1ln\u00ed n\u00e1zor a v\u00e1lka na Ukrajin\u011b a jej\u00ed \u0159e\u0161en\u00ed, a te\u010f dob\u0159e poslouchejte\u2026 je v ruk\u00e1ch NATO a USA!<\/strong>\u00a0Ano, \u010d\u00ednsk\u00fd velvyslanec to \u0159ekl naplno, v\u00e1lka na Ukrajin\u011b neskon\u010d\u00ed, dokud USA a NATO budou Ukrajin\u011b pos\u00edlat zbran\u011b, \u017eold\u00e1ky a nebo dokonce i voj\u00e1ky, piloty, st\u00edha\u010dky atd. A takov\u00fd v\u00fdvoj nepovede k rychl\u00e9mu m\u00edru, ale naopak k rychl\u00e9 eskalaci do 3. sv\u011btov\u00e9 v\u00e1lky. Pokud nem\u00e1te \u010das na zhl\u00e9dnut\u00ed videa z Lu\u017enik\u016f, tady je p\u0159epis videa.<\/p>\n<h4>Projev Vladimira Putina v Lu\u017enik\u00e1ch \u2013 Za sv\u011bt bez nacismu, za Rusko!<\/h4>\n<p>My, mnohon\u00e1rodnostn\u00ed lid Rusk\u00e9 federace, spojen\u00fd spole\u010dn\u00fdm osudem, v na\u0161\u00ed zemi, jsme prvn\u00edmi \u0159\u00e1dky z\u00e1kladn\u00edho z\u00e1kona Ruska, \u00dastavy. A ka\u017ed\u00e9 slovo napln\u011bn\u00e9 hlubok\u00fdm smyslem m\u00e1 na na\u0161\u00ed zemi velk\u00fd v\u00fdznam. Ve vlastn\u00ed zemi, sjednoceni spole\u010dn\u00fdm osudem, to si pravd\u011bpodobn\u011b mysleli a t\u00edm se \u0159\u00eddili lid\u00e9, kte\u0159\u00ed \u0161li 18. b\u0159ezna 2014 k referendu na Krymu a v Sevastopolu.\u00a0<strong>\u017dili a st\u00e1le \u017eij\u00ed na sv\u00e9 p\u016fd\u011b. A cht\u011bli \u017e\u00edt spole\u010dn\u00fd osud se svou historickou vlast\u00ed, s Ruskem! M\u011bli na to pln\u00e9 pr\u00e1vo a dos\u00e1hli sv\u00e9ho c\u00edle.<\/strong>\u00a0Nejprve jim poblahop\u0159ejme k jejich sv\u00e1tku. Je to jejich sv\u00e1tek. Blahop\u0159ejeme!<\/p>\n<p>Rusko ud\u011blalo hodn\u011b pro to, aby pozvedlo Krym a Sevastopol. Museli jsme d\u011blat v\u011bci, kter\u00e9 nejsou pouh\u00fdm okem okam\u017eit\u011b viditeln\u00e9. Jsou z\u00e1sadn\u00ed povahy. Dod\u00e1vky plynu, elekt\u0159iny, ve\u0159ejn\u00e9 slu\u017eby a obnova silni\u010dn\u00ed s\u00edt\u011b, postaven\u00ed nov\u00fdch cest, d\u00e1lnic a most\u016f. Bylo nutn\u00e9 dostat Krym a Sevastopol z toho podivn\u00e9ho stavu, kdy byly Krym a Sevastopol pod jurisdikc\u00ed jin\u00e9ho st\u00e1tu, kter\u00fd tato \u00fazem\u00ed financoval na tzv. zbytkov\u00e9m principu. Ale nejde jen o to. Jde o to, \u017ee v\u00edme, co by se m\u011blo ud\u011blat d\u00e1l. A jak to ud\u011blat. A ur\u010dit\u011b uskute\u010dn\u00edme v\u0161echny na\u0161e pl\u00e1ny! Ale nejde jen o tato rozhodnut\u00ed.<\/p>\n<p>Jde o to, \u017ee obyvatel\u00e9 Krymu a Sevastopolu ud\u011blali spr\u00e1vnou v\u011bc, kdy\u017e nacist\u016fm a extr\u00e9mn\u00edm nacionalist\u016fm postavili do cesty tvrdou bari\u00e9ru. Proto\u017ee to, co se stalo na jin\u00fdch \u00fazem\u00edch a co se d\u011bje dodnes, je toho nejlep\u0161\u00edm d\u016fkazem. S t\u00edmto st\u00e1tn\u00edm p\u0159evratem nesouhlasili ani obyvatel\u00e9, kte\u0159\u00ed p\u0159e\u017e\u00edvali a p\u0159e\u017e\u00edvaj\u00ed na Donbasu. Proti nim byly okam\u017eit\u011b zorganizov\u00e1ny trestn\u00e9 vojensk\u00e9 operace, a ne jedna.\u00a0<strong>Byli okam\u017eit\u011b oble\u017eeni blok\u00e1dou. Byli vystaveni systematick\u00e9 palb\u011b z d\u011bl. Byly provedeny leteck\u00e9 \u00fadery. Tomu se \u0159\u00edk\u00e1 genocida!<\/strong>\u00a0Pr\u00e1v\u011b zbaven\u00ed lid\u00ed utrpen\u00ed z t\u00e9to genocidy je hlavn\u00edm d\u016fvodem motivace a \u00fa\u010delu vojensk\u00e9 operace, kterou jsme zah\u00e1jili v Donbasu a na Ukrajin\u011b.<\/p>\n<p>To je c\u00edl\u00a0<strong>a tady mi p\u0159ich\u00e1zej\u00ed na mysl slova z P\u00edsma svat\u00e9ho.\u00a0<em>Nen\u00ed v\u011bt\u0161\u00ed l\u00e1sky, ne\u017e kdy\u017e \u010dlov\u011bk d\u00e1 \u017eivot za sv\u00e9 p\u0159\u00e1tele.<\/em>\u00a0A vid\u00edme, jak hrdinn\u011b se na\u0161i chlapci v t\u00e9to operaci chovaj\u00ed a bojuj\u00ed.<\/strong>\u00a0Tato slova poch\u00e1zej\u00ed ze svat\u00fdch k\u0159es\u0165ansk\u00fdch p\u00edsem. Z toho, co je drah\u00e9 t\u011bm, kte\u0159\u00ed toto n\u00e1bo\u017eenstv\u00ed vyzn\u00e1vaj\u00ed. Ale v\u0161echno je to univerz\u00e1ln\u00ed hodnota pro v\u0161echny n\u00e1rody a p\u0159edstavitele v\u0161ech vyzn\u00e1n\u00ed v Rusku. A to p\u0159edev\u0161\u00edm pro na\u0161e lidi, v prvn\u00ed \u0159ad\u011b pro na\u0161e lidi. A nejlep\u0161\u00edm d\u016fkazem toho je zp\u016fsob, jak\u00fdm na\u0161i voj\u00e1ci bojuj\u00ed v pr\u016fb\u011bhu t\u00e9to vojensk\u00e9 operace. Bok po boku. Pom\u00e1haj\u00ed si, vz\u00e1jemn\u011b se podporuj\u00ed, a kdy\u017e je t\u0159eba, kryj\u00ed se jako brat\u0159i p\u0159ed kulkami na boji\u0161ti. Takovou jednotu jsme u\u017e dlouho nem\u011bli.<\/p>\n<p><em>P\u0159eklad: -VK-<\/em><\/p>\n<h6><span style=\"font-size: 14pt;\">Nov\u00e9 hodiny v Kremlu na zdi<\/span><\/h6>\n<p>Abyste rozum\u011bli, denacifikaci by pot\u0159ebovala cel\u00e1 Evropa v\u010detn\u011b USA. Ten obrovsk\u00fd tlak protirusk\u00e9 nen\u00e1visti poch\u00e1z\u00ed z indoktrinace z\u00e1padn\u00edho obyvatelstva za cel\u00fdch posledn\u00edch 30 let. Je to proces vych\u00e1zej\u00edc\u00ed p\u0159\u00edmo z 1. priority \u0159\u00edzen\u00ed a tento nacismus p\u0159etaven\u00fd do rusofobie je natlakovan\u00fd a p\u0159ipraven\u00fd ke spu\u0161t\u011bn\u00ed kdykoliv, kdy se Rusko za\u010dne aktivn\u011b br\u00e1nit.\u00a0<strong>Rusko a\u017e dosud v\u00edce jak 30 let ustupovalo a ustupovalo, zat\u00edmco NATO se roz\u0161i\u0159ovalo a roz\u0161i\u0159ovalo, a to st\u00e1le v\u00edce a v\u00edce sm\u011brem k rusk\u00fdm hranic\u00edm<\/strong>.<\/p>\n<p>A ve chv\u00edli, kdy Ukrajina ozn\u00e1mila \u00fasty Zelensk\u00e9ho na Mnichovsk\u00e9 konferenci, \u017ee m\u00e1 pln\u00e9 pr\u00e1vo na to, aby si Ukrajina znovu po\u0159\u00eddila vlastn\u00ed jadern\u00e9 zbran\u011b, a \u017ee m\u00e1 pr\u00e1vo na \u010dlenstv\u00ed v NATO, tak v tom okam\u017eiku p\u0159imontovali v Kremlu hodiny na ze\u010f, v\u011bd\u011bli u\u017e d\u00edky tomu p\u0159esn\u011b, kter\u00e1 uhodila, \u017ee tohle u\u017e je hotovo a ned\u00e1 se jinak, a za\u010dala vojensk\u00e1 invaze a denacifika\u010dn\u00ed proces.<\/p>\n<figure id=\"attachment_50968\" class=\"wp-caption aligncenter\" style=\"width: 1048px;\"><a href=\"https:\/\/aeronet.news\/wp-content\/uploads\/LuznikyZaPutina.jpg\"><img decoding=\"async\" loading=\"lazy\" class=\"wp-image-50968 \" src=\"https:\/\/aeronet.news\/wp-content\/uploads\/LuznikyZaPutina.jpg\" sizes=\"(max-width: 1280px) 100vw, 1280px\" srcset=\"https:\/\/aeronet.news\/wp-content\/uploads\/LuznikyZaPutina.jpg 1280w, https:\/\/aeronet.news\/wp-content\/uploads\/LuznikyZaPutina-300x197.jpg 300w, https:\/\/aeronet.news\/wp-content\/uploads\/LuznikyZaPutina-768x504.jpg 768w, https:\/\/aeronet.news\/wp-content\/uploads\/LuznikyZaPutina-1024x672.jpg 1024w, https:\/\/aeronet.news\/wp-content\/uploads\/LuznikyZaPutina-700x459.jpg 700w, https:\/\/aeronet.news\/wp-content\/uploads\/LuznikyZaPutina-100x65.jpg 100w, https:\/\/aeronet.news\/wp-content\/uploads\/LuznikyZaPutina-544x357.jpg 544w, https:\/\/aeronet.news\/wp-content\/uploads\/LuznikyZaPutina-736x483.jpg 736w\" alt=\"\" width=\"1048\" height=\"688\" \/><\/a><figcaption class=\"wp-caption-text\">Div\u00e1ci na stadionu p\u0159i projevu Vladimira Putina<\/figcaption><\/figure>\n<p>Probl\u00e9m je v tom, \u017ee t\u011bch n\u00e1ck\u016f v p\u0159evle\u010den\u00ed za librer\u00e1ln\u00ed demokraty je v Evrop\u011b a v USA tolik, \u017ee aby ty \u00fatoky proti Rusku p\u0159estaly, musel by Putin za\u010d\u00edt proces stalinizace proces\u016f vojensk\u00e9ho \u0159\u00edzen\u00ed a musel by obsadit celou Evropu a dokonale ji denacifikovat. Americk\u00fd kongres jako hn\u00edzdo neonacistick\u00fdch proces\u016f \u0159\u00edzen\u00ed to pouze potvrzuje.<\/p>\n<p>Cht\u011bj\u00ed rozpoutat v\u00e1lku v Evrop\u011b s Ruskem, aby bomby a rakety l\u00e9taly jen mezi Ruskem a evropsk\u00fdmi st\u00e1ty.\u00a0<strong>Snaha o nasunut\u00ed m\u00edrov\u00fdch jednotek ve v\u00e1le\u010dn\u00e9 z\u00f3n\u011b povede k p\u0159\u00edm\u00e9 konfrontaci mezi Ruskou arm\u00e1dou a jednotkami NATO, a je \u00fapln\u011b jedno, pod jak bohulibou z\u00e1minkou to bude realizov\u00e1no.<\/strong>\u00a0Pokud jednotky NATO budou br\u00e1nit operac\u00edm Rusk\u00e9 arm\u00e1dy, potom Rusk\u00e1 arm\u00e1da bude muset proti NATO za\u00fato\u010dit stejn\u011b, jako kdyby \u0161lo o \u017eold\u00e1ky nebo regul\u00e9rn\u00ed voj\u00e1ky ukrajinsk\u00e9 arm\u00e1dy.<\/p>\n<h6><span style=\"font-size: 14pt;\">Denacifikac\u00ed Ukrajiny to neskon\u010d\u00ed, proto\u017ee Ukrajina je jenom \u0161pi\u010dka h\u00e1kov\u00e9ho k\u0159\u00ed\u017ee<\/span><\/h6>\n<p>Pod\u00edvejte se na St\u0159edn\u00ed Evropu. \u010cesk\u00e1 republika, Slovensko a Polsko jsou t\u0159i nejv\u00edce nacifikovan\u00e9 st\u00e1ty v Evrop\u011b. Nacifikace dos\u00e1hla takov\u00fdch rozm\u011br\u016f, \u017ee 25. \u00fanora \u010cR obnovila st\u00e1tn\u00ed cenzuru a zablokovala nejprve Aeronet + 7 dal\u0161\u00edch opozi\u010dn\u00edch web\u016f, a potom po n\u011bkolika dnech narostl po\u010det blokovan\u00fdch web\u016f u\u017e na v\u00edce ne\u017e 30.\u00a0<strong>Ihned pot\u00e9 za\u010dala mainstreamov\u00e1 m\u00e9dia v \u010cR chrlit dezinformace o Ukrajin\u011b, nehor\u00e1zn\u00e9 l\u017ei a v\u00fdmysly, fejky, propagandu o v\u00edt\u011bzn\u00e9 UA arm\u00e1d\u011b a dal\u0161\u00ed nesmysly<\/strong>, a to d\u00edky tomu, \u017ee opozi\u010dn\u00ed m\u00e9dia jsou uml\u010dena a nemohou ty nesmysly vyvracet.<\/p>\n<p>Zfal\u0161ovan\u00e1 cesta premi\u00e9ra Fialy vlakem do polsk\u00e9ho bunkru v pohrani\u010d\u00ed vyd\u00e1van\u00e1 za cestu do Kyjeva, je toho nejlep\u0161\u00edm p\u0159\u00edkladem. Nacifikace a rusofobie je d\u016fsledkem p\u016fsoben\u00ed nejen na 1. priorit\u011b, ale i na dal\u0161\u00edch priorit\u00e1ch, v\u010detn\u011b t\u00e9 medi\u00e1ln\u00ed. Kdy\u017e lid\u00e9 sly\u0161\u00ed ka\u017ed\u00fd den o zl\u00e9m Rusku, dojde u nich po X letech k procesu nacifikace. A po 8 letech na Ukrajin\u011b je situace takov\u00e1, \u017ee tam u\u017e nebylo bezpe\u010dno ani pro ty etnick\u00e9 Rusy, kte\u0159\u00ed ani rusky nemluv\u00ed, pouze maj\u00ed etnick\u00fd p\u016fvod.<\/p>\n<figure id=\"attachment_50967\" class=\"wp-caption aligncenter\"><a href=\"https:\/\/aeronet.news\/wp-content\/uploads\/PutinLuznikyWaving.jpg\"><img decoding=\"async\" loading=\"lazy\" class=\"wp-image-50967 size-large\" src=\"https:\/\/aeronet.news\/wp-content\/uploads\/PutinLuznikyWaving-1024x576.jpg\" sizes=\"(max-width: 700px) 100vw, 700px\" srcset=\"https:\/\/aeronet.news\/wp-content\/uploads\/PutinLuznikyWaving-1024x576.jpg 1024w, https:\/\/aeronet.news\/wp-content\/uploads\/PutinLuznikyWaving-300x169.jpg 300w, https:\/\/aeronet.news\/wp-content\/uploads\/PutinLuznikyWaving-768x432.jpg 768w, https:\/\/aeronet.news\/wp-content\/uploads\/PutinLuznikyWaving-700x394.jpg 700w, https:\/\/aeronet.news\/wp-content\/uploads\/PutinLuznikyWaving-635x357.jpg 635w, https:\/\/aeronet.news\/wp-content\/uploads\/PutinLuznikyWaving-859x483.jpg 859w, https:\/\/aeronet.news\/wp-content\/uploads\/PutinLuznikyWaving.jpg 1200w\" alt=\"\" width=\"700\" height=\"394\" \/><\/a><figcaption class=\"wp-caption-text\">Vladimir Putin m\u00e1v\u00e1 div\u00e1k\u016fm na stadionu Lu\u017eniky<\/figcaption><\/figure>\n<p>Jin\u00fdmi slovy, v\u00e1lka na Ukrajin\u011b je jenom vrcholem nacifika\u010dn\u00edho h\u00e1kov\u00e9ho k\u0159\u00ed\u017ee, kter\u00fd tr\u010d\u00ed ze dve\u0159\u00ed do rusk\u00e9 p\u0159eds\u00edn\u011b. Zbytek t\u00e9 nacifikace je ale daleko za dve\u0159mi Ruska, daleko mimo Ukrajinu, v cel\u00e9 Evrop\u011b a hlavn\u011b v USA a ve v\u0161ech zem\u00edch pod kontrolou anglo-sask\u00e9ho nacistick\u00e9ho souru\u010denstv\u00ed USA, Velk\u00e9 Brit\u00e1nie, Kanady, Austr\u00e1lie a Nov\u00e9ho Z\u00e9landu.\u00a0<strong>USA a zem\u011b Commonwealthu. A to je co? P\u011btice v\u00e1le\u010dn\u00fdch ps\u016f Domu Sion.<\/strong><\/p>\n<p>Denacifikovat Ukrajinu znamen\u00e1 odble\u0161it pouze ocas v\u00e1le\u010dn\u00e9ho psa, kter\u00fdm vrt\u00ed hlava psa. Rusko m\u016f\u017ee zjistit, \u017ee Ukrajina nebude koncem operace, \u017ee to bude pouze za\u010d\u00e1tek pr\u00e1ce s denacifikac\u00ed protirusk\u00e9 Evropy, kter\u00e1 bude jako vztekl\u00fd pes hledat cesty, jak rozpoutat v\u00e1lku s Ruskem. Takov\u00e1 je realita ukrajinsk\u00e9ho konfliktu. Odble\u0161en\u00ed ocasu v\u00e1le\u010dn\u00e9ho psa, jeho\u017e hlava a mozek je v Lond\u00fdnsk\u00fdch kancel\u00e1\u0159\u00edch.<\/p>\n<p>-VK-\u00a0 \u0160\u00e9fredaktor AE News<\/p>\n<p><a href=\"https:\/\/aeronet.news\/video-vladimir-putin-na-zaplnenem-stadionu-v-luznikach-citoval-pismo-svate-o-obetovani-zivota-za-blizniho-sveho-ve-valce-proti-nacismu-obrovska-oslava-8-vyroci-sjednoceni-krymu-s-ruskem\/\">ZDROJ<\/a><\/p>\n<p>&nbsp;<\/p>\n","protected":false},"excerpt":{"rendered":"<p>VIDEO: Vladimir Putin na zapln\u011bn\u00e9m stadionu v Lu\u017enik\u00e1ch citoval P\u00edsmo svat\u00e9 o ob\u011btov\u00e1n\u00ed \u017eivota za&#8230;<\/p>\n","protected":false},"author":2,"featured_media":9241,"comment_status":"closed","ping_status":"closed","sticky":false,"template":"","format":"standard","meta":[],"categories":[7],"tags":[],"_links":{"self":[{"href":"https:\/\/www.infokuryr.cz\/n\/wp-json\/wp\/v2\/posts\/9240"}],"collection":[{"href":"https:\/\/www.infokuryr.cz\/n\/wp-json\/wp\/v2\/posts"}],"about":[{"href":"https:\/\/www.infokuryr.cz\/n\/wp-json\/wp\/v2\/types\/post"}],"author":[{"embeddable":true,"href":"https:\/\/www.infokuryr.cz\/n\/wp-json\/wp\/v2\/users\/2"}],"replies":[{"embeddable":true,"href":"https:\/\/www.infokuryr.cz\/n\/wp-json\/wp\/v2\/comments?post=9240"}],"version-history":[{"count":0,"href":"https:\/\/www.infokuryr.cz\/n\/wp-json\/wp\/v2\/posts\/9240\/revisions"}],"wp:featuredmedia":[{"embeddable":true,"href":"https:\/\/www.infokuryr.cz\/n\/wp-json\/wp\/v2\/media\/9241"}],"wp:attachment":[{"href":"https:\/\/www.infokuryr.cz\/n\/wp-json\/wp\/v2\/media?parent=9240"}],"wp:term":[{"taxonomy":"category","embeddable":true,"href":"https:\/\/www.infokuryr.cz\/n\/wp-json\/wp\/v2\/categories?post=9240"},{"taxonomy":"post_tag","embeddable":true,"href":"https:\/\/www.infokuryr.cz\/n\/wp-json\/wp\/v2\/tags?post=9240"}],"curies":[{"name":"wp","href":"https:\/\/api.w.org\/{rel}","templated":true}]}}