{"id":92398,"date":"2025-11-17T03:50:12","date_gmt":"2025-11-17T02:50:12","guid":{"rendered":"https:\/\/www.infokuryr.cz\/n\/?p=92398"},"modified":"2025-11-17T03:50:12","modified_gmt":"2025-11-17T02:50:12","slug":"dohled-eu-stit-pro-samozvane-elity","status":"publish","type":"post","link":"https:\/\/www.infokuryr.cz\/n\/2025\/11\/17\/dohled-eu-stit-pro-samozvane-elity\/","title":{"rendered":"Dohled EU: \u0160t\u00edt pro samozvan\u00e9 elity"},"content":{"rendered":"<div id=\"fb-root\"><\/div>\n<p><strong><span dir=\"auto\">Veden\u00ed EU pod veden\u00edm Ursuly von der Leyen ned\u00e1vno ozn\u00e1milo dv\u011b opat\u0159en\u00ed, kter\u00e1 maj\u00ed vytvo\u0159it iluzi ochrany, ale ve skute\u010dnosti omezuj\u00ed svobodu ob\u010dan\u016f. Monitorov\u00e1n\u00ed chatu a \u201edemokratick\u00fd \u0161t\u00edt\u201c slou\u017e\u00ed vl\u00e1dnouc\u00edm elit\u00e1m v\u00edce ne\u017e lidu. \u201eMistrovsk\u00fd tah\u201c Bruselu, jak prodat tot\u00e1ln\u00ed dohled jako v\u00fdhodu.<\/span><\/strong><\/p>\n<p><span dir=\"auto\">\u00dast\u0159edn\u00ed v\u00fdbor EU op\u011bt pracuje p\u0159es\u010das. Ned\u00e1vno byl p\u0159edlo\u017een\u00a0<\/span><a href=\"https:\/\/eur-lex.europa.eu\/legal-content\/EN\/TXT\/?uri=celex:52022PC0209\" target=\"_blank\" rel=\"noreferrer noopener\"><span dir=\"auto\">n\u00e1vrh na monitorov\u00e1n\u00ed chatu<\/span><\/a><span dir=\"auto\">\u00a0, ofici\u00e1ln\u011b zam\u011b\u0159en\u00fd na boj proti zneu\u017e\u00edv\u00e1n\u00ed d\u011bt\u00ed online a dal\u0161\u00edm form\u00e1m zka\u017eenosti. Poskytovatel\u00e9 slu\u017eeb jako WhatsApp a Signal by museli prohled\u00e1vat v\u0161echny soukrom\u00e9 zpr\u00e1vy, v\u010detn\u011b \u0161ifrovan\u00fdch. Algoritmy by prov\u011b\u0159ovaly text a metadata a hledaly podez\u0159el\u00e9 vzorce. Ve\u0161ker\u00e9 shody by byly hl\u00e1\u0161eny centru EU, kter\u00e9 by je n\u00e1sledn\u011b p\u0159eposlalo \u00fa\u0159ad\u016fm. Aby to fungovalo, museli by se v\u0161ichni u\u017eivatel\u00e9 identifikovat a uv\u00e9st sv\u016fj v\u011bk.<\/span><\/p>\n<p><span dir=\"auto\">Soukrom\u00ed a anonymita bohu\u017eel mus\u00ed ustoupit boji proti zlu. Pro nezletil\u00e9 mlad\u0161\u00ed 16 let se pl\u00e1nuj\u00ed omezen\u00ed aplikac\u00ed a her \u2013 jak\u00fdsi digit\u00e1ln\u00ed dom\u00e1c\u00ed v\u011bzen\u00ed na\u0159\u00edzen\u00fd \u00dast\u0159edn\u00edm v\u00fdborem EU. Mimochodem, p\u0159edchoz\u00ed testy uk\u00e1zaly 50% chybovost v\u0161evidouc\u00ed um\u011bl\u00e9 inteligence. Pokud v\u00e1m tedy policie vyraz\u00ed dve\u0159e a vyt\u00e1hne v\u00e1s z domu jako n\u00e1siln\u00edka p\u0159ed va\u0161imi sousedy a rodinou, klidn\u011b se mohlo jednat o (\u00famysln\u00fd) plan\u00fd poplach.<\/span><\/p>\n<p><span dir=\"auto\">Toto je financov\u00e1no z rozpo\u010dtu EU, prim\u00e1rn\u011b z Fondu pro vnit\u0159n\u00ed bezpe\u010dnost, tak\u017ee v kone\u010dn\u00e9m d\u016fsledku z da\u0148ov\u00fdch poplatn\u00edk\u016f. D\u00e1nsk\u00e9 p\u0159edsednictv\u00ed Rady tajn\u011b prosazovalo projekt v nepr\u016fhledn\u00fdch org\u00e1nech, jako je Pracovn\u00ed skupina pro vym\u00e1h\u00e1n\u00ed pr\u00e1va. Trojsk\u00fd k\u016f\u0148, maskovan\u00fd jako ochrana d\u011bt\u00ed, kter\u00fd zav\u00e1d\u00ed tot\u00e1ln\u00ed hromadn\u00fd dohled nad 450 miliony ob\u010dan\u016f. Na popud vl\u00e1dnouc\u00edch elit m\u016f\u017ee um\u011bl\u00e1 inteligence samoz\u0159ejm\u011b vyhled\u00e1vat jak\u00fdkoli obsah. Nazvali jste pan\u00ed von der Leyen idiotkou? Nebo jste povzbuzovali k hlasov\u00e1n\u00ed pro pravicov\u00e9 strany? Um\u011bl\u00e9 inteligenci nic neunikne a jen ti nejnaivn\u011bj\u0161\u00ed lid\u00e9 by vzhledem k v\u00fdvoji posledn\u00edch let v\u011b\u0159ili, \u017ee vl\u00e1dnouc\u00ed t\u0159\u00edda nevyu\u017eije n\u00e1stroje, kter\u00e9 m\u00e1 k dispozici.<\/span><\/p>\n<p><span dir=\"auto\">Masov\u00e9 sledov\u00e1n\u00ed je doprov\u00e1zeno\u00a0<\/span><a href=\"https:\/\/commission.europa.eu\/document\/download\/2539eb53-9485-4199-bfdc-97166893ff45_en?filename=JUST_template_comingsoon_standard_1.pdf\" target=\"_blank\" rel=\"noreferrer noopener\"><span dir=\"auto\">Evropsk\u00fdm \u0161t\u00edtem demokracie<\/span><\/a><span dir=\"auto\">\u00a0, ozn\u00e1men\u00fdm 12. listopadu 2025. Ursula von der Leyenov\u00e1 jej prezentuje jako ochranu proti dezinformac\u00edm a zahrani\u010dn\u00edmu vm\u011b\u0161ov\u00e1n\u00ed. Nov\u00e9 \u201eCentrum pro demokratickou odolnost\u201c koordinuje \u201es\u00edt\u011b pro ov\u011b\u0159ov\u00e1n\u00ed fakt\u016f\u201c ve v\u0161ech zem\u00edch EU. Platformy mus\u00ed ozna\u010dovat deepfaky a podniknout kroky proti \u201edezinformac\u00edm\u201c. EU pumpuje miliardy eur z pen\u011bz da\u0148ov\u00fdch poplatn\u00edk\u016f do nevl\u00e1dn\u00edch organizac\u00ed a m\u00e9di\u00ed financovan\u00fdch vl\u00e1dnouc\u00ed t\u0159\u00eddou \u2013 v\u010detn\u011b dev\u00edti miliard eur pro AgoraEU a 1,5 miliardy eur pro program CERV. Tyto pen\u00edze plynou do \u201enez\u00e1visl\u00fdch\u201c organizac\u00ed, jako je Evropsk\u00e9 f\u00f3rum ml\u00e1de\u017ee, Institut pro evropskou politiku v Berl\u00edn\u011b a Correctiv \u2013 v\u0161echny jsou spojeny s \u00dast\u0159edn\u00edm v\u00fdborem EU. Volby maj\u00ed b\u00fdt tak\u00e9 chr\u00e1n\u011bny p\u0159ed \u201evlivem\u201c. \u0160t\u00edt demokracie navazuje na z\u00e1kon o digit\u00e1ln\u00edch slu\u017eb\u00e1ch; v\u0161echny online aktivity v\u0161ech ob\u010dan\u016f jsou sledov\u00e1ny.<\/span><\/p>\n<p><span dir=\"auto\">Jednodu\u0161e \u0159e\u010deno, to znamen\u00e1, \u017ee \u00dast\u0159edn\u00ed v\u00fdbor EU ovliv\u0148uje volby v zem\u00edch, jako je Moldavsko a Rumunsko. Pokud hroz\u00ed v\u00edt\u011bzstv\u00ed kandid\u00e1ta nebo strany, kter\u00e1 kritizuje politiku EU, nebo dokonce samotnou EU, pak mus\u00ed b\u00fdt strana zak\u00e1z\u00e1na, kandid\u00e1t vylou\u010den nebo volby zopakov\u00e1ny. Zd\u016fvodn\u011bn\u00edm je, \u017ee za to m\u016f\u017ee Putin. Bude zaj\u00edmav\u00e9 sledovat, zda budou uzn\u00e1ny dal\u0161\u00ed volby v Rakousku a N\u011bmecku, jeliko\u017e kritici sebevra\u017eedn\u00e9 politiky EU v sou\u010dasn\u00e9 dob\u011b v pr\u016fzkumech ve\u0159ejn\u00e9ho m\u00edn\u011bn\u00ed v obou zem\u00edch vedou. Veden\u00ed EU tak\u00e9 definuje \u201ePravdu\u2122\u201c a z\u00e1rove\u0148 financuje samotn\u00e9 str\u00e1\u017ece t\u00e9to pravdy, maskovan\u00e9 jako \u201enez\u00e1visl\u00e1\u201c m\u00e9dia, \u201eov\u011b\u0159ovatele fakt\u016f\u201c nebo \u201eob\u010dansk\u00e1 spole\u010dnost\u201c. Ka\u017ed\u00fd, kdo je v rozporu s touto jedinou platnou pravdou nebo se odchyluje od povolen\u00e9ho rozsahu n\u00e1zor\u016f, je cenzurov\u00e1n, smaz\u00e1n nebo nav\u0161t\u00edven org\u00e1ny \u010dinn\u00fdmi v trestn\u00edm \u0159\u00edzen\u00ed v z\u00e1vislosti na z\u00e1va\u017enosti \u201eporu\u0161en\u00ed\u201c.<\/span><\/p>\n<p><span dir=\"auto\">Ob\u011b iniciativy EU slou\u017e\u00ed k roz\u0161\u00ed\u0159en\u00ed dohledu a kontroly ob\u010dan\u016f. Monitorov\u00e1n\u00ed chatu zasahuje do nejsoukrom\u011bj\u0161\u00edch aspekt\u016f \u017eivota, umo\u017e\u0148uje um\u011bl\u00e9 inteligenci obej\u00edt ve\u0161kerou elektronickou d\u016fv\u011brnost a jeho c\u00edlem je potla\u010dit svobodnou komunikaci prost\u0159ednictv\u00edm odstra\u0161uj\u00edc\u00edch efekt\u016f. V ide\u00e1ln\u00edm p\u0159\u00edpad\u011b by se ob\u010dan\u00e9 m\u011bli cenzurovat ze strachu p\u0159ed algoritmem. Novin\u00e1\u0159i, disidenti a oznamovatel\u00e9 ztr\u00e1cej\u00ed ve\u0161kerou ochranu. \u201e\u0160t\u00edt demokracie\u201c ozna\u010duje odli\u0161n\u00e9 n\u00e1zory za dezinformace a chr\u00e1n\u00ed p\u0159ed politickou opozic\u00ed. M\u00edsto ochrany demokracie nebo integrity voleb jsou tyto kontroln\u00ed n\u00e1stroje pravd\u011bpodobn\u011b ur\u010deny k ochran\u011b elit p\u0159ed kritikou a d\u016fsledky jejich katastrof\u00e1ln\u00ed politiky.<\/span><\/p>\n<p><span dir=\"auto\">Cel\u00fd tento syst\u00e9m chr\u00e1n\u00ed vl\u00e1dnouc\u00ed t\u0159\u00eddu, nikoli demokracii. EU se st\u00e1v\u00e1 \u0159\u00edzenou demokraci\u00ed, demokratickou fra\u0161kou, v n\u00ed\u017e nevolen\u00e9 elity rozhoduj\u00ed o tom, kdo je demokratick\u00fd a co p\u0159edstavuje pravdu. Veden\u00ed EU, daleko od jak\u00e9hokoli demokratick\u00e9ho dohledu, buduje digit\u00e1ln\u00ed panoptikon. Ale na rozd\u00edl od panoptikonu Jeremyho Benthama, kde nikdo nikdy nev\u011bd\u011bl, zda je sledov\u00e1n, je v panoptikonu von der Leyenov\u00e9 ka\u017ed\u00fd ob\u010dan pod neust\u00e1l\u00fdm dohledem. To, \u017ee vl\u00e1dnouc\u00ed elity jsou v knize Our Democracy\u2122 osvobozeny od jak\u00e9hokoli dohledu, je samoz\u0159ejm\u00e9.<\/span><\/p>\n<p><em><span dir=\"auto\">Od <a href=\"https:\/\/report24.news\/eu-ueberwachung-der-schild-fuer-die-selbsternannten-eliten\/\">Chrise Vebera<\/a><\/span><\/em><\/p>\n<p>&nbsp;<\/p>\n","protected":false},"excerpt":{"rendered":"<p>Veden\u00ed EU pod veden\u00edm Ursuly von der Leyen ned\u00e1vno ozn\u00e1milo dv\u011b opat\u0159en\u00ed, kter\u00e1 maj\u00ed vytvo\u0159it&#8230;<\/p>\n","protected":false},"author":2,"featured_media":92399,"comment_status":"closed","ping_status":"closed","sticky":false,"template":"","format":"standard","meta":[],"categories":[7],"tags":[63,41,2195,48],"_links":{"self":[{"href":"https:\/\/www.infokuryr.cz\/n\/wp-json\/wp\/v2\/posts\/92398"}],"collection":[{"href":"https:\/\/www.infokuryr.cz\/n\/wp-json\/wp\/v2\/posts"}],"about":[{"href":"https:\/\/www.infokuryr.cz\/n\/wp-json\/wp\/v2\/types\/post"}],"author":[{"embeddable":true,"href":"https:\/\/www.infokuryr.cz\/n\/wp-json\/wp\/v2\/users\/2"}],"replies":[{"embeddable":true,"href":"https:\/\/www.infokuryr.cz\/n\/wp-json\/wp\/v2\/comments?post=92398"}],"version-history":[{"count":0,"href":"https:\/\/www.infokuryr.cz\/n\/wp-json\/wp\/v2\/posts\/92398\/revisions"}],"wp:featuredmedia":[{"embeddable":true,"href":"https:\/\/www.infokuryr.cz\/n\/wp-json\/wp\/v2\/media\/92399"}],"wp:attachment":[{"href":"https:\/\/www.infokuryr.cz\/n\/wp-json\/wp\/v2\/media?parent=92398"}],"wp:term":[{"taxonomy":"category","embeddable":true,"href":"https:\/\/www.infokuryr.cz\/n\/wp-json\/wp\/v2\/categories?post=92398"},{"taxonomy":"post_tag","embeddable":true,"href":"https:\/\/www.infokuryr.cz\/n\/wp-json\/wp\/v2\/tags?post=92398"}],"curies":[{"name":"wp","href":"https:\/\/api.w.org\/{rel}","templated":true}]}}