{"id":92394,"date":"2025-11-17T00:19:40","date_gmt":"2025-11-16T23:19:40","guid":{"rendered":"https:\/\/www.infokuryr.cz\/n\/?p=92394"},"modified":"2025-11-16T05:34:36","modified_gmt":"2025-11-16T04:34:36","slug":"jaroslav-neveris-zamazal-milacci-padousi-a-nezlomny-dvoji-metr-palestinsky-konflikt-v-mezinarodni-politice","status":"publish","type":"post","link":"https:\/\/www.infokuryr.cz\/n\/2025\/11\/17\/jaroslav-neveris-zamazal-milacci-padousi-a-nezlomny-dvoji-metr-palestinsky-konflikt-v-mezinarodni-politice\/","title":{"rendered":"Jaroslav Neveris Zamazal: Mil\u00e1\u010dci, padou\u0161i a nezlomn\u00fd dvoj\u00ed metr \u2013 palestinsk\u00fd konflikt v mezin\u00e1rodn\u00ed politice"},"content":{"rendered":"<div id=\"fb-root\"><\/div>\n<p>A\u010dkoli obvykle je v\u00a0r\u00e1mci konfliktu v\u00a0Palestin\u011b Izrael prezentov\u00e1n jako drtiv\u011b siln\u00fd a Palestinci naopak jako trp\u00edc\u00ed bezmocn\u00ed chud\u00e1ci, v\u00a0medi\u00e1ln\u011b politick\u00e9 rovin\u011b plat\u00ed prav\u00fd opak. Izrael je v\u00a0defenz\u00edv\u011b a d\u016fsledky jsou potenci\u00e1ln\u011b smrt\u00edc\u00ed. Jak to vypad\u00e1 v\u00a0praxi?<\/p>\n<p>Navzdory obecn\u00e9mu pov\u011bdom\u00ed, v\u00a0rovin\u011b m\u00e9di\u00ed a propagandy Izrael \u010del\u00ed mocn\u00e9mu soupe\u0159i zosobn\u011bn\u00e9ho alianc\u00ed isl\u00e1mu a \u201epokroku\u201c (bl\u00ed\u017ee viz\u00a0<a href=\"https:\/\/medium.seznam.cz\/clanek\/jaroslav-zamazal-kdo-jsou-pratele-palestiny-a-po-cem-touzi-205420\">zde<\/a>) a nach\u00e1z\u00ed se v\u00a0dlouhodob\u00e9 defenz\u00edv\u011b. Dokonce ani mimo\u0159\u00e1dn\u011b rozs\u00e1hl\u00fd a brut\u00e1ln\u00ed \u00fatok ze\u00a07. \u0159\u00edjna 2023 tento stav nezm\u011bnil a ji\u017e kr\u00e1tkou dobu pot\u00e9 op\u011bt pohor\u0161en\u00ed, varov\u00e1n\u00ed a odsouzen\u00ed v\u011bt\u0161inov\u011b plynula obvykl\u00fdm sm\u011brem, tj. proti Izraeli. P\u0159irozen\u011b by bylo mo\u017en\u00e9 nad t\u00edm m\u00e1vnout rukou a uch\u00fdlit se ke caligulovsk\u00e9mu \u201e<em>Oderint dum metuant<\/em>.\u201c (\u201eA\u0165 si nen\u00e1vid\u00ed, dokud se boj\u00ed.\u201c), ale Izrael, navzdory sv\u00e9 s\u00edle a schopnostem, je nevyhnuteln\u011b limitov\u00e1n svou velikost\u00ed. A tedy d\u016fsledky on\u00e9 marketingov\u011b medi\u00e1ln\u00ed p\u0159evahy Palestinc\u016f (v praxi vypadaj\u00edc\u00ed\u00a0<a href=\"https:\/\/medium.seznam.cz\/clanek\/jaroslav-zamazal-absurdni-trojaktovka-minisonda-k-medialnimu-pokryti-hamasu-a-izraele-32642\">takto<\/a>\u00a0a bohu\u017eel t\u00e9m\u011b\u0159 i\u00a0<a href=\"https:\/\/www.youtube.com\/watch?v=VYUL1R4pupU\">takto<\/a>), v\u010detn\u011b bohu\u017eel i palestinsk\u00fdch teroristick\u00fdch organizac\u00ed, sice nejsou fat\u00e1ln\u00ed (zat\u00edm), ale jsou v\u00e1\u017en\u00e9 a nep\u0159\u00edjemn\u00e9 a v\u00fdrazn\u011b p\u0159isp\u00edvaj\u00ed k\u00a0podob\u011b i trv\u00e1n\u00ed cel\u00e9ho konfliktu (jen\u017e je moment\u00e1ln\u011b pozastaven).<\/p>\n<h3><strong>Odm\u011bny a dobr\u00e9 pocity pro koho?<\/strong><\/h3>\n<p>Kv\u016fli t\u00e9to p\u0159evaze maj\u00ed Palestinci, v\u010detn\u011b terorist\u016f, zaji\u0161t\u011bn\u00fd p\u0159\u00edsun podpory ze zahrani\u010d\u00ed. Jeho zdrojem jsou \u010d\u00e1ste\u010dn\u011b a nep\u0159ekvapiv\u011b muslimsk\u00e9 zem\u011b, a\u010dkoli zna\u010dn\u00e1 \u010d\u00e1st jejich \u0161t\u011bdrosti je motivov\u00e1na m\u00e9n\u011b sympatiemi k\u00a0Palestinc\u016fm a v\u00edce obavami, \u017ee by se z\u00a0\u00fazem\u00ed ovl\u00e1dan\u00fdch Izraelem mohli p\u0159est\u011bhovat jinam (viz zku\u0161enosti Jord\u00e1nska a Libanonu, tj. v\u00a0prv\u00e9m p\u0159\u00edpad\u011b\u00a0<a href=\"https:\/\/en.wikipedia.org\/wiki\/Black_September\">pokus o n\u00e1siln\u00fd p\u0159evrat<\/a>, v\u00a0druh\u00e9m pak\u00a0<a href=\"https:\/\/en.wikipedia.org\/wiki\/Damour_massacre\">aktivn\u00ed \u00fa\u010dast<\/a>\u00a0p\u0159i rozdm\u00fdch\u00e1n\u00ed\u00a0<a href=\"https:\/\/en.wikipedia.org\/wiki\/Lebanese_Civil_War\">ob\u010dansk\u00e9 v\u00e1lky<\/a>).<\/p>\n<p>P\u0159esto v\u0161ak jsou v\u00fdznamn\u00fdm zdrojem podpory i z\u00e1padn\u00ed st\u00e1ty, nejen p\u0159\u00edsunem pen\u011bz, ale i politicky. Uk\u00e1zkou toho jsou\u00a0<a href=\"https:\/\/www.seznamzpravy.cz\/clanek\/zahranicni-co-prinese-uznani-nezavislosti-palestiny-od-vyznamnych-hracu-286635\">ned\u00e1vn\u00e1 jednostrann\u00e1 uzn\u00e1v\u00e1n\u00ed palestinsk\u00e9ho st\u00e1tu<\/a>. T\u011bm nep\u0159edch\u00e1zely \u00fastupky z\u00a0palestinsk\u00e9 strany, kter\u00e9 by vedly k\u00a0t\u00e9to vst\u0159\u00edcnosti. P\u0159edch\u00e1zela jim ze strany Palestinc\u016f (proto\u017ee teroristick\u00fd \u00fatok ze 7. \u0159\u00edjna 2023 zdaleka neprovedl pouze Ham\u00e1s) zah\u00e1jen\u00e1 v\u00e1lka a n\u00e1sledn\u00e1 dlouh\u00e1 neochota propustit rukojm\u00ed a uzav\u0159\u00edt p\u0159\u00edm\u011b\u0159\u00ed. Fakticky se tedy ze strany uzn\u00e1vaj\u00edc\u00edch st\u00e1t\u016f jednalo odm\u011bnu pro palestinsk\u00e9 veden\u00ed za terorismus a za cynick\u00e9 ob\u011btov\u00e1n\u00ed vlastn\u00edho obyvatelstva. Je typick\u00e9, \u017ee leto\u0161n\u00ed s\u00e9rie uzn\u00e1v\u00e1n\u00ed se rozb\u011bhla b\u011bhem l\u00e9ta, tj. p\u0159ed \u0159\u00edjnov\u00fdm p\u0159\u00edm\u011b\u0159\u00edm a bez vazby na n\u011bj. \u010clov\u011bk nemus\u00ed b\u00fdt expertem na psychologii \u010di politiku Bl\u00edzk\u00e9ho v\u00fdchodu, aby odhadl, jak zde budou vn\u00edm\u00e1ny jednostrann\u00e9 \u00fastupky a jak\u00fd bude m\u00edt jejich poskytnut\u00ed \u00fa\u010dinek do budoucna.<\/p>\n<p>P\u0159irozen\u011b se nezd\u00e1 pravd\u011bpodobn\u00fdm, \u017ee by z\u00e1padn\u00ed vl\u00e1dy skute\u010dn\u011b tou\u017eily odm\u011b\u0148ovat Ham\u00e1s za pr\u016fb\u011b\u017enou likvidaci Palestinc\u016f (i kdy\u017e to v\u00a0praxi \u010din\u00ed). Naopak pravd\u011bpodobn\u011bj\u0161\u00ed je z\u00a0jejich strany touha udr\u017eet p\u0159i zd\u00e1n\u00ed \u017eivota my\u0161lenku dvoust\u00e1tn\u00edho \u0159e\u0161en\u00ed, kterou v\u0161ak sami Palestinci zabili 7. \u0159\u00edjna 2023, zat\u00edmco v\u00a0n\u00e1sleduj\u00edc\u00edch dnech a t\u00fddnech tento krok je\u0161t\u011b v\u011bt\u0161inov\u011b oslavovali a podporovali. Je to jen iluze a gesto podobn\u00e9 v\u00a0\u201epokrokov\u00fdch\u201c kruz\u00edch obl\u00edben\u00e9mu \u201esignalizov\u00e1n\u00ed ctnosti\u201c (anglick\u00fd term\u00edn \u201evirtue signalling\u201c). Ov\u0161em snaha o udr\u017een\u00ed t\u00e9to iluze znamenala, \u017ee tyto st\u00e1ty p\u0159istoupily i ke \u0161patn\u011b na\u010dasovan\u00e9mu a kontraproduktivn\u00edmu gestu, kter\u00e9 bude m\u00edt se zna\u010dnou pravd\u011bpodobnost\u00ed negativn\u00ed dopady na zm\u011bnu dosavadn\u00edho nekooperativn\u00edho postoje palestinsk\u00e9ho veden\u00ed. Ov\u0161em to nikoho ze \u201esignaliz\u00e1tor\u016f ctnosti\u201c netr\u00e1p\u00ed, proto\u017ee negativn\u00ed d\u016fsledky nedopadnou na n\u011b, n\u00fdbr\u017e na Izrael, p\u0159\u00edpadn\u011b na Palestince. Je to charakteristick\u00e1 podobnost nap\u0159\u00edklad s\u00a0postojem \u201eprogresivn\u00edch bojovn\u00edk\u016f proti rasismu\u201c, kte\u0159\u00ed k\u00e1\u017e\u00ed o kr\u00e1s\u00e1ch a v\u00fdhod\u00e1ch etnick\u00e9 diverzity, ale z\u00e1rove\u0148 \u017eij\u00ed v\u00a0ohrazen\u00fdch, st\u0159e\u017een\u00fdch a monokulturn\u00edch \u010dtvrt\u00edch (tzv. \u201egated communities\u201c), kde se jich p\u0159\u00edpadn\u00e9 negativn\u00ed d\u016fsledky etnick\u00fdch spor\u016f nebudou t\u00fdkat (podrobn\u011bji k\u00a0tomuto principu viz\u00a0<a href=\"https:\/\/www.youtube.com\/watch?v=OW8af2Kmi0k\">zde<\/a>). Dal\u0161\u00edm p\u0159\u00edkladem jsou n\u011bkter\u00e9 americk\u00e9 celebrity, kter\u00e9 \u201eprchaj\u00ed p\u0159ed trumpovsk\u00fdm rasismem a b\u00edl\u00fdm supremacismem\u201c, ale jejich c\u00edlov\u00e9 destinace se v\u011bt\u0161inov\u011b nach\u00e1z\u00ed na m\u00edstech, jako je anglick\u00fd venkov, kde \u017eij\u00ed prakticky pouze domorodci britsk\u00e9ho p\u016fvodu \u010di jin\u00e9 celebrity (viz\u00a0<a href=\"https:\/\/www.bbc.com\/news\/articles\/c8d638rrndzo\">zde<\/a>).<\/p>\n<h3><strong>Metla lidsk\u00fdch pr\u00e1v<\/strong><\/h3>\n<p>Je\u0161t\u011b v\u00fdrazn\u011bj\u0161\u00ed je tento dvoj\u00ed metr v\u00a0multilater\u00e1ln\u00ed politice, zejm\u00e9na v\u00a0r\u00e1mci OSN a zvl\u00e1\u0161t\u011b pak jej\u00ed nechvaln\u011b proslul\u00e9\u00a0<a href=\"https:\/\/cs.wikipedia.org\/wiki\/Rada_pro_lidsk%C3%A1_pr%C3%A1va\">Rady pro lidsk\u00e1 pr\u00e1va<\/a>. Podstatu jej\u00edho p\u016fsoben\u00ed lze snadno posoudit prost\u00fdm srovn\u00e1n\u00edm po\u010dtu\u00a0<a href=\"https:\/\/en.wikipedia.org\/wiki\/List_of_United_Nations_resolutions_concerning_Israel\">rezoluc\u00ed proti Izraeli<\/a>\u00a0s po\u010dty rezoluc\u00ed proti skute\u010dn\u00fdm diktatur\u00e1m \u010di jin\u00fdm odpudiv\u00fdm re\u017eim\u016fm (do roku 2013 odsoudila Izrael ve 45 rezoluc\u00edch, jen v\u00a0obdob\u00ed 2006-2024 to bylo 108 rezoluc\u00ed), jako\u017e i\u00a0po\u010dtu speci\u00e1ln\u00edch zased\u00e1n\u00ed zam\u011b\u0159en\u00fdch na konkr\u00e9tn\u00ed zemi (Izrael 9, S\u00fdrie 5), anebo skute\u010dnost, \u017ee Izrael je jedin\u00e1 zem\u011b, kter\u00e1 je na jej\u00edch jedn\u00e1n\u00edch st\u00e1l\u00fdm bodem programu (bl\u00ed\u017ee viz\u00a0<a href=\"https:\/\/unwatch.org\/database\/problems\/unhrc\/\">tento p\u0159ehled<\/a>). Dal\u0161\u00edm v\u00fdraznou ilustrac\u00ed je\u00a0<a href=\"https:\/\/en.wikipedia.org\/wiki\/Francesca_Albanese\">Francesca Albanese<\/a>, zvl\u00e1\u0161tn\u00ed zpravodajka OSN pro Z\u00e1padn\u00ed b\u0159eh a Gazu, je\u017e ospravedl\u0148ovala teroristick\u00fd \u00fatok ze\u00a07. \u0159\u00edjna coby \u201eodpor proti \u00fatlaku\u201c ji\u017e od prvn\u00edch dn\u016f po jeho proveden\u00ed, soustavn\u011b usilovala z\u00e1chranu Ham\u00e1su skrze p\u0159\u00edm\u011b\u0159\u00ed podle jeho podm\u00ednek a delegitimizaci Izraele skrze \u00fa\u010delov\u00e1 obvin\u011bn\u00ed z\u00a0genocidy (oproti v\u00edce\u00a0<a href=\"https:\/\/x.com\/SpencerGuard\/status\/1948010761957052628?lang=cs\">realistick\u00e9mu pohledu<\/a>\u00a0na v\u00e1lku), na\u010de\u017e v\u00a0dubnu 2025 byla za tuto \u010dinnost potvrzena ve sv\u00e9 funkci na dal\u0161\u00ed t\u0159\u00edlet\u00e9 obdob\u00ed.<\/p>\n<h3><strong>Nejlep\u0161\u00ed uprchl\u00edci na sv\u011bt\u011b<\/strong><\/h3>\n<p>Tento jednostrann\u011b negativn\u00ed postoj v\u016f\u010di Izraeli pak symetricky lad\u00ed s\u00a0nekriticky vst\u0159\u00edcn\u00fdm postojem v\u016f\u010di Palestinc\u016fm. Uk\u00e1zkou toho je i skute\u010dnost, \u017ee Palestinci jako jedin\u00ed na sv\u011bt\u011b dlouhodob\u011b maj\u00ed svou vlastn\u00ed agencii OSN. Inu, nen\u00ed v\u00e1lka jako v\u00e1lka, nejsou uprchl\u00edci jako uprchl\u00edci, nejsou ob\u011bti jako ob\u011bti, jsou ti oby\u010dejn\u00ed, jejich utrpen\u00ed je (pokud si ho n\u011bkdo v\u0161imne) samoz\u0159ejm\u011b stra\u0161n\u00e9. A pak jsou ti, kte\u0159\u00ed jsou \u201en\u011bco extra\u201c a jejich\u017e utrpen\u00ed je pova\u017eov\u00e1no za v\u00fdjime\u010dn\u00e9. To jsou pr\u00e1v\u011b Palestinci, kte\u0159\u00ed maj\u00ed tento \u201eelitn\u00ed\u201c status u\u017e po generace, jsou na n\u011bj zvykl\u00ed a pova\u017euj\u00ed jej za n\u011bco samoz\u0159ejm\u00e9ho.<\/p>\n<p>Tedy to, co by v\u00a0jin\u00fdch p\u0159\u00edpadech bylo pova\u017eov\u00e1no za v\u00fdsady, mimo\u0159\u00e1dn\u00e9 \u00fastupky, vst\u0159\u00edcnost, v\u00fdjime\u010dnou solidaritu \u010di empatii, je ze strany Palestinc\u016f pova\u017eov\u00e1no za standard, na kter\u00fd maj\u00ed \u201en\u00e1rok\u201c i bez jak\u00e9koli pozitivn\u00ed snahy ze sv\u00e9 strany.\u00a0 A tomu tak\u00e9 dlouhodob\u011b odpov\u00edd\u00e1 jejich\u00a0<a href=\"https:\/\/www.youtube.com\/watch?v=2PmFBuD-eOI&amp;t=3s\">neochota ke kompromis\u016fm<\/a>, kter\u00e1 ji\u017e p\u0159ed v\u00edce ne\u017e dvaceti lety fakticky poh\u0159bila kdysi tak nad\u011bjn\u011b p\u016fsob\u00edc\u00ed m\u00edrov\u00fd proces z\u00a0Oslo.<\/p>\n<p>V\u00a0praxi tedy Palestinci (a pouze oni) maj\u00ed elitn\u00ed status \u201ed\u011bdi\u010dn\u00fdch uprchl\u00edk\u016f\u201c, co\u017e po generace pom\u00e1h\u00e1 udr\u017eovat iluzi jejich \u201en\u00e1vratu\u201c do Izraele (p\u0159i\u010dem\u017e\u00a0<a href=\"https:\/\/x.com\/JakubSzanto\/status\/1717218980300050681\">srovnateln\u00fd po\u010det \u017eid\u016f<\/a>\u00a0vyhnan\u00fdch v\u00a0t\u00e9\u017ee dob\u011b ze zem\u00ed Bl\u00edzk\u00e9ho v\u00fdchodu a severn\u00ed Afriky z\u016fst\u00e1v\u00e1 ignorov\u00e1n, proto\u017ee se zjevn\u011b nejedn\u00e1 o ty \u201espr\u00e1vn\u00e9 uprchl\u00edky\u201c). Jeliko\u017e po\u010det t\u011bchto palestinsk\u00fdch \u201euprchl\u00edk\u016f\u201c se ji\u017e zn\u011bkolikan\u00e1sobil a d\u00e1le prudce roste, tato my\u0161lenka udr\u017eovan\u00e1 prost\u0159edky OSN vytv\u00e1\u0159\u00ed u Palestinc\u016f pocit, \u017ee bez ohledu na ne\u00fasp\u011bchy sv\u00e9ho terorismu a vojensk\u00fdch agres\u00ed, \u201e\u010das je na jejich stran\u011b\u201c a d\u0159\u00edve \u010di pozd\u011bji se do Izraele \u201evr\u00e1t\u00ed\u201c, demograficky ukon\u010d\u00ed jeho v\u011bt\u0161inov\u011b \u017eidovsk\u00fd charakter a fakticky jej ovl\u00e1dnou. Tento stav p\u0159edstavuje ohromn\u00e9 b\u0159\u00edm\u011b pro jak\u00e9koli snahy o narovn\u00e1n\u00ed a tedy i pro ono vytou\u017een\u00e9 dvoust\u00e1tn\u00ed \u0159e\u0161en\u00ed. Pro ilustraci je mo\u017en\u00e9 si p\u0159edstavit, jak by asi v\u00a0uplynul\u00e9m p\u016flstolet\u00ed vypadaly \u010desko-n\u011bmeck\u00e9 vztahy, kdyby byl vyhnan\u00fdm\/odsunut\u00fdm sudetsk\u00fdm N\u011bmc\u016fm po druh\u00e9 sv\u011btov\u00e9 v\u00e1lce p\u0159izn\u00e1n stejn\u00fd \u201ed\u011bdi\u010dn\u011b uprchlick\u00fd\u201c status, se soustavnou medi\u00e1ln\u00ed, politickou i hmotnou podporou pro jejich n\u00e1vrat od \u201e\u0159eky k\u00a0mo\u0159i\u201c (neboli od A\u0161e k\u00a0Jablunkovu).<\/p>\n<p>Z\u00a0historick\u00e9ho hlediska je zaj\u00edmav\u00e9, a v\u00a0dan\u00e9m kontextu nep\u0159ekvapiv\u011b m\u00e1lo zmi\u0148ovan\u00e9, \u017ee po vzniku sionistick\u00e9ho hnut\u00ed a zes\u00edlen\u00ed \u017eidovsk\u00e9 imigrace do\u0161lo na p\u0159elomu 19. a 20. stolet\u00ed v\u00a0tehdej\u0161\u00ed osmansk\u00e9 Palestin\u011b k\u00a0ekonomick\u00e9mu rozvoji. Tento v\u00fdvoj a s\u00a0n\u00edm souvisej\u00edc\u00ed p\u0159\u00edle\u017eitosti podn\u00edtily v\u00a0prvn\u00edch desetilet\u00edch 20. stolet\u00ed t\u00e9\u017e zna\u010dnou arabskou migraci z\u00a0okoln\u00edch region\u016f do Palestiny motivovanou ekonomick\u00fdmi d\u016fvody (<a href=\"https:\/\/en.wikipedia.org\/wiki\/Demographic_history_of_Palestine_(region)\">po\u010det muslimsk\u00fdch obyvatel v\u00a0Palestin\u011b<\/a>\u00a0se v\u00a0obdob\u00ed 1914 \u2013 1948 ztrojn\u00e1sobil). Ov\u0161em je p\u0159\u00edzna\u010dn\u00e9, \u017ee po vzniku st\u00e1tu Izrael prakticky v\u0161ichni Arabov\u00e9 opou\u0161t\u011bj\u00edc\u00ed jeho \u00fazem\u00ed m\u011bli mo\u017enost z\u00edskat status \u201eelitn\u00edch uprchl\u00edk\u016f\u201c bez ohledu na to, jak dlouho tam pob\u00fdvali.<\/p>\n<h3><strong>Aristokracie mezi trp\u00edc\u00edmi a jej\u00ed servisn\u00ed organizace<\/strong><\/h3>\n<p>O n\u00e1roky pot\u0159eb palestinsk\u00fdch \u201ed\u011bdi\u010dn\u00fdch uprchl\u00edk\u016f\u201c se star\u00e1 \u201ejejich\u201c agencie OSN\u00a0 \u2013 \u00da\u0159ad OSN pro palestinsk\u00e9 uprchl\u00edky na Bl\u00edzk\u00e9m v\u00fdchod\u011b (UNRWA). Uvozovky v\u00a0tomto p\u0159\u00edpad\u011b nejsou tak \u00fapln\u011b na m\u00edst\u011b, proto\u017ee v\u00a0p\u0159\u00edpad\u011b Palestinc\u016f UNRWA je opravdu jejich, a to v\u00a0u\u017e\u0161\u00edm i \u0161ir\u0161\u00edm v\u00fdznamu tohoto slova. Nejen ve smyslu, \u017ee je ur\u010dena pro uspokojov\u00e1n\u00ed jejich (a pouze jejich) pot\u0159eb, ale tak\u00e9 je s\u00a0palestinsk\u00fdmi organizacemi, v\u010detn\u011b teroristick\u00e9ho Ham\u00e1su,\u00a0<a href=\"https:\/\/govextra.gov.il\/unrwa\/unrwa\/\">p\u0159\u00edmo propojena<\/a>. Byly zji\u0161t\u011bny p\u0159\u00edpady, kdy m\u00edstn\u00ed zam\u011bstnanci UNRWA byli z\u00e1rove\u0148 podporovatel\u00e9 \u010di p\u0159\u00edmo \u010dlenov\u00e9 Ham\u00e1su a pod\u00edleli se na teroristick\u00e9m \u00fatoku ze\u00a07. \u0159\u00edjna \u010di na jeho n\u00e1vazn\u00fdch akc\u00edch. To by p\u0159irozen\u011b \u0161lo bagatelizovat ve smyslu, \u017ee se jedn\u00e1 o jednotlivce a naprost\u00e9 v\u00fdjimky a \u017ee k\u00a0takov\u00fdm \u010din\u016fm \u201e<em><a href=\"https:\/\/www.youtube.com\/watch?v=7iX9komSY7o\">doch\u00e1z\u00ed nejv\u00fd\u0161e jednou (dvakr\u00e1t, t\u0159ikr\u00e1t\u2026) za deset let<\/a><\/em>\u201c a nep\u0159ekvapiv\u011b pr\u00e1v\u011b takto vyzn\u011blo n\u00e1sledn\u00e9 vy\u0161et\u0159ov\u00e1n\u00ed v\u00a0r\u00e1mci apar\u00e1tu OSN. O sporn\u00e9 v\u011brohodnosti tohoto vy\u0161et\u0159ov\u00e1n\u00ed si m\u016f\u017eeme ud\u011blat obr\u00e1zek na z\u00e1klad\u011b des\u00edtek konkr\u00e9tn\u00edch p\u0159\u00edklad\u016f v\u00a0<a href=\"https:\/\/unwatch.org\/unrwa-terror-network\/\">tomto p\u0159ehledu<\/a>, jako\u017e i ze skute\u010dnosti, \u017ee Spojen\u00e9 st\u00e1ty v\u00a0r\u00e1mci aktu\u00e1ln\u00edho p\u0159\u00edm\u011b\u0159\u00ed \u017e\u00e1dnou roli pro UNRWA\u00a0<a href=\"https:\/\/x.com\/jbetlach\/status\/1981709632113348867\">nep\u0159edpokl\u00e1daj\u00ed<\/a>.<\/p>\n<p>Ov\u0161em podstatn\u011bj\u0161\u00ed je role UNRWA jako poj\u00edtka (viz s\u00a0m\u00edrnou nads\u00e1zkou\u00a0<a href=\"https:\/\/www.youtube.com\/watch?v=bAEbWcg2jBA\">tento souhrn<\/a>) Ham\u00e1su k\u00a0v\u00fdnosn\u00e9 (finan\u010dn\u011b i politicky) distribuci humanit\u00e1rn\u00ed \u010di jin\u00e9 pomoci a jako faktick\u00fd \u0161t\u00edt pro Ham\u00e1s, jeho\u017e teroristick\u00e9 z\u00e1kladny i sklady v\u00fdzbroje se mnohdy nach\u00e1zely p\u0159\u00edmo pod institucemi \u0159\u00edzen\u00fdmi \u010di podporovan\u00fdmi UNRWA.<\/p>\n<p>Do toho zapad\u00e1 i \u010dinnost t\u011bchto instituc\u00ed (na jejich\u017e financov\u00e1n\u00ed se p\u0159irozen\u011b pod\u00edl\u00ed i dal\u0161\u00ed dono\u0159i jako EU \u2013 viz t\u0159eba\u00a0<a href=\"https:\/\/www.timesofisrael.com\/despite-eu-vow-to-end-incitement-palestinian-textbooks-remain-unaltered-report\/\">zde<\/a>\u00a0a\u00a0<a href=\"https:\/\/neviditelnypes.lidovky.cz\/zahranici\/osn-co-vyucuji-skoly-unrwa.A231109_095141_p_zahranici_nef\">zde<\/a>), zejm\u00e9na vzd\u011bl\u00e1vac\u00edch (v\u010detn\u011b \u0161kolek), kter\u00e9 dlouhodob\u011b slou\u017e\u00ed k\u00a0\u00fasp\u011b\u0161n\u00e9 indoktrinaci nov\u00fdch generac\u00ed Palestinc\u016f (<a href=\"https:\/\/x.com\/palwatch\/status\/1985681732268445823\">uk\u00e1zka<\/a>). M\u016f\u017eeme se podivovat nad rusk\u00fdm nihilistick\u00fdm feti\u0161em spo\u010d\u00edvaj\u00edc\u00edm v\u00a0obl\u00e9k\u00e1n\u00ed d\u011bt\u00ed do vojensk\u00fdch uniforem \u010di do maket tank\u016f za \u00fa\u010delem pravideln\u00fdch kv\u011btnov\u00fdch exhibic\u00ed (viz\u00a0<a href=\"https:\/\/twitter.com\/i\/status\/1652583278589747201\">p\u0159\u00edklad<\/a>,\u00a0<a href=\"https:\/\/twitter.com\/i\/status\/1652583278589747201\">p\u0159\u00edklad<\/a>\u00a0a\u00a0<a href=\"https:\/\/medium.seznam.cz\/clanek\/ruska-prani-mir-vitezstvi-a-deti-20070\">\u0161ir\u0161\u00ed kontext<\/a>), ale ve srovn\u00e1n\u00ed s\u00a0Palestinci to je jen slab\u00fd odvar. Uk\u00e1zkou toho m\u016f\u017ee b\u00fdt t\u0159eba tato\u00a0<a href=\"https:\/\/x.com\/visegrad24\/status\/1722902533448835311?ref_src=twsrc%5Etfw%7Ctwcamp%5Etweetembed%7Ctwterm%5E1722902533448835311%7Ctwgr%5Ebda7a20a141c2b6acaabd703fad4d5a13aa41407%7Ctwcon%5Es1_&amp;ref_url=https%3A%2F%2Fmedium.seznam.cz%2Fclanek%2Fjaroslav-zamazal-izrael-eu-a-ceska-republika-na-prikladu-jedne-rezoluce-56112\">\u0161kolkov\u00e1 bes\u00eddka<\/a>, kde nam\u00edsto \u201estandardn\u00edch\u201c pop\u011bvk\u016f o s\u00edle neporazitelnosti \u201earm\u00e1dy\u201c vl\u00e1dnouc\u00edho re\u017eimu a nevyhnuteln\u00e9m v\u00edt\u011bzstv\u00ed, jak je tomu v\u00a0Rusku, m\u016f\u017eeme pozorovat propracovanou uk\u00e1zku p\u0159epaden\u00ed izraelsk\u00e9 pozice za \u00fa\u010delem odvle\u010den\u00ed rukojm\u00ed pro budouc\u00ed pou\u017eit\u00ed. Inu, \u201eakce odporu\u201c, jako byla ta 7. \u0159\u00edjna 2023, se zjevn\u011b nepoda\u0159\u00ed jen tak a je nutn\u00e1 p\u0159\u00edprava od \u00fatl\u00e9ho v\u011bku, jak pro role pachatel\u016f, tak pro role n\u00e1sledn\u00fdch podporovatel\u016f, oslavovatel\u016f a lidsk\u00fdch \u0161t\u00edt\u016f.<\/p>\n<p>P\u0159irozen\u011b by \u0161lo argumentovat ve smyslu, \u017ee toto se d\u011bje bez v\u011bdom\u00ed (jako t\u0159eba v\u00fdstavba tunel\u016f pod p\u0159\u00edslu\u0161n\u00fdmi budovami) \u010di proti v\u016fli UNRWA. Nicm\u00e9n\u011b pravda je pon\u011bkud logi\u010dt\u011bj\u0161\u00ed. Vzhledem ke sv\u00e9mu elitn\u00edmu statutu m\u011bli Palestinci (tedy a\u017e do izraelsk\u00e9ho z\u00e1sahu v\u00a0r\u00e1mci aktu\u00e1ln\u00ed v\u00e1lky) natolik rozs\u00e1hl\u00fd a robustn\u00ed p\u0159\u00edsun v\u0161emo\u017en\u00e9 podpory a pomoci, \u017ee si mohli vyb\u00edrat, kterou p\u0159ijmou. Proto, i\u00a0kdy\u017e akceptujeme premisu, \u017ee p\u0159\u00edm\u00e1 podpora terorismu Ham\u00e1su a podobn\u00fdch \u201esamospr\u00e1vn\u00fdch\u201c palestinsk\u00fdch organizac\u00ed nebyla prim\u00e1rn\u00edm c\u00edlem URWA, volba byla jasn\u00e1 \u2013 bu\u010f s\u00a0touto podporou ti\u0161e souhlasit, anebo p\u0159ijmout omezen\u00ed sv\u00fdch aktivit a tedy i pokles sv\u00e9ho vlivu a pen\u011bz.<\/p>\n<h3><strong>UNRWA a jej\u00ed posl\u00e1n\u00ed<\/strong><\/h3>\n<p>Dosavadn\u00ed v\u00fdvoj ukazuje, jakou mo\u017enost UNRWA znovu a znovu v\u00a0uplynul\u00fdch letech i desetilet\u00edch zvolila. Nen\u00ed to nijak zvl\u00e1\u0161\u0165 p\u0159ekvapiv\u00e9. Pokud by palestinsk\u00fd konflikt byl vy\u0159e\u0161en a v\u00a0oblasti by zavl\u00e1dly m\u00edr a prosperita, UNRWA by ztratila d\u016fvod sv\u00e9 existence, a proto je z\u00a0jej\u00edho pohledu \u017e\u00e1douc\u00ed, aby konflikt pokra\u010doval. Proto\u017ee kompromisy Palestinci spolehliv\u011b (i d\u00edky v\u00fd\u0161e zm\u00edn\u011bn\u00e9 indoktrinaci) odm\u00edtaj\u00ed a v\u00edt\u011bzstv\u00ed, tedy alespo\u0148 takov\u00e9ho, kter\u00e9 by znamenalo stabilitu a prosperitu, nejsou schopni dos\u00e1hnout, tak hlavn\u00ed \u201ehrozbu\u201c z\u00a0pohledu UNRWA a jeho sp\u0159\u00edzn\u011bn\u00fdch subjekt\u016f p\u0159edstavuje v\u00edt\u011bzstv\u00ed Izraele.<\/p>\n<p>Tomu je pot\u0159eba v\u00a0z\u00e1jmu UNRWA a dal\u0161\u00edch zainteresovan\u00fdch organizac\u00ed zabr\u00e1nit, v\u00a0\u010dem\u017e tito \u201eochr\u00e1nci palestinsk\u00fdch ob\u011bt\u00ed\u201c dojemn\u011b souzn\u00ed s\u00a0<a href=\"https:\/\/www.youtube.com\/watch?v=OUMl58i4m0w\">miliard\u00e1\u0159sk\u00fdm veden\u00edm<\/a>\u00a0Ham\u00e1su, ostatn\u00edmi teroristick\u00fdmi organizacemi, jako\u017e i se zkorumpovanou a tedy za norm\u00e1ln\u00edch podm\u00ednek neudr\u017eitelnou palestinskou \u201esamospr\u00e1vou\u201c. A v\u00fdsledkem je pr\u016fb\u011bh v\u00e1lky, jak\u00fd jsme mohli pozorovat po uplynul\u00e9 dva roky, tj. pomal\u00fd, n\u00e1kladn\u00fd a vzhledem k\u00a0vynalo\u017een\u00e9mu \u00fasil\u00ed m\u00e1lo efektivn\u00ed.<\/p>\n<p>A ze stejn\u00e9ho d\u016fvodu hroz\u00ed, \u017ee budeme, d\u0159\u00edve \u010di pozd\u011bji, sledovat jej\u00ed pokra\u010dov\u00e1n\u00ed.<\/p>\n<p><a href=\"https:\/\/dfens-cz.com\/milacci-padousi-a-nezlomny-dvoji-metr-palestinsky-konflikt-v-mezinarodni-politice\/\">Jaroslav Neveris Zamazal<\/a><\/p>\n<p>&nbsp;<\/p>\n","protected":false},"excerpt":{"rendered":"<p>A\u010dkoli obvykle je v\u00a0r\u00e1mci konfliktu v\u00a0Palestin\u011b Izrael prezentov\u00e1n jako drtiv\u011b siln\u00fd a Palestinci naopak jako&#8230;<\/p>\n","protected":false},"author":2,"featured_media":81350,"comment_status":"closed","ping_status":"closed","sticky":false,"template":"","format":"standard","meta":[],"categories":[6],"tags":[1042,2253,107,313],"_links":{"self":[{"href":"https:\/\/www.infokuryr.cz\/n\/wp-json\/wp\/v2\/posts\/92394"}],"collection":[{"href":"https:\/\/www.infokuryr.cz\/n\/wp-json\/wp\/v2\/posts"}],"about":[{"href":"https:\/\/www.infokuryr.cz\/n\/wp-json\/wp\/v2\/types\/post"}],"author":[{"embeddable":true,"href":"https:\/\/www.infokuryr.cz\/n\/wp-json\/wp\/v2\/users\/2"}],"replies":[{"embeddable":true,"href":"https:\/\/www.infokuryr.cz\/n\/wp-json\/wp\/v2\/comments?post=92394"}],"version-history":[{"count":0,"href":"https:\/\/www.infokuryr.cz\/n\/wp-json\/wp\/v2\/posts\/92394\/revisions"}],"wp:featuredmedia":[{"embeddable":true,"href":"https:\/\/www.infokuryr.cz\/n\/wp-json\/wp\/v2\/media\/81350"}],"wp:attachment":[{"href":"https:\/\/www.infokuryr.cz\/n\/wp-json\/wp\/v2\/media?parent=92394"}],"wp:term":[{"taxonomy":"category","embeddable":true,"href":"https:\/\/www.infokuryr.cz\/n\/wp-json\/wp\/v2\/categories?post=92394"},{"taxonomy":"post_tag","embeddable":true,"href":"https:\/\/www.infokuryr.cz\/n\/wp-json\/wp\/v2\/tags?post=92394"}],"curies":[{"name":"wp","href":"https:\/\/api.w.org\/{rel}","templated":true}]}}