{"id":92381,"date":"2025-11-17T00:21:17","date_gmt":"2025-11-16T23:21:17","guid":{"rendered":"https:\/\/www.infokuryr.cz\/n\/?p=92381"},"modified":"2025-11-16T05:05:01","modified_gmt":"2025-11-16T04:05:01","slug":"saudska-arabie-chce-od-usa-stihacky-f-35-a-izrael-na-oplatku-chce-normalizaci-vztahu","status":"publish","type":"post","link":"https:\/\/www.infokuryr.cz\/n\/2025\/11\/17\/saudska-arabie-chce-od-usa-stihacky-f-35-a-izrael-na-oplatku-chce-normalizaci-vztahu\/","title":{"rendered":"Sa\u00fadsk\u00e1 Ar\u00e1bie chce od USA st\u00edha\u010dky F-35 a Izrael na opl\u00e1tku chce normalizaci vztah\u016f"},"content":{"rendered":"<div id=\"fb-root\"><\/div>\n<p><strong><span dir=\"auto\">Americk\u00fd prezident Donald Trump 14. listopadu ozn\u00e1mil, \u017ee zva\u017euje uzav\u0159en\u00ed dohody o dod\u00e1vk\u00e1ch Sa\u00fadsk\u00e9 Ar\u00e1bii st\u00edha\u010dek F-35 Lightning.<\/span><\/strong><\/p>\n<p><em><span dir=\"auto\">\u201eCht\u011bj\u00ed koupit spoustu trysk\u00e1\u010d\u016f,\u201c \u0159ekl Trump novin\u00e1\u0159\u016fm na palub\u011b Air Force One. \u201eNa to se d\u00edv\u00e1m. Po\u017e\u00e1dali m\u011b, abych se na to pod\u00edval. Cht\u011bj\u00ed koupit spoustu \u201ap\u011btat\u0159ic\u00e1tn\u00edk\u016f\u2018 \u2013 ale cht\u011bj\u00ed koupit ve skute\u010dnosti v\u00edc ne\u017e to, st\u00edha\u010dky.\u201c<\/span><\/em><\/p>\n<p><span dir=\"auto\">Trump pl\u00e1nuje p\u0159\u00ed\u0161t\u00ed t\u00fdden v B\u00edl\u00e9m dom\u011b p\u0159iv\u00edtat sa\u00fadskoarabsk\u00e9ho korunn\u00edho prince Muhammada bin Salm\u00e1na. O\u010dek\u00e1v\u00e1 se, \u017ee oba podep\u00ed\u0161\u00ed v\u00fdznamn\u00e9 ekonomick\u00e9 a obrann\u00e9 dohody.<\/span><\/p>\n<p><span dir=\"auto\">Na ot\u00e1zku ohledn\u011b rozhovor\u016f Trump novin\u00e1\u0159\u016fm \u0159ekl, \u017ee jde \u201eo v\u00edc ne\u017e jen o setk\u00e1n\u00ed, ct\u00edme\u201c Sa\u00fadskou Ar\u00e1bii a dodal, \u017ee douf\u00e1, \u017ee se Sa\u00fadsk\u00e1 Ar\u00e1bie brzy p\u0159ipoj\u00ed k Abrahamov\u00fdm dohod\u00e1m a normalizuje vztahy s Izraelem.<\/span><\/p>\n<p><span dir=\"auto\">Hned n\u00e1sleduj\u00edc\u00ed den, 15. listopadu,\u00a0<\/span><a href=\"https:\/\/www.axios.com\/2025\/11\/15\/israel-trump-jet-sale-saudi-arabia\"><span dir=\"auto\">Axios<\/span><\/a><span dir=\"auto\">\u00a0informoval, \u017ee Izrael nem\u00e1 n\u00e1mitky proti prodeji st\u00edha\u010dek F-35 Sa\u00fadsk\u00e9 Ar\u00e1bii, ale trv\u00e1 na tom, aby jak\u00fdkoli transfer t\u011bchto pokro\u010dil\u00fdch st\u00edha\u010dek byl podm\u00edn\u011bn normalizac\u00ed vztah\u016f.<\/span><\/p>\n<p><span dir=\"auto\">Zpr\u00e1va novin\u00e1\u0159e Baraka Ravida cituje dva izraelsk\u00e9 zdroje zapojen\u00e9 do z\u00e1le\u017eitosti, kter\u00e9 uv\u00e1d\u011bj\u00ed, \u017ee Izrael vn\u00edm\u00e1 z\u00edsk\u00e1n\u00ed letoun\u016f Sa\u00fadskou Ar\u00e1bi\u00ed jinak ne\u017e zem\u011b, jako je Turecko.<\/span><\/p>\n<p><em><span dir=\"auto\">\u201e\u0158ekli jsme Trumpov\u011b administrativ\u011b, \u017ee dod\u00e1vky letoun\u016f F-35 do Sa\u00fadsk\u00e9 Ar\u00e1bie mus\u00ed podl\u00e9hat normalizaci vztah\u016f Sa\u00fadsk\u00e9 Ar\u00e1bie s Izraelem,\u201c cituje Axios izraelsk\u00e9ho \u00fa\u0159edn\u00edka, kter\u00fd trv\u00e1 na tom, \u017ee nepodm\u00ednit prodej diplomatick\u00fdm pokrokem mezi ob\u011bma zem\u011bmi by bylo \u201ekontraproduktivn\u00ed\u201c.<\/span><\/em><\/p>\n<p><em><span dir=\"auto\">\u201eNa rozd\u00edl od dod\u00e1vek st\u00edha\u010dek F-35 Turecku, proti nim\u017e siln\u011b nesouhlas\u00edme, se m\u00e9n\u011b ob\u00e1v\u00e1me takov\u00e9ho zbra\u0148ov\u00e9ho syst\u00e9mu v Sa\u00fadsk\u00e9 Ar\u00e1bii, pokud je sou\u010d\u00e1st\u00ed region\u00e1ln\u00ed bezpe\u010dnostn\u00ed spolupr\u00e1ce v r\u00e1mci Abrahamov\u00fdch dohod, jako je tomu u Spojen\u00fdch arabsk\u00fdch emir\u00e1t\u016f,\u201c cituje Axios druh\u00e9ho \u00fa\u0159edn\u00edka.<\/span><\/em><\/p>\n<p><span dir=\"auto\">Izrael je dnes jedinou zem\u00ed na Bl\u00edzk\u00e9m v\u00fdchod\u011b, kter\u00e1 provozuje st\u00edha\u010dky F-35, p\u0159i\u010dem\u017e nejm\u00e9n\u011b 45 t\u011bchto st\u00edha\u010dek je v provozu u jeho letectva a dal\u0161\u00edch 30 je objedn\u00e1no.<\/span><\/p>\n<p><em><span dir=\"auto\">\u201eLet F-35 ze Sa\u00fadsk\u00e9 Ar\u00e1bie do Izraele trv\u00e1 jen p\u00e1r minut,\u201c \u0159\u00edk\u00e1 jeden z \u00fa\u0159edn\u00edk\u016f agentu\u0159e Axios a trv\u00e1 na tom, \u017ee Izrael po\u017eaduje, aby \u017e\u00e1dn\u00e9 sa\u00fadsk\u00e9 st\u00edha\u010dky F-35 nebyly rozm\u00edst\u011bny na z\u00e1pad\u011b zem\u011b.<\/span><\/em><\/p>\n<p><span dir=\"auto\">Od sv\u00e9ho uveden\u00ed do provozu v roce 2016 \u010del\u00ed F-35 kritice kv\u016fli \u0161irok\u00e9 \u0161k\u00e1le probl\u00e9m\u016f, od chybn\u00e9ho softwaru p\u0159es f\u00fazi senzor\u016f, nespolehliv\u00e9 motory n\u00e1chyln\u00e9 k p\u0159eh\u0159\u00edv\u00e1n\u00ed, konstruk\u010dn\u00ed probl\u00e9my omezuj\u00edc\u00ed rychlost a obratnost, a\u017e po pot\u00ed\u017ee s \u00fadr\u017ebou.<\/span><\/p>\n<p><span dir=\"auto\">Navzdory v\u0161em t\u011bmto probl\u00e9m\u016fm by n\u00e1kup st\u00edha\u010dky dal Sa\u00fadsk\u00e9 Ar\u00e1bii ur\u010ditou vojenskou v\u00fdhodu, konkr\u00e9tn\u011b proti \u00cdr\u00e1nu a Turecku.<\/span><\/p>\n<div id=\"attachment_135608\" class=\"wp-caption aligncenter\" style=\"width: 518px;\"><a href=\"https:\/\/s5.cdnstatic.space\/wp-content\/uploads\/2021\/01\/F-35A-Lightning-II-scaled.jpg\" target=\"_blank\" rel=\"noopener\"><img decoding=\"async\" loading=\"lazy\" class=\"wp-image-135608\" title=\"Sa\u00fadsk\u00e1 Ar\u00e1bie chce od USA st\u00edha\u010dky F-35 a Izrael na opl\u00e1tku chce normalizaci vztah\u016f\" src=\"https:\/\/s5.cdnstatic.space\/wp-content\/uploads\/2021\/01\/F-35A-Lightning-II-398x1024.jpg\" sizes=\"(max-width: 600px) 100vw, 600px\" srcset=\"https:\/\/s5.cdnstatic.space\/wp-content\/uploads\/2021\/01\/F-35A-Lightning-II-398x1024.jpg 398w, https:\/\/s5.cdnstatic.space\/wp-content\/uploads\/2021\/01\/F-35A-Lightning-II-117x300.jpg 117w, https:\/\/s5.cdnstatic.space\/wp-content\/uploads\/2021\/01\/F-35A-Lightning-II-768x1976.jpg 768w, https:\/\/s5.cdnstatic.space\/wp-content\/uploads\/2021\/01\/F-35A-Lightning-II-597x1536.jpg 597w, https:\/\/s5.cdnstatic.space\/wp-content\/uploads\/2021\/01\/F-35A-Lightning-II-796x2048.jpg 796w, https:\/\/s5.cdnstatic.space\/wp-content\/uploads\/2021\/01\/F-35A-Lightning-II-scaled.jpg 995w\" alt=\"Sa\u00fadsk\u00e1 Ar\u00e1bie chce od USA st\u00edha\u010dky F-35 a Izrael na opl\u00e1tku chce normalizaci vztah\u016f\" width=\"518\" height=\"1333\" aria-describedby=\"caption-attachment-135608\" \/><\/a><\/p>\n<p id=\"caption-attachment-135608\" class=\"wp-caption-text\"><span dir=\"auto\">Kliknut\u00edm zobraz\u00edte obr\u00e1zek v pln\u00e9 velikosti.<\/span><\/p>\n<\/div>\n<p><span dir=\"auto\">Je v\u0161ak d\u016fle\u017eit\u00e9 zde poznamenat, \u017ee Spojen\u00e9 arabsk\u00e9 emir\u00e1ty, bl\u00edzk\u00fd spojenec kr\u00e1lovstv\u00ed, dostaly tak\u00e9 sl\u00edbenou smlouvu na F-35 v\u00fdm\u011bnou za podpis Abrahamov\u00fdch dohod v roce 2020. Dohoda se v\u0161ak po podpisu rychle rozpadla a Izrael pozd\u011bji pop\u0159el, \u017ee by byla sou\u010d\u00e1st\u00ed dohod. Sa\u00fadsk\u00e1 Ar\u00e1bie bude pravd\u011bpodobn\u011b opatrn\u011bj\u0161\u00ed.<\/span><\/p>\n<p><img decoding=\"async\" loading=\"lazy\" class=\"alignnone size-full wp-image-1185\" src=\"http:\/\/www.infokuryr.cz\/n\/wp-content\/uploads\/2021\/04\/kuryr-podpis.png\" alt=\"\" width=\"84\" height=\"24\" \/><\/p>\n<p>&nbsp;<\/p>\n","protected":false},"excerpt":{"rendered":"<p>Americk\u00fd prezident Donald Trump 14. listopadu ozn\u00e1mil, \u017ee zva\u017euje uzav\u0159en\u00ed dohody o dod\u00e1vk\u00e1ch Sa\u00fadsk\u00e9 Ar\u00e1bii&#8230;<\/p>\n","protected":false},"author":2,"featured_media":92382,"comment_status":"closed","ping_status":"closed","sticky":false,"template":"","format":"standard","meta":[],"categories":[7],"tags":[1284,1012,4007,37],"_links":{"self":[{"href":"https:\/\/www.infokuryr.cz\/n\/wp-json\/wp\/v2\/posts\/92381"}],"collection":[{"href":"https:\/\/www.infokuryr.cz\/n\/wp-json\/wp\/v2\/posts"}],"about":[{"href":"https:\/\/www.infokuryr.cz\/n\/wp-json\/wp\/v2\/types\/post"}],"author":[{"embeddable":true,"href":"https:\/\/www.infokuryr.cz\/n\/wp-json\/wp\/v2\/users\/2"}],"replies":[{"embeddable":true,"href":"https:\/\/www.infokuryr.cz\/n\/wp-json\/wp\/v2\/comments?post=92381"}],"version-history":[{"count":0,"href":"https:\/\/www.infokuryr.cz\/n\/wp-json\/wp\/v2\/posts\/92381\/revisions"}],"wp:featuredmedia":[{"embeddable":true,"href":"https:\/\/www.infokuryr.cz\/n\/wp-json\/wp\/v2\/media\/92382"}],"wp:attachment":[{"href":"https:\/\/www.infokuryr.cz\/n\/wp-json\/wp\/v2\/media?parent=92381"}],"wp:term":[{"taxonomy":"category","embeddable":true,"href":"https:\/\/www.infokuryr.cz\/n\/wp-json\/wp\/v2\/categories?post=92381"},{"taxonomy":"post_tag","embeddable":true,"href":"https:\/\/www.infokuryr.cz\/n\/wp-json\/wp\/v2\/tags?post=92381"}],"curies":[{"name":"wp","href":"https:\/\/api.w.org\/{rel}","templated":true}]}}