{"id":9238,"date":"2022-03-19T04:32:30","date_gmt":"2022-03-19T03:32:30","guid":{"rendered":"https:\/\/www.infokuryr.cz\/n\/?p=9238"},"modified":"2022-03-19T04:32:30","modified_gmt":"2022-03-19T03:32:30","slug":"twitter-zablokoval-ucet-prvniho-namestka-staleho-zastupce-ruska-pri-osn","status":"publish","type":"post","link":"https:\/\/www.infokuryr.cz\/n\/2022\/03\/19\/twitter-zablokoval-ucet-prvniho-namestka-staleho-zastupce-ruska-pri-osn\/","title":{"rendered":"Twitter zablokoval \u00fa\u010det prvn\u00edho n\u00e1m\u011bstka st\u00e1l\u00e9ho z\u00e1stupce Ruska p\u0159i OSN"},"content":{"rendered":"<div id=\"fb-root\"><\/div>\n<p><strong>Twitter zablokoval \u00fa\u010det prvn\u00edho n\u00e1m\u011bstka st\u00e1l\u00e9ho z\u00e1stupce Ruska p\u0159i OSN Dmitrije Poljansk\u00e9ho. K zablokov\u00e1n\u00ed jeho \u00fa\u010dtu do\u0161lo na z\u00e1klad\u011b p\u0159\u00edsp\u011bvku, v n\u011bm\u017e vyvracel fake news o tom, \u017ee v d\u016fsledku \u00fatoku rusk\u00fdch vojsk zahynuli civilist\u00e9 v mariupolsk\u00e9 porodnici.<\/strong><\/p>\n<p>\u201eV p\u00e1tek r\u00e1no Twitter zablokoval m\u016fj \u00fa\u010det s \u017e\u00e1dost\u00ed odstranit m\u016fj p\u0159\u00edsp\u011bvek z 9. b\u0159ezna, v n\u011bm\u017e informuji, \u017ee dva dny p\u0159edt\u00edm, b\u011bhem zased\u00e1n\u00ed Rady bezpe\u010dnosti jsme upozornili, \u017ee porodnice v Mariupolu, na kterou pr\u00fd za\u00fato\u010dilo Rusko a zp\u016fsobilo ob\u011bti na \u017eivotech, ji\u017e dlouho slou\u017eila ukrajinsk\u00fdm nacionalist\u016fm jako palebn\u00fd bod,\u201c napsal Poljanskij na sv\u00e9m telegramov\u00e9m kan\u00e1lu.<\/p>\n<p>P\u0159ipomn\u011bl, \u017ee 7. b\u0159ezna Rusko informovalo, \u017ee v\u0161ichni l\u00e9ka\u0159i a tak\u00e9 pacienti museli nemocnici opustit. V souvislosti s t\u00edm vypadaj\u00ed informace o ob\u011btech, jako o\u010dividn\u00ed fake.<\/p>\n<p>\u201eTak jsem napsal, vyj\u00e1d\u0159il l\u00edtost nad t\u00edm, \u017ee se na jeho \u0161\u00ed\u0159en\u00ed pod\u00edlela OSN. V d\u016fsledku Twitter usoudil, \u017ee m\u016fj p\u0159\u00edsp\u011bvek poru\u0161uje pravidla, kter\u00e1 zakazuj\u00ed c\u00edlenou \u0161ikanu, podn\u011bcov\u00e1n\u00ed k n\u00e1sil\u00ed, v\u010detn\u011b p\u0159\u00e1n\u00ed fyzick\u00e9 \u00fajmy. Nev\u00edm, co kou\u0159\u00ed experti Twitteru, kter\u00fd jsem d\u0159\u00edve pova\u017eoval za seri\u00f3zn\u00ed spole\u010dnost,\u201c uvedl Poljanskij.<\/p>\n<p>Poljanskij uvedl, \u017ee blokov\u00e1n\u00ed jeho \u00fa\u010dtu jasn\u011b sv\u011bd\u010d\u00ed o tom, nakolik chce Z\u00e1pad dodr\u017eovat svobodu slova a nakolik je p\u0159ipraven naslouchat jin\u00fdm n\u00e1zor\u016fm. Poljanskij d\u00e1le uvedl, \u017ee po\u010det n\u00e1v\u0161t\u011bvn\u00edk\u016f jeho \u00fa\u010dtu na anglick\u00e9m jazyce po\u0159\u00e1d rostl a jeho p\u0159\u00edsp\u011bvky \u010dasto citovala z\u00e1padn\u00ed m\u00e9dia.<\/p>\n<p>\u201eStru\u010dn\u011b \u0159e\u010deno, zd\u00e1 se, \u017ee moje pr\u00e1ce v s\u00edti byla pro z\u00e1padn\u00ed kolegy nepohodln\u00e1. A Twitter prost\u011b splnil p\u0159\u00edkaz,\u201c dodal Poljanskij.<\/p>\n<p><a href=\"https:\/\/cz.sputniknews.com\/20220318\/twitter-zablokoval-ucet-prvniho-namestka-staleho-zastupce-ruska-pri-osn-18041991.html\">ZDROJ<\/a><\/p>\n<p>&nbsp;<\/p>\n","protected":false},"excerpt":{"rendered":"<p>Twitter zablokoval \u00fa\u010det prvn\u00edho n\u00e1m\u011bstka st\u00e1l\u00e9ho z\u00e1stupce Ruska p\u0159i OSN Dmitrije Poljansk\u00e9ho. K zablokov\u00e1n\u00ed jeho&#8230;<\/p>\n","protected":false},"author":2,"featured_media":5035,"comment_status":"closed","ping_status":"closed","sticky":false,"template":"","format":"standard","meta":[],"categories":[7],"tags":[1987,186,421],"_links":{"self":[{"href":"https:\/\/www.infokuryr.cz\/n\/wp-json\/wp\/v2\/posts\/9238"}],"collection":[{"href":"https:\/\/www.infokuryr.cz\/n\/wp-json\/wp\/v2\/posts"}],"about":[{"href":"https:\/\/www.infokuryr.cz\/n\/wp-json\/wp\/v2\/types\/post"}],"author":[{"embeddable":true,"href":"https:\/\/www.infokuryr.cz\/n\/wp-json\/wp\/v2\/users\/2"}],"replies":[{"embeddable":true,"href":"https:\/\/www.infokuryr.cz\/n\/wp-json\/wp\/v2\/comments?post=9238"}],"version-history":[{"count":0,"href":"https:\/\/www.infokuryr.cz\/n\/wp-json\/wp\/v2\/posts\/9238\/revisions"}],"wp:featuredmedia":[{"embeddable":true,"href":"https:\/\/www.infokuryr.cz\/n\/wp-json\/wp\/v2\/media\/5035"}],"wp:attachment":[{"href":"https:\/\/www.infokuryr.cz\/n\/wp-json\/wp\/v2\/media?parent=9238"}],"wp:term":[{"taxonomy":"category","embeddable":true,"href":"https:\/\/www.infokuryr.cz\/n\/wp-json\/wp\/v2\/categories?post=9238"},{"taxonomy":"post_tag","embeddable":true,"href":"https:\/\/www.infokuryr.cz\/n\/wp-json\/wp\/v2\/tags?post=9238"}],"curies":[{"name":"wp","href":"https:\/\/api.w.org\/{rel}","templated":true}]}}