{"id":92379,"date":"2025-11-17T00:20:01","date_gmt":"2025-11-16T23:20:01","guid":{"rendered":"https:\/\/www.infokuryr.cz\/n\/?p=92379"},"modified":"2025-11-16T05:01:40","modified_gmt":"2025-11-16T04:01:40","slug":"eu-cenzurovala-pribeh-francouzskeho-mladika-killiana-jehoz-oblicej-v-parizi-vyrezal-bezdomovec-z-karibiku-do-podoby-jokerova-usmevu","status":"publish","type":"post","link":"https:\/\/www.infokuryr.cz\/n\/2025\/11\/17\/eu-cenzurovala-pribeh-francouzskeho-mladika-killiana-jehoz-oblicej-v-parizi-vyrezal-bezdomovec-z-karibiku-do-podoby-jokerova-usmevu\/","title":{"rendered":"EU cenzurovala p\u0159\u00edb\u011bh francouzsk\u00e9ho mlad\u00edka Killiana, jeho\u017e obli\u010dej v Pa\u0159\u00ed\u017ei vy\u0159ezal bezdomovec z Karibiku do podoby \u201eJokerova \u00fasm\u011bvu\u201c"},"content":{"rendered":"<div id=\"fb-root\"><\/div>\n<h3 class=\"s-tagline fw-tagline\"><span dir=\"auto\">P\u0159\u00edb\u011bh t\u011bchto mlad\u00fdch francouzsk\u00fdch ob\u011bt\u00ed, napaden\u00fdch bezdomoveck\u00fdm migrantem, je uml\u010dov\u00e1n cenzurn\u00edm re\u017eimem EU<\/span><\/h3>\n<p><span dir=\"auto\">Server Remix News v posledn\u00edch t\u00fddnech zaznamenal st\u00e1le v\u00edce cenzurovan\u00fdch p\u0159\u00edsp\u011bvk\u016f a zpr\u00e1v, pravd\u011bpodobn\u011b kv\u016fli z\u00e1konu EU o digit\u00e1ln\u00edch slu\u017eb\u00e1ch (DSA), u kter\u00e9ho\u00a0<\/span><a href=\"https:\/\/rmx.news\/article\/europe-censored-eu-agrees-on-controversial-new-law-to-regulate-social-media\/\"><span dir=\"auto\">se ji\u017e d\u0159\u00edve p\u0159edpokl\u00e1dalo, \u017ee povede k vln\u011b cenzury v cel\u00e9 Evrop\u011b<\/span><\/a><span dir=\"auto\"> . Dnes byl serveru Remix News cenzurov\u00e1n dal\u0161\u00ed p\u0159\u00edsp\u011bvek, tentokr\u00e1t t\u00fdkaj\u00edc\u00ed se francouzsk\u00e9ho mlad\u00edka Killiana, kter\u00e9mu bezdomovec z Guadeloupe roz\u0159\u00edzl obli\u010dej do \u201eJokerova \u00fasm\u011bvu\u201c. Podez\u0159el\u00fd policii \u0159ekl, \u017ee je Joker. P\u0159\u00edsp\u011bvek Remix News o tomto \u00fatoku byl t\u00e9m\u011b\u0159 okam\u017eit\u011b cenzurov\u00e1n.<\/span><\/p>\n<p><span dir=\"auto\">Pozoruhodn\u00fdm aspektem t\u00e9to cenzury je, \u017ee se t\u00fdk\u00e1 mlad\u00e9ho p\u00e1ru, kter\u00fd pro\u017e\u00edv\u00e1 hr\u016fzostra\u0161nou zku\u0161enost,\u00a0<\/span><a href=\"https:\/\/rmx.news\/article\/france-caribbean-migrant-told-police-he-was-the-joker-after-stabbing-a-young-couple-in-paris-including-slashing-the-mans-cheeks-into-joker-smile\/\"><span dir=\"auto\">v\u010detn\u011b mlad\u00e9ho mu\u017ee, kter\u00fd utrp\u011bl zran\u011bn\u00ed, je\u017e mu zm\u011bnilo \u017eivot<\/span><\/a><span dir=\"auto\">\u00a0, a kte\u0159\u00ed jsou uml\u010dov\u00e1ni jednodu\u0161e proto, \u017ee se evropsk\u00fdm cenzor\u016fm tento p\u0159\u00edb\u011bh nel\u00edb\u00ed.<\/span><\/p>\n<p><span dir=\"auto\">Mlad\u00e1 \u017eena hovo\u0159ila s francouzsk\u00fdm novin\u00e1\u0159em Tonym Pittarem a podrobn\u011b popsala p\u0159\u00edpad. Remix News poskytuje odkaz na rozhovor na Rumble, proto\u017ee p\u0159\u00edsp\u011bvek\u00a0<\/span><a href=\"https:\/\/x.com\/RMXnews\/status\/1989259457189052896\"><span dir=\"auto\">na X byl cenzurov\u00e1n<\/span><\/a><span dir=\"auto\"> .<\/span><\/p>\n<div id=\"rumble_v6zibxa\">\n<div id=\"vid_v6zibxa\" class=\"rumble_v6zibxa-Rumble-cls\" tabindex=\"-1\">\n<div><a href=\"https:\/\/rumble.com\/v71ozxi-paris-joker-attack-victims-girlfriend-speaks-out.html\" target=\"_blank\" rel=\"noopener\"><span dir=\"auto\">Pa\u0159\u00ed\u017esk\u00fd \u201eJoker\u016fv \u00fatok\u201c \u2013 p\u0159\u00edtelkyn\u011b ob\u011bti promluvila<\/span><\/a><\/div>\n<\/div>\n<\/div>\n<p><span dir=\"auto\">\u00da\u0159ad\u016fm se tento p\u0159\u00edb\u011bh nel\u00edb\u00ed, proto\u017ee slou\u017e\u00ed jako dal\u0161\u00ed mraziv\u00fd p\u0159\u00edklad jejich selh\u00e1vaj\u00edc\u00ed imigra\u010dn\u00ed politiky, selh\u00e1vaj\u00edc\u00ed bezpe\u010dnostn\u00ed politiky a no\u010dn\u00ed m\u016fry, kter\u00e9 nyn\u00ed \u010del\u00ed zraniteln\u00ed lid\u00e9 v srdci velk\u00fdch evropsk\u00fdch m\u011bst.<\/span><\/p>\n<p><span dir=\"auto\">Tyto p\u0159\u00edb\u011bhy se st\u00e1vaj\u00ed pro \u0161irokou ve\u0159ejnost p\u0159\u00edli\u0161 b\u011b\u017en\u00fdmi a d\u011bsiv\u00fdmi a zvy\u0161uj\u00ed jm\u011bn\u00ed pravicov\u00fdch stran po cel\u00e9 Evrop\u011b, kter\u00e9 cht\u011bj\u00ed zav\u00e9st tvrdou politiku proti kriminalit\u011b a p\u0159\u00edsnou imigra\u010dn\u00ed politiku. Levicov\u011b liber\u00e1ln\u00ed establishment nem\u016f\u017ee s t\u00edmto terorem nic ud\u011blat, ani o to nijak zvl\u00e1\u0161\u0165 netou\u017e\u00ed, tak\u017ee jejich posledn\u00ed mo\u017enost\u00ed je nyn\u00ed masov\u00e1 cenzura s vyu\u017eit\u00edm um\u011bl\u00e9 inteligence a drakonick\u00fdch z\u00e1kon\u016f.<\/span><\/p>\n<h2 id=\"young-couple8217s-night-out-turns-into-nightmare\" class=\"rb-heading-index-0-152685 wp-block-heading\"><span dir=\"auto\">Ve\u010der mlad\u00e9ho p\u00e1ru se prom\u011bnil v no\u010dn\u00ed m\u016fru<\/span><\/h2>\n<p><span dir=\"auto\">Mlad\u00fd francouzsk\u00fd p\u00e1r si 9. listopadu u\u017eil ve\u010der v centru Pa\u0159\u00ed\u017ee, kdy\u017e se jejich \u017eivoty nav\u017edy zm\u011bnily.<\/span><\/p>\n<p><span dir=\"auto\">\u201eK narozenin\u00e1m m\u011b Killian bral na v\u00edkend do Pa\u0159\u00ed\u017ee, proto\u017ee jsme z Bretan\u011b, a bral m\u011b tam jako velk\u00e9 p\u0159ekvapen\u00ed,\u201c \u0159ekla Killianova p\u0159\u00edtelkyn\u011b. Bezdomovec Haku H. s nimi ale m\u011bl jin\u00e9 pl\u00e1ny. Jakmile p\u00e1r konfrontoval, situace se rychle vyhrotila.<\/span><\/p>\n<p><span dir=\"auto\">Haku H. n\u00e1hle Killianovi sekl do obli\u010deje a do tv\u00e1\u0159\u00ed ob\u011bti vyryl \u201e\u00fasm\u011bv\u201c, jak je vid\u011bt na tituln\u00ed fotografii tohoto \u010dl\u00e1nku. Hroziv\u00e9 zran\u011bn\u00ed si vy\u017e\u00e1dalo 23 steh\u016f.<\/span><\/p>\n<p><span dir=\"auto\">\u201eByl to Batman\u016fv Joker a cht\u011bl napodobit Joker\u016fv \u00fasm\u011bv na v\u0161ech ob\u011btech, na kter\u00e9 narazil,\u201c \u0159ekla Killianova p\u0159\u00edtelkyn\u011b.<\/span><\/p>\n<p><span dir=\"auto\">Killian o incidentu hovo\u0159il tak\u00e9 s CNews a \u0159ekl: \u201eNikdy jsem si nemyslel, \u017ee se n\u011bco takov\u00e9ho m\u016f\u017ee st\u00e1t. Kdy\u017e to vid\u00edte na soci\u00e1ln\u00edch s\u00edt\u00edch a dokonce i ve zpr\u00e1v\u00e1ch, mysl\u00edte si, \u017ee se to d\u011bje jen ostatn\u00edm lidem, ale ve skute\u010dnosti se to st\u00e1v\u00e1 ka\u017ed\u00e9mu.\u201c<\/span><\/p>\n<p><span dir=\"auto\">Tento p\u0159\u00edsp\u011bvek zat\u00edm nebyl cenzurov\u00e1n, ale vyh\u00fdbal se pou\u017eit\u00ed potenci\u00e1ln\u00edch kl\u00ed\u010dov\u00fdch slov, jako nap\u0159\u00edklad \u201eJoker\u016fv \u00fasm\u011bv\u201c, a nakonec by mohl \u010delit omezen\u00edm.<\/span><\/p>\n<p><span dir=\"auto\">Hr\u016fza t\u00edm ale neskon\u010dila. Migrant pak \u00fadajn\u011b z m\u00edsta \u010dinu uprchl a b\u011bhem \u00fat\u011bku se zam\u011b\u0159il na britsk\u00e9ho turistu. Sekl ho do obli\u010deje, v d\u016fsledku \u010deho\u017e ob\u011b\u0165 dostala 50 steh\u016f. O t\u00e9to ob\u011bti je m\u00e9n\u011b informac\u00ed a medi\u00e1ln\u00ed zpr\u00e1vy se zat\u00edm zam\u011b\u0159uj\u00ed na francouzskou ob\u011b\u0165.<\/span><\/p>\n<p><span dir=\"auto\">Kdy\u017e se pak policie pokusila karibsk\u00e9ho migranta dopadnout, pokusil se je bodnout no\u017eem. Nakonec nasadili taser, aby zkrotili Haku H., kter\u00fd m\u00e1 za sebou n\u00e1silnou krimin\u00e1ln\u00ed minulost, v\u010detn\u011b dom\u00e1c\u00edho n\u00e1sil\u00ed, n\u00e1sil\u00ed p\u00e1chan\u00e9ho na osob\u00e1ch sv\u011b\u0159en\u00fdch ve\u0159ejn\u00e9 moci a dal\u0161\u00edch p\u0159\u00edpad\u016f. P\u0159i v\u00fdslechu s polici\u00ed vyj\u00e1d\u0159il touhu vytesat do tv\u00e1\u0159\u00ed sv\u00fdch ob\u011bt\u00ed \u201eJoker\u016fv \u00fasm\u011bv\u201c.<\/span><\/p>\n<p><span dir=\"auto\">Psychologick\u00e9 vy\u0161et\u0159en\u00ed zat\u00edm uk\u00e1zalo, \u017ee mu\u017e nec\u00edt\u00ed \u017e\u00e1dn\u00e9 v\u00fd\u010ditky sv\u011bdom\u00ed ani netrp\u00ed du\u0161evn\u00ed chorobou, co\u017e znamen\u00e1, \u017ee alespo\u0148 prozat\u00edm by mohl b\u00fdt za sv\u00e9 hr\u016fzn\u00e9 \u010diny skute\u010dn\u011b souzen.<\/span><\/p>\n<p><span dir=\"auto\">Haku H. byl obvin\u011bn z pokusu o vra\u017edu.<\/span><\/p>\n<h2 id=\"censorship\" class=\"rb-heading-index-1-152685 wp-block-heading\"><span dir=\"auto\">Cenzura<\/span><\/h2>\n<p><span dir=\"auto\">Jak jsou p\u0159\u00edsp\u011bvky na X cenzurov\u00e1ny? Tento p\u0159\u00edsp\u011bvek t\u00fdkaj\u00edc\u00ed se Killiana je jen jedn\u00edm p\u0159\u00edkladem toho, jak st\u00e1le v\u00edce p\u0159\u00edsp\u011bvk\u016f na Remix News dost\u00e1v\u00e1 cenzuru. Jak Remix News pozn\u00e1, \u017ee je p\u0159\u00edsp\u011bvek cenzurov\u00e1n? Asi p\u011bt minut po vytvo\u0159en\u00ed p\u0159\u00edsp\u011bvku jsme otestovali funkci \u201evlo\u017eit\u201c. Ta se pou\u017e\u00edv\u00e1 k vlo\u017een\u00ed p\u0159\u00edsp\u011bvku do \u010dl\u00e1nku na webu nebo k jeho propojen\u00ed s jinou aplikac\u00ed. Pokud to nefunguje, je jasn\u00e9, \u017ee se na p\u0159\u00edsp\u011bvek zam\u011b\u0159ili cenzo\u0159i.<\/span><\/p>\n<p><span dir=\"auto\">Kdy\u017e se pokus\u00edte odkaz sd\u00edlet, nena\u010dte se spr\u00e1vn\u011b. M\u00edsto toho vypad\u00e1 takto \u2013 jednoduch\u00fd obecn\u00fd z\u00e1stupn\u00fd obr\u00e1zek.<\/span><\/p>\n<figure class=\"wp-block-image size-full\"><img decoding=\"async\" loading=\"lazy\" class=\"wp-image-152695 aligncenter\" src=\"https:\/\/rmx.news\/wp-content\/uploads\/2025\/11\/Screenshot-2025-11-14-at-11.07.50-AM.png\" sizes=\"auto, (max-width: 788px) 100vw, 788px\" srcset=\"https:\/\/rmx.news\/wp-content\/uploads\/2025\/11\/Screenshot-2025-11-14-at-11.07.50-AM.png 788w, https:\/\/rmx.news\/wp-content\/uploads\/2025\/11\/Screenshot-2025-11-14-at-11.07.50-AM-500x357.png 500w, https:\/\/rmx.news\/wp-content\/uploads\/2025\/11\/Screenshot-2025-11-14-at-11.07.50-AM-768x548.png 768w\" alt=\"\" width=\"635\" height=\"453\" \/><\/figure>\n<p><span dir=\"auto\">Nav\u00edc p\u0159i pokusu o z\u00edsk\u00e1n\u00ed vlo\u017een\u00e9ho k\u00f3du \u010dl\u00e1nku to na X nebude mo\u017en\u00e9. Zobraz\u00ed se v\u00e1m zpr\u00e1va \u201enenalezen\u201c.<\/span><\/p>\n<figure class=\"wp-block-image size-large\"><img decoding=\"async\" loading=\"lazy\" class=\"wp-image-152696 aligncenter\" src=\"https:\/\/rmx.news\/wp-content\/uploads\/2025\/11\/Screenshot-2025-11-14-at-11.09.06-AM-1024x367.png\" sizes=\"auto, (max-width: 1024px) 100vw, 1024px\" srcset=\"https:\/\/rmx.news\/wp-content\/uploads\/2025\/11\/Screenshot-2025-11-14-at-11.09.06-AM-1024x367.png 1024w, https:\/\/rmx.news\/wp-content\/uploads\/2025\/11\/Screenshot-2025-11-14-at-11.09.06-AM-500x179.png 500w, https:\/\/rmx.news\/wp-content\/uploads\/2025\/11\/Screenshot-2025-11-14-at-11.09.06-AM-768x275.png 768w, https:\/\/rmx.news\/wp-content\/uploads\/2025\/11\/Screenshot-2025-11-14-at-11.09.06-AM-860x308.png 860w, https:\/\/rmx.news\/wp-content\/uploads\/2025\/11\/Screenshot-2025-11-14-at-11.09.06-AM.png 1160w\" alt=\"\" width=\"781\" height=\"280\" \/><\/figure>\n<p><span dir=\"auto\">Jakmile se tato omezen\u00ed u p\u0159\u00edsp\u011bvku objev\u00ed, znamen\u00e1 to, \u017ee se nikam neposune. Stejn\u00e1 omezen\u00ed maj\u00ed i francouz\u0161t\u00ed novin\u00e1\u0159i, kte\u0159\u00ed se na tento p\u0159\u00edb\u011bh odvol\u00e1vaj\u00ed, nap\u0159\u00edklad Amaury Bucco z Valeurs Actuelles, kter\u00fd toto video zve\u0159ejnil a\u00a0<\/span><a href=\"https:\/\/x.com\/AmauryBucco\/status\/1988607654785171732\"><span dir=\"auto\">u sv\u00e9ho p\u0159\u00edsp\u011bvku se setkal se stejnou cenzurou<\/span><\/a><span dir=\"auto\">\u00a0. Tyto p\u0159\u00edsp\u011bvky vy\u017eaduj\u00ed ov\u011b\u0159en\u00ed v\u011bku a z\u0159ejm\u011b maj\u00ed \u201eomezen\u00ed\u201c, kter\u00e9 omezuje jejich dosah.<\/span><\/p>\n<p><span dir=\"auto\">Na Buccov\u011b p\u0159\u00edsp\u011bvku nen\u00ed nic \u201enen\u00e1vistn\u00e9ho\u201c. Pouze sd\u00edl\u00ed rozhovor a popisuje ud\u00e1lost.<\/span><\/p>\n<p><span dir=\"auto\">Zaj\u00edmav\u00e9 je, jak rychle jsou nyn\u00ed p\u0159\u00edsp\u011bvky cenzurov\u00e1ny. Pravd\u011bpodobn\u011b existuje n\u011bjak\u00e1 nevl\u00e1dn\u00ed organizace, organizace nebo s\u00ed\u0165, kter\u00e1 vyu\u017e\u00edv\u00e1 um\u011blou inteligenci ke sledov\u00e1n\u00ed v\u0161ech p\u0159\u00edsp\u011bvk\u016f na platform\u011b X, nebo alespo\u0148 z ur\u010dit\u00fdch \u00fa\u010dt\u016f. Jakmile se objev\u00ed \u010dl\u00e1nek, kter\u00fd se cenzor\u016fm nel\u00edb\u00ed, mohou implementovat ur\u010dit\u00e1 kl\u00ed\u010dov\u00e1 slova pro sledov\u00e1n\u00ed p\u0159\u00edsp\u011bvk\u016f, kter\u00e9 se na tento \u010dl\u00e1nek vztahuj\u00ed, nap\u0159\u00edklad v tomto p\u0159\u00edpad\u011b \u201eJoker\u016fv \u00fasm\u011bv\u201c a \u201ePa\u0159\u00ed\u017e\u201c. Software um\u011bl\u00e9 inteligence m\u016f\u017ee p\u0159\u00edsp\u011bvek v p\u0159\u00edpad\u011b pot\u0159eby ozna\u010dit a cenzurovat.<\/span><\/p>\n<p><span dir=\"auto\">A\u010dkoli X mohl tento p\u0159\u00edb\u011bh cenzurovat, skute\u010dnou hnac\u00ed silou t\u00e9to cenzury m\u016f\u017ee b\u00fdt z\u00e1kon EU o digit\u00e1ln\u00edch slu\u017eb\u00e1ch (EU Digital Service Act). Nepr\u016fhledn\u00fd proces, kter\u00fd s t\u00edm souvis\u00ed, v\u0161ak vyvol\u00e1v\u00e1 mnoho ot\u00e1zek. Zejm\u00e9na tvrzen\u00ed, \u017ee se z\u00e1kon o digit\u00e1ln\u00edch slu\u017eb\u00e1ch (DSA) zam\u011b\u0159\u00ed na \u201enen\u00e1vistn\u00e9 projevy\u201c, byla zjevn\u011b z\u00e1st\u011brkou pro potla\u010dov\u00e1n\u00ed p\u0159\u00edb\u011bh\u016f, kter\u00e9 se \u00fa\u0159ad\u016fm nel\u00edbily, zejm\u00e9na pokud jde o spir\u00e1lovit\u011b se rozv\u00edjej\u00edc\u00ed migra\u010dn\u00ed krizi v Evrop\u011b.<\/span><\/p>\n<p><span dir=\"auto\">Remix News se v\u011bnuje pr\u00e1v\u011b t\u011bmto zlo\u010din\u016fm, proto\u017ee se staly tak b\u011b\u017en\u00fdmi a p\u0159edstavuj\u00ed tak do o\u010d\u00ed bij\u00edc\u00ed bezpe\u010dnostn\u00ed probl\u00e9m, \u017ee st\u00e1le v\u00edce ohro\u017euj\u00ed blahobyt a \u017eivotn\u00ed \u00farove\u0148 lid\u00ed v cel\u00e9 Evrop\u011b.<\/span><\/p>\n<p><span dir=\"auto\">Mlad\u00ed lid\u00e9 a turist\u00e9 by m\u011bli m\u00edt mo\u017enost cestovat do Pa\u0159\u00ed\u017ee, ani\u017e by se museli ob\u00e1vat bezdomovsk\u00e9ho migranta s mnoha n\u00e1siln\u00fdmi trestn\u00fdmi \u010diny v rejst\u0159\u00edku, kter\u00fd jim pob\u00edh\u00e1 kolem, bod\u00e1 je do obli\u010deje a sna\u017e\u00ed se jim vykouzlit \u00fasm\u011bv Jokera.<\/span><\/p>\n<p><span dir=\"auto\">Teprve v\u010dera uplynulo 10 let od \u00fatok\u016f v Bataclanu, p\u0159i kter\u00fdch bylo zabito 130 lid\u00ed a stovky jich byly zran\u011bny. \u00datok byl p\u0159\u00edm\u00fdm d\u016fsledkem francouzsk\u00e9 politiky otev\u0159en\u00fdch hranic. Islamist\u00e9, kte\u0159\u00ed \u00fato\u010dili na sv\u00e9 ob\u011bti, z nich\u017e mnoz\u00ed byli levicov\u00fdmi b\u00edl\u00fdmi liber\u00e1ly, kte\u0159\u00ed podporuj\u00ed otev\u0159en\u00e9 hranice, sv\u00e9 ob\u011bti nejen zab\u00edjeli, ale tak\u00e9 brut\u00e1ln\u011b mu\u010dili a mrza\u010dili.<\/span><\/p>\n<p><span dir=\"auto\">\u201eOtec jedn\u00e9 z ob\u011bt\u00ed mu \u0159ekl, \u017ee jeho syn byl vykuch\u00e1n a kastrov\u00e1n a v jeho \u00fastech byly nalezeny varlata,\u201c\u00a0<\/span><a href=\"https:\/\/nypost.com\/2016\/07\/15\/horrifying-details-of-the-bataclan-theatre-massacre-revealed\/\"><span dir=\"auto\">odhaluj\u00ed podrobnosti z p\u0159\u00edpadu<\/span><\/a><span dir=\"auto\">\u00a0.<\/span><\/p>\n<p><span dir=\"auto\">\u201eU\u0159\u00edzli mu varlata,\u201c \u0159ekl p\u0159edseda vy\u0161et\u0159ov\u00e1n\u00ed, konzervativn\u00ed z\u00e1konod\u00e1rce Georges Fenech.<\/span><\/p>\n<p><span dir=\"auto\">\u201eT\u011bla nebyla rodin\u00e1m uk\u00e1z\u00e1na, proto\u017ee se jedn\u00e1 o lidi s s\u0165at\u00fdmi hlavami, s nad\u00fdm\u00e1n\u00edm a s vykuchan\u00fdmi vnit\u0159nostmi,\u201c \u0159ekl policejn\u00edm sv\u011bdk\u016fm \u00fa\u0159edn\u00edk\u016fm.<\/span><\/p>\n<p><span dir=\"auto\">Podle zpr\u00e1v v m\u00e9di\u00edch, kdy\u017e se Fenech zeptal panelu, zda terorist\u00e9 nato\u010dili mrza\u010den\u00ed na video, sv\u011bdek odpov\u011bd\u011bl: \u201eZd\u00e1 se mi.\u201c<\/span><\/p>\n<p><span dir=\"auto\">\u201eJsou tam lid\u00e9 s useknut\u00fdmi hlavami, otekl\u00ed a vykuchan\u00ed. Jsou zde zn\u00e1mky sexu\u00e1ln\u00edch \u010din\u016f sp\u00e1chan\u00fdch na \u017een\u00e1ch a \u0159ezn\u00e9 r\u00e1ny no\u017eem do genit\u00e1li\u00ed. Pokud se nem\u00fdl\u00edm, n\u011bkter\u00fdm lidem byly vyjmuty o\u010di,\u201c vysv\u011btlil sv\u011bdek.<\/span><\/p>\n<p><span dir=\"auto\">V mnoha ohledech maj\u00ed \u00fatok v Bataclanu a tento n\u00e1hodn\u00fd \u00fatok s mrza\u010den\u00edm v Pa\u0159\u00ed\u017ei mnoho spole\u010dn\u00e9ho, \u200b\u200bi kdy\u017e motivace \u00fato\u010dn\u00edk\u016f je odli\u0161n\u00e1.<\/span><\/p>\n<p><span dir=\"auto\">Od ohavn\u00e9ho \u00fatoku v Bataclanu p\u0159ed deseti lety levice na nejvy\u0161\u0161\u00edch \u00farovn\u00edch moci jen zdvojn\u00e1sobila svou politiku otev\u0159en\u00fdch hranic a vyu\u017e\u00edv\u00e1 cenzuru a pr\u00e1vn\u00ed p\u0159edpisy k \u00fatoku na ka\u017ed\u00e9ho, kdo se odv\u00e1\u017e\u00ed protestovat. Z\u00e1rove\u0148 na \u201epouli\u010dn\u00ed \u00farovni\u201c radik\u00e1ln\u00ed skupiny Antifa pou\u017e\u00edvaj\u00ed pomlouva\u010dn\u00e9 kampan\u011b, doxxingov\u00e9 \u00fatoky a n\u00e1siln\u00e9 \u00fatoky, aby zajistily, \u017ee nikdo tuto politiku nezpochybn\u00ed.<\/span><\/p>\n<p><span dir=\"auto\">Prostor X byl sl\u00edben jako prostor pro svobodu projevu a voln\u00fd tok dezinformac\u00ed. \u00datok \u201eJokerova \u00fasm\u011bvu\u201c nen\u00ed \u017e\u00e1dnou mimo\u0159\u00e1dnou anom\u00e1li\u00ed. Rostouc\u00ed zahrani\u010dn\u00ed populace p\u00e1ch\u00e1 na Evropanech po cel\u00e9 Evrop\u011b hr\u016fzn\u00e9 \u00fatoky.<\/span><\/p>\n<p><span dir=\"auto\">Francouzsk\u00fd prezident Emmanuel Macron s\u00e1m prohl\u00e1sil, \u017ee v Pa\u0159\u00ed\u017ei\u00a0<\/span><a href=\"https:\/\/rmx.news\/france\/macron-says-half-the-crimes-in-paris-are-committed-by-foreigners\/\"><span dir=\"auto\">je ka\u017ed\u00fd druh\u00fd trestn\u00fd \u010din sp\u00e1ch\u00e1n migranty<\/span><\/a><span dir=\"auto\">\u00a0. Ve skute\u010dnosti, v\u010detn\u011b osob s migra\u010dn\u00ed minulost\u00ed, je to pravd\u011bpodobn\u011b\u00a0<\/span><a href=\"https:\/\/rmx.news\/crime\/shock-claim-2-out-of-3-crimes-in-france-committed-by-people-with-immigration-background\/\"><span dir=\"auto\">bl\u00ed\u017ee dv\u011bma ze t\u0159\u00ed<\/span><\/a><span dir=\"auto\">\u00a0. V N\u011bmecku se v letech 2015 a\u017e 2024 stalo t\u00e9m\u011b\u0159 p\u016fl milionu N\u011bmc\u016f ob\u011b\u0165mi trestn\u00fdch \u010din\u016f cizinc\u016f, co\u017e m\u011blo za n\u00e1sledek \u00fatok t\u00e9m\u011b\u0159 ka\u017ed\u00fdch \u0161est minut.<\/span><\/p>\n<p><span dir=\"auto\">Jde o znepokojiv\u00e9 vzorce a informov\u00e1n\u00ed o takov\u00e9m n\u00e1sil\u00ed, \u010dasto n\u00e1hodn\u00e9m a nevyprovokovan\u00e9m n\u00e1sil\u00ed, by nikdy nem\u011blo b\u00fdt cenzurov\u00e1no.<\/span><\/p>\n<p><span dir=\"auto\">Cenzura na Z\u00e1pad\u011b se v\u0161ak v nadch\u00e1zej\u00edc\u00edch m\u011bs\u00edc\u00edch a letech jen zhor\u0161\u00ed. To je t\u00e9m\u011b\u0159 zaru\u010deno.<\/span><\/p>\n<p><img decoding=\"async\" loading=\"lazy\" class=\"alignnone size-full wp-image-1185\" src=\"http:\/\/www.infokuryr.cz\/n\/wp-content\/uploads\/2021\/04\/kuryr-podpis.png\" alt=\"\" width=\"84\" height=\"24\" \/><\/p>\n<p>&nbsp;<\/p>\n","protected":false},"excerpt":{"rendered":"<p>P\u0159\u00edb\u011bh t\u011bchto mlad\u00fdch francouzsk\u00fdch ob\u011bt\u00ed, napaden\u00fdch bezdomoveck\u00fdm migrantem, je uml\u010dov\u00e1n cenzurn\u00edm re\u017eimem EU Server Remix&#8230;<\/p>\n","protected":false},"author":2,"featured_media":92380,"comment_status":"closed","ping_status":"closed","sticky":false,"template":"","format":"standard","meta":[],"categories":[7],"tags":[63,41,551,239],"_links":{"self":[{"href":"https:\/\/www.infokuryr.cz\/n\/wp-json\/wp\/v2\/posts\/92379"}],"collection":[{"href":"https:\/\/www.infokuryr.cz\/n\/wp-json\/wp\/v2\/posts"}],"about":[{"href":"https:\/\/www.infokuryr.cz\/n\/wp-json\/wp\/v2\/types\/post"}],"author":[{"embeddable":true,"href":"https:\/\/www.infokuryr.cz\/n\/wp-json\/wp\/v2\/users\/2"}],"replies":[{"embeddable":true,"href":"https:\/\/www.infokuryr.cz\/n\/wp-json\/wp\/v2\/comments?post=92379"}],"version-history":[{"count":0,"href":"https:\/\/www.infokuryr.cz\/n\/wp-json\/wp\/v2\/posts\/92379\/revisions"}],"wp:featuredmedia":[{"embeddable":true,"href":"https:\/\/www.infokuryr.cz\/n\/wp-json\/wp\/v2\/media\/92380"}],"wp:attachment":[{"href":"https:\/\/www.infokuryr.cz\/n\/wp-json\/wp\/v2\/media?parent=92379"}],"wp:term":[{"taxonomy":"category","embeddable":true,"href":"https:\/\/www.infokuryr.cz\/n\/wp-json\/wp\/v2\/categories?post=92379"},{"taxonomy":"post_tag","embeddable":true,"href":"https:\/\/www.infokuryr.cz\/n\/wp-json\/wp\/v2\/tags?post=92379"}],"curies":[{"name":"wp","href":"https:\/\/api.w.org\/{rel}","templated":true}]}}