{"id":92377,"date":"2025-11-17T00:19:22","date_gmt":"2025-11-16T23:19:22","guid":{"rendered":"https:\/\/www.infokuryr.cz\/n\/?p=92377"},"modified":"2025-11-16T04:57:01","modified_gmt":"2025-11-16T03:57:01","slug":"polska-protiteroristicka-policie-zatkla-ve-varsave-najemneho-vraha-turecke-mafie","status":"publish","type":"post","link":"https:\/\/www.infokuryr.cz\/n\/2025\/11\/17\/polska-protiteroristicka-policie-zatkla-ve-varsave-najemneho-vraha-turecke-mafie\/","title":{"rendered":"Polsk\u00e1 protiteroristick\u00e1 policie zatkla ve Var\u0161av\u011b n\u00e1jemn\u00e9ho vraha tureck\u00e9 mafie"},"content":{"rendered":"<div id=\"fb-root\"><\/div>\n<h3 class=\"s-tagline fw-tagline\"><span dir=\"auto\">Podez\u0159el\u00fd, u kter\u00e9ho byla nalezena nabit\u00e1 zbra\u0148 a 26 n\u00e1boj\u016f, je Interpolu zn\u00e1m z vra\u017ed, \u00fanos\u016f a ozbrojen\u00fdch \u00fatok\u016f<\/span><\/h3>\n<p><span dir=\"auto\">Mezin\u00e1rodn\u00ed spolupr\u00e1ce mezi slo\u017ekami a operativn\u00ed \u010dinnost policist\u016f z krimin\u00e1ln\u00edho odd\u011blen\u00ed var\u0161avsk\u00e9ho metropolitn\u00edho policejn\u00edho \u0159editelstv\u00ed vedly k zat\u010den\u00ed 43let\u00e9ho tureck\u00e9ho ob\u010dana hledan\u00e9ho pro n\u00e1siln\u00e9 trestn\u00e9 \u010diny.\u00a0<\/span><\/p>\n<p><span dir=\"auto\">Podez\u0159el\u00fd, \u010dlen istanbulsk\u00e9 mafie, byl v minulosti v interpolu a byl spojov\u00e1n s vra\u017edami, \u00fanosy a ozbrojen\u00fdmi \u00fatoky na osoby v Istanbulu. Byl vzat do preventivn\u00ed vazby na t\u0159i m\u011bs\u00edce.<\/span><\/p>\n<p><a href=\"https:\/\/srodmiescie.policja.gov.pl\/rs\/aktualnosci\/144886,Cyngiel-tureckiej-mafii-zatrzymany-w-centrum-Warszawy.html\"><span dir=\"auto\">Policist\u00e9 z t\u00fdmu c\u00edlen\u00e9ho p\u00e1tr\u00e1n\u00ed odd\u011blen\u00ed pro p\u00e1tr\u00e1n\u00ed a identifikaci var\u0161avsk\u00e9ho policejn\u00edho \u0159editelstv\u00ed jsou podle policejn\u00edch webov\u00fdch str\u00e1nek<\/span><\/a><span dir=\"auto\">\u00a0zodpov\u011bdn\u00ed za p\u00e1tr\u00e1n\u00ed po nejnebezpe\u010dn\u011bj\u0161\u00edch zlo\u010dinc\u00edch\u00a0.\u00a0<\/span><\/p>\n<p><span dir=\"auto\">Tit\u00ed\u017e policist\u00e9 zjistili, \u017ee 43let\u00e9ho mu\u017ee, kter\u00fd p\u0159ijel do Var\u0161avy, hledaj\u00ed tureck\u00e9 org\u00e1ny \u010dinn\u00e9 v trestn\u00edm \u0159\u00edzen\u00ed. Kl\u00ed\u010dov\u00e1 se uk\u00e1zala spolupr\u00e1ce mezi var\u0161avsk\u00fdmi policisty, policisty z \u00dast\u0159edn\u00edho protikorup\u010dn\u00edho \u00fa\u0159adu a mezin\u00e1rodn\u00edmi agenturami.\u00a0<\/span><\/p>\n<p><span dir=\"auto\">Var\u0161av\u0161t\u00ed policist\u00e9 s podporou Nez\u00e1visl\u00e9 protiteroristick\u00e9 policejn\u00ed jednotky zadr\u017eeli mu\u017ee p\u0159ed restaurac\u00ed na ulici \u017burawia. Byly zavedeny zvl\u00e1\u0161tn\u00ed bezpe\u010dnostn\u00ed postupy kv\u016fli mo\u017enosti, \u017ee mu\u017e byl ozbrojen a pokusil se za ka\u017edou cenu uprchnout.<\/span><\/p>\n<p><span dir=\"auto\">Policie u tureck\u00e9ho ob\u010dana na\u0161la st\u0159elnou zbra\u0148 s nabit\u00fdm n\u00e1bojem v komo\u0159e a 26 n\u00e1boj\u016f. N\u00e1sledn\u011b byl p\u0159evezen na policejn\u00ed stanici na ulici Wilcza. Vy\u0161et\u0159ovatel\u00e9 zjistili, \u017ee do Polska p\u0159ijel ze z\u00e1padn\u00ed Evropy o n\u011bkolik dn\u00ed d\u0159\u00edve.<\/span><\/p>\n<p><span dir=\"auto\">Do p\u0159\u00edpadu byli zapojeni kriminalist\u00e9 z m\u011bstsk\u00e9ho odd\u011blen\u00ed pro boj s trestn\u00fdmi \u010diny proti \u017eivotu a zdrav\u00ed. Tito policist\u00e9 shrom\u00e1\u017edili d\u016fkazy t\u00fdkaj\u00edc\u00ed se neleg\u00e1ln\u00edho dr\u017een\u00ed st\u0159eln\u00fdch zbran\u00ed a st\u0159eliva, jejich\u017e p\u016fvod vy\u0161et\u0159ovatel\u00e9 prov\u011b\u0159uj\u00ed.<\/span><\/p>\n<p><span dir=\"auto\">Spisy byly p\u0159ed\u00e1ny okresn\u00ed prokuratur\u011b ve Var\u0161av\u011b ve St\u0159edom\u011bst\u00ed, kde byl 43let\u00fd mu\u017e obvin\u011bn z dr\u017een\u00ed st\u0159eln\u00e9 zbran\u011b a st\u0159eliva bez pot\u0159ebn\u00e9ho povolen\u00ed.<\/span><\/p>\n<p><span dir=\"auto\">P\u0159\u00edpadem se zab\u00fdv\u00e1 okresn\u00ed prokuratura ve Var\u0161av\u011b ve St\u0159edom\u011bst\u00ed.<\/span><\/p>\n<p><span dir=\"auto\">Zat\u00edm nen\u00ed jasn\u00e9, jak se mu\u017e dostal do Polska a zda do zem\u011b vstoupil leg\u00e1ln\u011b, \u010di neleg\u00e1ln\u011b.<\/span><\/p>\n<p><img decoding=\"async\" loading=\"lazy\" class=\"alignnone size-full wp-image-1185\" src=\"http:\/\/www.infokuryr.cz\/n\/wp-content\/uploads\/2021\/04\/kuryr-podpis.png\" alt=\"\" width=\"84\" height=\"24\" \/><\/p>\n<p>&nbsp;<\/p>\n","protected":false},"excerpt":{"rendered":"<p>Podez\u0159el\u00fd, u kter\u00e9ho byla nalezena nabit\u00e1 zbra\u0148 a 26 n\u00e1boj\u016f, je Interpolu zn\u00e1m z vra\u017ed,&#8230;<\/p>\n","protected":false},"author":2,"featured_media":92378,"comment_status":"closed","ping_status":"closed","sticky":false,"template":"","format":"standard","meta":[],"categories":[7],"tags":[31,55,656],"_links":{"self":[{"href":"https:\/\/www.infokuryr.cz\/n\/wp-json\/wp\/v2\/posts\/92377"}],"collection":[{"href":"https:\/\/www.infokuryr.cz\/n\/wp-json\/wp\/v2\/posts"}],"about":[{"href":"https:\/\/www.infokuryr.cz\/n\/wp-json\/wp\/v2\/types\/post"}],"author":[{"embeddable":true,"href":"https:\/\/www.infokuryr.cz\/n\/wp-json\/wp\/v2\/users\/2"}],"replies":[{"embeddable":true,"href":"https:\/\/www.infokuryr.cz\/n\/wp-json\/wp\/v2\/comments?post=92377"}],"version-history":[{"count":0,"href":"https:\/\/www.infokuryr.cz\/n\/wp-json\/wp\/v2\/posts\/92377\/revisions"}],"wp:featuredmedia":[{"embeddable":true,"href":"https:\/\/www.infokuryr.cz\/n\/wp-json\/wp\/v2\/media\/92378"}],"wp:attachment":[{"href":"https:\/\/www.infokuryr.cz\/n\/wp-json\/wp\/v2\/media?parent=92377"}],"wp:term":[{"taxonomy":"category","embeddable":true,"href":"https:\/\/www.infokuryr.cz\/n\/wp-json\/wp\/v2\/categories?post=92377"},{"taxonomy":"post_tag","embeddable":true,"href":"https:\/\/www.infokuryr.cz\/n\/wp-json\/wp\/v2\/tags?post=92377"}],"curies":[{"name":"wp","href":"https:\/\/api.w.org\/{rel}","templated":true}]}}