{"id":9237,"date":"2022-03-19T04:30:11","date_gmt":"2022-03-19T03:30:11","guid":{"rendered":"https:\/\/www.infokuryr.cz\/n\/?p=9237"},"modified":"2022-03-19T04:30:11","modified_gmt":"2022-03-19T03:30:11","slug":"lukasenko-prohlasil-ze-nema-v-planu-rozmistit-v-belorusku-jaderne-zbrane","status":"publish","type":"post","link":"https:\/\/www.infokuryr.cz\/n\/2022\/03\/19\/lukasenko-prohlasil-ze-nema-v-planu-rozmistit-v-belorusku-jaderne-zbrane\/","title":{"rendered":"Luka\u0161enko prohl\u00e1sil, \u017ee nem\u00e1 v pl\u00e1nu rozm\u00edstit v B\u011blorusku jadern\u00e9 zbran\u011b"},"content":{"rendered":"<div id=\"fb-root\"><\/div>\n<p><strong>B\u011blorusk\u00fd prezident Alexandr Luka\u0161enko \u0159ekl, \u017ee nem\u00e1 v pl\u00e1nu um\u00edstit v zemi jadern\u00e9 zbran\u011b, a vyj\u00e1d\u0159il nad\u011bji, \u017ee se situace nezhor\u0161\u00ed natolik, aby bylo nutn\u00e9 to d\u011blat.<\/strong><\/p>\n<p>\u201eNepl\u00e1nuji zde um\u00edstit jadern\u00e9 zbran\u011b, vyr\u00e1b\u011bt zde jadern\u00e9 zbran\u011b, vytv\u00e1\u0159et a pou\u017e\u00edvat tyto jadern\u00e9 zbran\u011b proti nikomu. To nikdy nebylo v pl\u00e1nech b\u011blorusk\u00e9ho veden\u00ed ani v m\u00fdch pl\u00e1nech,\u201c \u0159ekl Luka\u0161enko v rozhovoru pro japonsk\u00fd televizn\u00ed kan\u00e1l TBS. Prezidentova slova cituje b\u011blorusk\u00e1 agentura Belta.<\/p>\n<p>V odpov\u011bdi na ot\u00e1zku, zda by bylo v p\u0159\u00edpad\u011b zhor\u0161en\u00ed situace nutn\u00e9 um\u00edstit v B\u011blorusku\u00a0<strong>jadern\u00e9 zbran\u011b<\/strong>, Luka\u0161enko vyj\u00e1d\u0159il nad\u011bji, \u017ee si to situace nevy\u017e\u00e1d\u00e1.<\/p>\n<p>\u201eNe, nemysl\u00edm si, \u017ee takov\u00e1 situace nastane. Mysl\u00edm si, \u017ee je\u0161t\u011b ne v\u0161ichni v Americe a na Z\u00e1pad\u011b se zbl\u00e1znili do takov\u00e9 m\u00edry, \u017ee abychom tento probl\u00e9m \u0159e\u0161ili prost\u0159ednictv\u00edm jadern\u00fdch zbran\u00ed,\u201c \u0159ekl b\u011blorusk\u00fd prezident.<\/p>\n<p>Na za\u010d\u00e1tku b\u0159ezna Luka\u0161enko prohl\u00e1sil, \u017ee Z\u00e1pad chce vlekl\u00fd konflikt na Ukrajin\u011b, aby v n\u011bm \u201epotopil\u201c Rusko a B\u011blorusko.<\/p>\n<p>\u201eNepot\u0159ebuj\u00ed tam \u017e\u00e1dn\u00fd m\u00edr. Pot\u0159ebuj\u00ed tam v\u00e1lku. A \u010d\u00edm del\u0161\u00ed, t\u00edm l\u00e9pe. Aby v t\u00e9to v\u00e1lce potopili Rusko a z\u00e1rove\u0148 i n\u00e1s. A aby Ukrajina se ani nepohnula. Toto pot\u0159ebuj\u00ed. V\u0161echna ostatn\u00ed prohl\u00e1\u0161en\u00ed jsou pouh\u00e9 \u017evan\u011bn\u00ed\u201c, prohl\u00e1sil Luka\u0161enko pot\u00e9, co podepsal v p\u00e1tek rozhodnut\u00ed referenda o novel\u00e1ch \u00fastavy. Jeho projev vys\u00edlala televizn\u00ed stanice Belarus 1.<\/p>\n<p>Podle jeho slov je dnes situace tak napjat\u00e1, jdeme po tenk\u00e9m led\u011b: jeden myln\u00fd krok, a propadneme do t\u00e9to propasti. \u201eCopak nech\u00e1pete\u2026 \u017ee to v\u0161echno vid\u00edm a ch\u00e1pu?\u201c, zd\u016fraznil Luka\u0161enko.<\/p>\n<p>\u201ePrezident Ruska promluvil o besed\u00e1ch, jak se \u0159\u00edk\u00e1, se sv\u011btov\u00fdmi p\u0159ed\u00e1ky, kte\u0159\u00ed mu \u0159\u00edkaj\u00ed: a tu je Luka\u0161enko, a tam jsou n\u011bjak\u00e9 zbran\u011b, nedej B\u016fh, jadern\u00e9 nebo n\u011bjak\u00e9 jin\u00e9\u2026 O \u010dem to sv\u011bd\u010d\u00ed? Ti (na Z\u00e1pad\u011b) n\u00e1s pevn\u011b p\u0159iv\u00e1zali k Rusku. Cht\u011bj\u00ed porazit tuto vojensky mohutnou zemi. Copak vy, naivn\u00ed lid\u00e9, nech\u00e1pete: jakmile padne Rusko, budeme na \u0159ad\u011b my. A ani ne na \u0159ad\u011b \u2013 padneme spolu\u201c, \u0159ekl b\u011blorusk\u00fd prezident.<\/p>\n<p><a href=\"https:\/\/cz.sputniknews.com\/20220318\/lukasenko-prohlasil-ze-nema-v-planu-rozmistit-v-belorusku-jaderne-zbrane-18041457.html\">ZDROJ<\/a><\/p>\n<p>&nbsp;<\/p>\n","protected":false},"excerpt":{"rendered":"<p>B\u011blorusk\u00fd prezident Alexandr Luka\u0161enko \u0159ekl, \u017ee nem\u00e1 v pl\u00e1nu um\u00edstit v zemi jadern\u00e9 zbran\u011b, a&#8230;<\/p>\n","protected":false},"author":2,"featured_media":918,"comment_status":"closed","ping_status":"closed","sticky":false,"template":"","format":"standard","meta":[],"categories":[7],"tags":[150,1069,149],"_links":{"self":[{"href":"https:\/\/www.infokuryr.cz\/n\/wp-json\/wp\/v2\/posts\/9237"}],"collection":[{"href":"https:\/\/www.infokuryr.cz\/n\/wp-json\/wp\/v2\/posts"}],"about":[{"href":"https:\/\/www.infokuryr.cz\/n\/wp-json\/wp\/v2\/types\/post"}],"author":[{"embeddable":true,"href":"https:\/\/www.infokuryr.cz\/n\/wp-json\/wp\/v2\/users\/2"}],"replies":[{"embeddable":true,"href":"https:\/\/www.infokuryr.cz\/n\/wp-json\/wp\/v2\/comments?post=9237"}],"version-history":[{"count":0,"href":"https:\/\/www.infokuryr.cz\/n\/wp-json\/wp\/v2\/posts\/9237\/revisions"}],"wp:featuredmedia":[{"embeddable":true,"href":"https:\/\/www.infokuryr.cz\/n\/wp-json\/wp\/v2\/media\/918"}],"wp:attachment":[{"href":"https:\/\/www.infokuryr.cz\/n\/wp-json\/wp\/v2\/media?parent=9237"}],"wp:term":[{"taxonomy":"category","embeddable":true,"href":"https:\/\/www.infokuryr.cz\/n\/wp-json\/wp\/v2\/categories?post=9237"},{"taxonomy":"post_tag","embeddable":true,"href":"https:\/\/www.infokuryr.cz\/n\/wp-json\/wp\/v2\/tags?post=9237"}],"curies":[{"name":"wp","href":"https:\/\/api.w.org\/{rel}","templated":true}]}}