{"id":92363,"date":"2025-11-17T00:11:13","date_gmt":"2025-11-16T23:11:13","guid":{"rendered":"https:\/\/www.infokuryr.cz\/n\/?p=92363"},"modified":"2025-11-16T04:39:43","modified_gmt":"2025-11-16T03:39:43","slug":"tolik-k-uprchlikum-kteri-nam-zajistuji-duchody-vetsina-z-nich-je-ohrozena-chudobou","status":"publish","type":"post","link":"https:\/\/www.infokuryr.cz\/n\/2025\/11\/17\/tolik-k-uprchlikum-kteri-nam-zajistuji-duchody-vetsina-z-nich-je-ohrozena-chudobou\/","title":{"rendered":"Tolik k uprchl\u00edk\u016fm, kte\u0159\u00ed n\u00e1m \u201ezaji\u0161\u0165uj\u00ed\u201c d\u016fchody: v\u011bt\u0161ina z nich je ohro\u017eena chudobou"},"content":{"rendered":"<div id=\"fb-root\"><\/div>\n<p><strong><span dir=\"auto\">Nov\u00e9 anal\u00fdzy ukazuj\u00ed, \u017ee t\u00e9m\u011b\u0159 dv\u011b t\u0159etiny uprchl\u00edk\u016f \u017eij\u00edc\u00edch v N\u011bmecku jsou pova\u017eov\u00e1ny za osoby ohro\u017een\u00e9 chudobou. Z\u00e1rove\u0148 je celkov\u00e1 m\u00edra rizika chudoby v N\u011bmecku vysok\u00e1 \u2013 a debaty o d\u016fchodech a zaji\u0161t\u011bn\u00ed kvalifikovan\u00fdch pracovn\u00edk\u016f selh\u00e1vaj\u00ed, pokud sel\u017ee kvalifikace, osvojen\u00ed jazyka a skute\u010dn\u00e1 integrace na trhu pr\u00e1ce. \u201eNov\u00fd ekonomick\u00fd z\u00e1zrak\u201c vyhl\u00e1\u0161en\u00fd v roce 2015, poh\u00e1n\u011bn\u00fd uprchl\u00edky, doslova vyprchal.<\/span><\/strong><\/p>\n<p><span dir=\"auto\">\u201eRiziko chudoby\u201c m\u011b\u0159\u00ed relativn\u00ed p\u0159\u00edjmovou chudobu: Ka\u017ed\u00fd, kdo mus\u00ed \u017e\u00edt z m\u00e9n\u011b ne\u017e 60 % medi\u00e1nov\u00e9ho p\u0159\u00edjmu (\u010dist\u00fd ekvivalentn\u00ed p\u0159\u00edjem), je pova\u017eov\u00e1n za osobu ohro\u017eenou chudobou.\u00a0<\/span><\/p>\n<p><span dir=\"auto\">Pro svobodnou osobu \u010dinila hranice v roce 2023 p\u0159ibli\u017en\u011b 15 765 EUR ro\u010dn\u011b, co\u017e odpov\u00edd\u00e1 zhruba 1 314 EUR m\u011bs\u00ed\u010dn\u011b. Soci\u00e1ln\u00ed zpr\u00e1va z roku 2024 uv\u00e1d\u00ed m\u011bs\u00ed\u010dn\u00ed \u010d\u00e1stku pro svobodn\u00e9 osoby p\u0159ibli\u017en\u011b 1 381 EUR.\u00a0<\/span><\/p>\n<h3 id=\"h-armutszeugnis-fur-das-reiche-deutschland\" class=\"wp-block-heading\"><span dir=\"auto\">\u201eUsv\u011bd\u010duj\u00edc\u00ed ob\u017ealoba\u201c \u201ebohat\u00e9ho\u201c N\u011bmecka<\/span><\/h3>\n<p><span dir=\"auto\">V N\u011bmecku \u010dinila v roce 2024 m\u00edra rizika chudoby 15,5 %. To je 17,6 milionu lid\u00ed! 6,0 % bylo posti\u017eeno \u201ev\u00fdznamnou materi\u00e1ln\u00ed a soci\u00e1ln\u00ed deprivac\u00ed\u201c a 9,8 % lid\u00ed \u017eilo v dom\u00e1cnosti s \u201evelmi n\u00edzkou\u201c \u00fa\u010dast\u00ed na trhu pr\u00e1ce.<\/span><\/p>\n<p><span dir=\"auto\">Zatracuj\u00edc\u00ed ob\u017ealoba \u00fadajn\u011b \u201ebohat\u00e9ho\u201c N\u011bmecka, kter\u00e9 rozd\u00e1v\u00e1 sv\u00e9 pen\u00edze po cel\u00e9m sv\u011bt\u011b, jako by z\u00edt\u0159ek neexistoval!<\/span><\/p>\n<h3 id=\"h-deutschland-ist-gerettet-die-fluchtlinge-kommen\" class=\"wp-block-heading\"><span dir=\"auto\">\u201eN\u011bmecko je zachr\u00e1n\u011bno! Uprchl\u00edci p\u0159ich\u00e1zej\u00ed!\u201c<\/span><\/h3>\n<p><span dir=\"auto\">Na za\u010d\u00e1tku uprchlick\u00e9 krize v roce 2015 se polovina N\u011bmecka nejen radovala z uv\u00edtac\u00edho \u0161\u00edlenstv\u00ed, ale tak\u00e9 z myln\u00fdch p\u0159edstav. M\u00e9dia a politici hojn\u011b \u0161\u00ed\u0159ili my\u0161lenku, \u017ee do zem\u011b p\u0159ich\u00e1zej\u00ed \u201evysoce motivovan\u00ed\u201c migruj\u00edc\u00ed pracovn\u00edci, kte\u0159\u00ed disponuj\u00ed p\u0159esn\u011b kvalifikac\u00ed, po kter\u00e9 je na dom\u00e1c\u00edch trz\u00edch popt\u00e1vka.\u00a0<\/span><\/p>\n<p><span dir=\"auto\">Nav\u00edc jsou \u010dasto \u201el\u00e9pe kvalifikovan\u00ed\u201c ne\u017e m\u00edstn\u00ed. Mnoho n\u011bmeck\u00fdch firem na n\u011b \u010dek\u00e1, aby obsadili d\u0159\u00edve voln\u00e1 m\u00edsta.\u00a0<\/span><\/p>\n<p><span dir=\"auto\">Nav\u00edc uprchl\u00edci statisticky maj\u00ed v\u00edce d\u011bt\u00ed a ty jsou \u201ekvalifikovan\u00fdmi pracovn\u00edky z\u00edt\u0159ka\u201c.\u00a0<\/span><\/p>\n<h3 id=\"h-fluchtlinge-als-chance-fur-den-deutschen-arbeitsmarkt\" class=\"wp-block-heading\"><span dir=\"auto\">Uprchl\u00edci jako \u201ep\u0159\u00edle\u017eitost pro n\u011bmeck\u00fd trh pr\u00e1ce\u201c<\/span><\/h3>\n<p><span dir=\"auto\">Tehdej\u0161\u00ed ministr kancl\u00e9\u0159stv\u00ed a koordin\u00e1tor pro uprchl\u00edky Peter Altmaier ve\u0159ejnosti vysv\u011btlil, \u017ee des\u00edtky tis\u00edc \u201emlad\u00fdch uprchl\u00edk\u016f\u201c obsad\u00ed pracovn\u00ed m\u00edsta a m\u00edsta pro vzd\u011bl\u00e1v\u00e1n\u00ed, \u201eo kter\u00e1 po mnoho let nebyli vhodn\u00ed uchaze\u010di, proto\u017ee trh pr\u00e1ce byl zcela vy\u010derpan\u00fd\u201c.\u00a0<\/span><\/p>\n<p><span dir=\"auto\">Prezident zam\u011bstnavatelsk\u00e9 asociace Ingo Kramer vn\u00edmal vysok\u00fd po\u010det uprchl\u00edk\u016f jako \u201ep\u0159\u00edle\u017eitost pro n\u011bmeck\u00fd trh pr\u00e1ce\u201c a okam\u017eit\u011b hovo\u0159il o 500 000 voln\u00fdch pracovn\u00edch m\u00edstech. Jedn\u00edm ze zp\u016fsob\u016f, jak je obsadit, by podle n\u011bj byla rychl\u00e1 integrace uprchl\u00edk\u016f do pracovn\u00edho procesu.\u00a0<\/span><\/p>\n<p><span dir=\"auto\">Zpravodajsk\u00fd kan\u00e1l\u00a0<\/span><em><span dir=\"auto\">n-tv<\/span><\/em><span dir=\"auto\">\u00a0v srpnu 2015 informoval, \u017ee\u00a0<\/span><em><span dir=\"auto\">Feder\u00e1ln\u00ed \u00fa\u0159ad pr\u00e1ce<\/span><\/em><span dir=\"auto\"> chce poslat zam\u011bstnance do center pro prvn\u00ed p\u0159\u00edjem v n\u011bkter\u00fdch spolkov\u00fdch zem\u00edch, aby hledali \u201evhodn\u00e9 uchaze\u010de\u201c.\u00a0<\/span><\/p>\n<h3 id=\"h-fluchtlinge-sollen-die-deutschen-vor-der-demografie-katastrophe-retten\" class=\"wp-block-heading\"><span dir=\"auto\">Uprchl\u00edci maj\u00ed \u00fadajn\u011b zachr\u00e1nit N\u011bmce p\u0159ed \u201edemografickou katastrofou\u201c.<\/span><\/h3>\n<p><span dir=\"auto\">Na podzim roku 2015 tehdej\u0161\u00ed \u0161\u00e9f Feder\u00e1ln\u00edho\u00a0<\/span><em><span dir=\"auto\">\u00fa\u0159adu pr\u00e1ce<\/span><\/em><span dir=\"auto\">\u00a0Frank-J\u00fcrgen Weise vid\u011bl v \u017eadatel\u00edch o azyl \u201evelk\u00e9 obohacen\u00ed\u201c pro N\u011bmecko a jeho ekonomiku v dlouhodob\u00e9m horizontu, s jeho\u017e pomoc\u00ed by mohlo b\u00fdt dokonce mo\u017en\u00e9 \u201ezm\u00edrnit negativn\u00ed d\u016fsledky demografick\u00fdch zm\u011bn\u201c.<\/span><\/p>\n<p><span dir=\"auto\">Zam\u011bstnavatelsk\u00e9 asociace tak\u00e9 pravideln\u011b zd\u016fraz\u0148ovaly, \u017ee pokud si uprchl\u00edci najdou pr\u00e1ci a rychle se nau\u010d\u00ed n\u011bmecky, mohli by b\u00fdt schopni vy\u0159e\u0161it \u201edemografick\u00fd probl\u00e9m\u201c v N\u011bmecku.<\/span><\/p>\n<h3 id=\"h-fluchtlinge-als-das-neue-deutsche-wirtschaftswunder\" class=\"wp-block-heading\"><span dir=\"auto\">Uprchl\u00edci jako nov\u00fd \u201en\u011bmeck\u00fd ekonomick\u00fd z\u00e1zrak\u201c<\/span><\/h3>\n<p><span dir=\"auto\">Dieter Zetsche, tehdej\u0161\u00ed gener\u00e1ln\u00ed \u0159editel\u00a0<\/span><em><span dir=\"auto\">Daimleru,<\/span><\/em><span dir=\"auto\">\u00a0vid\u011bl v \u017eadatel\u00edch o azyl p\u0159\u00edle\u017eitost pro \u201eekonomick\u00fd rozvoj\u201c zem\u011b. \u201eV nejlep\u0161\u00edm p\u0159\u00edpad\u011b by se v\u0161ak mohli st\u00e1t z\u00e1kladem pro dal\u0161\u00ed n\u011bmeck\u00fd hospod\u00e1\u0159sk\u00fd z\u00e1zrak, stejn\u011b jako miliony zahrani\u010dn\u00edch pracovn\u00edk\u016f v 50. a 60. letech v\u00fdznamn\u011b p\u0159isp\u011bly k hospod\u00e1\u0159sk\u00e9mu rozmachu Spolkov\u00e9 republiky,\u201c uvedl.<\/span><\/p>\n<p><span dir=\"auto\">Zetsche pokra\u010doval: \u201eV\u011bt\u0161ina uprchl\u00edk\u016f jsou mlad\u00ed, vzd\u011blan\u00ed a vysoce motivovan\u00ed. To jsou p\u0159esn\u011b ti lid\u00e9, kter\u00e9 hled\u00e1me.\u201c Proto v z\u00e1\u0159\u00ed 2015 ozn\u00e1mil pl\u00e1ny na n\u00e1bor pracovn\u00edk\u016f pro\u00a0<\/span><em><span dir=\"auto\">Daimler<\/span><\/em><span dir=\"auto\"> z uprchlick\u00fdch center .\u00a0<\/span><\/p>\n<h3 id=\"h-alle-haben-sich-getauscht-oder-gelogen\" class=\"wp-block-heading\"><span dir=\"auto\">V\u0161ichni se m\u00fdlili nebo lhali.<\/span><\/h3>\n<p><span dir=\"auto\">Politici, m\u00e9dia, instituce, organizace, sdru\u017een\u00ed, zam\u011bstnavatel\u00e9 a odborn\u00edci po cel\u00e9 zemi ocenili p\u0159\u00edliv \u017eadatel\u016f o azyl.\u00a0<\/span><\/p>\n<p><span dir=\"auto\">\u201eVzestupn\u011b mobiln\u00ed lid\u00e9, kte\u0159\u00ed se cht\u011bj\u00ed prosadit, jsou jako kvasnice v pomal\u00e9m t\u011bst\u011b spole\u010dnosti,\u201c \u0159ekl\u00a0<\/span><em><span dir=\"auto\">nap\u0159\u00edklad Hans-Ulrich J\u00f6rges z \u010dasopisu Stern.<\/span><\/em><span dir=\"auto\">\u00a0\u201eNyn\u00ed to budou uprchl\u00edci, kte\u0159\u00ed se budou cht\u00edt zapojit a c\u00edtit vd\u011b\u010dnost.\u201c<\/span><\/p>\n<p><span dir=\"auto\">Ale v\u0161ichni se m\u00fdlili nebo lhali. V\u0161e z\u00e1le\u017e\u00ed na \u00fahlu pohledu!<\/span><\/p>\n<h3 id=\"h-die-kernergebnisse-zur-lage-gefluchteter\" class=\"wp-block-heading\"><span dir=\"auto\">Kl\u00ed\u010dov\u00e1 zji\u0161t\u011bn\u00ed o situaci uprchl\u00edk\u016f<\/span><\/h3>\n<p><span dir=\"auto\">Co jsme sly\u0161eli od Zelen\u00fdch, soci\u00e1ln\u00edch demokrat\u016f (SPD), Levicov\u00e9 strany a dokonce i K\u0159es\u0165ansk\u00fdch demokrat\u016f (CDU\/CSU): \u201eImigrace okam\u017eit\u011b vy\u0159e\u0161\u00ed nedostatek kvalifikovan\u00fdch pracovn\u00edk\u016f!\u201c \u201eImigranti n\u00e1m zajist\u00ed d\u016fchody!\u201c<\/span><\/p>\n<p><span dir=\"auto\">Ale te\u010f mus\u00ed b\u00fdt \u201eobh\u00e1jci uprchl\u00edk\u016f\u201c a politici, z\u00e1stupci m\u00e9di\u00ed a sdru\u017een\u00ed a podnikatel\u00e9 v\u010derej\u0161ka i dne\u0161ka state\u010dn\u00ed v n\u00e1sleduj\u00edc\u00edch \u0159\u00e1dc\u00edch!<\/span><\/p>\n<p><span dir=\"auto\">Podle anal\u00fdzy N\u011bmeck\u00e9ho\u00a0<\/span><em><span dir=\"auto\">institutu pro ekonomick\u00fd v\u00fdzkum (DIW)<\/span><\/em><span dir=\"auto\">\u00a0je v\u011bt\u0161ina uprchl\u00edk\u016f\/\u017eadatel\u016f o azyl v N\u011bmecku \u201eohro\u017eena chudobou\u201c. Konkr\u00e9tn\u011b 63,7 %, co\u017e jsou t\u00e9m\u011b\u0159 dv\u011b t\u0159etiny v\u0161ech imigrant\u016f!<\/span><\/p>\n<p><span dir=\"auto\">Mezi uveden\u00e9 d\u016fvody pat\u0159\u00ed:\u00a0<\/span><\/p>\n<ul class=\"wp-block-list\">\n<li><span dir=\"auto\">N\u00edzk\u00e9 mzdy\u00a0<\/span><\/li>\n<li><span dir=\"auto\">\u010c\u00e1ste\u010dn\u00fd \u00favazek\/mini-jobs\u00a0<\/span><\/li>\n<li><span dir=\"auto\">Chyb\u011bj\u00edc\u00ed tituly\u00a0<\/span><\/li>\n<li><span dir=\"auto\">del\u0161\u00ed obdob\u00ed bez zam\u011bstn\u00e1n\u00ed<\/span><\/li>\n<\/ul>\n<p><span dir=\"auto\">Mimochodem, podle definice Spolkov\u00e9ho statistick\u00e9ho \u00fa\u0159adu se \u201e\u017eadatel\u00e9 o azyl\u201c vztahuj\u00ed na v\u0161echny osoby, kter\u00e9 po\u017e\u00e1daly o ochranu v N\u011bmecku, bez ohledu na jejich pobytov\u00fd status. Pat\u0159\u00ed sem osoby s nevy\u0159\u00edzenou \u017e\u00e1dost\u00ed o azyl, uznan\u00ed i zam\u00edtnut\u00ed \u017eadatel\u00e9 o azyl, jako\u017e i osoby, kter\u00e9 byly p\u0159ijaty bez individu\u00e1ln\u00edho azylov\u00e9ho \u0159\u00edzen\u00ed z politick\u00fdch, mezin\u00e1rodn\u011bpr\u00e1vn\u00edch nebo humanit\u00e1rn\u00edch d\u016fvod\u016f. Pojmy \u201e\u017eadatel o azyl\u201c a \u201euprchl\u00edk\u201c se n\u011bkdy pou\u017e\u00edvaj\u00ed jako synonyma.<\/span><\/p>\n<h3 id=\"h-so-wird-das-dilemma-schongeredet\" class=\"wp-block-heading\"><span dir=\"auto\">Takto se dilema \u201ezaml\u010duje\u201c.<\/span><\/h3>\n<p><span dir=\"auto\">M\u00edstn\u00ed politici, kte\u0159\u00ed nakonec \u201eprodali\u201c masovou imigraci jako zp\u016fsob, jak zajistit demografick\u00e9 a penzijn\u00ed syst\u00e9my N\u011bmc\u016f, p\u0159irozen\u011b mus\u00ed toto dilema bagatelizovat.<\/span><\/p>\n<p><span dir=\"auto\">Nap\u0159\u00edklad se uv\u00e1d\u00ed, \u017ee trend ohro\u017een\u00ed chudobou uprchl\u00edk\u016f m\u00edrn\u011b kles\u00e1 s del\u0161\u00ed dobou jejich pobytu \u2013 s rostouc\u00ed zam\u011bstnanost\u00ed a lep\u0161\u00edmi jazykov\u00fdmi znalostmi. Po\u010d\u00e1te\u010dn\u00ed \u00farove\u0148 chudoby v\u0161ak z\u016fst\u00e1v\u00e1 vysok\u00e1.\u00a0<\/span><\/p>\n<p><span dir=\"auto\">Integrace na trhu pr\u00e1ce nav\u00edc vy\u017eaduje \u010das. Studie ukazuj\u00ed, \u017ee m\u00edra zam\u011bstnanosti roste postupn\u011b. Existuj\u00ed \u00fasp\u011b\u0161n\u00e9 p\u0159\u00edklady (nap\u0159. des\u00edtky tis\u00edc Sy\u0159an\u016f v nedostatkov\u00fdch povol\u00e1n\u00edch).<\/span><\/p>\n<p><span dir=\"auto\">Skute\u010dnost, \u017ee existuje tak\u00e9 vysok\u00fd po\u010det registrovan\u00fdch nezam\u011bstnan\u00fdch uprchl\u00edk\u016f, v\u0161ak v tomto ohledu nen\u00ed p\u0159\u00edli\u0161 medializovan\u00e1.\u00a0<\/span><\/p>\n<h3 id=\"h-weitere-schonrechnerei\" class=\"wp-block-heading\"><span dir=\"auto\">V\u00edce \u201ezab\u00edlen\u00ed\u201c<\/span><\/h3>\n<p><span dir=\"auto\">N\u011bkdy se oslavuje, \u017ee v roce 2023 se p\u0159ibli\u017en\u011b 84 % \u017eadatel\u016f o azyl dok\u00e1zalo u\u017eivit bez dopl\u0148kov\u00fdch d\u00e1vek (ob\u010dansk\u00fd p\u0159\u00edjem nebo z\u00e1kladn\u00ed podpora p\u0159\u00edjmu).\u00a0<\/span><\/p>\n<p><span dir=\"auto\">Na prvn\u00ed pohled to zn\u00ed jako p\u0159\u00edb\u011bh \u00fasp\u011bchu.<\/span><\/p>\n<p><span dir=\"auto\">Situace se zm\u011bn\u00ed, kdy\u017e se pod\u00edv\u00e1te na pozad\u00ed: Tato \u010d\u00edsla se vztahuj\u00ed pouze na ty uprchl\u00edky, kte\u0159\u00ed dorazili v roce 2015, a proto v zemi pob\u00fdvaj\u00ed ji\u017e osm let (k roku 2023)! Tak\u017ee se nenechte zm\u00e1st. To rozhodn\u011b nen\u00ed \u017e\u00e1dn\u00fd \u00fasp\u011bch.<\/span><\/p>\n<h3 id=\"h-das-marchen-von-den-fluchtlingen-die-unsere-rente-sichern\" class=\"wp-block-heading\"><span dir=\"auto\">Poh\u00e1dka o uprchl\u00edc\u00edch, kte\u0159\u00ed n\u00e1m zaji\u0161\u0165uj\u00ed d\u016fchody!<\/span><\/h3>\n<p><span dir=\"auto\">D\u016fchody jsou financov\u00e1ny prost\u0159ednictv\u00edm \u0161irok\u00e9 a stabiln\u00ed zam\u011bstnanosti, kter\u00e1 podl\u00e9h\u00e1 odvod\u016fm na soci\u00e1ln\u00ed zabezpe\u010den\u00ed. Pokud je v\u0161ak velk\u00e1 \u010d\u00e1st uprchl\u00edk\u016f sama ohro\u017eena chudobou, m\u00e1 n\u00edzk\u00e9 p\u0159\u00edjmy, je podzam\u011bstnan\u00e1 nebo je z\u00e1visl\u00e1 na soci\u00e1ln\u00edch d\u00e1vk\u00e1ch, p\u0159irozen\u011b to v kr\u00e1tkodob\u00e9m a\u017e st\u0159edn\u011bdob\u00e9m horizontu nem\u00e1 na syst\u00e9m soci\u00e1ln\u00edho zabezpe\u010den\u00ed \u017e\u00e1dn\u00fd \u201epozitivn\u00ed \u010dist\u00fd efekt\u201c. Pr\u00e1v\u011b naopak: zat\u011b\u017euj\u00ed ho!<\/span><\/p>\n<p><span dir=\"auto\">Vzorec \u201euprchl\u00edci n\u00e1m zaji\u0161\u0165uj\u00ed d\u016fchody\u201c je bez d\u016fsledn\u00e9 kvalifikace a integrace do pracovn\u00edho procesu chybn\u00fd nebo p\u0159inejmen\u0161\u00edm ne\u00fapln\u00fd.\u00a0<\/span><\/p>\n<p><span dir=\"auto\">Fakta ukazuj\u00ed, \u017ee velk\u00e1 \u010d\u00e1st imigrant\u016f je ohro\u017eena chudobou a zat\u011b\u017euje syst\u00e9m soci\u00e1ln\u00edho zabezpe\u010den\u00ed, m\u00edsto aby to bylo naopak, jak se tvrd\u00ed.<\/span><\/p>\n<p><span dir=\"auto\">To se zm\u011bn\u00ed a\u017e tehdy, a\u017e se jazykov\u00e9 znalosti, kvalifikace a stabiln\u00ed, dob\u0159e placen\u00e1 zam\u011bstn\u00e1n\u00ed stanou normou. Situace zde je v\u0161ak od toho st\u00e1le daleko.<\/span><\/p>\n<p><em><strong><span dir=\"auto\">Guido Grandt<\/span><\/strong><span dir=\"auto\"> \u00a0(* 1963) je investigativn\u00ed novin\u00e1\u0159, publicista, televizn\u00ed redaktor a nez\u00e1visl\u00fd producent. Jeho pr\u00e1ce se zam\u011b\u0159uje na v\u00fdzkum organizovan\u00e9ho zlo\u010dinu, tajn\u00fdch spole\u010dnost\u00ed a citliv\u00fdch t\u00e9mat v politice, ekonomice, financ\u00edch, arm\u00e1d\u011b a bezpe\u010dnosti. V\u011bnuje se tak\u00e9 odhalov\u00e1n\u00ed skryt\u00fdch nebo tabuizovan\u00fdch aspekt\u016f soudob\u00fdch historick\u00fdch ud\u00e1lost\u00ed. Guido Grandt vydal p\u0159es 40 knih literatury faktu a napsal p\u0159ibli\u017en\u011b 6 000 \u010dl\u00e1nk\u016f.\u00a0<\/span><\/em><\/p>\n<ul class=\"wp-block-list\">\n<li><span dir=\"auto\">Jeho bezplatn\u00fd blog:\u00a0\u00a0<\/span><a href=\"https:\/\/www.guidograndt.de\/\"><span dir=\"auto\">https:\/\/www.guidograndt.de\/<\/span><\/a><\/li>\n<li><span dir=\"auto\">Jeho knihy:\u00a0\u00a0<\/span><a href=\"https:\/\/www.amazon.de\/s?k=guido+grandt&amp;i=stripbooks&amp;__mk_de_DE=%25C3%2585M%25C3%2585%25C5%25BD%25C3%2595%25C3%2591&amp;crid=BBZD9Y95INQI&amp;sprefix=guido+grand,stripbooks,85&amp;ref=nb_sb_noss_2\" target=\"_blank\" rel=\"noreferrer noopener\"><span dir=\"auto\">Guido Grandt na Amazonu<\/span><\/a><\/li>\n<\/ul>\n<p><strong><span dir=\"auto\">Zdroje:<\/span><\/strong><\/p>\n<ul class=\"wp-block-list\">\n<li><a href=\"https:\/\/www.destatis.de\/DE\/Presse\/Pressemitteilungen\/2025\/01\/PD25_036_63.html?utm_source=chatgpt.com\"><span dir=\"auto\">https:\/\/www.destatis.de\/DE\/Presse\/Pressemitteilungen\/2025\/01\/PD25_036_63.html?utm_source=chatgpt.com<\/span><\/a><\/li>\n<li><a href=\"https:\/\/deutsche-wirtschafts-nachrichten.de\/717320\/migration-grossteil-der-gefluechteten-armutsgefaehrdet?utm_content=link_32&amp;utm_medium=email&amp;utm_campaign=dwn_telegramm&amp;utm_source=mid3705&amp;f_tid=tSxrxeyIca6HZcVCaiLHDQ\"><span dir=\"auto\">https:\/\/deutsche-wirtschafts-nachrichten.de\/717320\/migration-grossteil-der-gefluechteten-armutsgefaehrdet?utm_content=link_32&amp;utm_medium=email&amp;utm_campaign=dwn_telegramm&amp;utm_source=mid3705&amp;f_tid=tSxrxeyIca6HZcVCaiLHDQ<\/span><\/a><\/li>\n<li><a href=\"https:\/\/www.bpb.de\/kurz-knapp\/zahlen-und-fakten\/sozialbericht-2024\/553212\/armutsgefaehrdung\/?utm_source=chatgpt.com\"><span dir=\"auto\">https:\/\/www.bpb.de\/kurz-knapp\/zahlen-und-fakten\/sozialbericht-2024\/553212\/armutsgefaehrdung\/?utm_source=chatgpt.com<\/span><\/a><\/li>\n<li><a href=\"https:\/\/www.der-paritaetische.de\/fileadmin\/user_upload\/Publikationen\/doc\/armutsbericht_2025_web_fin.pdf?utm_source=chatgpt.com\"><span dir=\"auto\">https:\/\/www.der-paritaetische.de\/fileadmin\/user_upload\/Publikationen\/doc\/armutsbericht_2025_web_fin.pdf?utm_source=chatgpt.com<\/span><\/a><\/li>\n<li><a href=\"https:\/\/doku.iab.de\/kurzber\/2025\/kb2025-17.pdf?utm_source=chatgpt.com\"><span dir=\"auto\">https:\/\/doku.iab.de\/kurzber\/2025\/kb2025-17.pdf?utm_source=chatgpt.com<\/span><\/a><\/li>\n<li><a href=\"https:\/\/www.zeit.de\/gesellschaft\/2025-10\/armut-risiko-gefluechtete-migration-diw-studie-gxe?utm_source=chatgpt.com\"><span dir=\"auto\">https:\/\/www.zeit.de\/gesellschaft\/2025-10\/armut-risiko-gefluechtete-migration-diw-studie-gxe?utm_source=chatgpt.com<\/span><\/a><\/li>\n<li><a href=\"https:\/\/www.falter.at\/falter\/2015\/08\/04\/warum-haben-alle-fluechtlinge-handys\/\"><span dir=\"auto\">https:\/\/www.falter.at\/falter\/2015\/08\/04\/warum-haben-alle-fluechtlinge-handys\/<\/span><\/a><span dir=\"auto\">\u00a0(Zp\u0159\u00edstupn\u011bno: 01.10.15)<\/span><\/li>\n<li><a href=\"http:\/\/deutsche-wirtschafts-nachrichten.de\/2015\/10\/11\/gewagtes-experiment-merkel-hofft-auf-wachstum-durch-massen-%C2%A0einwanderung\/\"><span dir=\"auto\">http:\/\/deutsche-wirtschafts-nachrichten.de\/2015\/10\/11\/gewagtes-experiment-merkel-hofft-auf-wachstum-durch-massen-einwanderung\/<\/span><\/a><span dir=\"auto\">\u00a0(Zp\u0159\u00edstupn\u011bno: 19.10.15)\u00a0<\/span><\/li>\n<li><a href=\"http:\/\/www.handelsblatt.com\/politik\/deutschland\/arbeitgeberverbaende-deutsche-firmen-wollen-fluechtlinge-endlich-%C2%A0einstellen\/12277092.html\"><span dir=\"auto\">http:\/\/www.handelsblatt.com\/politik\/deutschland\/arbeitgeberverbaende-deutsche-firmen-wollen-fluechtlinge-endlich-einstellung\/12277092.html<\/span><\/a><span dir=\"auto\">\u00a0(Zp\u0159\u00edstupn\u011bno: 04.09.15)\u00a0<\/span><\/li>\n<li><a href=\"http:\/\/www.n-tv.de\/politik\/Woher-kommen-all-die-Fluechtlinge-article15691606.html\"><span dir=\"auto\">http:\/\/www.n-tv.de\/politik\/Woher-kommen-all-die-Fluechtlinge-article15691606.html<\/span><\/a><span dir=\"auto\">\u00a0(Zp\u0159\u00edstupn\u011bno: 01.10.15)\u00a0<\/span><\/li>\n<li><span dir=\"auto\">\u201eN\u00e1por\u201c in: Stern 36\/2015, s. 36\u00a0<\/span><\/li>\n<li><a href=\"http:\/\/www.faz.net\/aktuell\/wirtschaft\/wirtschaftspolitik\/vielen-fluechtlingen-droht-die-arbeitslosigkeit-13807121.html\"><span dir=\"auto\">http:\/\/www.faz.net\/aktuell\/wirtschaft\/wirtschaftspolitik\/vielen-fluechtlingen-droht-die-arbeitslosigkeit-13807121.html<\/span><\/a><span dir=\"auto\">\u00a0(Zp\u0159\u00edstupn\u011bno: 18.09.15)\u00a0<\/span><\/li>\n<li><a href=\"http:\/\/www.faz.net\/aktuell\/wirtschaft\/wirtschaftspolitik\/handwerkskammer-in-bayern-70-prozent-der-fluechtlinge-brechen-ausbildung-%C2%A0ab-13857887.html\"><span dir=\"auto\">http:\/\/www.faz.net\/aktuell\/wirtschaft\/wirtschaftspolitik\/handwerkskammer-in-bayern-70-prozent-der-fluechtlinge-brechen-ausbildung-ab-13857887.html<\/span><\/a><span dir=\"auto\">\u00a0(Zp\u0159\u00edstupn\u011bno: 19.10.2015)\u00a0<\/span><\/li>\n<li><a href=\"http:\/\/www.faz.net\/aktuell\/technik-motor\/iaa\/daimler-chef-zetsche-fluechtlinge-koennten-neues-wirtschaftswunder-ausloesen-13803671.html\"><span dir=\"auto\">http:\/\/www.faz.net\/aktuell\/technik-motor\/iaa\/daimler-chef-zetsche-fluechtlinge-koennten-neues-wirtschaftswunder-ausloesen-13803671.html<\/span><\/a><span dir=\"auto\">\u00a0(Zp\u0159\u00edstupn\u011bno: 30.09.15)\u00a0<\/span><\/li>\n<li><a href=\"http:\/\/www.spiegel.de\/wirtschaft\/unternehmen\/daimler-chef-will-in-fluechtlingszentren-neue-arbeitskraefte-finden-a-1051654.html\"><span dir=\"auto\">http:\/\/www.spiegel.de\/wirtschaft\/unternehmen\/daimler-chef-will-in-fluechtlingszentren-neue-arbeitskraefte-finden-a-1051654.html<\/span><\/a><span dir=\"auto\">\u00a0(Zp\u0159\u00edstupn\u011bno: 08.09.15)\u00a0<\/span><\/li>\n<li><span dir=\"auto\">\u201eN\u011bmecko jako tavic\u00ed kotl\u00edk\u201c in: Stern 38\/2015, s. 20\u00a0<\/span><\/li>\n<\/ul>\n<p>&nbsp;<\/p>\n","protected":false},"excerpt":{"rendered":"<p>Nov\u00e9 anal\u00fdzy ukazuj\u00ed, \u017ee t\u00e9m\u011b\u0159 dv\u011b t\u0159etiny uprchl\u00edk\u016f \u017eij\u00edc\u00edch v N\u011bmecku jsou pova\u017eov\u00e1ny za osoby&#8230;<\/p>\n","protected":false},"author":2,"featured_media":92364,"comment_status":"closed","ping_status":"closed","sticky":false,"template":"","format":"standard","meta":[],"categories":[7],"tags":[1042,84,148],"_links":{"self":[{"href":"https:\/\/www.infokuryr.cz\/n\/wp-json\/wp\/v2\/posts\/92363"}],"collection":[{"href":"https:\/\/www.infokuryr.cz\/n\/wp-json\/wp\/v2\/posts"}],"about":[{"href":"https:\/\/www.infokuryr.cz\/n\/wp-json\/wp\/v2\/types\/post"}],"author":[{"embeddable":true,"href":"https:\/\/www.infokuryr.cz\/n\/wp-json\/wp\/v2\/users\/2"}],"replies":[{"embeddable":true,"href":"https:\/\/www.infokuryr.cz\/n\/wp-json\/wp\/v2\/comments?post=92363"}],"version-history":[{"count":0,"href":"https:\/\/www.infokuryr.cz\/n\/wp-json\/wp\/v2\/posts\/92363\/revisions"}],"wp:featuredmedia":[{"embeddable":true,"href":"https:\/\/www.infokuryr.cz\/n\/wp-json\/wp\/v2\/media\/92364"}],"wp:attachment":[{"href":"https:\/\/www.infokuryr.cz\/n\/wp-json\/wp\/v2\/media?parent=92363"}],"wp:term":[{"taxonomy":"category","embeddable":true,"href":"https:\/\/www.infokuryr.cz\/n\/wp-json\/wp\/v2\/categories?post=92363"},{"taxonomy":"post_tag","embeddable":true,"href":"https:\/\/www.infokuryr.cz\/n\/wp-json\/wp\/v2\/tags?post=92363"}],"curies":[{"name":"wp","href":"https:\/\/api.w.org\/{rel}","templated":true}]}}