{"id":9236,"date":"2022-03-19T04:27:59","date_gmt":"2022-03-19T03:27:59","guid":{"rendered":"https:\/\/www.infokuryr.cz\/n\/?p=9236"},"modified":"2022-03-19T04:27:59","modified_gmt":"2022-03-19T03:27:59","slug":"pocet-infekci-hospitalizaci-a-umrti-na-covid-19-mezi-detmi-v-usa-vzrostl","status":"publish","type":"post","link":"https:\/\/www.infokuryr.cz\/n\/2022\/03\/19\/pocet-infekci-hospitalizaci-a-umrti-na-covid-19-mezi-detmi-v-usa-vzrostl\/","title":{"rendered":"Po\u010det infekc\u00ed, hospitalizac\u00ed a \u00famrt\u00ed na COVID-19 mezi d\u011btmi v USA vzrostl"},"content":{"rendered":"<div id=\"fb-root\"><\/div>\n<p><span>Britsk\u00e9 noviny The Independent 16. b\u0159ezna uvedly, \u017ee po\u010det infekc\u00ed, hospitalizac\u00ed a \u00famrt\u00ed na COVID-19 mezi americk\u00fdmi d\u011btmi prudce vzrostl.\u00a0K jedn\u00e9 t\u0159etin\u011b d\u011btsk\u00fdch \u00famrt\u00ed ve Spojen\u00fdch st\u00e1tech do\u0161lo v posledn\u00edch dvou m\u011bs\u00edc\u00edch.\u00a0N\u00edzk\u00e1 proo\u010dkovanost d\u011bt\u00ed a nedokonal\u00e9 l\u00e9\u010debn\u00e9 metody jsou faktory, kter\u00e9 vedou k n\u00e1r\u016fstu p\u0159\u00edpad\u016f.<\/span><\/p>\n<p><span>Krom\u011b toho, podle novin The Washington Post ze 17. b\u0159ezna vedla po\u010dtu hospitalizac\u00ed ke zv\u00fd\u0161en\u00ed m\u00edry infekce mutantn\u00edho kmene Omicron.\u00a0V sou\u010dasn\u00e9 dob\u011b je po\u010det hospitalizac\u00ed d\u011bt\u00ed p\u011btkr\u00e1t vy\u0161\u0161\u00ed ne\u017e p\u0159i epidemii zp\u016fsoben\u00e9 mutac\u00ed Delta.\u00a0Po\u010det hospitalizac\u00ed kojenc\u016f do 6 m\u011bs\u00edc\u016f v\u011bku je asi 6kr\u00e1t vy\u0161\u0161\u00ed ne\u017e d\u0159\u00edve.\u00a0V\u00fdrazn\u011b se zv\u00fd\u0161il po\u010det dosp\u00edvaj\u00edc\u00edch infikovan\u00fdch variantou Omicron, co\u017e vedlo k 3,5n\u00e1sobn\u00e9mu n\u00e1r\u016fstu po\u010dtu hospitalizac\u00ed na d\u011btsk\u00e9 jednotce intenzivn\u00ed p\u00e9\u010de.<\/span><\/p>\n<p><img decoding=\"async\" loading=\"lazy\" class=\"alignnone size-full wp-image-1185\" src=\"http:\/\/www.infokuryr.cz\/n\/wp-content\/uploads\/2021\/04\/kuryr-podpis.png\" alt=\"\" width=\"84\" height=\"24\" \/><\/p>\n<p>&nbsp;<\/p>\n","protected":false},"excerpt":{"rendered":"<p>Britsk\u00e9 noviny The Independent 16. b\u0159ezna uvedly, \u017ee po\u010det infekc\u00ed, hospitalizac\u00ed a \u00famrt\u00ed na COVID-19&#8230;<\/p>\n","protected":false},"author":2,"featured_media":6258,"comment_status":"closed","ping_status":"closed","sticky":false,"template":"","format":"standard","meta":[],"categories":[7],"tags":[23,245,523],"_links":{"self":[{"href":"https:\/\/www.infokuryr.cz\/n\/wp-json\/wp\/v2\/posts\/9236"}],"collection":[{"href":"https:\/\/www.infokuryr.cz\/n\/wp-json\/wp\/v2\/posts"}],"about":[{"href":"https:\/\/www.infokuryr.cz\/n\/wp-json\/wp\/v2\/types\/post"}],"author":[{"embeddable":true,"href":"https:\/\/www.infokuryr.cz\/n\/wp-json\/wp\/v2\/users\/2"}],"replies":[{"embeddable":true,"href":"https:\/\/www.infokuryr.cz\/n\/wp-json\/wp\/v2\/comments?post=9236"}],"version-history":[{"count":0,"href":"https:\/\/www.infokuryr.cz\/n\/wp-json\/wp\/v2\/posts\/9236\/revisions"}],"wp:featuredmedia":[{"embeddable":true,"href":"https:\/\/www.infokuryr.cz\/n\/wp-json\/wp\/v2\/media\/6258"}],"wp:attachment":[{"href":"https:\/\/www.infokuryr.cz\/n\/wp-json\/wp\/v2\/media?parent=9236"}],"wp:term":[{"taxonomy":"category","embeddable":true,"href":"https:\/\/www.infokuryr.cz\/n\/wp-json\/wp\/v2\/categories?post=9236"},{"taxonomy":"post_tag","embeddable":true,"href":"https:\/\/www.infokuryr.cz\/n\/wp-json\/wp\/v2\/tags?post=9236"}],"curies":[{"name":"wp","href":"https:\/\/api.w.org\/{rel}","templated":true}]}}