{"id":92354,"date":"2025-11-16T00:24:42","date_gmt":"2025-11-15T23:24:42","guid":{"rendered":"https:\/\/www.infokuryr.cz\/n\/?p=92354"},"modified":"2025-11-15T15:52:10","modified_gmt":"2025-11-15T14:52:10","slug":"prvni-domino-falls-pensylvanie-odstoupi-od-rezimu-certifikaci-co2","status":"publish","type":"post","link":"https:\/\/www.infokuryr.cz\/n\/2025\/11\/16\/prvni-domino-falls-pensylvanie-odstoupi-od-rezimu-certifikaci-co2\/","title":{"rendered":"Prvn\u00ed domino falls: Pensylv\u00e1nie odstoup\u00ed od re\u017eimu certifikac\u00ed CO2"},"content":{"rendered":"<div id=\"fb-root\"><\/div>\n<p><strong><span dir=\"auto\">Pensylv\u00e1nie u\u017e toho m\u00e1 dost. Region\u00e1ln\u00ed syst\u00e9m obchodov\u00e1n\u00ed s uhl\u00edkov\u00fdmi emisemi zp\u016fsobuje prudk\u00fd n\u00e1r\u016fst \u00fa\u010dt\u016f za elekt\u0159inu a ohro\u017euje energetickou bezpe\u010dnost. Nyn\u00ed se st\u00e1t odm\u00edt\u00e1 d\u00e1le \u00fa\u010dastnit. Varovn\u00fd p\u0159\u00edb\u011bh pro Evropany, kte\u0159\u00ed cht\u011bj\u00ed \u0161\u00edlenstv\u00ed s uhl\u00edkov\u00fdmi certifik\u00e1ty je\u0161t\u011b v\u00edce prohloubit.<\/span><\/strong><\/p>\n<p><span dir=\"auto\">Dokonce i mezi americk\u00fdmi demokraty, kte\u0159\u00ed jinak v\u011brn\u011b jezd\u00ed na zelen\u00e9 vln\u011b, se zd\u00e1, \u017ee alespo\u0148 n\u011bkte\u0159\u00ed politici kone\u010dn\u011b zm\u011bnili n\u00e1zor.\u00a0<\/span><a href=\"https:\/\/www.zerohedge.com\/ai\/first-casualty-power-bill-crisis-pennsylvania-abandons-regional-carbon-trading-market\"><span dir=\"auto\">To dokazuje p\u0159\u00edklad Pensylv\u00e1nie<\/span><\/a><span dir=\"auto\"> , kde demokratick\u00fd guvern\u00e9r Josh Shapiro podepsal z\u00e1kon, kter\u00fd jeho st\u00e1tu umo\u017e\u0148uje odstoupit od re\u017eimu Region\u00e1ln\u00ed iniciativy pro sklen\u00edkov\u00e9 plyny (RGGI). Tento region\u00e1ln\u00ed syst\u00e9m obchodov\u00e1n\u00ed s uhl\u00edkem tak dramaticky zv\u00fd\u0161il ceny elekt\u0159iny, \u017ee trp\u011blo obyvatelstvo i ekonomika.<\/span><\/p>\n<p><span dir=\"auto\">Ceny elekt\u0159iny v cel\u00e9m st\u0159edoatlantick\u00e9m regionu rostou, proto\u017ee na jedn\u00e9 stran\u011b energetick\u00e9 spole\u010dnosti kv\u016fli sank\u010dn\u00ed dani z CO2 odstavuj\u00ed st\u00e1le v\u00edce uheln\u00fdch a plynov\u00fdch elektr\u00e1ren a na druh\u00e9 stran\u011b neust\u00e1le roste popt\u00e1vka po elekt\u0159in\u011b a zat\u00ed\u017een\u00ed s\u00edt\u011b, \u010d\u00e1ste\u010dn\u011b kv\u016fli velk\u00fdm datov\u00fdm centr\u016fm. V r\u00e1mci re\u017eimu RGGI museli provozovatel\u00e9 t\u011bchto elektr\u00e1ren platit obrovsk\u00e9 \u010d\u00e1stky za v\u00fdrobu elekt\u0159iny z uhl\u00ed a plynu.<\/span><\/p>\n<p><span dir=\"auto\">Provozovatel s\u00edt\u011b PJM ji\u017e p\u0159ed lety upozornil na to, \u017ee RGGI urychl\u00ed p\u0159ed\u010dasn\u00fd z\u00e1nik n\u011bkolika tepeln\u00fdch elektr\u00e1ren. M\u00e9n\u011b odoln\u00e1 rezervn\u00ed kapacita, vy\u0161\u0161\u00ed pravd\u011bpodobnost v\u00fdpadk\u016f a zv\u00fd\u0161en\u00e9 riziko v\u00fdpadk\u016f proudu ve \u0161pi\u010dce \u2013 p\u0159esn\u011b tato rizika se ji\u017e st\u00e1vaj\u00ed realitou v Marylandu, kde zelen\u00ed ideologov\u00e9 p\u0159ehnan\u011b regulovali infrastrukturu, jen aby pak s p\u0159ekvapen\u00edm zjistili, \u017ee v noci nesv\u00edt\u00ed slunce a \u017ee existuj\u00ed i \u200b\u200bobdob\u00ed bezv\u011bt\u0159\u00ed.<\/span><\/p>\n<h3 id=\"h-ein-vorgeschmack-darauf-was-auch-den-europaern-bluht\" class=\"wp-block-heading\"><span dir=\"auto\">Ochutn\u00e1vka toho, co \u010dek\u00e1 i Evropany.<\/span><\/h3>\n<p><span dir=\"auto\">Sou\u010dasn\u00fd v\u00fdvoj v Nov\u00e9 Anglii tak\u00e9 ukazuje\u00a0<\/span><a href=\"https:\/\/www.tichyseinblick.de\/meinungen\/ets2-pluendert-die-buerger-aus\/\"><span dir=\"auto\">katastrofu, kter\u00e1 \u010dek\u00e1 Evropany,<\/span><\/a><span dir=\"auto\"> pokud Brusel a n\u00e1rodn\u00ed vl\u00e1dy budou i nad\u00e1le prosazovat pl\u00e1novan\u00fd syst\u00e9m obchodov\u00e1n\u00ed s emisemi EU (ETS2). Proto\u017ee bez ohledu na to, kolik v\u011btrn\u00fdch a sol\u00e1rn\u00edch elektr\u00e1ren je instalov\u00e1no, neexistuje \u017e\u00e1dn\u00e1 bezpe\u010dnost dod\u00e1vek bez konven\u010dn\u00edch z\u00e1lo\u017en\u00edch elektr\u00e1ren. A zejm\u00e9na v N\u011bmecku, kde byly z ideologick\u00fdch d\u016fvod\u016f odstaveny v\u0161echny jadern\u00e9 elektr\u00e1rny, zb\u00fdvaj\u00ed pouze plynov\u00e9 a uheln\u00e9 elektr\u00e1rny, kter\u00e9 zapl\u0148uj\u00ed mezery v dod\u00e1vk\u00e1ch zp\u016fsoben\u00e9 kol\u00edsavou a z\u00e1vislou na po\u010das\u00ed dod\u00e1vkou energie.<\/span><\/p>\n<p><span dir=\"auto\">Ka\u017ed\u00fd, kdo si mysl\u00ed, \u017ee sou\u010dasn\u00e9 ceny elekt\u0159iny jsou \u0161patn\u00e9, bude p\u0159ekvapen ni\u010div\u00fdm dopadem syst\u00e9mu ETS2 od roku 2027. Evropsk\u00e1 zelen\u00e1 dohoda, kterou prosazuje p\u0159edsedkyn\u011b Evropsk\u00e9 komise Ursula von der Leyen (CDU) a jej\u00ed p\u0159isluhova\u010di klimatick\u00fdch alarmist\u016f z takzvan\u00e9ho politick\u00e9ho st\u0159edu a\u017e po krajn\u00ed levici, by se tak mohla st\u00e1t posledn\u00ed smrtelnou ranou pro v\u0161echna energeticky n\u00e1ro\u010dn\u00e1 odv\u011btv\u00ed a uvrhnout nespo\u010det lid\u00ed do finan\u010dn\u00edho krachu. Ti, kte\u0159\u00ed se ji\u017e nyn\u00ed pot\u00fdkaj\u00ed s placen\u00edm \u00fa\u010dt\u016f za energie, pak budou \u010delit tot\u00e1ln\u00ed finan\u010dn\u00ed katastrof\u011b.<\/span><\/p>\n<p><img decoding=\"async\" loading=\"lazy\" class=\"alignnone size-full wp-image-1185\" src=\"http:\/\/www.infokuryr.cz\/n\/wp-content\/uploads\/2021\/04\/kuryr-podpis.png\" alt=\"\" width=\"84\" height=\"24\" \/><\/p>\n<p>&nbsp;<\/p>\n","protected":false},"excerpt":{"rendered":"<p>Pensylv\u00e1nie u\u017e toho m\u00e1 dost. Region\u00e1ln\u00ed syst\u00e9m obchodov\u00e1n\u00ed s uhl\u00edkov\u00fdmi emisemi zp\u016fsobuje prudk\u00fd n\u00e1r\u016fst \u00fa\u010dt\u016f&#8230;<\/p>\n","protected":false},"author":2,"featured_media":92355,"comment_status":"closed","ping_status":"closed","sticky":false,"template":"","format":"standard","meta":[],"categories":[7],"tags":[2692,873,10092],"_links":{"self":[{"href":"https:\/\/www.infokuryr.cz\/n\/wp-json\/wp\/v2\/posts\/92354"}],"collection":[{"href":"https:\/\/www.infokuryr.cz\/n\/wp-json\/wp\/v2\/posts"}],"about":[{"href":"https:\/\/www.infokuryr.cz\/n\/wp-json\/wp\/v2\/types\/post"}],"author":[{"embeddable":true,"href":"https:\/\/www.infokuryr.cz\/n\/wp-json\/wp\/v2\/users\/2"}],"replies":[{"embeddable":true,"href":"https:\/\/www.infokuryr.cz\/n\/wp-json\/wp\/v2\/comments?post=92354"}],"version-history":[{"count":0,"href":"https:\/\/www.infokuryr.cz\/n\/wp-json\/wp\/v2\/posts\/92354\/revisions"}],"wp:featuredmedia":[{"embeddable":true,"href":"https:\/\/www.infokuryr.cz\/n\/wp-json\/wp\/v2\/media\/92355"}],"wp:attachment":[{"href":"https:\/\/www.infokuryr.cz\/n\/wp-json\/wp\/v2\/media?parent=92354"}],"wp:term":[{"taxonomy":"category","embeddable":true,"href":"https:\/\/www.infokuryr.cz\/n\/wp-json\/wp\/v2\/categories?post=92354"},{"taxonomy":"post_tag","embeddable":true,"href":"https:\/\/www.infokuryr.cz\/n\/wp-json\/wp\/v2\/tags?post=92354"}],"curies":[{"name":"wp","href":"https:\/\/api.w.org\/{rel}","templated":true}]}}