{"id":92279,"date":"2025-11-15T00:16:31","date_gmt":"2025-11-14T23:16:31","guid":{"rendered":"https:\/\/www.infokuryr.cz\/n\/?p=92279"},"modified":"2025-11-14T09:30:32","modified_gmt":"2025-11-14T08:30:32","slug":"jiri-vyvadil-v-bruselu-uz-nelze-krajni-pravici-ignorovat","status":"publish","type":"post","link":"https:\/\/www.infokuryr.cz\/n\/2025\/11\/15\/jiri-vyvadil-v-bruselu-uz-nelze-krajni-pravici-ignorovat\/","title":{"rendered":"Ji\u0159\u00ed Vyvadil: V Bruselu u\u017e nelze krajn\u00ed pravici ignorovat"},"content":{"rendered":"<div id=\"fb-root\"><\/div>\n<p><strong>J.V. Andrej Babi\u0161 m\u00e1 \u010duch nejen v podnik\u00e1n\u00ed, ale ukazuje se, \u017ee na rozd\u00edl od Petra Pavla dovedl i ohledn\u011b Evropsk\u00e9 unii vsadit na logickou pot\u0159ebu zm\u011bny a proto p\u0159ed rokem a p\u016fl \u2013 a\u010d kritizov\u00e1n \u2013 vsadil mimo jin\u00e9 spolu s Viktorem Orb\u00e1nem na vytvo\u0159en\u00ed protimainstreamov\u00e9ho uskupen\u00ed Patriot\u016f pro Evropu, kter\u00e9 spole\u010dn\u011b s dal\u0161\u00edmi dosud opozi\u010dn\u00edmi stranami \u2013 n\u00e1lepkovan\u00fdmi coby krajn\u011b pravicov\u00e9 \u010di populistick\u00e9 se postupn\u011b st\u00e1le v\u00edce prosazuj\u00ed. Sv\u011bd\u010d\u00ed o tom \u010dl\u00e1nek Politico.eu, kter\u00fd cituji v\u010detn\u011b m\u00e9 u\u0161i trhaj\u00edc\u00ed bruselsk\u00e9 hant\u00fdrky, by\u0165 jej z\u010d\u00e1sti kr\u00e1t\u00edm.<\/strong><\/p>\n<h3><strong>Konzervativci EU spolupracuj\u00edc\u00ed s krajn\u00ed pravic\u00ed podepsali rozsudek smrti pro sanit\u00e1rn\u00ed kordon<\/strong>.<\/h3>\n<p>14.listopadu 2025 4:00 SE\u010c<\/p>\n<p>Max Griery<\/p>\n<p>BRUSEL \u2014 V\u00edtejte v nov\u00e9m Evropsk\u00e9m parlamentu.<\/p>\n<p>Rok a p\u016fl od doby, kdy se krajn\u00ed pravice\u00a0v\u00a0evropsk\u00fdch\u00a0 volb\u00e1ch prosadila\u00a0, si bruselsk\u00e9 hlavn\u00ed s\u00edly \u00fazkostliv\u011b kladou ot\u00e1zku, zda se st\u0159ed udr\u017e\u00ed. Ve \u010dtvrtek zjistily, \u017ee ne.<\/p>\n<p>V p\u0159elomov\u00e9m hlasov\u00e1n\u00ed v Parlamentu se st\u0159edopravicov\u00e1 Evropsk\u00e1 lidov\u00e1 strana (EPP) \u2013 nejv\u011bt\u0161\u00ed evropsk\u00e1 politick\u00e1 rodina a domov p\u0159edsedkyn\u011b Evropsk\u00e9 komise Ursuly von der Leyen \u2013 vzdala sv\u00fdch tradi\u010dn\u00edch centristick\u00fdch spojenc\u016f a s\u00a0podporou krajn\u011b pravicov\u00fdch\u00a0 skupin prosazovala schv\u00e1len\u00ed \u0161krt\u016f v\u00a0zelen\u00fdch pravidlech .<\/p>\n<p><strong>Tento krok, kter\u00fd poru\u0161il desetilet\u00ed trvaj\u00edc\u00ed politick\u00fd protokol, podepsal rozsudek smrti pro tzv.\u00a0<em>sanit\u00e1rn\u00ed kordon<\/em>, neform\u00e1ln\u00ed pakt mezi evropsk\u00fdmi st\u0159edov\u00fdmi silami \u2013 EPP, socialisty a demokraty, liber\u00e1ly z Renew a Zelen\u00fdmi \u2013 s c\u00edlem vylou\u010dit krajn\u00ed pravici z rozhodov\u00e1n\u00ed<\/strong>.<\/p>\n<p>To otev\u00edr\u00e1 Parlamentu jinou \u00e9ru, v n\u00ed\u017e politick\u00fd pragmatismus v\u00edt\u011bz\u00ed nad principy a EPP spolupracuje s jakoukoli stranou politick\u00e9ho spektra, kter\u00e1 je nezbytn\u00e1 pro spln\u011bn\u00ed \u00fakolu.<\/p>\n<h3><strong>Pro krajn\u00ed pravici je po m\u011bs\u00edc\u00edch rostouc\u00edho vlivu v r\u016fzn\u00fdch oblastech velk\u00fdm \u00fasp\u011bchem st\u00e1t se skute\u010dn\u00fdm mocn\u00fdm hr\u00e1\u010dem.\u00a0<\/strong><\/h3>\n<p>\u201eCelkov\u00fd z\u00e1jem zv\u00edt\u011bzil, ale je to tak\u00e9 ovoce na\u0161\u00ed st\u00e1le rostouc\u00ed p\u0159\u00edtomnosti\u2026 zde konkr\u00e9tn\u011b v jednac\u00edm s\u00e1le,\u201c \u0159ekl po hlasov\u00e1n\u00ed serveru POLITICO p\u0159edseda krajn\u011b pravicov\u00e9 strany Patrioti Jordan Bardella (J.V. mimochodem velmi pravd\u011bpodobn\u00fd kandid\u00e1t na budouc\u00edho prezidenta) \u00a0z francouzsk\u00e9 strany N\u00e1rodn\u00ed shrom\u00e1\u017ed\u011bn\u00ed. Hlavn\u00ed vyjednava\u010dka Patrioti v t\u00e9to v\u011bci Pascale Piera to ozna\u010dila za \u201ehistorick\u00fd den\u201c, proto\u017ee \u201eprolomili v\u011bt\u0161inu Ursuly von der Leyenov\u00e9\u201c.<\/p>\n<p>Ale pro liber\u00e1ly, st\u0159edolevou stranu a Zelen\u00e9 je to h\u0159eb\u00edk do rakve d\u016fv\u011bry mezi \u010dty\u0159mi centristick\u00fdmi skupinami.<\/p>\n<p>\u201eJe to mizern\u00e9 znamen\u00ed pro evropsk\u00e9 v\u011bt\u0161iny, je to mizern\u00e9 znamen\u00ed pro Evropu, je to mizern\u00e9 znamen\u00ed pro boj proti zm\u011bn\u011b klimatu a ochranu d\u011btsk\u00e9 pr\u00e1ce\u2026 pro m\u011b je to velmi, velmi \u0161patn\u00fd sign\u00e1l pro spolupr\u00e1ci v p\u0159\u00ed\u0161t\u00edch \u010dty\u0159ech letech,\u201c \u0159ekl po hlasov\u00e1n\u00ed serveru POLITICO spolup\u0159edseda skupiny Zelen\u00fdch Terry Reintke.<\/p>\n<p>Pr\u016flom krajn\u00ed pravice v parlamentu odr\u00e1\u017e\u00ed jej\u00ed rozs\u00e1hl\u00fd pokrok v n\u00e1rodn\u00ed politice na cel\u00e9m kontinentu.<\/p>\n<p>Krajn\u011b pravicov\u00e9 politick\u00e9 strany nyn\u00ed vedou v celost\u00e1tn\u00edch pr\u016fzkumech ve\u0159ejn\u00e9ho m\u00edn\u011bn\u00ed ve Francii, Velk\u00e9 Brit\u00e1nii ( J.V. i\u010cesku, Ma\u010farsku) a dokonce i v N\u011bmecku, kde po cel\u00e1 desetilet\u00ed mainstreamov\u00ed centrist\u00e9 prosazovali bari\u00e9ru, jej\u00edm\u017e c\u00edlem bylo udr\u017eet extremisty mimo moc a zabr\u00e1nit opakov\u00e1n\u00ed historie zem\u011b z 20. stolet\u00ed.<\/p>\n<h3><strong>Profesionalizace\u00a0<\/strong><\/h3>\n<p>Historicky byly krajn\u011b pravicov\u00e9 strany v Bruselu relativn\u011b ne\u010dinn\u00e9 a vyu\u017e\u00edvaly instituce sp\u00ed\u0161e jako prost\u0159edek k pos\u00edlen\u00ed sv\u00e9ho profilu doma, ne\u017e aby se zapojily do ka\u017edodenn\u00ed tvorby politik EU.<\/p>\n<p>\u201eCelkov\u00fd z\u00e1jem zv\u00edt\u011bzil, ale je to tak\u00e9 ovoce na\u0161\u00ed st\u00e1le rostouc\u00ed p\u0159\u00edtomnosti\u2026 zde konkr\u00e9tn\u011b v jednac\u00edm s\u00e1le,\u201c \u0159ekl p\u0159edseda krajn\u011b pravicov\u00e9 strany Patriots Jordan Bardella z francouzsk\u00e9 strany National Rally.<\/p>\n<p>Ale od voleb do Evropsk\u00e9ho parlamentu v roce 2024 se profesionalizovali a tato dynamika se m\u011bn\u00ed.<\/p>\n<p>\u201eKrajn\u00ed pravice je st\u00e1le politicky chyt\u0159ej\u0161\u00ed a nyn\u00ed v\u00ed, jak si hr\u00e1t s jednac\u00edm \u0159\u00e1dem ve sv\u016fj prosp\u011bch,\u201c \u0159ekl \u00fa\u0159edn\u00edk EU zab\u00fdvaj\u00edc\u00ed se vztahy mezi Parlamentem a Komis\u00ed, kter\u00e9mu byla ud\u011blena anonymita, aby mohl svobodn\u011b hovo\u0159it stejn\u011b jako ostatn\u00edm v tomto \u010dl\u00e1nku.<\/p>\n<p>Patrioti a dal\u0161\u00ed skupiny se tak\u00e9 sezn\u00e1mily s vnit\u0159n\u00edm mechanismem parlamentu, aby zv\u00fd\u0161ily sv\u016fj vliv. Piera z Patriot\u016f uvedla, \u017ee jej\u00ed strana uk\u00e1zala, \u017ee je \u201eseri\u00f3zn\u00ed\u201c skupinou, kter\u00e1 dok\u00e1\u017ee \u201epracovat\u201c a \u201ev\u00ed, jak man\u00e9vrovat\u201c.<\/p>\n<p>Sv\u00e1 prvn\u00ed v\u00edt\u011bzstv\u00ed za\u010dali dosahovat hned po volb\u00e1ch do Evropsk\u00e9ho parlamentu t\u00edm, \u017ee\u00a0na uzav\u0159en\u00fdch sch\u016fzk\u00e1ch p\u0159edsed\u016f politick\u00fdch skupin s\u00a0EPP utv\u00e1\u0159eli intern\u00ed agendu a postupy Parlamentu.<\/p>\n<h3><strong>Hran\u00ed na ob\u011b strany\u00a0<\/strong><\/h3>\n<p>V nov\u00e9 realit\u011b Parlamentu m\u016f\u017ee legislativa proj\u00edt bu\u010f pravicovou v\u011bt\u0161inou (v\u010detn\u011b nyn\u00ed euroskeptick\u00fdch krajn\u011b pravicov\u00fdch z\u00e1konod\u00e1rc\u016f), nebo liber\u00e1ly a st\u0159edolevou v\u011bt\u0161inou.<\/p>\n<p>EPP si m\u016f\u017ee vybrat, s k\u00fdm se spoj\u00ed \u2013 nap\u0159\u00edklad s pravicov\u00fdm p\u0159\u00edstupem k zelen\u00fdm pravidl\u016fm, kde st\u0159edolevice dostate\u010dn\u011b neustoup\u00ed \u2013 p\u0159esto se o\u010dek\u00e1v\u00e1, \u017ee se bude i nad\u00e1le spol\u00e9hat na sv\u00e9 centristick\u00e9 partnery, pokud jde o ambici\u00f3zn\u011bj\u0161\u00ed proevropskou legislativu, jako je dlouhodob\u00fd rozpo\u010det EU.<\/p>\n<p>Zat\u00edmco \u010dtvrte\u010dn\u00ed tzv. zelen\u00fd omnibus pro\u0161el s pomoc\u00ed krajn\u00ed pravice, dal\u0161\u00ed hlasov\u00e1n\u00ed ve stejn\u00fd den \u2013\u00a0o klimatick\u00fdch c\u00edlech do roku 2040\u00a0(kontroverzn\u00ed dokument o sn\u00ed\u017een\u00ed emis\u00ed uhl\u00edku, u kter\u00e9ho se n\u011bkte\u0159\u00ed z\u00e1konod\u00e1rci ob\u00e1vali, \u017ee se na n\u011bm spoj\u00ed EPP a krajn\u00ed pravice) \u2013 pro\u0161lo s st\u0159edovou v\u011bt\u0161inou.<\/p>\n<p>\u201eMus\u00edme oslavovat, co oslavovat m\u016f\u017eeme, proto\u017ee jinak bychom byli v depresi,\u201c \u0159ekla poslankyn\u011b Evropsk\u00e9ho parlamentu za stranu Zelen\u00fdch, kdy\u017e na chodb\u011b objala jednu ze sv\u00fdch kolegy\u0148 na pozdrav schv\u00e1len\u00ed klimatick\u00e9ho c\u00edle do roku 2040.<\/p>\n<p>Z\u00e1konod\u00e1rci a \u00fa\u0159edn\u00edci serveru POLITICO sd\u011blili, \u017ee pro n\u011bkter\u00e9 poslance Evropsk\u00e9ho parlamentu za stranu EPP je hlasov\u00e1n\u00ed pro krajn\u00ed pravici spojeno s ur\u010dit\u00fdm n\u00e1znakem odplaty, jeliko\u017e v minul\u00e9m volebn\u00edm obdob\u00ed m\u011bly levicov\u00e9 a liber\u00e1ln\u00ed skupiny v\u011bt\u0161inu a mohly by EPP odsunout na vedlej\u0161\u00ed kolej.<\/p>\n<p>\u201eJe to pomsta, [l\u00eddr EPP Manfred] Weber to nem\u016f\u017ee zastavit,\u201c \u0159ekl \u00fa\u0159edn\u00edk Komise obezn\u00e1men\u00fd s dynamikou v Parlamentu.<\/p>\n<p>EPP uvedla, \u017ee se v\u017edy sna\u017eila spolupracovat s proevropsk\u00fdmi politick\u00fdmi silami a podle jej\u00edho n\u00e1zoru z\u016fst\u00e1v\u00e1 bari\u00e9ra \u201ejasn\u00e1\u201c.<\/p>\n<p>\u201ePolitika nen\u00ed hra o denominac\u00edch, tric\u00edch a p\u00f3zov\u00e1n\u00ed. Byli jsme zvoleni s programem a mus\u00edme splnit to, co jsme sl\u00edbili. Takhle d\u011bl\u00e1me a ch\u00e1peme politiku a takhle jsme pracovali a budeme v tom pokra\u010dovat,\u201c \u0159ekl mluv\u010d\u00ed EPP Pedro L\u00f3pez de Pablo.<\/p>\n<p><strong>Navzdory naru\u0161en\u00ed d\u016fv\u011bry mezi koali\u010dn\u00edmi partnery pravidla EU neumo\u017e\u0148uj\u00ed p\u0159ed\u010dasn\u00e9 volby, co\u017e znamen\u00e1, \u017ee v\u0161echny strany jsou uv\u011bzn\u011bny v man\u017eelstv\u00ed z rozumu a\u017e do p\u0159\u00ed\u0161t\u00edch celounijn\u00edch voleb v roce 2029.\u00a0(J.V. co\u017e je ov\u0161em d\u011bsiv\u00e9 a nelze se divit nap\u0159\u00edklad SPD, \u017ee m\u011bla v\u00a0programu vystoupen\u00ed z\u00a0EU)<\/strong><\/p>\n<h3><strong>Probl\u00e9m von der Leyenov\u00e9\u00a0<\/strong><\/h3>\n<p>Pro p\u0159edsedkyni Komise p\u0159edstavuje tendence jej\u00ed politick\u00e9 skupiny v\u00edce spolupracovat s pravicovou stranou parlamentu komplikace pro jej\u00ed druh\u00e9 funk\u010dn\u00ed obdob\u00ed.<\/p>\n<p>V handrkov\u00e1n\u00ed se sv\u00fdmi tradi\u010dn\u00edmi centristick\u00fdmi partnery EPP riskuje prohlouben\u00ed antagonismu mezi institucemi. Von der Leyenov\u00e1 se ji\u017e musela vypo\u0159\u00e1dat s n\u011bkolika v\u00fdzvami Parlamentu, kter\u00e9 j\u00ed vyj\u00e1d\u0159ily ned\u016fv\u011bru, a hrozbou sn\u00ed\u017een\u00edm rozpo\u010dtu EU.<\/p>\n<p>Posilov\u00e1n\u00ed krajn\u011b pravicov\u00fdch stran, kter\u00e9 jsou nep\u0159\u00e1telsk\u00e9 k zelen\u00e9 agend\u011b, co\u017e je jeden z kl\u00ed\u010dov\u00fdch pil\u00ed\u0159\u016f jej\u00edho odkazu, je tak\u00e9 riskantn\u00ed hra.<\/p>\n<p>Bardella z Patriot\u016f uvedl, \u017ee \u010dtvrte\u010dn\u00ed hlasov\u00e1n\u00ed znamenalo \u201eskute\u010dnou por\u00e1\u017eku pro represivn\u00ed ekologii a pro ideologii ner\u016fstu, kter\u00e1 je vnucov\u00e1na do mysl\u00ed \u0159ady lid\u00ed zde v Evropsk\u00e9 komisi, zejm\u00e9na p\u0159edsedy Evropsk\u00e9 komise\u201c.<\/p>\n<p>Levicov\u011b orientovan\u00ed spojenci von der Leyenov\u00e9 ji st\u00e1le v\u00edce vn\u00edmaj\u00ed jako zodpov\u011bdnou za chov\u00e1n\u00ed jej\u00ed strany v parlamentu a jsou frustrov\u00e1ni volnost\u00ed, kterou jim podle jej\u00edch slov poskytla.<\/p>\n<p>\u201eJak\u00e9koli hlasov\u00e1n\u00ed, kde se EPP p\u0159id\u00e1 k krajn\u00ed pravici, oslabuje pozici Ursuly von der Leyen,\u201c \u0159ekla Reintkeov\u00e1 ze Strany zelen\u00fdch a dodala, \u017ee vzhledem k tomu, \u017ee byla zvolena s proevropskou v\u011bt\u0161inou, nem\u011bla by je opustit. \u201eV budoucnu bych r\u00e1da vid\u011bla mnohem v\u011bt\u0161\u00ed<\/p>\n<p>Val\u00e9rie Hayerov\u00e1 ze strany Renew varovala von der Leyenovou, \u017ee jej\u00ed vlastn\u00ed strana destabilizuje jej\u00ed mand\u00e1t.<\/p>\n<p>\u201eVa\u0161e koalice se zasazuje o politickou stabilitu a politick\u00e1 stabilita je prim\u00e1rn\u00edm zdrojem prosperity pro v\u0161echny ekonomiky po cel\u00e9m sv\u011bt\u011b. To, co va\u0161e skupina dnes ud\u011blala, je, \u017ee tuto stabilitu podkop\u00e1v\u00e1,\u201c \u0159ekla.<\/p>\n<p><strong>J.V. Kdy\u017e ned\u00e1vno poslanec SPD Koten v\u00a0rozprav\u011b vyto\u010dil poslance ODS Skope\u010dka, \u017ee pokud cht\u011bj\u00ed, aby v\u00a0programov\u00e9m prohl\u00e1\u0161en\u00ed jako ohro\u017een\u00ed republiky bylo uvedeno Rusko, m\u011bla by v\u00a0n\u011bm b\u00fdt uvedena i Evropsk\u00e1 unie, zd\u00e1lo se, \u017ee to p\u0159ehnal. Ale nep\u0159ehnal. Putina se osobn\u011b neob\u00e1v\u00e1m. Tanky v Praze, kter\u00e9 avizoval Fiala, jsem nezaznamenal a Putin Babi\u0161ovi tak\u00e9 nevolal, ov\u0161em s\u00a0totalitn\u00ed EU, ohro\u017euj\u00edc\u00ed na\u0161e svobodn\u00e9 rozhodov\u00e1n\u00ed budeme bojovat neust\u00e1le a\u017e do konce jej\u00edho volebn\u00edho obdob\u00ed. \u0160\u00edlen\u00e9.<\/strong><\/p>\n<p><a href=\"https:\/\/vasevec.info\/clanky\/v-bruselu-uz-nelze-krajni-pravici-ignorovat\">Ji\u0159\u00ed Vyvadil<\/a><\/p>\n<p><img decoding=\"async\" loading=\"lazy\" class=\"alignnone size-medium wp-image-16474\" src=\"http:\/\/www.infokuryr.cz\/n\/wp-content\/uploads\/2022\/10\/jiri-vyvadil-300x200.jpg\" alt=\"\" width=\"300\" height=\"200\" srcset=\"https:\/\/www.infokuryr.cz\/n\/wp-content\/uploads\/2022\/10\/jiri-vyvadil-300x200.jpg 300w, https:\/\/www.infokuryr.cz\/n\/wp-content\/uploads\/2022\/10\/jiri-vyvadil-768x512.jpg 768w, https:\/\/www.infokuryr.cz\/n\/wp-content\/uploads\/2022\/10\/jiri-vyvadil.jpg 800w\" sizes=\"(max-width: 300px) 100vw, 300px\" \/><\/p>\n<p>&nbsp;<\/p>\n","protected":false},"excerpt":{"rendered":"<p>J.V. Andrej Babi\u0161 m\u00e1 \u010duch nejen v podnik\u00e1n\u00ed, ale ukazuje se, \u017ee na rozd\u00edl od&#8230;<\/p>\n","protected":false},"author":2,"featured_media":50888,"comment_status":"closed","ping_status":"closed","sticky":false,"template":"","format":"standard","meta":[],"categories":[6],"tags":[640,1503,10085,664,3321],"_links":{"self":[{"href":"https:\/\/www.infokuryr.cz\/n\/wp-json\/wp\/v2\/posts\/92279"}],"collection":[{"href":"https:\/\/www.infokuryr.cz\/n\/wp-json\/wp\/v2\/posts"}],"about":[{"href":"https:\/\/www.infokuryr.cz\/n\/wp-json\/wp\/v2\/types\/post"}],"author":[{"embeddable":true,"href":"https:\/\/www.infokuryr.cz\/n\/wp-json\/wp\/v2\/users\/2"}],"replies":[{"embeddable":true,"href":"https:\/\/www.infokuryr.cz\/n\/wp-json\/wp\/v2\/comments?post=92279"}],"version-history":[{"count":0,"href":"https:\/\/www.infokuryr.cz\/n\/wp-json\/wp\/v2\/posts\/92279\/revisions"}],"wp:featuredmedia":[{"embeddable":true,"href":"https:\/\/www.infokuryr.cz\/n\/wp-json\/wp\/v2\/media\/50888"}],"wp:attachment":[{"href":"https:\/\/www.infokuryr.cz\/n\/wp-json\/wp\/v2\/media?parent=92279"}],"wp:term":[{"taxonomy":"category","embeddable":true,"href":"https:\/\/www.infokuryr.cz\/n\/wp-json\/wp\/v2\/categories?post=92279"},{"taxonomy":"post_tag","embeddable":true,"href":"https:\/\/www.infokuryr.cz\/n\/wp-json\/wp\/v2\/tags?post=92279"}],"curies":[{"name":"wp","href":"https:\/\/api.w.org\/{rel}","templated":true}]}}